{"id":43861,"date":"2025-01-17T13:20:41","date_gmt":"2025-01-17T13:20:41","guid":{"rendered":"https:\/\/wmzpn.pl\/?p=43861"},"modified":"2025-08-11T09:55:46","modified_gmt":"2025-08-11T09:55:46","slug":"kacik-historyczny-wojciecha-linowa-jerzy-wojtowicz-i-jerzy-wisniewski","status":"publish","type":"post","link":"https:\/\/wmzpn.pl\/?p=43861","title":{"rendered":"K\u0105cik historyczny Wojciecha Linowa &#8211; Jerzy Wojtowicz i Jerzy Wi\u015bniewski"},"content":{"rendered":"<p><strong><img loading=\"lazy\" decoding=\"async\" class=\"alignnone size-medium wp-image-43862\" src=\"https:\/\/wmzpn.pl\/wp-content\/uploads\/2025\/01\/10-1-230x300.jpg\" alt=\"\" width=\"230\" height=\"300\" srcset=\"https:\/\/wmzpn.pl\/wp-content\/uploads\/2025\/01\/10-1-230x300.jpg 230w, https:\/\/wmzpn.pl\/wp-content\/uploads\/2025\/01\/10-1.jpg 294w\" sizes=\"auto, (max-width: 230px) 100vw, 230px\" \/>\u00a0 Jerzy Wojtowicz ur. 22.10.1939 r. w Gdyni. Pomocnik 176 cm.<\/strong><\/p>\n<p>W 1945 roku rodzina Wojtowicz\u00f3w przeprowadzi\u0142a si\u0119 do Gda\u0144ska. Zamieszkali we Wrzeszczu, dzielnicy Gda\u0144ska.<\/p>\n<p>Lechia Gda\u0144sk ( w latach 1950-54 pod nazw\u0105 Budowlani) gra\u0142a w I lidze i na mecze przychodzi\u0142o w tym czasie po 10-20 tysi\u0119cy kibic\u00f3w. Jerzy ze swojego domu mia\u0142 na stadion kilka przystank\u00f3w tramwajowych. Jeszcze w szkole podstawowej zapisa\u0142 si\u0119 do klubu. Gra\u0142 w zespole junior\u00f3w Lechii Gda\u0144sk, kt\u00f3ry zosta\u0142 mistrzem wojew\u00f3dztwa gda\u0144skiego w 1957 roku.<\/p>\n<p>W p\u00f3\u0142finale Mistrzostw Polski pokonali w \u0141odzi Lechi\u0119 Tomasz\u00f3w 4:3. <strong>1<\/strong> <strong>wrze\u015bnia 1957 roku w Zielonej G\u00f3rze pokonali dru\u017cyn\u0119 Kro\u015bcianka Krosno 2:1 i zostali Mistrzem Polski junior\u00f3w.<\/strong><\/p>\n<p>Jerzy uko\u0144czy\u0142 Technikum Budowy Okr\u0119t\u00f3w. W tym czasie presti\u017cow\u0105 szko\u0142\u0119 \u015bredni\u0105. Powo\u0142any zosta\u0142 do odbycia obowi\u0105zkowej s\u0142u\u017cby wojskowej, w trakcie kt\u00f3rej uko\u0144czy\u0142 podchor\u0105\u017c\u00f3wk\u0119 i zosta\u0142 Podporucznikiem Wojska Polskiego.<\/p>\n<p>Po powrocie z wojska pracowa\u0142 i gra\u0142 w rezerwach Lechii Gda\u0144sk. W tych czasach mo\u017cna by\u0142o zmieni\u0107 tylko jednego zawodnika z pola i bramkarza, wi\u0119c rywalizacja by\u0142a bardzo du\u017ca. Trener Aleksander Kupcewicz, by\u0142y zawodnik Lechii jesieni\u0105 1962 roku zosta\u0142 trenerem Warmii Olsztyn. Nam\u00f3wi\u0142 Jerzego Wojtowicza, Janusza Fr\u0105ckiewicza i Zbigniewa Masiaka \u2013 cz\u0142onk\u00f3w zespo\u0142u Mistrz\u00f3w Polski Junior\u00f3w do przej\u015bcia do olszty\u0144skiego klubu.<\/p>\n<p>Ca\u0142a tr\u00f3jka w styczniu 1963 roku przyjecha\u0142a do Olsztyna. W sezonie 1962\/63 Warmia zosta\u0142a mistrzem Klasy Okr\u0119gowej i uczestniczy\u0142a w rozgrywkach o awans do II ligi. Niestety uleg\u0142a do\u015bwiadczonym dru\u017cynom Lublinianki i Warszawianki. By\u0107 mo\u017ce trudno w to uwierzy\u0107, ale \u015brednia wieku zespo\u0142u liczy\u0142a 21 lat.<\/p>\n<p><strong>Jesieni\u0105 1963 roku Warmia z kapitanem Jerzym Wojtowiczem prze\u017cy\u0142a pi\u0119kn\u0105 przygod\u0119 w Pucharze Polski. <\/strong>W 1\/32 Fina\u0142u pokona\u0142a 3:2 drugoligow\u0105 Lubliniank\u0119, natomiast w 1\/16 pierwszoligow\u0105 Arkoni\u0119 Szczecin 3:0.<\/p>\n<p>W 1\/8 Fina\u0142u, na zalodzonym boisku przegra\u0142a 0:4 z pierwszoligowymi Szombierkami Bytom. W tym spotkaniu ogromn\u0105 rol\u0119 odebra\u0142y trampkokorki przywiezione przez g\u00f3rnik\u00f3w z Czechos\u0142owacji.<\/p>\n<figure id=\"attachment_43863\" aria-describedby=\"caption-attachment-43863\" style=\"width: 1608px\" class=\"wp-caption aligncenter\"><img loading=\"lazy\" decoding=\"async\" class=\"wp-image-43863 size-full\" src=\"https:\/\/wmzpn.pl\/wp-content\/uploads\/2025\/01\/7-1.jpg\" alt=\"\" width=\"1608\" height=\"1081\" srcset=\"https:\/\/wmzpn.pl\/wp-content\/uploads\/2025\/01\/7-1.jpg 1608w, https:\/\/wmzpn.pl\/wp-content\/uploads\/2025\/01\/7-1-300x202.jpg 300w, https:\/\/wmzpn.pl\/wp-content\/uploads\/2025\/01\/7-1-1024x688.jpg 1024w, https:\/\/wmzpn.pl\/wp-content\/uploads\/2025\/01\/7-1-768x516.jpg 768w, https:\/\/wmzpn.pl\/wp-content\/uploads\/2025\/01\/7-1-1536x1033.jpg 1536w, https:\/\/wmzpn.pl\/wp-content\/uploads\/2025\/01\/7-1-696x468.jpg 696w, https:\/\/wmzpn.pl\/wp-content\/uploads\/2025\/01\/7-1-1068x718.jpg 1068w, https:\/\/wmzpn.pl\/wp-content\/uploads\/2025\/01\/7-1-625x420.jpg 625w\" sizes=\"auto, (max-width: 1608px) 100vw, 1608px\" \/><figcaption id=\"caption-attachment-43863\" class=\"wp-caption-text\">J.Wojtowicz kl\u0119czy czwarty z prawej<\/figcaption><\/figure>\n<p><strong>Po wygraniu Klasy Okr\u0119gowej w sezonie 1963\/64 Warmia uczestniczy\u0142a w zwyci\u0119skim turnieju o awans do III ligi.<\/strong> Olsztyn oraz ca\u0142e wojew\u00f3dztwo \u017cy\u0142o w tym sukcesem. Na spotkania w II lidze przychodzi\u0142o po 8 tysi\u0119cy widz\u00f3w. Kolejny Puchar Polski przyni\u00f3s\u0142 tak\u017ce dobre wyniki. Warmia w Olsztynie wygra\u0142a z Zawisz\u0105 Bydgoszcz 2:1. W meczu 1\/8 Fina\u0142u przegra\u0142a 1:4 z Legi\u0105 Warszawa.<\/p>\n<p>W II lidze Warmia do ko\u0144ca rozgrywek walczy\u0142a o utrzymanie. Spad\u0142a tylko r\u00f3\u017cnica bramek z G\u00f3rnikiem Wa\u0142brzych. Sw\u00f3j ostatni mecz zmuszona by\u0142a gra\u0107 na Stadionie Le\u015bnym, gdy\u017c na Warmii odbywa\u0142y si\u0119 zawody konne.<\/p>\n<p><strong>W sezonie tym Jerzy Wojtowicz zagra\u0142 w 29 spotkaniach i zdoby\u0142 2 bramki<\/strong>. Z Victori\u0105 Jaworzno na 1:1 i z G\u00f3rnikiem Wa\u0142brzych. Wiosn\u0105 1965 roku s\u0119dzia spotkania Warmia vs Wis\u0142a Krak\u00f3w 0:1 nie uzna\u0142 bramki strzelonej z 30 metr\u00f3w przez Jerzego Wojtowicza, gdy\u017c po interwencji zawodnik\u00f3w z Krakowa uzna\u0142, \u017ce by\u0142 spalony. Ten zabrany punkt m\u00f3g\u0142 uratowa\u0107 olszty\u0144sk\u0105 ekip\u0119 przed spadkiem.<\/p>\n<p>Latem 1965 roku zesp\u00f3\u0142 Kolejarzy z Polski z\u0142o\u017cony w 50% z Warmii i Lecha Pozna\u0144 zagra\u0142 z reprezentacj\u0105 Kolejarzy RFN. Przegrali\u015bmy to spotkanie 1:3. Niemcy byli tak uprzejmi, \u017ce zagrali\u015bmy zaraz po przyje\u017adzie poci\u0105giem. Jerzy Wojtowicz i kilku koleg\u00f3w, w tym ja, byli\u015bmy w tej reprezentacji. W sezonie 1965\/66 Warmia bez problem\u00f3w wygra\u0142a Klas\u0119 Okr\u0119gow\u0105 i <strong>po spotkaniu z Rakowem Cz\u0119stochowa (3:0), w obecno\u015bci 15 tysi\u0119cy widz\u00f3w awansowa\u0142a do II ligi<\/strong>.<\/p>\n<p><img loading=\"lazy\" decoding=\"async\" class=\"aligncenter wp-image-43864 size-full\" src=\"https:\/\/wmzpn.pl\/wp-content\/uploads\/2025\/01\/6-1.jpg\" alt=\"\" width=\"1600\" height=\"1096\" srcset=\"https:\/\/wmzpn.pl\/wp-content\/uploads\/2025\/01\/6-1.jpg 1600w, https:\/\/wmzpn.pl\/wp-content\/uploads\/2025\/01\/6-1-300x206.jpg 300w, https:\/\/wmzpn.pl\/wp-content\/uploads\/2025\/01\/6-1-1024x701.jpg 1024w, https:\/\/wmzpn.pl\/wp-content\/uploads\/2025\/01\/6-1-768x526.jpg 768w, https:\/\/wmzpn.pl\/wp-content\/uploads\/2025\/01\/6-1-1536x1052.jpg 1536w, https:\/\/wmzpn.pl\/wp-content\/uploads\/2025\/01\/6-1-100x70.jpg 100w, https:\/\/wmzpn.pl\/wp-content\/uploads\/2025\/01\/6-1-218x150.jpg 218w, https:\/\/wmzpn.pl\/wp-content\/uploads\/2025\/01\/6-1-696x477.jpg 696w, https:\/\/wmzpn.pl\/wp-content\/uploads\/2025\/01\/6-1-1068x732.jpg 1068w, https:\/\/wmzpn.pl\/wp-content\/uploads\/2025\/01\/6-1-613x420.jpg 613w\" sizes=\"auto, (max-width: 1600px) 100vw, 1600px\" \/><\/p>\n<p>Jesie\u0144 1966 roku wygl\u0105da\u0142a pi\u0142karsko zupe\u0142nie dobrze i s\u0105dzono, \u017ce bez problem\u00f3w uda si\u0119 utrzyma\u0107. Nieprzemy\u015blany wyjazd do Jugos\u0142awii (brak dobrych warunk\u00f3w treningowych) oraz powr\u00f3t bezpo\u015brednio przed pierwszym spotkanie w Poznaniu, spowodowa\u0142 seri\u0119 przegranych.\u00a0 Sytuacj\u0119 mo\u017cna by\u0142o jeszcze uratowa\u0107, ale niekt\u00f3rzy zawodnicy chcieli polepszy\u0107 swoje warunki finansowe. Dru\u017cyna spad\u0142a z II ligi, a najlepsi zawodnicy przenie\u015bli si\u0119 do bogatych klub\u00f3w.<\/p>\n<p><img loading=\"lazy\" decoding=\"async\" class=\"aligncenter wp-image-43865 size-full\" src=\"https:\/\/wmzpn.pl\/wp-content\/uploads\/2025\/01\/8.jpg\" alt=\"\" width=\"917\" height=\"901\" srcset=\"https:\/\/wmzpn.pl\/wp-content\/uploads\/2025\/01\/8.jpg 917w, https:\/\/wmzpn.pl\/wp-content\/uploads\/2025\/01\/8-300x295.jpg 300w, https:\/\/wmzpn.pl\/wp-content\/uploads\/2025\/01\/8-768x755.jpg 768w, https:\/\/wmzpn.pl\/wp-content\/uploads\/2025\/01\/8-696x684.jpg 696w, https:\/\/wmzpn.pl\/wp-content\/uploads\/2025\/01\/8-427x420.jpg 427w\" sizes=\"auto, (max-width: 917px) 100vw, 917px\" \/><\/p>\n<p>Jerzy w tym sezonie rozegra\u0142 10 spotka\u0144 jesieni\u0105, natomiast wiosn\u0105 tylko 4, gdy\u017c zmaga\u0142 si\u0119 kontuzj\u0105.<\/p>\n<p>Jerzy Wojtowicz uko\u0144czy\u0142 kurs instruktorski i od 1970 roku rozpocz\u0105\u0142 prac\u0119 z zespo\u0142ami m\u0142odzie\u017cowymi Warmii Olsztyn. Wyszkoli\u0142 wielu zawodnik\u00f3w graj\u0105cych w zespo\u0142ach ligowych. <strong>W\u015br\u00f3d jego wychowank\u00f3w jest Andrzej Sikorski<\/strong> \u2013 reprezentant Polski i zawodnik Legii Warszawa. Jurek uko\u0144czy\u0142 studia magisterskie na kierunku trenerskim w Akademii Wychowania Fizycznego w Warszawie. Uzyska\u0142 tytu\u0142 trenera II klasy. Stale si\u0119 dokszta\u0142ca\u0142 i po kursie doszkalaj\u0105cym w Wa\u0142czu i Spale zosta\u0142 awansowany na trenera I Klasy.<\/p>\n<p>W 1971 roku zosta\u0142 cz\u0142onkiem Wydzia\u0142u Szkolenia. <strong>Wsp\u00f3lnie z Jerzym prowadzi\u0142em reprezentacje wojew\u00f3dztwa olszty\u0144skiego, kt\u00f3ra w 1973 roku awansowa\u0142a do Og\u00f3lnopolskiej Spartakiady M\u0142odzie\u017cy.<\/strong> Opisa\u0142em to w relacji z 1.09.2023 roku. By\u0142a to chyba najlepsza dru\u017cyna reprezentacji junior\u00f3w.<\/p>\n<p>Jerzy W\u00f3jtowicz wsp\u00f3\u0142pracowa\u0142 ze mn\u0105 tak\u017ce podczas fina\u0142\u00f3w Pucharu Jerzego Micha\u0142owicza w 1978 roku. <strong>Olsztyn zdoby\u0142 pierwszy br\u0105zowy medal w rozgrywkach og\u00f3lnopolskich<\/strong>. W sezonie 1979\/80 Wojtowicz by\u0142 trenerem Warmii w III lidze \u2013 17 miejsce.<\/p>\n<p>W latach 1981-86 pracowa\u0142 jako trener w Finlandii. <strong>Prowadzi\u0142 zespo\u0142y ligowe w Kokoli i Vazie<\/strong>. Dzi\u0119ki jego kontaktom zespo\u0142y m\u0142odzie\u017cowe z naszego wojew\u00f3dztwa wyje\u017cd\u017ca\u0142y na turnieje do Finlandii, a Finowie przyje\u017cd\u017cali na Warmi\u0119 i Mazury.<\/p>\n<p>Podczas stanu wojennego Jerzy dzwoni\u0142 do mnie raz w tygodniu. By\u0142 ciekawy co si\u0119 dzieje w kraju, a przede wszystkim w sporcie. Nauczy\u0142 si\u0119 trudnego j\u0119zyka i zda\u0142 nawet fi\u0144skie prawo jazdy. Po powrocie z Finlandii w sezonie 1989\/90 trenowa\u0142 dru\u017cyn\u0119 Stomilu Olsztyn w III Lidze, kt\u00f3ra uko\u0144czy\u0142a rozgrywki na 5 miejscu.<\/p>\n<p>W latach 1988-90 pracowa\u0142 jako koordynator OL-OZPN. Wsp\u00f3\u0142pracowa\u0142 z J\u00f3zefem \u0141obockim w pracy z zespo\u0142em reprezentacji wojew\u00f3dztwa junior\u00f3w, kt\u00f3ra latem w 1988 roku zdoby\u0142a Puchar im. J. Micha\u0142owicza oraz Superpuchar Polski, po zwyci\u0119stwie z Mistrzem Polski klubowym \u2013 Jagielloni\u0105 Bia\u0142ystok.<\/p>\n<p>W latach 1993\/95 by\u0142 trenerem Warmii Olsztyn. Jerzy cieszy si\u0119 wielkim autorytetem w\u015br\u00f3d kadry trenerskiej. W 2004 roku w wyniku choroby wycofa\u0142 si\u0119 z dzia\u0142alno\u015bci szkoleniowej. Jego spokoju i charyzmy bardzo brakuje w Zwi\u0105zku. <strong>Za wybitne zas\u0142ugo w rozwoju pi\u0142ki no\u017cnej zosta\u0142 wyr\u00f3\u017cniony z\u0142ot\u0105 odznak\u0105 KKS Warmia Olsztyn, z\u0142ota odznak\u0105 PZPN oraz z\u0142ota odznak\u0105 zas\u0142u\u017conego dzia\u0142acza kultury fizycznej.<\/strong><\/p>\n<figure id=\"attachment_43872\" aria-describedby=\"caption-attachment-43872\" style=\"width: 1595px\" class=\"wp-caption alignnone\"><img loading=\"lazy\" decoding=\"async\" class=\"wp-image-43872 size-full\" src=\"https:\/\/wmzpn.pl\/wp-content\/uploads\/2025\/01\/9.jpg\" alt=\"\" width=\"1595\" height=\"1175\" srcset=\"https:\/\/wmzpn.pl\/wp-content\/uploads\/2025\/01\/9.jpg 1595w, https:\/\/wmzpn.pl\/wp-content\/uploads\/2025\/01\/9-300x221.jpg 300w, https:\/\/wmzpn.pl\/wp-content\/uploads\/2025\/01\/9-1024x754.jpg 1024w, https:\/\/wmzpn.pl\/wp-content\/uploads\/2025\/01\/9-768x566.jpg 768w, https:\/\/wmzpn.pl\/wp-content\/uploads\/2025\/01\/9-1536x1132.jpg 1536w, https:\/\/wmzpn.pl\/wp-content\/uploads\/2025\/01\/9-80x60.jpg 80w, https:\/\/wmzpn.pl\/wp-content\/uploads\/2025\/01\/9-696x513.jpg 696w, https:\/\/wmzpn.pl\/wp-content\/uploads\/2025\/01\/9-1068x787.jpg 1068w, https:\/\/wmzpn.pl\/wp-content\/uploads\/2025\/01\/9-570x420.jpg 570w\" sizes=\"auto, (max-width: 1595px) 100vw, 1595px\" \/><figcaption id=\"caption-attachment-43872\" class=\"wp-caption-text\">Wojtowicz 5 z prawej<\/figcaption><\/figure>\n<p>Zmar\u0142 04.08.2025 roku. Pochowany na Cmentarzu przy ulicy. Poprzecznej w Olsztynie.<\/p>\n<p><strong><img loading=\"lazy\" decoding=\"async\" class=\"alignnone size-medium wp-image-43867\" src=\"https:\/\/wmzpn.pl\/wp-content\/uploads\/2025\/01\/11-233x300.jpg\" alt=\"\" width=\"233\" height=\"300\" srcset=\"https:\/\/wmzpn.pl\/wp-content\/uploads\/2025\/01\/11-233x300.jpg 233w, https:\/\/wmzpn.pl\/wp-content\/uploads\/2025\/01\/11.jpg 293w\" sizes=\"auto, (max-width: 233px) 100vw, 233px\" \/>Jerzy Wi\u015bniewski urodzony 20 marca 1949 roku w Olsztynie &#8211;<\/strong> zmar\u0142 9 lutego 2018 roku w Olsztynie.<\/p>\n<p>Jurek wraz z rodzin\u0105 mieszka\u0142 na ulicy Limanowskiego r\u00f3g Niedzia\u0142kowskiego. Na parterze mie\u015bci\u0142 si\u0119 sklep Elegant. Drog\u0119 na Stadion Le\u015bny mia\u0142 prosto z Limanowskiego i Gagarina (tak kiedy\u015b nazywa\u0142a si\u0119 ulica Sybirak\u00f3w). W olszty\u0144skiej Gwardii pierwszym trenerem by\u0142 doskona\u0142y pi\u0142karz Marian Jab\u0142o\u0144ski.<\/p>\n<p>Szybko uczy\u0142 si\u0119 sztuki pi\u0142karskiej, by\u0142 wysoki, dobrze zbudowany i sprawny. Z dru\u017cyny junior\u00f3w, gdzie by\u0142 wyra\u017aniej\u0105cym si\u0119 zawodnikiem trafi\u0142 do reprezentacji wojew\u00f3dztwa olszty\u0144skiego. Podczas jednego z turniej\u00f3w og\u00f3lnopolskich zosta\u0142 dostrze\u017cony przez trener\u00f3w reprezentacji Polski junior\u00f3w. Znany trener Antoni Grzegrza\u0144czyk powo\u0142a\u0142 Jerzego w 1965 roku na turniej UEFA. <strong>W kadrze junior\u00f3w w latach 1965-66 Wi\u015bniewski rozegra\u0142 cztery spotkania.<\/strong> <strong>By\u0142 pierwszy wychowankiem klubu z wojew\u00f3dztwa olszty\u0144skiego powo\u0142anym do kadry junior\u00f3w.<\/strong><\/p>\n<p><img loading=\"lazy\" decoding=\"async\" class=\"aligncenter wp-image-43868 size-full\" src=\"https:\/\/wmzpn.pl\/wp-content\/uploads\/2025\/01\/1-1.jpg\" alt=\"\" width=\"1670\" height=\"1285\" srcset=\"https:\/\/wmzpn.pl\/wp-content\/uploads\/2025\/01\/1-1.jpg 1670w, https:\/\/wmzpn.pl\/wp-content\/uploads\/2025\/01\/1-1-300x231.jpg 300w, https:\/\/wmzpn.pl\/wp-content\/uploads\/2025\/01\/1-1-1024x788.jpg 1024w, https:\/\/wmzpn.pl\/wp-content\/uploads\/2025\/01\/1-1-768x591.jpg 768w, https:\/\/wmzpn.pl\/wp-content\/uploads\/2025\/01\/1-1-1536x1182.jpg 1536w, https:\/\/wmzpn.pl\/wp-content\/uploads\/2025\/01\/1-1-696x536.jpg 696w, https:\/\/wmzpn.pl\/wp-content\/uploads\/2025\/01\/1-1-1068x822.jpg 1068w, https:\/\/wmzpn.pl\/wp-content\/uploads\/2025\/01\/1-1-546x420.jpg 546w\" sizes=\"auto, (max-width: 1670px) 100vw, 1670px\" \/><\/p>\n<p>Jerzy Wi\u015bniewski bardzo wcze\u015bnie, bo ju\u017c w wieku 15 lat rozpocz\u0105\u0142 gr\u0119 w zespole senior\u00f3w Gwardii Olsztyn. Klub ten w tych latach nale\u017ca\u0142 do czo\u0142owych wojew\u00f3dztwa.<\/p>\n<p><img loading=\"lazy\" decoding=\"async\" class=\"aligncenter wp-image-43869 size-full\" src=\"https:\/\/wmzpn.pl\/wp-content\/uploads\/2025\/01\/2-1.jpg\" alt=\"\" width=\"941\" height=\"859\" srcset=\"https:\/\/wmzpn.pl\/wp-content\/uploads\/2025\/01\/2-1.jpg 941w, https:\/\/wmzpn.pl\/wp-content\/uploads\/2025\/01\/2-1-300x274.jpg 300w, https:\/\/wmzpn.pl\/wp-content\/uploads\/2025\/01\/2-1-768x701.jpg 768w, https:\/\/wmzpn.pl\/wp-content\/uploads\/2025\/01\/2-1-696x635.jpg 696w, https:\/\/wmzpn.pl\/wp-content\/uploads\/2025\/01\/2-1-460x420.jpg 460w\" sizes=\"auto, (max-width: 941px) 100vw, 941px\" \/><\/p>\n<p>Dobrze zapowiadaj\u0105cym si\u0119 m\u0142odym napastnikiem interesowa\u0142y si\u0119 kluby ligowe. Mia\u0142 kilka propozycji, ale wybra\u0142 miejscow\u0105 Warmi\u0119. Po spadku z drugiej ligi bez problemu w brylowa\u0142 w Klasie Okr\u0119gowej i mia\u0142 szans\u0119 gra\u0107 ponownie w drugiej lidze. W dru\u017cynie Warmii zadebiutowa\u0142 1 czerwca 1966 roku w towarzyskim spotkaniu Warmia kontra Ruch Chorz\u00f3w<strong>.<\/strong><\/p>\n<figure id=\"attachment_43870\" aria-describedby=\"caption-attachment-43870\" style=\"width: 1608px\" class=\"wp-caption aligncenter\"><img loading=\"lazy\" decoding=\"async\" class=\"wp-image-43870 size-full\" src=\"https:\/\/wmzpn.pl\/wp-content\/uploads\/2025\/01\/3-1.jpg\" alt=\"\" width=\"1608\" height=\"1021\" srcset=\"https:\/\/wmzpn.pl\/wp-content\/uploads\/2025\/01\/3-1.jpg 1608w, https:\/\/wmzpn.pl\/wp-content\/uploads\/2025\/01\/3-1-300x190.jpg 300w, https:\/\/wmzpn.pl\/wp-content\/uploads\/2025\/01\/3-1-1024x650.jpg 1024w, https:\/\/wmzpn.pl\/wp-content\/uploads\/2025\/01\/3-1-768x488.jpg 768w, https:\/\/wmzpn.pl\/wp-content\/uploads\/2025\/01\/3-1-1536x975.jpg 1536w, https:\/\/wmzpn.pl\/wp-content\/uploads\/2025\/01\/3-1-696x442.jpg 696w, https:\/\/wmzpn.pl\/wp-content\/uploads\/2025\/01\/3-1-1068x678.jpg 1068w, https:\/\/wmzpn.pl\/wp-content\/uploads\/2025\/01\/3-1-661x420.jpg 661w\" sizes=\"auto, (max-width: 1608px) 100vw, 1608px\" \/><figcaption id=\"caption-attachment-43870\" class=\"wp-caption-text\">Wi\u015bniewski 9 z lewej, Wojtowicz 7 z lewej<\/figcaption><\/figure>\n<p><strong>Natomiast w drugiej lidze w wieku 17 lat pierwsze spotkanie rozegra\u0142 9 pa\u017adziernika 1966 roku Warmia kontra Start \u0141\u00f3d\u017a<\/strong> na trybunach wysiad\u0142o 6000 widz\u00f3w.<\/p>\n<p>Powo\u0142ywany zosta\u0142 na spotkanie kadry junior\u00f3w, w kt\u00f3rej gra\u0142 tak\u017ce zawodnik Warmii Bohdan Masztaler. Jesieni\u0105 1966 roku zagra\u0142 w drugiej lidze tylko w dw\u00f3ch spotkaniach -z Uni\u0105 Racib\u00f3rz i Garbarnia Krak\u00f3w. <strong>Wiosn\u0105 1967 roku rozegra\u0142 wszystkie 15 spotka\u0144 w drugiej lidze. <\/strong>Swoj\u0105 bramk\u0119 zdoby\u0142 14 maja 1967 roku w zwyci\u0119skim spotkaniu Warmii z Polonia Bydgoszcz 1:0.<\/p>\n<p>B\u0142\u0119dy organizacyjne spowodowa\u0142y, \u017ce dobry i m\u0142ody zesp\u00f3\u0142 jakim w tym czasie by\u0142a Warmia Olsztyn spad\u0142 do klasy okr\u0119gowej. W sezonie 1966\/67 juniorzy Warmii kolejny raz zostali mistrzem wojew\u00f3dztwa. W dru\u017cynie tej nie grali Jerzy Wi\u015bniewski, Bohdan Masztaler, gdy\u017c byli zaj\u0119ci gr\u0105 w drugiej lidze i kadrze junior\u00f3w.<\/p>\n<p>Turniej eliminacyjny w ramach mistrzostw Polski junior\u00f3w odby\u0142 si\u0119 w E\u0142ku. Warmia wygra\u0142a tam w Hal\u0105 \u0141\u00f3d\u017a 2:1, Gwardi\u0105 Warszawa 1:0 i Mazurem E\u0142k 5:0 i zakwalifikowa\u0142a si\u0119 do fina\u0142\u00f3w mistrzostw Polski junior\u00f3w. Fina\u0142 w sierpniu 1967 roku przeprowadzony by\u0142 w Olsztynie na stadionie Warmii. W pierwszym spotkaniu Warmia zremisowa\u0142a 0:0 z G\u00f3rnikiem Zabrze, w drugim wygra\u0142a 3:2 z \u00a0Zawisz\u0105 Bydgoszcz. W trzecim prowadz\u0105c 1:0, niespodziewanie przegra\u0142a w ko\u0144c\u00f3wce z dru\u017cyn\u0105 Stadion Chorz\u00f3w. <strong>Mistrzem Polski zosta\u0142 G\u00f3rnik Zabrze, Warmia zosta\u0142a wicemistrzem.<\/strong><\/p>\n<p><img loading=\"lazy\" decoding=\"async\" class=\"aligncenter wp-image-43871 size-full\" src=\"https:\/\/wmzpn.pl\/wp-content\/uploads\/2025\/01\/4-2.jpg\" alt=\"\" width=\"943\" height=\"902\" srcset=\"https:\/\/wmzpn.pl\/wp-content\/uploads\/2025\/01\/4-2.jpg 943w, https:\/\/wmzpn.pl\/wp-content\/uploads\/2025\/01\/4-2-300x287.jpg 300w, https:\/\/wmzpn.pl\/wp-content\/uploads\/2025\/01\/4-2-768x735.jpg 768w, https:\/\/wmzpn.pl\/wp-content\/uploads\/2025\/01\/4-2-696x666.jpg 696w, https:\/\/wmzpn.pl\/wp-content\/uploads\/2025\/01\/4-2-439x420.jpg 439w\" sizes=\"auto, (max-width: 943px) 100vw, 943px\" \/><\/p>\n<p>Po spadku Warmii do III ligi Jerzy Wi\u015bniewski gra\u0142 w tym zespole. Zmieni\u0142 tylko pozycj\u0119 na boisku, gra\u0142 w obronie i spisywa\u0142 si\u0119 bardzo dobrze. Warmia os\u0142abiona odej\u015bciem najlepszych zawodnik\u00f3w zaj\u0119\u0142a 15 miejsce wsp\u00f3lnie z Victori\u0105 Bartoszyce spad\u0142a do Klasy Okr\u0119gowej. W sezonie 1968\/69 wygra\u0142a rozgrywki w Klasie Okr\u0119gowej i awansowa\u0142a do trzeciej ligi. W nast\u0119pnym sezonie, gdy czo\u0142owym zawodnikiem by\u0142 Jerzy Wi\u015bniewski zaj\u0119\u0142a dziesi\u0105te miejsce w rozgrywkach, natomiast w sezonie 1970\/71, jednym z najs\u0142abszych w historii futbolu na Warmii i Mazurach, a\u017c trzy zespo\u0142y spad\u0142y z trzeciej ligi. Warmia Olsztyn 13 miejsce, Stomil Olsztyn 15 miejsce, a Sok\u00f3\u0142 Ostr\u00f3da 16. Jerzy Wi\u015bniewski po maturze w liceum og\u00f3lnokszta\u0142c\u0105cym uko\u0144czy\u0142 w 1969 roku Pa\u0144stwow\u0105 Szko\u0142\u0119 Techniki i rozpocz\u0105\u0142 prac\u0119 w terenie poza Olsztynem.<\/p>\n<p>Trudno mu by\u0142o pogodzi\u0107 amatorski sport z prac\u0105. Po sezonie 1972 zako\u0144czy\u0142 bardzo m\u0142odo, doskonale zapowiadaj\u0105c\u0105 si\u0119 karier\u0119 pi\u0142karsk\u0105. Ze sportem nie sko\u0144czy\u0142. By\u0142 dzia\u0142aczem KKS Warmia Olsztyn. Od 1995 roku cz\u0142onek Wydzia\u0142u Dyscypliny OL OZPN, a nast\u0119pie WMZPN. W pewnym okresie by\u0142 Wiceprezesem tego wydzia\u0142u.<\/p>\n<figure id=\"attachment_43866\" aria-describedby=\"caption-attachment-43866\" style=\"width: 1602px\" class=\"wp-caption alignnone\"><img loading=\"lazy\" decoding=\"async\" class=\"wp-image-43866 size-full\" src=\"https:\/\/wmzpn.pl\/wp-content\/uploads\/2025\/01\/5-2.jpg\" alt=\"\" width=\"1602\" height=\"1260\" srcset=\"https:\/\/wmzpn.pl\/wp-content\/uploads\/2025\/01\/5-2.jpg 1602w, https:\/\/wmzpn.pl\/wp-content\/uploads\/2025\/01\/5-2-300x236.jpg 300w, https:\/\/wmzpn.pl\/wp-content\/uploads\/2025\/01\/5-2-1024x805.jpg 1024w, https:\/\/wmzpn.pl\/wp-content\/uploads\/2025\/01\/5-2-768x604.jpg 768w, https:\/\/wmzpn.pl\/wp-content\/uploads\/2025\/01\/5-2-1536x1208.jpg 1536w, https:\/\/wmzpn.pl\/wp-content\/uploads\/2025\/01\/5-2-696x547.jpg 696w, https:\/\/wmzpn.pl\/wp-content\/uploads\/2025\/01\/5-2-1068x840.jpg 1068w, https:\/\/wmzpn.pl\/wp-content\/uploads\/2025\/01\/5-2-534x420.jpg 534w\" sizes=\"auto, (max-width: 1602px) 100vw, 1602px\" \/><figcaption id=\"caption-attachment-43866\" class=\"wp-caption-text\">Wi\u015bniewski 4 z lewej<\/figcaption><\/figure>\n<p>Zachorowa\u0142 nagle i przez ponad rok walczy\u0142 z chorob\u0105. Zmar\u0142 9 lutego 2008 roku. Podczas pogrzebu po\u017cegna\u0142em Jerzego w imieniu koleg\u00f3w z dru\u017cyny oraz jako Prezes KKS Warmia Olsztyn.<\/p>\n<p><img loading=\"lazy\" decoding=\"async\" class=\"aligncenter wp-image-43873 size-full\" src=\"https:\/\/wmzpn.pl\/wp-content\/uploads\/2025\/01\/jezrzy.jpeg\" alt=\"\" width=\"1200\" height=\"800\" srcset=\"https:\/\/wmzpn.pl\/wp-content\/uploads\/2025\/01\/jezrzy.jpeg 1200w, https:\/\/wmzpn.pl\/wp-content\/uploads\/2025\/01\/jezrzy-300x200.jpeg 300w, https:\/\/wmzpn.pl\/wp-content\/uploads\/2025\/01\/jezrzy-1024x683.jpeg 1024w, https:\/\/wmzpn.pl\/wp-content\/uploads\/2025\/01\/jezrzy-768x512.jpeg 768w, https:\/\/wmzpn.pl\/wp-content\/uploads\/2025\/01\/jezrzy-696x464.jpeg 696w, https:\/\/wmzpn.pl\/wp-content\/uploads\/2025\/01\/jezrzy-1068x712.jpeg 1068w, https:\/\/wmzpn.pl\/wp-content\/uploads\/2025\/01\/jezrzy-630x420.jpeg 630w\" sizes=\"auto, (max-width: 1200px) 100vw, 1200px\" \/><\/p>\n","protected":false},"excerpt":{"rendered":"<p>\u00a0 Jerzy Wojtowicz ur. 22.10.1939 r. w Gdyni. Pomocnik 176 cm. W 1945 roku rodzina Wojtowicz\u00f3w przeprowadzi\u0142a si\u0119 do Gda\u0144ska. Zamieszkali we Wrzeszczu, dzielnicy Gda\u0144ska. Lechia Gda\u0144sk ( w latach 1950-54 pod nazw\u0105 Budowlani) gra\u0142a w I lidze i na mecze przychodzi\u0142o w tym czasie po 10-20 tysi\u0119cy kibic\u00f3w. Jerzy ze swojego domu mia\u0142 na [&hellip;]<\/p>\n","protected":false},"author":11,"featured_media":43875,"comment_status":"open","ping_status":"open","sticky":false,"template":"","format":"standard","meta":{"footnotes":""},"categories":[12,288],"tags":[],"class_list":["post-43861","post","type-post","status-publish","format-standard","has-post-thumbnail","hentry","category-aktualnosci","category-kacik-historyczny-wojciecha-linowa"],"_links":{"self":[{"href":"https:\/\/wmzpn.pl\/index.php?rest_route=\/wp\/v2\/posts\/43861","targetHints":{"allow":["GET"]}}],"collection":[{"href":"https:\/\/wmzpn.pl\/index.php?rest_route=\/wp\/v2\/posts"}],"about":[{"href":"https:\/\/wmzpn.pl\/index.php?rest_route=\/wp\/v2\/types\/post"}],"author":[{"embeddable":true,"href":"https:\/\/wmzpn.pl\/index.php?rest_route=\/wp\/v2\/users\/11"}],"replies":[{"embeddable":true,"href":"https:\/\/wmzpn.pl\/index.php?rest_route=%2Fwp%2Fv2%2Fcomments&post=43861"}],"version-history":[{"count":3,"href":"https:\/\/wmzpn.pl\/index.php?rest_route=\/wp\/v2\/posts\/43861\/revisions"}],"predecessor-version":[{"id":46250,"href":"https:\/\/wmzpn.pl\/index.php?rest_route=\/wp\/v2\/posts\/43861\/revisions\/46250"}],"wp:featuredmedia":[{"embeddable":true,"href":"https:\/\/wmzpn.pl\/index.php?rest_route=\/wp\/v2\/media\/43875"}],"wp:attachment":[{"href":"https:\/\/wmzpn.pl\/index.php?rest_route=%2Fwp%2Fv2%2Fmedia&parent=43861"}],"wp:term":[{"taxonomy":"category","embeddable":true,"href":"https:\/\/wmzpn.pl\/index.php?rest_route=%2Fwp%2Fv2%2Fcategories&post=43861"},{"taxonomy":"post_tag","embeddable":true,"href":"https:\/\/wmzpn.pl\/index.php?rest_route=%2Fwp%2Fv2%2Ftags&post=43861"}],"curies":[{"name":"wp","href":"https:\/\/api.w.org\/{rel}","templated":true}]}}