{"id":43829,"date":"2025-01-14T12:42:50","date_gmt":"2025-01-14T12:42:50","guid":{"rendered":"https:\/\/wmzpn.pl\/?p=43829"},"modified":"2025-01-14T12:46:58","modified_gmt":"2025-01-14T12:46:58","slug":"kacik-historyczny-wojciecha-linowa-przemyslaw-kulig","status":"publish","type":"post","link":"https:\/\/wmzpn.pl\/?p=43829","title":{"rendered":"K\u0105cik historyczny Wojciecha Linowa &#8211; Przemys\u0142aw Kulig"},"content":{"rendered":"<p>&#8220;Z le\u015bnicz\u00f3wki do Ekstraklasy&#8221;<\/p>\n<p><strong>Przemys\u0142aw Kulig ur. 8.10.1980 w Mr\u0105gowie &#8211; obro\u0144ca 181 cm wzrostu<\/strong><\/p>\n<p>Wychowa\u0142 si\u0119 ma\u0142ej miejscowo\u015bci Dobry Lasek po\u0142o\u017conej w powiecie mr\u0105gowskim. Do znanych z turystyki Piecek to 5 km. O dzieci\u0144stwie i pierwszych krokach w sporcie mo\u017cna dowiedzie\u0107 si\u0119 wi\u0119cej z serii WMZPN \u2013 Tu Zaczyna\u0142em Przemys\u0142aw Kulig z dnia 14 luty 2019 r.<\/p>\n<p><img loading=\"lazy\" decoding=\"async\" class=\"aligncenter wp-image-43831 size-large\" src=\"https:\/\/wmzpn.pl\/wp-content\/uploads\/2025\/01\/5-1-786x1024.jpg\" alt=\"\" width=\"640\" height=\"834\" srcset=\"https:\/\/wmzpn.pl\/wp-content\/uploads\/2025\/01\/5-1-786x1024.jpg 786w, https:\/\/wmzpn.pl\/wp-content\/uploads\/2025\/01\/5-1-230x300.jpg 230w, https:\/\/wmzpn.pl\/wp-content\/uploads\/2025\/01\/5-1-768x1000.jpg 768w, https:\/\/wmzpn.pl\/wp-content\/uploads\/2025\/01\/5-1-696x906.jpg 696w, https:\/\/wmzpn.pl\/wp-content\/uploads\/2025\/01\/5-1-323x420.jpg 323w, https:\/\/wmzpn.pl\/wp-content\/uploads\/2025\/01\/5-1.jpg 900w\" sizes=\"auto, (max-width: 640px) 100vw, 640px\" \/><\/p>\n<p>LZS Dobry Lasek \u2013 klub za\u0142o\u017cony przez Wies\u0142awa Domiana w latach 90-tych XX wieku gra\u0142 w A Klasie.<\/p>\n<p>Przemek by\u0142 usportowiony, a swoje pierwsze sukcesy osi\u0105ga\u0142 w tenisie sto\u0142owym. Zaj\u0105\u0142 3 miejsce w turnieju Gazety Olszty\u0144skiej \u2013 presti\u017cowym turnieju dla ca\u0142ego wojew\u00f3dztwa.<\/p>\n<p>Bardzo wcze\u015bnie rozpocz\u0105\u0142 te\u017c gra\u0107 w pi\u0142k\u0119 w dru\u017cynie junior\u00f3w Dobrego Lasku. Trenerem by\u0142 Krzysztof Rudzki, by\u0142y zawodnik drugoligowej Gwardii Szczytno. Pocz\u0105tkowo Przemek przez rok gra\u0142 na bramce. Zosta\u0142 potem napastnikiem i szybko awansowa\u0142 do A Klasy. W pi\u0142k\u0119 no\u017cn\u0105 gra\u0142 tak\u017ce jego starszy brat.<\/p>\n<figure id=\"attachment_43837\" aria-describedby=\"caption-attachment-43837\" style=\"width: 900px\" class=\"wp-caption aligncenter\"><img loading=\"lazy\" decoding=\"async\" class=\"wp-image-43837 size-full\" src=\"https:\/\/wmzpn.pl\/wp-content\/uploads\/2025\/01\/kulig-5.jpg\" alt=\"\" width=\"900\" height=\"638\" srcset=\"https:\/\/wmzpn.pl\/wp-content\/uploads\/2025\/01\/kulig-5.jpg 900w, https:\/\/wmzpn.pl\/wp-content\/uploads\/2025\/01\/kulig-5-300x213.jpg 300w, https:\/\/wmzpn.pl\/wp-content\/uploads\/2025\/01\/kulig-5-768x544.jpg 768w, https:\/\/wmzpn.pl\/wp-content\/uploads\/2025\/01\/kulig-5-100x70.jpg 100w, https:\/\/wmzpn.pl\/wp-content\/uploads\/2025\/01\/kulig-5-696x493.jpg 696w, https:\/\/wmzpn.pl\/wp-content\/uploads\/2025\/01\/kulig-5-592x420.jpg 592w\" sizes=\"auto, (max-width: 900px) 100vw, 900px\" \/><figcaption id=\"caption-attachment-43837\" class=\"wp-caption-text\">Dobry Lasek A Klasa &#8211; Trener Krzysztof Rudzki \u2013 Przemek siedzi pierwszy z prawej<\/figcaption><\/figure>\n<p>W 1988 roku zosta\u0142 wypo\u017cyczony do klubu Mr\u0105gowia Mr\u0105gowo. Swoje perypetie ze zmian\u0105 klubu opisa\u0142 we wspomnieniach. Szybkiego i sprawnego m\u0142odego pi\u0142karza dostrzeg\u0142 w Miko\u0142ajkach, znajomy Ojca Przemka Alojzy Jarguz. Przemek przywieziony przez Jarguza trafi\u0142 na testy do Stomilu. W okresie tym trenerem by\u0142 Mieczys\u0142aw Broniszewski. Obserwuj\u0105c go podczas trening\u00f3w, postanowi\u0142 zmieni\u0107 mu pozycj\u0119 z napastnika na obro\u0144c\u0119.<\/p>\n<p>Przemys\u0142aw Kulig w sezonie 1998\/99 reprezentowa\u0142 barwy graj\u0105cego w III Lidze zespo\u0142u Warmia-Stomil II Olsztyn. Rozegra\u0142 w tej klasie rozgrywkowej 17 spotka\u0144 i strzeli\u0142 jednego gola. Trafi\u0142 w meczu przeciwko Goplanie Inowroc\u0142aw.<\/p>\n<p>Wtedy w\u0142a\u015bnie pozna\u0142em Przemka Kuliga i jego umiej\u0119tno\u015bci pi\u0142karskie. By\u0142 szybki, sprawny i bardzo ambitny. Po spadku tego dziwnego tworu klubowego Przemek przeszed\u0142 do Jezioraka I\u0142awa. Klub ten prze\u017cywa\u0142 w tym czasie k\u0142opoty finansowe. Przemek gra\u0142 kr\u00f3tko w III lidze i powr\u00f3ci\u0142 do Mr\u0105gowa.<\/p>\n<p><img loading=\"lazy\" decoding=\"async\" class=\"aligncenter wp-image-43832 size-full\" src=\"https:\/\/wmzpn.pl\/wp-content\/uploads\/2025\/01\/mragowia-kulig.jpg\" alt=\"\" width=\"300\" height=\"400\" srcset=\"https:\/\/wmzpn.pl\/wp-content\/uploads\/2025\/01\/mragowia-kulig.jpg 300w, https:\/\/wmzpn.pl\/wp-content\/uploads\/2025\/01\/mragowia-kulig-225x300.jpg 225w\" sizes=\"auto, (max-width: 300px) 100vw, 300px\" \/><\/p>\n<p>Chcia\u0142 gra\u0107 w wy\u017cszej klasie rozgrywkowej. Z Mr\u0105gowi\u0105 ustali\u0142, \u017ce jak b\u0119dzie taka oferta, to odejdzie. Pr\u00f3bowa\u0142 w Niemczech \u2013 by\u0142 na testach w Eintrachcie Brunszwig.<\/p>\n<p>Pojecha\u0142 tak\u017ce na testy do Jagiellonii Bia\u0142ystok. Zagra\u0142 sparing z dru\u017cyn\u0105 z Litwy, po kt\u00f3rym trener Wojciech \u0141azarek powiedzia\u0142, \u017ce mo\u017ce gra\u0107 w Jagiellonii. <strong>Postanowi\u0142 zwi\u0105za\u0107 si\u0119 z Jagielloni\u0105 umow\u0105.<\/strong><\/p>\n<p><img loading=\"lazy\" decoding=\"async\" class=\"aligncenter wp-image-43833 size-large\" src=\"https:\/\/wmzpn.pl\/wp-content\/uploads\/2025\/01\/4-1-732x1024.jpg\" alt=\"\" width=\"640\" height=\"895\" srcset=\"https:\/\/wmzpn.pl\/wp-content\/uploads\/2025\/01\/4-1-732x1024.jpg 732w, https:\/\/wmzpn.pl\/wp-content\/uploads\/2025\/01\/4-1-214x300.jpg 214w, https:\/\/wmzpn.pl\/wp-content\/uploads\/2025\/01\/4-1-768x1074.jpg 768w, https:\/\/wmzpn.pl\/wp-content\/uploads\/2025\/01\/4-1-696x974.jpg 696w, https:\/\/wmzpn.pl\/wp-content\/uploads\/2025\/01\/4-1-300x420.jpg 300w, https:\/\/wmzpn.pl\/wp-content\/uploads\/2025\/01\/4-1.jpg 900w\" sizes=\"auto, (max-width: 640px) 100vw, 640px\" \/><\/p>\n<p><strong> Debiutowa\u0142 w drugiej lidze w Pucharze Ligi, w starciu z Ark\u0105 Gdynia.<\/strong> By\u0142 to mecz transmitowany w telewizji. W sezonie 2001\/2002 rozegra\u0142 34 spotkania, ale niestety Jagiellonia spad\u0142a do trzeciej ligi. <strong>W nast\u0119pnym sezonie rozegra\u0142 30 spotka\u0144 i strzeli\u0142 dwie bramki.<\/strong> Jagiellonia wygra\u0142a 3 lig\u0119 i awansowa\u0142a do drugiej ligi. W kolejnych trzech sezonach by\u0142 w Jagiellonii podstawowym zawodnikiem.<\/p>\n<p>W sezonie 2003\/04 rozegra\u0142 32 spotkania i zdoby\u0142 dwie bramki a Jagiellonia zako\u0144czy\u0142a rozgrywki na 9 miejscu. W sezonie 2004\/2005 rozegra\u0142 35 spotka\u0144, w kt\u00f3rych strzeli\u0142 trzy bramki a Jagiellonia by\u0142a na sz\u00f3stym miejscu. W sezonie 2005\/2006 rozegra\u0142 14 spotka\u0144 i strzeli\u0142 dwie bramki. <strong>W Jagiellonii zagra\u0142 w 143 spotkania i strzeli\u0142 13 bramek.<\/strong> Podczas pobytu w Bia\u0142ymstoku gra\u0142 na dw\u00f3ch stadionach. Na boisku przy ulicy Jurowieckiej, a nast\u0119pnie na du\u017cym do\u017cynkowym stadionie Hetmana. Trenerem by\u0142 Adam Nawa\u0142ka. Troch\u0119 \u017ca\u0142uj\u0119 \u017ce nie zosta\u0142 d\u0142u\u017cej, gdy\u017c Jagiellonia awansowa\u0142a do ekstraklasy. Chcia\u0142 gra\u0107 w ekstraklasie. Pojecha\u0142 do Lecha Pozna\u0144 mia\u0142 podpisa\u0107 umow\u0119, ale wystraszy\u0142 si\u0119 i wr\u00f3ci\u0142 do Bia\u0142egostoku. <strong>Zg\u0142osi\u0142 si\u0119 G\u00f3rnik \u0141\u0119czna graj\u0105cy w ekstraklasie. <\/strong>Sp\u0119dzi\u0142 w tym klubie p\u00f3\u0142tora roku.<\/p>\n<figure id=\"attachment_43834\" aria-describedby=\"caption-attachment-43834\" style=\"width: 618px\" class=\"wp-caption aligncenter\"><img loading=\"lazy\" decoding=\"async\" class=\"wp-image-43834 size-full\" src=\"https:\/\/wmzpn.pl\/wp-content\/uploads\/2025\/01\/2.jpg\" alt=\"\" width=\"618\" height=\"723\" srcset=\"https:\/\/wmzpn.pl\/wp-content\/uploads\/2025\/01\/2.jpg 618w, https:\/\/wmzpn.pl\/wp-content\/uploads\/2025\/01\/2-256x300.jpg 256w, https:\/\/wmzpn.pl\/wp-content\/uploads\/2025\/01\/2-359x420.jpg 359w\" sizes=\"auto, (max-width: 618px) 100vw, 618px\" \/><figcaption id=\"caption-attachment-43834\" class=\"wp-caption-text\">\u00a0<\/figcaption><\/figure>\n<p>W G\u00f3rniku \u0141\u0119czna spotka\u0142 si\u0119 z Tomaszem Zahorskim i Tomaszem Lisowskim. <strong>W sezonie 2005\/2006 rozegra\u0142 13 spotka\u0144 w ekstraklasie<\/strong>, a G\u00f3rnik zako\u0144czy\u0142 rozgrywki na 12 miejscu. Natomiast w sezonie 2006\/2007 &#8211; 28 spotka\u0144 i zdoby\u0142 dwie bramki &#8211; w starciu z Dyskoboli\u0105 Grodzisk Mazowiecki, a tak\u017ce z Odr\u0105 Wodzis\u0142aw.<\/p>\n<p>G\u00f3rnik \u0141\u0119czna zako\u0144czy\u0142 rozgrywki na 13 miejscu. Trener Cracovii Stefan Majewski nam\u00f3wi\u0142 Przemka do gry w tym klubie. Po pewnych perturbacjach zosta\u0142 zawodnikiem krakowskiego klubu i podpisa\u0142 pi\u0119cioletni kontrakt.<\/p>\n<figure id=\"attachment_43836\" aria-describedby=\"caption-attachment-43836\" style=\"width: 375px\" class=\"wp-caption aligncenter\"><img loading=\"lazy\" decoding=\"async\" class=\"wp-image-43836 size-full\" src=\"https:\/\/wmzpn.pl\/wp-content\/uploads\/2025\/01\/Przemyslaw_Kulig-wikipasy.jpg\" alt=\"\" width=\"375\" height=\"500\" srcset=\"https:\/\/wmzpn.pl\/wp-content\/uploads\/2025\/01\/Przemyslaw_Kulig-wikipasy.jpg 375w, https:\/\/wmzpn.pl\/wp-content\/uploads\/2025\/01\/Przemyslaw_Kulig-wikipasy-225x300.jpg 225w, https:\/\/wmzpn.pl\/wp-content\/uploads\/2025\/01\/Przemyslaw_Kulig-wikipasy-315x420.jpg 315w\" sizes=\"auto, (max-width: 375px) 100vw, 375px\" \/><figcaption id=\"caption-attachment-43836\" class=\"wp-caption-text\">fot. wikipasy.pl<\/figcaption><\/figure>\n<p><strong>Przemek Kulig by\u0142 w tym czasie uznany za jednego z najlepszych prawych obro\u0144c\u00f3w w ekstraklasie. W sezonie 2007\/2008 rozegra\u0142 w barwach Cracovii 24 spotkania.<\/strong> Strzela\u0142 w meczach przeciwko G\u00f3rnikowi Zabrze, derbowym starciu z Wis\u0142\u0105 Krak\u00f3w, a tak\u017ce w wygranym 3:0 meczu z Odr\u0105 Wodzis\u0142aw. Sezon 2009\/10 by\u0142 dla niego udany. Zagra\u0142 21 spotka\u0144 i zdoby\u0142 jedn\u0105 bramk\u0119. W starciu z Lechi\u0105 Gda\u0144sk. Zdoby\u0142 tak\u017ce bramk\u0119 w Pucharze Ekstraklasy.<\/p>\n<p>Cracovia zaj\u0119\u0142a przedostatnie miejsce, ale utrzyma\u0142a si\u0119 w ekstraklasie kosztem \u0141KS-u, kt\u00f3ry nie otrzyma\u0142 licencji. W kwietniu 2008 roku podczas derbowego spotkania z Wis\u0142y Krak\u00f3w by\u0142 zmuszony zagra\u0107 w bramce i nie zanotowa\u0142 \u017cadnej interwencji, gdy\u017c nie by\u0142o strza\u0142u na bramk\u0119, a mecz zako\u0144czy\u0142 si\u0119 zwyci\u0119stwem Wis\u0142y Krak\u00f3w 2:1. W sezonie 2009\/2010 by\u0142 wypo\u017cyczony do G\u00f3rnika Zabrze &#8211; pierwsza liga. <strong>Zagra\u0142 16 spotka\u0144 i zdoby\u0142 jedn\u0105 bramk\u0119<\/strong> w meczu ze Stal\u0105 Stalowa Wola.<\/p>\n<p>Wiosn\u0105 2010 roku podczas spotkania G\u00f3rnik Zabrze vs GKS Katowice dozna\u0142 powa\u017cnej kontuzji &#8211; zerwa\u0142 wi\u0119zad\u0142a krzy\u017cowe. G\u00f3rnik zap\u0142aci\u0142 za operacje, ale ze strony Cracovii Przemek us\u0142ysza\u0142, \u017ce ju\u017c go nie chc\u0105 i powinien zgodzi\u0107 si\u0119 na skr\u00f3cenie kontraktu. Po powrocie do Krakowa zosta\u0142 przesuni\u0119ty do m\u0142odej ekstraklasy, a p\u00f3\u017aniej musia\u0142 z dwoma kolegami odbywa\u0107 treningi indywidualne. Sp\u00f3r pomi\u0119dzy Kuligiem a Cracovi\u0105 trwa\u0142 dwa i p\u00f3\u0142 roku. W swoim archiwum Przemys\u0142aw posiada a\u017c trzy klasery z pismami od prawnik\u00f3w klubu z Krakowa.<\/p>\n<p>W sezonie 2012\/13 powr\u00f3ci\u0142 na Mazury do Mr\u0105gowii Mr\u0105gowo. Zagra\u0142 38 spotka\u0144 w czwartej lidze. W wieku 33 lat przeszed\u0142 do klubu \u017bagiel Piecki, kt\u00f3ry po\u0142\u0105czy\u0142 si\u0119 z Dobrym Laskiem i by\u0142 praktycznie kontynuatorem jego pierwszego klubu. Zaanga\u017cowa\u0142 si\u0119 w popraw\u0119 warunk\u00f3w treningowych. Autorytetem wyprosi\u0142 w Urz\u0119dzie Gminy \u015brodki na remont szatni. Przez wiele sezon\u00f3w by\u0142 najwa\u017cniejszym zawodnikiem. W sezonie, w kt\u00f3rym klub \u017bagiel Piecki awansowa\u0142 do Klasy Okr\u0119gowej zdoby\u0142 a\u017c 34 goli.<\/p>\n<p>Zapisa\u0142 si\u0119 do Szko\u0142y Trener\u00f3w. Wraz z grup\u0105 reprezentant\u00f3w Polski i zawodnik\u00f3w klub\u00f3w ekstraklasowych uko\u0144czy\u0142 kurs UEFA B, a nast\u0119pnie UEFA A. Na sta\u017cu przebywa\u0142 w Realu Madryt.<\/p>\n<figure id=\"attachment_43835\" aria-describedby=\"caption-attachment-43835\" style=\"width: 640px\" class=\"wp-caption aligncenter\"><img loading=\"lazy\" decoding=\"async\" class=\"wp-image-43835 size-full\" src=\"https:\/\/wmzpn.pl\/wp-content\/uploads\/2025\/01\/3.jpg\" alt=\"\" width=\"640\" height=\"480\" srcset=\"https:\/\/wmzpn.pl\/wp-content\/uploads\/2025\/01\/3.jpg 640w, https:\/\/wmzpn.pl\/wp-content\/uploads\/2025\/01\/3-300x225.jpg 300w, https:\/\/wmzpn.pl\/wp-content\/uploads\/2025\/01\/3-80x60.jpg 80w, https:\/\/wmzpn.pl\/wp-content\/uploads\/2025\/01\/3-265x198.jpg 265w, https:\/\/wmzpn.pl\/wp-content\/uploads\/2025\/01\/3-560x420.jpg 560w\" sizes=\"auto, (max-width: 640px) 100vw, 640px\" \/><figcaption id=\"caption-attachment-43835\" class=\"wp-caption-text\">Przemek Kulig i Raul Gonzalez<\/figcaption><\/figure>\n<p>Jest obecnie trenerem licencji UEFA A, ale chyba w najbli\u017cszym czasie nie zajmie si\u0119 trenerk\u0105. W 2024 roku startowa\u0142 w wyborach na w\u00f3jta gminy Piecki i zdoby\u0142 33% g\u0142os\u00f3w. Zainteresowa\u0142 si\u0119 agroturystyk\u0105 i wraz z \u017con\u0105 Natali\u0105 jest w\u0142a\u015bcicielem pi\u0119knego o\u015brodka. Jak napisa\u0142 dziennikarz z Bia\u0142egostoku \u2013 \u201eBy\u0142y pi\u0142karz Jagiellonii i Cracovii odnalaz\u0142 si\u0119 w biznesie\u201d. Przemys\u0142aw Kulig wychowuje tr\u00f3jk\u0119 dzieci.<\/p>\n<figure id=\"attachment_43850\" aria-describedby=\"caption-attachment-43850\" style=\"width: 560px\" class=\"wp-caption aligncenter\"><img loading=\"lazy\" decoding=\"async\" class=\"wp-image-43850 size-full\" src=\"https:\/\/wmzpn.pl\/wp-content\/uploads\/2025\/01\/12.jpg\" alt=\"\" width=\"560\" height=\"315\" srcset=\"https:\/\/wmzpn.pl\/wp-content\/uploads\/2025\/01\/12.jpg 560w, https:\/\/wmzpn.pl\/wp-content\/uploads\/2025\/01\/12-300x169.jpg 300w\" sizes=\"auto, (max-width: 560px) 100vw, 560px\" \/><figcaption id=\"caption-attachment-43850\" class=\"wp-caption-text\">Przemek Kulig z rodzin\u0105<\/figcaption><\/figure>\n<p><strong>W ekstraklasie rozegra\u0142 50 mecz\u00f3w i strzeli\u0142 6 goli.<\/strong> W pierwszej lidze 16 mecz\u00f3w i jedna bramka. Puchar Polski 7 mecz\u00f3w. Puchar Intertoto 2 mecze. <strong>Og\u00f3\u0142em 114 spotka\u0144 i 7 bramek. \u00a0<\/strong><\/p>\n","protected":false},"excerpt":{"rendered":"<p>&#8220;Z le\u015bnicz\u00f3wki do Ekstraklasy&#8221; Przemys\u0142aw Kulig ur. 8.10.1980 w Mr\u0105gowie &#8211; obro\u0144ca 181 cm wzrostu Wychowa\u0142 si\u0119 ma\u0142ej miejscowo\u015bci Dobry Lasek po\u0142o\u017conej w powiecie mr\u0105gowskim. Do znanych z turystyki Piecek to 5 km. O dzieci\u0144stwie i pierwszych krokach w sporcie mo\u017cna dowiedzie\u0107 si\u0119 wi\u0119cej z serii WMZPN \u2013 Tu Zaczyna\u0142em Przemys\u0142aw Kulig z dnia 14 [&hellip;]<\/p>\n","protected":false},"author":11,"featured_media":43838,"comment_status":"open","ping_status":"open","sticky":false,"template":"","format":"standard","meta":{"footnotes":""},"categories":[12,288],"tags":[],"class_list":["post-43829","post","type-post","status-publish","format-standard","has-post-thumbnail","hentry","category-aktualnosci","category-kacik-historyczny-wojciecha-linowa"],"_links":{"self":[{"href":"https:\/\/wmzpn.pl\/index.php?rest_route=\/wp\/v2\/posts\/43829","targetHints":{"allow":["GET"]}}],"collection":[{"href":"https:\/\/wmzpn.pl\/index.php?rest_route=\/wp\/v2\/posts"}],"about":[{"href":"https:\/\/wmzpn.pl\/index.php?rest_route=\/wp\/v2\/types\/post"}],"author":[{"embeddable":true,"href":"https:\/\/wmzpn.pl\/index.php?rest_route=\/wp\/v2\/users\/11"}],"replies":[{"embeddable":true,"href":"https:\/\/wmzpn.pl\/index.php?rest_route=%2Fwp%2Fv2%2Fcomments&post=43829"}],"version-history":[{"count":3,"href":"https:\/\/wmzpn.pl\/index.php?rest_route=\/wp\/v2\/posts\/43829\/revisions"}],"predecessor-version":[{"id":43852,"href":"https:\/\/wmzpn.pl\/index.php?rest_route=\/wp\/v2\/posts\/43829\/revisions\/43852"}],"wp:featuredmedia":[{"embeddable":true,"href":"https:\/\/wmzpn.pl\/index.php?rest_route=\/wp\/v2\/media\/43838"}],"wp:attachment":[{"href":"https:\/\/wmzpn.pl\/index.php?rest_route=%2Fwp%2Fv2%2Fmedia&parent=43829"}],"wp:term":[{"taxonomy":"category","embeddable":true,"href":"https:\/\/wmzpn.pl\/index.php?rest_route=%2Fwp%2Fv2%2Fcategories&post=43829"},{"taxonomy":"post_tag","embeddable":true,"href":"https:\/\/wmzpn.pl\/index.php?rest_route=%2Fwp%2Fv2%2Ftags&post=43829"}],"curies":[{"name":"wp","href":"https:\/\/api.w.org\/{rel}","templated":true}]}}