{"id":43669,"date":"2024-12-17T13:28:28","date_gmt":"2024-12-17T13:28:28","guid":{"rendered":"https:\/\/wmzpn.pl\/?p=43669"},"modified":"2024-12-20T10:34:11","modified_gmt":"2024-12-20T10:34:11","slug":"kacik-historyczny-wojciecha-linowa-jozef-lobocki","status":"publish","type":"post","link":"https:\/\/wmzpn.pl\/?p=43669","title":{"rendered":"K\u0105cik historyczny Wojciecha Linowa &#8211; J\u00f3zef \u0141obocki"},"content":{"rendered":"<p><strong> <img loading=\"lazy\" decoding=\"async\" class=\"alignnone size-full wp-image-43670\" src=\"https:\/\/wmzpn.pl\/wp-content\/uploads\/2024\/12\/1212.jpg\" alt=\"\" width=\"200\" height=\"259\" \/> J\u00f3zef \u0141obocki<\/strong> urodzony 10 stycznia 1946 roku w Olsztynku &#8211; zmar\u0142 31 marca 2004 roku w Olsztynie.<\/p>\n<p>Do 1959 roku J\u00f3zef mieszka\u0142 wraz z rodzin\u0105 w Olsztynku, miasteczku odleg\u0142ym o 27 km od Olsztyna. Po przeprowadzce do Olsztyna, jak wi\u0119kszo\u015b\u0107 ch\u0142opc\u00f3w w tych czasach po zaj\u0119ciach w szkole zacz\u0105\u0142 interesowa\u0107 si\u0119 sportem. By\u0142 wysportowany i pr\u00f3bowa\u0142 uprawia\u0107 kilka dyscyplin jednocze\u015bnie. Ja zapami\u0119ta\u0142em go jako m\u0142odego koszykarza OKS Olsztyn graj\u0105cego z r\u00f3wie\u015bnikami, w\u015br\u00f3d kt\u00f3rych by\u0142 zmar\u0142y redaktor Janusz Porycki i m\u00f3j kolega zmar\u0142y tak\u017ce Grzegorz Raczy\u0144ski.<\/p>\n<p>By\u0142 tak\u017ce pi\u0142karzem w tym samym klubie. Podobno pr\u00f3bowa\u0142 \u015bciga\u0107 si\u0119 tak\u017ce na rowerze, ale tego nie widzia\u0142em. Najbardziej pokocha\u0142 futbol. Gra\u0142 w dru\u017cynie trampkarzy a nast\u0119pnie junior\u00f3w. By\u0142y to zespo\u0142y z czo\u0142\u00f3wki wojew\u00f3dztwa olszty\u0144skiego. Od 1970 roku OKS Olsztyn zyska\u0142 bogatego patrona &#8211; Olszty\u0144skie Zak\u0142ady Opon Samochodowych i klub zmieni\u0142 nazw\u0119 na OKS OZOS. \u00a0Ziutek gra\u0142 w tym klubie oraz Chemiku Olsztyn, kt\u00f3ry w p\u00f3\u017aniejszym czasie by\u0142 drug\u0105 dru\u017cyn\u0105 graj\u0105c\u0105 w klasie okr\u0119gowej.<\/p>\n<p>Podczas pobytu w wojsku \u0141obocki reprezentowa\u0142 barwy Polonii Bydgoszcz. Gra\u0142 na r\u00f3\u017cnych pozycjach w pomocy i ataku.<\/p>\n<p><img loading=\"lazy\" decoding=\"async\" class=\"aligncenter wp-image-43671 size-full\" src=\"https:\/\/wmzpn.pl\/wp-content\/uploads\/2024\/12\/SCN_20241209_121145.jpg\" alt=\"\" width=\"939\" height=\"959\" srcset=\"https:\/\/wmzpn.pl\/wp-content\/uploads\/2024\/12\/SCN_20241209_121145.jpg 939w, https:\/\/wmzpn.pl\/wp-content\/uploads\/2024\/12\/SCN_20241209_121145-294x300.jpg 294w, https:\/\/wmzpn.pl\/wp-content\/uploads\/2024\/12\/SCN_20241209_121145-768x784.jpg 768w, https:\/\/wmzpn.pl\/wp-content\/uploads\/2024\/12\/SCN_20241209_121145-356x364.jpg 356w, https:\/\/wmzpn.pl\/wp-content\/uploads\/2024\/12\/SCN_20241209_121145-696x711.jpg 696w, https:\/\/wmzpn.pl\/wp-content\/uploads\/2024\/12\/SCN_20241209_121145-411x420.jpg 411w\" sizes=\"auto, (max-width: 939px) 100vw, 939px\" \/><\/p>\n<p>W sezonach 1970\/73 OKS OZOS gra\u0142 w III lidze. Natomiast w drugiej lidze uczestniczy\u0142 ju\u017c jako OKS Stomil Olsztyn w latach 1973-75. J\u00f3zef \u0141obocki w drugiej lidze nie zagra\u0142. Pami\u0119tam Ziutka jako bardzo ambitnego zawodnika, kt\u00f3ry nie wstydzi\u0142 si\u0119 czasami by\u0107 rezerwowym. Od 1978 roku po uko\u0144czeniu kursu instruktora pi\u0142ki no\u017cnej rozpocz\u0105\u0142 prac\u0119 szkoleniow\u0105. Ciekawostk\u0105 jest, \u017ce zaczyna\u0142 nie w Stomilu, ale w olszty\u0144skiej Gwardii, gdzie prowadzi\u0142 zesp\u00f3\u0142 m\u0142odzie\u017cowy, w kt\u00f3rym gra\u0142 mi\u0119dzy innymi Bogdan Michalewski. Do szkolenia w Stomilu nam\u00f3wi\u0142 go trener Jerzy Masztaler.<\/p>\n<p>W okresie pracy trenerskiej w Stomilu Olsztyn prowadzi\u0142 szkolenie z wieloma grupami: m\u0142odzikami, trampkarzami i juniorami. Prowadzone przez \u0141obockiego zespo\u0142y wielokrotnie by\u0142y w czo\u0142\u00f3wce wojew\u00f3dztwa olszty\u0144skiego. Za wyniki sportowe i du\u017ce zaanga\u017cowanie w pracy zosta\u0142 z kilkoma czo\u0142owymi instruktorami pi\u0142ki no\u017cnej skierowany na studia w AWF Warszawa. Uko\u0144czy\u0142 kierunek trenerski uzyskuj\u0105c tytu\u0142 trenera drugiej klasy i magistra wychowania fizycznego. Od 1982 roku bardzo aktywny cz\u0142onek Wydzia\u0142u Szkolenia Okr\u0119gowego Zwi\u0105zku Pi\u0142ki No\u017cnej w Olsztynie. W tym czasie pozna\u0142em bli\u017cej zaanga\u017cowanie Ziutka w pracy z m\u0142odzie\u017c\u0105. By\u0142 bardzo ch\u0119tny do wszelkiego rodzaju zada\u0144, wielokrotnie prowadzi\u0142 kadry wojew\u00f3dztwa junior\u00f3w. W 1986 roku podczas Og\u00f3lnopolskiej Spartakiady M\u0142odzie\u017cy w Be\u0142chatowie dru\u017cyna junior\u00f3w m\u0142odszych Stomilu Olsztyn zdoby\u0142a srebrny medal tej imprezy. Wraz z Jerzym Budzi\u0142kiem \u00a0by\u0142 trenerem tego zespo\u0142u. Sukcesy zespo\u0142\u00f3w m\u0142odzie\u017cowych wojew\u00f3dztwa szczeg\u00f3\u0142owo opisa\u0142em w czterech odcinkach &#8211; M\u0142odzie\u017cowa Pi\u0142ka No\u017cna w wojew\u00f3dztwie olszty\u0144skim w latach 1981-92.<\/p>\n<p><strong>Jednym z najwi\u0119kszych sukces\u00f3w J\u00f3zefa \u0141obockiego w pi\u0142ce m\u0142odzie\u017cowej by\u0142o zdobycie Mistrzostwa Polski w pucharze imienia doktora Jerzego Micha\u0142owicza z reprezentacj\u0105 wojew\u00f3dztwa olszty\u0144skiego<\/strong>. W 1988 roku turniej odby\u0142 si\u0119 w P\u0142ocku. Kilka tygodni p\u00f3\u017aniej ta sama dru\u017cyna wygra\u0142a z Mistrzem Polski junior\u00f3w Jagielloni\u0105 Bia\u0142ystok i zdoby\u0142a Superpuchar M\u0142odzie\u017cowy. W pracy pomaga\u0142 trener Jerzy Wojtowicz. W 1991 roku z juniorami m\u0142odszymi reprezentacji makroregionu, z kt\u00f3rym wi\u0119kszo\u015b\u0107 stanowili zawodnicy z wojew\u00f3dztwa olszty\u0144skiego, <strong>zaj\u0105\u0142 drugie miejsce w Pucharze imienia Wac\u0142awa Kuchara<\/strong>. W finale zesp\u00f3\u0142 ten przegra\u0142 0:1 z gospodarzem turnieju Katowicami. Mecz odby\u0142 si\u0119 na stadionie w Chorzowie. Kolejne sukcesy \u0141obocki uzyska\u0142 z dru\u017cyn\u0105 makroregionu pod szyldem Warszawy.<\/p>\n<p>Przygotowuj\u0105c ten odcinek wspomnie\u0144 skonsultowa\u0142em si\u0119 z panem Zbigniewem Adamowiczem przyjacielem Ziutka. Po jego \u015bmierci przechowuje wszystkie trofea otrzymane podczas kariery trenerskiej. Zachowa\u0142o si\u0119 tak\u017ce 17 segregator\u00f3w, jego kola\u017ce i kompozycje obrazuj\u0105ce liczne imprezy i spotkania z okresu kariery trenerskiej. Pan Zbigniew chce przekaza\u0107 je do Muzeum Sportu, kt\u00f3re wed\u0142ug obietnicy prezydenta Olsztyna ma by\u0107 otworzone w Uranii. Pan Adamowicz jest chory. Pami\u0119ta o swoim przyjacielu i jego sukcesach. Dzi\u0119kuj\u0119 za udost\u0119pnienie tych pami\u0105tek tak\u017ce \u017conie pana Zbigniewa. W tej publikacji zamieszczam wiele zdj\u0119\u0107 z albumu Ziutka.<\/p>\n<p><strong>J\u00f3zef \u0141obocki z reprezentacjami Polski junior\u00f3w<\/strong><\/p>\n<p>Prowadz\u0105c reprezentacj\u0119 makroregionu zosta\u0142 dostrze\u017cony jako \u015bwietny organizator. W 1989 roku zosta\u0142 asystentem trenera Wiktora Stasiuka w reprezentacji Polski do lat 16. Reprezentacja ta w 1990 roku awansowa\u0142a do fina\u0142\u00f3w Mistrzostw Europy U16.<\/p>\n<p>W turnieju, kt\u00f3ry odby\u0142 si\u0119 w Niemieckiej Republice Demokratycznej, Polska wygra\u0142a z zespo\u0142em Portugalii w meczu o trzecie miejsce <strong>3:2 i zdoby\u0142a br\u0105zowy medal.<\/strong> W dru\u017cynie tej grali Jacek Cha\u0144ko, Dariusz Jackiewicz, Jaros\u0142aw Talik, Kilka lat p\u00f3\u017aniej zawodnicy pierwszoligowego Stomilu Olsztyn<\/p>\n<figure id=\"attachment_43672\" aria-describedby=\"caption-attachment-43672\" style=\"width: 1628px\" class=\"wp-caption aligncenter\"><img loading=\"lazy\" decoding=\"async\" class=\"wp-image-43672 size-full\" src=\"https:\/\/wmzpn.pl\/wp-content\/uploads\/2024\/12\/SCN_20241203_135317.jpg\" alt=\"\" width=\"1628\" height=\"845\" srcset=\"https:\/\/wmzpn.pl\/wp-content\/uploads\/2024\/12\/SCN_20241203_135317.jpg 1628w, https:\/\/wmzpn.pl\/wp-content\/uploads\/2024\/12\/SCN_20241203_135317-300x156.jpg 300w, https:\/\/wmzpn.pl\/wp-content\/uploads\/2024\/12\/SCN_20241203_135317-1024x531.jpg 1024w, https:\/\/wmzpn.pl\/wp-content\/uploads\/2024\/12\/SCN_20241203_135317-768x399.jpg 768w, https:\/\/wmzpn.pl\/wp-content\/uploads\/2024\/12\/SCN_20241203_135317-1536x797.jpg 1536w, https:\/\/wmzpn.pl\/wp-content\/uploads\/2024\/12\/SCN_20241203_135317-696x361.jpg 696w, https:\/\/wmzpn.pl\/wp-content\/uploads\/2024\/12\/SCN_20241203_135317-1068x554.jpg 1068w, https:\/\/wmzpn.pl\/wp-content\/uploads\/2024\/12\/SCN_20241203_135317-809x420.jpg 809w\" sizes=\"auto, (max-width: 1628px) 100vw, 1628px\" \/><figcaption id=\"caption-attachment-43672\" class=\"wp-caption-text\">Drugi z lewej Jaros\u0142aw Talik, pi\u0105ty Bartosz Jurkowski, sz\u00f3sty Jacek Cha\u0144ko. W dolnym rz\u0119dzie czwarty z lewej Dariusz Jackiewicz<\/figcaption><\/figure>\n<p>Na zdj\u0119ciu mo\u017cna tak\u017ce rozpozna\u0107 Arkadiusza Onyszko i Adama Ledwonia. Dwa lata p\u00f3\u017aniej w 1998 roku dru\u017cyna ta awansowa\u0142a do fina\u0142\u00f3w Mistrzostw Europy U18. W Republice Federalnej Niemiec, w Norymberdze reprezentacja Polski zaj\u0119\u0142a czwarte miejsce. W spotkaniu o br\u0105zowy medal przegra\u0142a z reprezentacj\u0105 Anglii.<\/p>\n<p><img loading=\"lazy\" decoding=\"async\" class=\"aligncenter wp-image-43673 size-full\" src=\"https:\/\/wmzpn.pl\/wp-content\/uploads\/2024\/12\/SCN_20241203_135016.jpg\" alt=\"\" width=\"2140\" height=\"1160\" srcset=\"https:\/\/wmzpn.pl\/wp-content\/uploads\/2024\/12\/SCN_20241203_135016.jpg 2140w, https:\/\/wmzpn.pl\/wp-content\/uploads\/2024\/12\/SCN_20241203_135016-300x163.jpg 300w, https:\/\/wmzpn.pl\/wp-content\/uploads\/2024\/12\/SCN_20241203_135016-1024x555.jpg 1024w, https:\/\/wmzpn.pl\/wp-content\/uploads\/2024\/12\/SCN_20241203_135016-768x416.jpg 768w, https:\/\/wmzpn.pl\/wp-content\/uploads\/2024\/12\/SCN_20241203_135016-1536x833.jpg 1536w, https:\/\/wmzpn.pl\/wp-content\/uploads\/2024\/12\/SCN_20241203_135016-2048x1110.jpg 2048w, https:\/\/wmzpn.pl\/wp-content\/uploads\/2024\/12\/SCN_20241203_135016-696x377.jpg 696w, https:\/\/wmzpn.pl\/wp-content\/uploads\/2024\/12\/SCN_20241203_135016-1068x579.jpg 1068w, https:\/\/wmzpn.pl\/wp-content\/uploads\/2024\/12\/SCN_20241203_135016-775x420.jpg 775w\" sizes=\"auto, (max-width: 2140px) 100vw, 2140px\" \/><\/p>\n<p><img loading=\"lazy\" decoding=\"async\" class=\"aligncenter wp-image-43685 size-full\" src=\"https:\/\/wmzpn.pl\/wp-content\/uploads\/2024\/12\/ZDJECIE.jpg\" alt=\"\" width=\"2526\" height=\"1323\" srcset=\"https:\/\/wmzpn.pl\/wp-content\/uploads\/2024\/12\/ZDJECIE.jpg 2526w, https:\/\/wmzpn.pl\/wp-content\/uploads\/2024\/12\/ZDJECIE-300x157.jpg 300w, https:\/\/wmzpn.pl\/wp-content\/uploads\/2024\/12\/ZDJECIE-1024x536.jpg 1024w, https:\/\/wmzpn.pl\/wp-content\/uploads\/2024\/12\/ZDJECIE-768x402.jpg 768w, https:\/\/wmzpn.pl\/wp-content\/uploads\/2024\/12\/ZDJECIE-1536x804.jpg 1536w, https:\/\/wmzpn.pl\/wp-content\/uploads\/2024\/12\/ZDJECIE-2048x1073.jpg 2048w, https:\/\/wmzpn.pl\/wp-content\/uploads\/2024\/12\/ZDJECIE-696x365.jpg 696w, https:\/\/wmzpn.pl\/wp-content\/uploads\/2024\/12\/ZDJECIE-1068x559.jpg 1068w, https:\/\/wmzpn.pl\/wp-content\/uploads\/2024\/12\/ZDJECIE-802x420.jpg 802w\" sizes=\"auto, (max-width: 2526px) 100vw, 2526px\" \/><\/p>\n<p>W trakcie pobytu na turnieju we W\u0142oszech, reprezentacja Polski Junior\u00f3w zosta\u0142a zaproszona do Watykanu na spotkanie z papie\u017cem Polakiem Janem Paw\u0142em II. Spotkanie na d\u0142ugo zosta\u0142o w pami\u0119ci tych m\u0142odych pi\u0142karzy oraz trener\u00f3w, w\u015br\u00f3d kt\u00f3rych by\u0142 J\u00f3zef \u0141obocki.<\/p>\n<p><img loading=\"lazy\" decoding=\"async\" class=\"aligncenter wp-image-43674 size-full\" src=\"https:\/\/wmzpn.pl\/wp-content\/uploads\/2024\/12\/2-1.jpg\" alt=\"\" width=\"1129\" height=\"1542\" srcset=\"https:\/\/wmzpn.pl\/wp-content\/uploads\/2024\/12\/2-1.jpg 1129w, https:\/\/wmzpn.pl\/wp-content\/uploads\/2024\/12\/2-1-220x300.jpg 220w, https:\/\/wmzpn.pl\/wp-content\/uploads\/2024\/12\/2-1-750x1024.jpg 750w, https:\/\/wmzpn.pl\/wp-content\/uploads\/2024\/12\/2-1-768x1049.jpg 768w, https:\/\/wmzpn.pl\/wp-content\/uploads\/2024\/12\/2-1-1125x1536.jpg 1125w, https:\/\/wmzpn.pl\/wp-content\/uploads\/2024\/12\/2-1-696x951.jpg 696w, https:\/\/wmzpn.pl\/wp-content\/uploads\/2024\/12\/2-1-1068x1459.jpg 1068w, https:\/\/wmzpn.pl\/wp-content\/uploads\/2024\/12\/2-1-308x420.jpg 308w\" sizes=\"auto, (max-width: 1129px) 100vw, 1129px\" \/><\/p>\n<p>W sezonie 1990\/91 Stomil trenowany przez Jerzego Budzi\u0142ka awansowa\u0142 do drugiej ligi. W sezonie 1991\/92 zaj\u0105\u0142 12 miejsce i utrzyma\u0142 si\u0119 w tej klasie rozgrywkowej. Kierownictwo klubu latem 1992 roku zaskoczy\u0142o wszystkich fan\u00f3w futbolu w Olsztynie i zatrudni\u0142o m\u0142odego trenera Bogus\u0142awa Kaczmarka. Odnosi\u0142 on sukcesy z m\u0142odzie\u017cowymi zespo\u0142ami Lechii Gda\u0144sk. Praca z zespo\u0142em drugoligowym by\u0142a debiutem w szkoleniu dru\u017cyny seniorskiej.<\/p>\n<p>Na asystenta zaproponowano Kaczmarkowi trenera Zbigniewa Kie\u017cuna, kt\u00f3ry zna\u0142 Bogus\u0142awa ze wsp\u00f3lnych studi\u00f3w na AWF w Gda\u0144sku. Po kilku treningach i pobycie na zgrupowaniu w Wasilkowie Kie\u017cun zrezygnowa\u0142, gdy\u017c czu\u0142 si\u0119 pomijany w decyzjach szkoleniowych. Asystentem Kaczmarka zosta\u0142 Ziutek \u0141obocki, kt\u00f3ry szybko dogada\u0142 si\u0119 i znalaz\u0142 dobr\u0105 chemi\u0119 ze swoim szefem. Ten duet pracowa\u0142 razem w rundzie jesiennej sezonu 1992-93 i w okresie tym Stomil zajmowa\u0142 bardzo wysokie pi\u0105te miejsce. Dzia\u0142acze klubowi zacz\u0119li rozpowiada\u0107 o mo\u017cliwo\u015bci awansu do pierwszej ligi. Wiosn\u0105 1993 roku plany po kilku przegranych spotkaniach trzeba by\u0142o zweryfikowa\u0107. Dru\u017cyna Polonii uzyska\u0142a przewag\u0119 i nie by\u0142o mo\u017cliwo\u015bci dogonienia jej. Stomil zaj\u0105\u0142 w tym sezonie pi\u0105te miejsce zdobywaj\u0105c 41 punkt\u00f3w. Trener Kaczmarek rozczarowany tym wynikiem zatrudni\u0142 si\u0119 w pierwszoligowym klubie Zawisza Bydgoszcz. W rundzie jesiennej sezonu 1993\/94 trenerem zosta\u0142 Pawe\u0142 Dawidczy\u0144ski, u\u017cywa\u0142 tak\u017ce imienia Stanis\u0142aw, doskona\u0142y zawodnik \u0141KS \u0141\u00f3d\u017a. Asystentem zosta\u0142 J\u00f3zef \u0141obocki, znaj\u0105cy doskonale wszystkich zawodnik\u00f3w. Prowadzi\u0142 przygotowania oraz pierwsze spotkanie wyjazdowe z Szombierkami Bytom zako\u0144czone wynikiem 0:0. Stomil trenowany przez Dawidczy\u0144skiego i \u0141obockiego zako\u0144czy\u0142 rund\u0119 jesienn\u0105 na drugim miejscu zdobywaj\u0105c 25 punkt\u00f3w i tylko r\u00f3\u017cnic\u0105 bramek by\u0142 wyprzedzony przez Radomiak Radom.<\/p>\n<p>1 stycznia 1994 roku do Stomilu powr\u00f3ci\u0142 trener Bogus\u0142aw Kaczmarek, a asystentem pozosta\u0142 \u0141obocki. Prezesem klubu zosta\u0142 wybrany w tym czasie prezydent Olsztyna J\u00f3zef Grzegorczyk a wiceprezesem w\u0142a\u015bciciel zak\u0142adu mi\u0119snego Piotr Wieczorek. Jesieni\u0105 1993 roku do nazwy klubu OKS Olsztyn dopisano literk\u0119 M. Klub nazywa\u0142 si\u0119 Miejski Olszty\u0144ski Klub Sportowy Stomil. Dru\u017cyna Stomilu w rundzie wiosennej z graj\u0105cymi Czereszewskim, \u00a0Soko\u0142owskim oraz niezawodnym w obronie Oblewskim spokojnie wygrywa\u0142a spotkania. Po bezbramkowym remisie u najwi\u0119kszego rywala Petrochemi\u0105 P\u0142ock i wygranej 5:0 z W\u0142\u00f3kniarzem Pabianice, <strong>Stomil by\u0142 ju\u017c w pierwszej lidze<\/strong>. Mecz 15 czerwca 1994 roku z Okocimskim Brzesko by\u0142 tylko formalno\u015bci\u0105. Zosta\u0142 wygrany 2:0. Stomil zdoby\u0142 wtedy 49 punkt\u00f3w i wyprzedzi\u0142 o dwa punkty Petrochemie P\u0142ock, kt\u00f3ra zaj\u0119\u0142a drugie miejsce i tak\u017ce awansowa\u0142a do pierwszej ligi. Po meczu w obecno\u015bci 14 000 widz\u00f3w zawodnicy odbyli triumfalny rajd wok\u00f3\u0142 boiska i wsp\u00f3lnie ze swoimi trenerami Bogus\u0142awem Kaczmarkiem i J\u00f3zefem \u0141obockim \u015bwi\u0119towali podczas przygotowanej imprezy <strong>historyczny awans do pierwszej ligi.<\/strong><\/p>\n<p><img loading=\"lazy\" decoding=\"async\" class=\"aligncenter wp-image-43675 size-large\" src=\"https:\/\/wmzpn.pl\/wp-content\/uploads\/2024\/12\/14-1-769x1024.jpg\" alt=\"\" width=\"640\" height=\"852\" srcset=\"https:\/\/wmzpn.pl\/wp-content\/uploads\/2024\/12\/14-1-769x1024.jpg 769w, https:\/\/wmzpn.pl\/wp-content\/uploads\/2024\/12\/14-1-225x300.jpg 225w, https:\/\/wmzpn.pl\/wp-content\/uploads\/2024\/12\/14-1-768x1023.jpg 768w, https:\/\/wmzpn.pl\/wp-content\/uploads\/2024\/12\/14-1-1153x1536.jpg 1153w, https:\/\/wmzpn.pl\/wp-content\/uploads\/2024\/12\/14-1-696x927.jpg 696w, https:\/\/wmzpn.pl\/wp-content\/uploads\/2024\/12\/14-1-1068x1422.jpg 1068w, https:\/\/wmzpn.pl\/wp-content\/uploads\/2024\/12\/14-1-315x420.jpg 315w, https:\/\/wmzpn.pl\/wp-content\/uploads\/2024\/12\/14-1.jpg 1302w\" sizes=\"auto, (max-width: 640px) 100vw, 640px\" \/><\/p>\n<p>W pierwszym sezonie w pierwszej lidze &#8211; 1994\/95, Stomil na swoim boisku nie przegra\u0142 \u017cadnego spotkania. Runda wiosenna nie by\u0142a a\u017c tak udana. Ka\u017cdy mecz mia\u0142 ogromne znaczenie. Cztery ostatnie spotkania wzbudzi\u0142y niepok\u00f3j w\u015br\u00f3d fan\u00f3w w Olsztynie i w wojew\u00f3dztwie. Remisy 0:0 z Petrochmi\u0105 P\u0142ock, 1:1 ze Stalow\u0105 Wol\u0105 oraz kl\u0119ska 0:7 z Ruchem Chorz\u00f3w, a tak\u017ce pora\u017cka w ostatniej kolejce w Olsztynie 0:1 z Rakowem Cz\u0119stochowa. Zawodnicy i kibice na trybunach oczekiwali na wynik spotkania w Katowicach gdzie GKS gra\u0142 z zagro\u017con\u0105 dru\u017cyn\u0105 Stal Stalowa Wola. Po otrzymaniu wyniku, \u017ce GKS wygra\u0142 3:0, wszyscy odetchn\u0119li. <strong>Stomil utrzyma\u0142 si\u0119<\/strong> i wyprzedzi\u0142 przy tej samej liczbie punkt\u00f3w swojego rywala, tylko r\u00f3\u017cnic\u0105 goli.<\/p>\n<p>Trener Kaczmarek rozgoryczony i zdenerwowany ko\u0144c\u00f3wk\u0105 ze znamionami horroru nie przed\u0142u\u017cy\u0142 kontraktu ze Stomilem. Latem 1995 roku w wyniku konflikt\u00f3w Stomil opu\u015bcili wszyscy pi\u0142karze, kt\u00f3rych w\u0142a\u015bcicielem karty zawodniczych by\u0142 wiceprezes klubu Piotr Wieczorek. Ze Stomilu wraz z Wieczorkiem i trenerem \u0141obockim odeszli do Jezioraka Jurkowski, Zaj\u0105czkowski, Jackiewicz, Baca, Talik i R\u00f3g<\/p>\n<p><img loading=\"lazy\" decoding=\"async\" class=\"aligncenter wp-image-43710 size-full\" src=\"https:\/\/wmzpn.pl\/wp-content\/uploads\/2024\/12\/9-1.jpg\" alt=\"\" width=\"1136\" height=\"882\" srcset=\"https:\/\/wmzpn.pl\/wp-content\/uploads\/2024\/12\/9-1.jpg 1136w, https:\/\/wmzpn.pl\/wp-content\/uploads\/2024\/12\/9-1-300x233.jpg 300w, https:\/\/wmzpn.pl\/wp-content\/uploads\/2024\/12\/9-1-1024x795.jpg 1024w, https:\/\/wmzpn.pl\/wp-content\/uploads\/2024\/12\/9-1-768x596.jpg 768w, https:\/\/wmzpn.pl\/wp-content\/uploads\/2024\/12\/9-1-696x540.jpg 696w, https:\/\/wmzpn.pl\/wp-content\/uploads\/2024\/12\/9-1-1068x829.jpg 1068w, https:\/\/wmzpn.pl\/wp-content\/uploads\/2024\/12\/9-1-541x420.jpg 541w\" sizes=\"auto, (max-width: 1136px) 100vw, 1136px\" \/><\/p>\n<p><strong>J\u00f3zef \u0141obocki w Jezioraku I\u0142awa <\/strong><\/p>\n<p>Jeziorak w sezonie 1994\/95 zaj\u0105\u0142 2 miejsce w trzeciej lidze i w wyniku wycofania si\u0119 zespo\u0142u z Piaseczna rozegra\u0142 i wygra\u0142 5:1 bara\u017c z Radomiakiem Radom i awansowa\u0142 do drugiej ligi. Ku zaskoczeniu najwi\u0119kszych optymist\u00f3w w rundzie jesiennej sezonu 1995\/96 Jeziorak wzmocniony zawodnikami Piotra Wieczorka odni\u00f3s\u0142 11 zwyci\u0119stw, 3 mecze zremisowa\u0142 i 3 przegra\u0142. W szkoleniu J\u00f3zef \u0141obocki dobrze wsp\u00f3\u0142pracowa\u0142 z lepiej znaj\u0105cym zawodnik\u00f3w Jezioraka trenerem Andrzejem Bedr\u0105. Zacz\u0119to marzy\u0107 o awansie do pierwszej ligi. Wiosna by\u0142a troch\u0119 gorsza, <strong>ale czwarte miejsce na zako\u0144czenie rozgrywek by\u0142o doskona\u0142e.<\/strong> Jeziorak zosta\u0142 tylko wyprzedzony przez zespo\u0142y Polonii Warszawa, Wis\u0142y Krak\u00f3w i Petrochemii P\u0142ock. W drugim sezonie gry Jezioraka w drugiej lidze, po odej\u015bciu Dylusia, Jurkowskiego, Jackiewicza, Zaj\u0105czkowskiego, Bacy, Ki\u0142danowicza i Rudzi\u0144skiego oraz wypo\u017cyczeniu do Be\u0142chatowa Talika, Jeziorek trener\u00f3w \u0141obockiego i Bedry zaj\u0105\u0142 w rozgrywkach 8 miejsce i utrzyma\u0142 si\u0119 w II lidze. \u0141obocki stwierdzi\u0142, \u017ce zesp\u00f3\u0142 stworzony z \u0142apanki i uzupe\u0142niony m\u0142odzie\u017c\u0105 z I\u0142awy nie m\u00f3g\u0142 osi\u0105gn\u0105\u0107 wi\u0119cej i po tym sezonie opu\u015bci\u0142 I\u0142aw\u0119.<\/p>\n<p><img loading=\"lazy\" decoding=\"async\" class=\"aligncenter wp-image-43676 size-large\" src=\"https:\/\/wmzpn.pl\/wp-content\/uploads\/2024\/12\/10-1-711x1024.jpg\" alt=\"\" width=\"640\" height=\"922\" srcset=\"https:\/\/wmzpn.pl\/wp-content\/uploads\/2024\/12\/10-1-711x1024.jpg 711w, https:\/\/wmzpn.pl\/wp-content\/uploads\/2024\/12\/10-1-208x300.jpg 208w, https:\/\/wmzpn.pl\/wp-content\/uploads\/2024\/12\/10-1-768x1106.jpg 768w, https:\/\/wmzpn.pl\/wp-content\/uploads\/2024\/12\/10-1-696x1002.jpg 696w, https:\/\/wmzpn.pl\/wp-content\/uploads\/2024\/12\/10-1-292x420.jpg 292w, https:\/\/wmzpn.pl\/wp-content\/uploads\/2024\/12\/10-1.jpg 964w\" sizes=\"auto, (max-width: 640px) 100vw, 640px\" \/><\/p>\n<p><strong>J\u00f3zef \u0141obocki w Granicy K\u0119trzyn <\/strong><\/p>\n<p>W sezonie 1997\/98 KKS Granica K\u0119trzyn zaj\u0119\u0142a drugie miejsce w IV lidze mazursko- warszawskiej. Trenerem by\u0142 Pawe\u0142 Grygonis. Wynik ten zdopingowa\u0142 prezesa klubu i jednocze\u015bnie burmistrza K\u0119trzyna Krzysztofa Hetmana do wzmocnienia zespo\u0142u i dalsz\u0105 walk\u0119 o trzeci\u0105 lig\u0119. Do K\u0119trzyna zosta\u0142 zaproszony trener \u0141obocki, kt\u00f3ry swoim autorytetem pom\u00f3g\u0142 w wzmocnieniu zespo\u0142u zawodnikami, z kt\u00f3rymi wcze\u015bniej pracowa\u0142 jako trener. <strong>Granica w sezonie 1998\/99 wygra\u0142a rozgrywki i awansowa\u0142a do trzeciej ligi<\/strong>, wyprzedzaj\u0105c Legionowie i Jagielloni\u0119 Bia\u0142ystok.<\/p>\n<p><img loading=\"lazy\" decoding=\"async\" class=\"aligncenter wp-image-43680 size-full\" src=\"https:\/\/wmzpn.pl\/wp-content\/uploads\/2024\/12\/SCN_20241209_121054.jpg\" alt=\"\" width=\"1548\" height=\"1710\" srcset=\"https:\/\/wmzpn.pl\/wp-content\/uploads\/2024\/12\/SCN_20241209_121054.jpg 1548w, https:\/\/wmzpn.pl\/wp-content\/uploads\/2024\/12\/SCN_20241209_121054-272x300.jpg 272w, https:\/\/wmzpn.pl\/wp-content\/uploads\/2024\/12\/SCN_20241209_121054-927x1024.jpg 927w, https:\/\/wmzpn.pl\/wp-content\/uploads\/2024\/12\/SCN_20241209_121054-768x848.jpg 768w, https:\/\/wmzpn.pl\/wp-content\/uploads\/2024\/12\/SCN_20241209_121054-1390x1536.jpg 1390w, https:\/\/wmzpn.pl\/wp-content\/uploads\/2024\/12\/SCN_20241209_121054-696x769.jpg 696w, https:\/\/wmzpn.pl\/wp-content\/uploads\/2024\/12\/SCN_20241209_121054-1068x1180.jpg 1068w, https:\/\/wmzpn.pl\/wp-content\/uploads\/2024\/12\/SCN_20241209_121054-380x420.jpg 380w\" sizes=\"auto, (max-width: 1548px) 100vw, 1548px\" \/><\/p>\n<p><img loading=\"lazy\" decoding=\"async\" class=\"aligncenter wp-image-43679 size-full\" src=\"https:\/\/wmzpn.pl\/wp-content\/uploads\/2024\/12\/SCN_20241209_120938.jpg\" alt=\"\" width=\"2104\" height=\"967\" srcset=\"https:\/\/wmzpn.pl\/wp-content\/uploads\/2024\/12\/SCN_20241209_120938.jpg 2104w, https:\/\/wmzpn.pl\/wp-content\/uploads\/2024\/12\/SCN_20241209_120938-300x138.jpg 300w, https:\/\/wmzpn.pl\/wp-content\/uploads\/2024\/12\/SCN_20241209_120938-1024x471.jpg 1024w, https:\/\/wmzpn.pl\/wp-content\/uploads\/2024\/12\/SCN_20241209_120938-768x353.jpg 768w, https:\/\/wmzpn.pl\/wp-content\/uploads\/2024\/12\/SCN_20241209_120938-1536x706.jpg 1536w, https:\/\/wmzpn.pl\/wp-content\/uploads\/2024\/12\/SCN_20241209_120938-2048x941.jpg 2048w, https:\/\/wmzpn.pl\/wp-content\/uploads\/2024\/12\/SCN_20241209_120938-696x320.jpg 696w, https:\/\/wmzpn.pl\/wp-content\/uploads\/2024\/12\/SCN_20241209_120938-1068x491.jpg 1068w, https:\/\/wmzpn.pl\/wp-content\/uploads\/2024\/12\/SCN_20241209_120938-914x420.jpg 914w\" sizes=\"auto, (max-width: 2104px) 100vw, 2104px\" \/><\/p>\n<p>W sezonie 1999\/2000 klub z K\u0119trzyna zaj\u0105\u0142 15 miejsce w silnej trzeciej lidze i utrzyma\u0142 si\u0119 w tych rozgrywkach. W Pucharze Polski Granica wygra\u0142a rozgrywki wojew\u00f3dzkie, a w rundzie wst\u0119pnej przegra\u0142a w K\u0119trzynie z M\u0142aw\u0105 0:2. J\u00f3zef \u0141obocki powr\u00f3ci\u0142 do Olsztyna do pierwszoligowego Stomilu. Okres lat 1997-2001 by\u0142 chyba najlepszym w historii Granicy. Niestety w sezonie 2000\/2001 zaj\u0119\u0142a 18 miejsce i opu\u015bci\u0142a szeregi III ligi<\/p>\n<p><strong>J\u00f3zef \u0141obocki pierwszym trenerem Stomilu <\/strong><\/p>\n<p>W sezonie 1999\/2000 trenerem Stomilu zosta\u0142 kolejny raz Bogus\u0142aw Kaczmarek. Dru\u017cyna zako\u0144czy\u0142a rozgrywki na 8 miejscu. Ko\u0144cowym akordem by\u0142a s\u0142ynna akcja na lotnisku Ok\u0119cie, gdzie zawodnicy wsp\u00f3lnie z trenerem przej\u0119li kwot\u0119 transferow\u0105 za bramkarza Ma\u0142kowskiego i podzielili pomi\u0119dzy siebie za op\u00f3\u017anione pobory.<\/p>\n<p>W sezonie 2000\/2001 w pierwszej jedenastce zosta\u0142o tylko czterech Andrzej Biedrzycki, S\u0142awomir Matuk, Artur Januszewski i Pawe\u0142 Holc. Wida\u0107 by\u0142o, \u017ce klub traci swoj\u0105 renom\u0119 z powodu niewydolno\u015bci finansowej. Trenerem zosta\u0142 kolejny raz Pawe\u0142 Dawidczy\u0144ski. Prowadzi\u0142 zesp\u00f3\u0142 w pierwszych 10 kolejkach. \u0141obocki by\u0142 trenerem koordynatorem. Dru\u017cyna zdoby\u0142a 13 punkt\u00f3w. O zwolnieniu Dawidczy\u0144skiego przes\u0105dzi\u0142y pora\u017cki: 0:3 z Wis\u0142\u0105 w Olsztynie, 1:3 z Legi\u0105 w Warszawie, 1:3 z Zag\u0142\u0119biem w Olsztynie.<\/p>\n<p><img loading=\"lazy\" decoding=\"async\" class=\"aligncenter wp-image-43678 size-large\" src=\"https:\/\/wmzpn.pl\/wp-content\/uploads\/2024\/12\/11-1-812x1024.jpg\" alt=\"\" width=\"640\" height=\"807\" srcset=\"https:\/\/wmzpn.pl\/wp-content\/uploads\/2024\/12\/11-1-812x1024.jpg 812w, https:\/\/wmzpn.pl\/wp-content\/uploads\/2024\/12\/11-1-238x300.jpg 238w, https:\/\/wmzpn.pl\/wp-content\/uploads\/2024\/12\/11-1-768x968.jpg 768w, https:\/\/wmzpn.pl\/wp-content\/uploads\/2024\/12\/11-1-696x877.jpg 696w, https:\/\/wmzpn.pl\/wp-content\/uploads\/2024\/12\/11-1-1068x1346.jpg 1068w, https:\/\/wmzpn.pl\/wp-content\/uploads\/2024\/12\/11-1-333x420.jpg 333w, https:\/\/wmzpn.pl\/wp-content\/uploads\/2024\/12\/11-1.jpg 1070w\" sizes=\"auto, (max-width: 640px) 100vw, 640px\" \/><\/p>\n<p><strong>21 pa\u017adziernika 2000 roku trenerem zosta\u0142 J\u00f3zef \u0141obocki<\/strong>. Zadebiutowa\u0142 w zremisowanym meczu 0:0 w Radzionkowie z Ruchem. Nast\u0119pne dwa spotkania z Dyskoboli\u0105 w Olsztynie i Widzewem \u0141\u00f3d\u017a r\u00f3wnie\u017c zako\u0144czy\u0142y si\u0119 remisami. P\u00f3\u017aniej przysz\u0142o zwyci\u0119stwo w Olsztynie z G\u00f3rnikiem Zabrze 1:0, natomiast przegrane zosta\u0142y dwa ostatnie mecze rundy jesiennej; w Szczecinie 0:1 z Pogoni\u0105 i w Olsztynie 1:2 z Odr\u0105 Wodzis\u0142aw. Stomil zako\u0144czy\u0142 rund\u0119 na 7 pozycji z 19 punktami. Wiosn\u0105 okaza\u0142o si\u0119, \u017ce dru\u017cyna jest \u017ale przygotowana do sezonu. Pora\u017cka z Odr\u0105 Wodzis\u0142aw na wyje\u017adzie 1:2, nast\u0119pnie wygrana 2:1 z Amic\u0105 w Olsztynie i pora\u017cka ze \u015al\u0105skiem Wroc\u0142aw 1:2 w Olsztynie.<\/p>\n<p><img loading=\"lazy\" decoding=\"async\" class=\"aligncenter wp-image-43677 size-full\" src=\"https:\/\/wmzpn.pl\/wp-content\/uploads\/2024\/12\/4-1.jpg\" alt=\"\" width=\"1488\" height=\"1034\" srcset=\"https:\/\/wmzpn.pl\/wp-content\/uploads\/2024\/12\/4-1.jpg 1488w, https:\/\/wmzpn.pl\/wp-content\/uploads\/2024\/12\/4-1-300x208.jpg 300w, https:\/\/wmzpn.pl\/wp-content\/uploads\/2024\/12\/4-1-1024x712.jpg 1024w, https:\/\/wmzpn.pl\/wp-content\/uploads\/2024\/12\/4-1-768x534.jpg 768w, https:\/\/wmzpn.pl\/wp-content\/uploads\/2024\/12\/4-1-100x70.jpg 100w, https:\/\/wmzpn.pl\/wp-content\/uploads\/2024\/12\/4-1-218x150.jpg 218w, https:\/\/wmzpn.pl\/wp-content\/uploads\/2024\/12\/4-1-696x484.jpg 696w, https:\/\/wmzpn.pl\/wp-content\/uploads\/2024\/12\/4-1-1068x742.jpg 1068w, https:\/\/wmzpn.pl\/wp-content\/uploads\/2024\/12\/4-1-604x420.jpg 604w\" sizes=\"auto, (max-width: 1488px) 100vw, 1488px\" \/><\/p>\n<p>Stomil przegra\u0142 tak\u017ce w \u0107wier\u0107finale Pucharu Polski z przysz\u0142ym zwyci\u0119zc\u0105 tego trofeum Poloni\u0105 Warszawa dwa razy po 1:2. 19 kwietnia 2001 roku J\u00f3zef \u0141obocki zosta\u0142 zwolniony ze stanowiska pierwszego trenera, ale zosta\u0142 w klubie jako koordynator. Na jego na jego plus nale\u017cy zaliczy\u0107, \u017ce stawia\u0142 na m\u0142odego Krzysztofa Kowalczyka i zapomnianego troch\u0119 Kwiatkowskiego. Dru\u017cyn\u0119 przej\u0105\u0142 Mieczys\u0142aw Broniszewski, ale po pora\u017ckach w Katowicach, w Chorzowie oraz ze \u015al\u0105skiem w Olsztynie prezes Wieczorek postawi\u0142 na Zbigniewa Kie\u017cuna. Po wielkich emocjach w bara\u017cu z G\u00f3rnikiem Polkowice, po dogrywce i rzutach karnych Stomil obroni\u0142 pierwsz\u0105 lig\u0119. J\u00f3zef \u0141obocki w pierwszej lidze prowadzi\u0142 Stomil w o\u015bmiu spotkaniach &#8211; dwa zwyci\u0119stwa, dwa remisy i cztery pora\u017cki.<\/p>\n<p><img loading=\"lazy\" decoding=\"async\" class=\"aligncenter wp-image-43684 size-large\" src=\"https:\/\/wmzpn.pl\/wp-content\/uploads\/2024\/12\/13-1-663x1024.jpg\" alt=\"\" width=\"640\" height=\"988\" srcset=\"https:\/\/wmzpn.pl\/wp-content\/uploads\/2024\/12\/13-1-663x1024.jpg 663w, https:\/\/wmzpn.pl\/wp-content\/uploads\/2024\/12\/13-1-194x300.jpg 194w, https:\/\/wmzpn.pl\/wp-content\/uploads\/2024\/12\/13-1-768x1187.jpg 768w, https:\/\/wmzpn.pl\/wp-content\/uploads\/2024\/12\/13-1-696x1075.jpg 696w, https:\/\/wmzpn.pl\/wp-content\/uploads\/2024\/12\/13-1-272x420.jpg 272w, https:\/\/wmzpn.pl\/wp-content\/uploads\/2024\/12\/13-1.jpg 945w\" sizes=\"auto, (max-width: 640px) 100vw, 640px\" \/><\/p>\n<p>W latach 1970-87 na zako\u0144czenie sezonu pi\u0142karskiego odbywa\u0142y si\u0119 spotkania kadra OLZPN kontra Gazeta Olszty\u0144ska. Czytelnicy typowali zawodnik\u00f3w do udzia\u0142u w tych spotkaniach propaguj\u0105cych pi\u0142k\u0119 no\u017cn\u0105. Po kilku latach przerwy do zmienionej formy tego wydarzenia w\u0142\u0105czy\u0142 si\u0119 J\u00f3zef \u0141obocki.<\/p>\n<p><img loading=\"lazy\" decoding=\"async\" class=\"aligncenter wp-image-43687 size-full\" src=\"https:\/\/wmzpn.pl\/wp-content\/uploads\/2024\/12\/124.jpg\" alt=\"\" width=\"961\" height=\"457\" srcset=\"https:\/\/wmzpn.pl\/wp-content\/uploads\/2024\/12\/124.jpg 961w, https:\/\/wmzpn.pl\/wp-content\/uploads\/2024\/12\/124-300x143.jpg 300w, https:\/\/wmzpn.pl\/wp-content\/uploads\/2024\/12\/124-768x365.jpg 768w, https:\/\/wmzpn.pl\/wp-content\/uploads\/2024\/12\/124-696x331.jpg 696w, https:\/\/wmzpn.pl\/wp-content\/uploads\/2024\/12\/124-883x420.jpg 883w\" sizes=\"auto, (max-width: 961px) 100vw, 961px\" \/><\/p>\n<p>Uzgodniono, \u017ce impreza ta b\u0119dzie przypomina\u0142a najlepszych zawodnik\u00f3w wojew\u00f3dztwa. kt\u00f3rzy grali w kraju. a nawet za granic\u0105 &#8211; kadra kontra gwiazdy. To w\u0142a\u015bnie ta impreza obok sukcesu trenerskiego jako asystenta w awansie zespo\u0142u Stomilu do pierwszej ligi przynios\u0142a du\u017cy rozg\u0142os Ziutkowi.<\/p>\n<p>Nawi\u0105zywa\u0142 kontakty z zawodnikami, zaprasza\u0142 ich i wsp\u00f3lnie w redakcjach udzielali wywiad\u00f3w. Impreza cieszy\u0142a si\u0119 tak\u017ce du\u017cym powodzeniem w\u015br\u00f3d samorz\u0105d\u00f3w miast. Odbywa\u0142a si\u0119 w wielu miejscowo\u015bciach i cieszy\u0142a si\u0119 du\u017c\u0105 frekwencj\u0105. Pocz\u0105tkowo by\u0142a tak\u017ce memoria\u0142em zmar\u0142ego trenera Aleksandra Kupcewicza. Po \u015bmierci Ziutka by\u0142a tak\u017ce memoria\u0142em jego imienia.<\/p>\n<p><img loading=\"lazy\" decoding=\"async\" class=\"aligncenter wp-image-43683 size-large\" src=\"https:\/\/wmzpn.pl\/wp-content\/uploads\/2024\/12\/5-1-977x1024.jpg\" alt=\"\" width=\"640\" height=\"671\" srcset=\"https:\/\/wmzpn.pl\/wp-content\/uploads\/2024\/12\/5-1-977x1024.jpg 977w, https:\/\/wmzpn.pl\/wp-content\/uploads\/2024\/12\/5-1-286x300.jpg 286w, https:\/\/wmzpn.pl\/wp-content\/uploads\/2024\/12\/5-1-768x805.jpg 768w, https:\/\/wmzpn.pl\/wp-content\/uploads\/2024\/12\/5-1-696x729.jpg 696w, https:\/\/wmzpn.pl\/wp-content\/uploads\/2024\/12\/5-1-1068x1119.jpg 1068w, https:\/\/wmzpn.pl\/wp-content\/uploads\/2024\/12\/5-1-401x420.jpg 401w, https:\/\/wmzpn.pl\/wp-content\/uploads\/2024\/12\/5-1.jpg 1093w\" sizes=\"auto, (max-width: 640px) 100vw, 640px\" \/><\/p>\n<p>J\u00f3zef \u0141obocki by\u0142 bardzo towarzyski uwielbia\u0142 brylowa\u0107 na wszelkiego rodzaju spotkaniach. Dowcipny, o swoistym humorze, zyskiwa\u0142 sympati\u0119 zawodnik\u00f3w i kibic\u00f3w futbolu. Udziela\u0142 wielu wywiad\u00f3w. Czasem potrafi\u0142 tak\u017ce w fantazjowa\u0107.<\/p>\n<p><img loading=\"lazy\" decoding=\"async\" class=\"aligncenter wp-image-43689 size-large\" src=\"https:\/\/wmzpn.pl\/wp-content\/uploads\/2024\/12\/6-1-883x1024.jpg\" alt=\"\" width=\"640\" height=\"742\" srcset=\"https:\/\/wmzpn.pl\/wp-content\/uploads\/2024\/12\/6-1-883x1024.jpg 883w, https:\/\/wmzpn.pl\/wp-content\/uploads\/2024\/12\/6-1-259x300.jpg 259w, https:\/\/wmzpn.pl\/wp-content\/uploads\/2024\/12\/6-1-768x891.jpg 768w, https:\/\/wmzpn.pl\/wp-content\/uploads\/2024\/12\/6-1-696x807.jpg 696w, https:\/\/wmzpn.pl\/wp-content\/uploads\/2024\/12\/6-1-362x420.jpg 362w, https:\/\/wmzpn.pl\/wp-content\/uploads\/2024\/12\/6-1.jpg 1021w\" sizes=\"auto, (max-width: 640px) 100vw, 640px\" \/><\/p>\n<p>By\u0142 chyba jednym z prekursor\u00f3w morsowania. Uzdolniony tanecznie brylowa\u0142 na parkietach podczas bal\u00f3w sportu. Zawsze trzyma\u0142 stron\u0119 pi\u0142karzy, co nie podoba\u0142o si\u0119 decydentom. Po spadku Stomilu z pierwszej ligi w sezonie 2001\/2002, a nast\u0119pnie z drugiej ligi w sezonie 2002-2003 MOKS Stomil Olsztyn og\u0142osi\u0142 bankructwo i rozwi\u0105za\u0142 si\u0119. J\u00f3zef \u0141obocki do ko\u0144ca w roli wiceprezesa walczy\u0142 o jego utrzymanie. W sezonie 2003\/2004 powo\u0142any zosta\u0142 nawet klub, kt\u00f3ry w planach mia\u0142 by\u0107 spadkobierc\u0105 \u00a0Stomilu (oczywi\u015bcie bez d\u0142ug\u00f3w). J\u00f3zef \u0141obocki by\u0142 jednym z za\u0142o\u017cycieli klubu OKP Warmia i Mazury.<\/p>\n<p>Klub ten dzi\u0119ki przychylno\u015bci zarz\u0105du Warmi\u0144sko-Mazurskiego Zwi\u0105zku Pi\u0142ki No\u017cnej zosta\u0142 przyj\u0119ty do IV ligi. Ziutek \u0141obocki by\u0142 tam zatrudniony jako kierownik zespo\u0142u. W trakcie zgrupowania przezi\u0119bi\u0142 si\u0119 i po powrocie diagnozowano u niego zapalenie p\u0142uc. Przyj\u0119ty do szpitala by\u0142 odwiedzany przez koleg\u00f3w. Prawdopodobnie wda\u0142a si\u0119 sepsa i niespodziewanie 31 marca 2004 roku zmar\u0142. Wyr\u00f3\u017cniony by\u0142 srebrn\u0105 i z\u0142ot\u0105 odznak\u0105 PZPN. Oraz w 1995 roku srebrnym medalem za zas\u0142ugi dla pi\u0142karstwa polskiego.<\/p>\n<p><img loading=\"lazy\" decoding=\"async\" class=\"aligncenter wp-image-43681 size-full\" src=\"https:\/\/wmzpn.pl\/wp-content\/uploads\/2024\/12\/8.jpg\" alt=\"\" width=\"1302\" height=\"952\" srcset=\"https:\/\/wmzpn.pl\/wp-content\/uploads\/2024\/12\/8.jpg 1302w, https:\/\/wmzpn.pl\/wp-content\/uploads\/2024\/12\/8-300x219.jpg 300w, https:\/\/wmzpn.pl\/wp-content\/uploads\/2024\/12\/8-1024x749.jpg 1024w, https:\/\/wmzpn.pl\/wp-content\/uploads\/2024\/12\/8-768x562.jpg 768w, https:\/\/wmzpn.pl\/wp-content\/uploads\/2024\/12\/8-696x509.jpg 696w, https:\/\/wmzpn.pl\/wp-content\/uploads\/2024\/12\/8-1068x781.jpg 1068w, https:\/\/wmzpn.pl\/wp-content\/uploads\/2024\/12\/8-574x420.jpg 574w\" sizes=\"auto, (max-width: 1302px) 100vw, 1302px\" \/><\/p>\n<p>Podczas pogrzebu po\u017cegnali J\u00f3zefa \u0141obockiego wychowankowie trenerzy dzia\u0142acze sportowi oraz liczna grupa sympatyk\u00f3w futbolu. Spoczywa na Alei zas\u0142u\u017conych na cmentarzu komunalnym w Olsztynie przy ul Poprzecznej. Podczas imienin J\u00f3zefa, w dniu \u015bmierci i \u015bwi\u0105t, na grobie Ziutka pal\u0105 si\u0119 liczne znicze.<\/p>\n<p><img loading=\"lazy\" decoding=\"async\" class=\"aligncenter wp-image-43682 size-large\" src=\"https:\/\/wmzpn.pl\/wp-content\/uploads\/2024\/12\/1-769x1024.jpg\" alt=\"\" width=\"640\" height=\"852\" srcset=\"https:\/\/wmzpn.pl\/wp-content\/uploads\/2024\/12\/1-769x1024.jpg 769w, https:\/\/wmzpn.pl\/wp-content\/uploads\/2024\/12\/1-225x300.jpg 225w, https:\/\/wmzpn.pl\/wp-content\/uploads\/2024\/12\/1-768x1023.jpg 768w, https:\/\/wmzpn.pl\/wp-content\/uploads\/2024\/12\/1-1153x1536.jpg 1153w, https:\/\/wmzpn.pl\/wp-content\/uploads\/2024\/12\/1-696x927.jpg 696w, https:\/\/wmzpn.pl\/wp-content\/uploads\/2024\/12\/1-1068x1422.jpg 1068w, https:\/\/wmzpn.pl\/wp-content\/uploads\/2024\/12\/1-315x420.jpg 315w, https:\/\/wmzpn.pl\/wp-content\/uploads\/2024\/12\/1.jpg 1302w\" sizes=\"auto, (max-width: 640px) 100vw, 640px\" \/><\/p>\n","protected":false},"excerpt":{"rendered":"<p>J\u00f3zef \u0141obocki urodzony 10 stycznia 1946 roku w Olsztynku &#8211; zmar\u0142 31 marca 2004 roku w Olsztynie. Do 1959 roku J\u00f3zef mieszka\u0142 wraz z rodzin\u0105 w Olsztynku, miasteczku odleg\u0142ym o 27 km od Olsztyna. Po przeprowadzce do Olsztyna, jak wi\u0119kszo\u015b\u0107 ch\u0142opc\u00f3w w tych czasach po zaj\u0119ciach w szkole zacz\u0105\u0142 interesowa\u0107 si\u0119 sportem. By\u0142 wysportowany i [&hellip;]<\/p>\n","protected":false},"author":11,"featured_media":43690,"comment_status":"open","ping_status":"open","sticky":false,"template":"","format":"standard","meta":{"footnotes":""},"categories":[12,288],"tags":[],"class_list":["post-43669","post","type-post","status-publish","format-standard","has-post-thumbnail","hentry","category-aktualnosci","category-kacik-historyczny-wojciecha-linowa"],"_links":{"self":[{"href":"https:\/\/wmzpn.pl\/index.php?rest_route=\/wp\/v2\/posts\/43669","targetHints":{"allow":["GET"]}}],"collection":[{"href":"https:\/\/wmzpn.pl\/index.php?rest_route=\/wp\/v2\/posts"}],"about":[{"href":"https:\/\/wmzpn.pl\/index.php?rest_route=\/wp\/v2\/types\/post"}],"author":[{"embeddable":true,"href":"https:\/\/wmzpn.pl\/index.php?rest_route=\/wp\/v2\/users\/11"}],"replies":[{"embeddable":true,"href":"https:\/\/wmzpn.pl\/index.php?rest_route=%2Fwp%2Fv2%2Fcomments&post=43669"}],"version-history":[{"count":11,"href":"https:\/\/wmzpn.pl\/index.php?rest_route=\/wp\/v2\/posts\/43669\/revisions"}],"predecessor-version":[{"id":43711,"href":"https:\/\/wmzpn.pl\/index.php?rest_route=\/wp\/v2\/posts\/43669\/revisions\/43711"}],"wp:featuredmedia":[{"embeddable":true,"href":"https:\/\/wmzpn.pl\/index.php?rest_route=\/wp\/v2\/media\/43690"}],"wp:attachment":[{"href":"https:\/\/wmzpn.pl\/index.php?rest_route=%2Fwp%2Fv2%2Fmedia&parent=43669"}],"wp:term":[{"taxonomy":"category","embeddable":true,"href":"https:\/\/wmzpn.pl\/index.php?rest_route=%2Fwp%2Fv2%2Fcategories&post=43669"},{"taxonomy":"post_tag","embeddable":true,"href":"https:\/\/wmzpn.pl\/index.php?rest_route=%2Fwp%2Fv2%2Ftags&post=43669"}],"curies":[{"name":"wp","href":"https:\/\/api.w.org\/{rel}","templated":true}]}}