{"id":43225,"date":"2024-11-12T07:20:17","date_gmt":"2024-11-12T07:20:17","guid":{"rendered":"https:\/\/wmzpn.pl\/?p=43225"},"modified":"2024-12-20T10:34:50","modified_gmt":"2024-12-20T10:34:50","slug":"kacik-historyczny-wojciecha-linowa-tomasz-zahorski","status":"publish","type":"post","link":"https:\/\/wmzpn.pl\/?p=43225","title":{"rendered":"K\u0105cik historyczny Wojciecha Linowa &#8211; Tomasz Zahorski"},"content":{"rendered":"<p><strong><img loading=\"lazy\" decoding=\"async\" class=\"alignnone size-full wp-image-43232\" src=\"https:\/\/wmzpn.pl\/wp-content\/uploads\/2024\/11\/5.jpg\" alt=\"\" width=\"200\" height=\"300\" \/>\u00a0Tomasz Zahorski urodzony 22 listopada 1984 roku w Olsztynie.<\/strong><\/p>\n<p>Wychowywa\u0142 si\u0119 w Barczewie, mie\u015bcie oddalonym o 18 km od Olsztyna. Geny pi\u0142karskie odziedziczy\u0142 od ojca Jerzego, kt\u00f3ry by\u0142 zawodnikiem Stomilu w latach 70 i 80, a tak\u017ce zawodnikiem Pisy Barczewo. O pierwszych krokach Tomka w futbolu, mo\u017cna dowiedzie\u0107 si\u0119 szczeg\u00f3\u0142owo z cyklu WMZPN\u00a0 \u201eTu Zaczyna\u0142em\u201d.<\/p>\n<p><img loading=\"lazy\" decoding=\"async\" class=\"aligncenter wp-image-43226 size-full\" src=\"https:\/\/wmzpn.pl\/wp-content\/uploads\/2024\/11\/4.jpg\" alt=\"\" width=\"1200\" height=\"675\" srcset=\"https:\/\/wmzpn.pl\/wp-content\/uploads\/2024\/11\/4.jpg 1200w, https:\/\/wmzpn.pl\/wp-content\/uploads\/2024\/11\/4-300x169.jpg 300w, https:\/\/wmzpn.pl\/wp-content\/uploads\/2024\/11\/4-1024x576.jpg 1024w, https:\/\/wmzpn.pl\/wp-content\/uploads\/2024\/11\/4-768x432.jpg 768w, https:\/\/wmzpn.pl\/wp-content\/uploads\/2024\/11\/4-696x392.jpg 696w, https:\/\/wmzpn.pl\/wp-content\/uploads\/2024\/11\/4-1068x601.jpg 1068w, https:\/\/wmzpn.pl\/wp-content\/uploads\/2024\/11\/4-747x420.jpg 747w\" sizes=\"auto, (max-width: 1200px) 100vw, 1200px\" \/><\/p>\n<p>Tomek pierwsze treningi rozpocz\u0105\u0142 w klubie Pisa Barczewo, gdzie trenerem by\u0142 jego ojciec. Gra\u0142 tam w zespo\u0142ach m\u0142odzie\u017cowych do czasu zako\u0144czenia szko\u0142y podstawowej. Po rozpocz\u0119ciu nauki w szkole \u015bredniej w Olsztynie, ojciec zaprowadzi\u0142 go do Stomilu Olsztyn.<\/p>\n<p>Pierwszymi trenerami byli Czes\u0142aw \u017bukowski i Waldemar Z\u0105becki. Musia\u0142 \u0142\u0105czy\u0107 nauk\u0119 i treningi w klubie doje\u017cd\u017caj\u0105c z Barczewa. By\u0142 bardzo zdyscyplinowany i uczestniczy\u0142 w ka\u017cdym treningu. Nale\u017ca\u0142 do zawodnik\u00f3w p\u00f3\u017aniej dojrzewaj\u0105cych. Jak sam wspomina dopiero w wieku 16 i 17 lat nadrobi\u0142 niedostatki wzrostu i przer\u00f3s\u0142 nawet swoich koleg\u00f3w z boiska.<\/p>\n<p>Gra\u0142 w zespo\u0142ach m\u0142odzie\u017cowych Stomilu i uczestniczy\u0142 w mi\u0119dzywojew\u00f3dzkiej lidze junior\u00f3w. W 2003 roku ko\u0144czy\u0142 szko\u0142\u0119 \u015bredni\u0105 i jego gr\u0105 w czwartoligowym zespole zainteresowa\u0142a si\u0119 T\u0119cza Biskupiec. W dru\u017cynie tej dostawa\u0142 stypendium za treningi i gr\u0119. Na kilka miesi\u0119cy powr\u00f3ci\u0142 do Pisy, gdzie by\u0142 wyr\u00f3\u017cniaj\u0105cym si\u0119 zawodnikiem strzelaj\u0105cym du\u017co bramek. W sezonie 2004-2005 trafi\u0142 do zespo\u0142u OKS 1945 Olsztyn. <strong>Rozegra\u0142 43 spotkania i strzeli\u0142 17 goli w trzeciej lidze<\/strong>. OKS 1945 Olsztyn zaj\u0105\u0142 13 miejsce. Lig\u0119 w tym roku wygra\u0142a Drw\u0119ca Nowe Miasto Lubawskie.<\/p>\n<p>Olszty\u0144ski zesp\u00f3\u0142 dobrze spisywa\u0142 si\u0119 w rozgrywkach Puchar Polski. W rundzie wst\u0119pnej wygra\u0142 3:1 z Supra\u015blank\u0105 Supra\u015bl. W drugiej rundzie wylosowa\u0142 ekstraklasowy zesp\u00f3\u0142 Dyskobolia Grodzisk. W Olsztynie w przegranym spotkaniu 1:6, w\u0142a\u015bnie Zahorski zdoby\u0142 bramk\u0119, rewan\u017c w Grodzisku to pora\u017cka 0:6. Jak wspomina &#8211; dobra gra i bramka zdobyta z tym zespo\u0142em zwr\u00f3ci\u0142a uwag\u0119 dzia\u0142aczy Dyskoboli. Odby\u0142 testy w Grodzisku oraz rozmow\u0119 z czeskim trenerem Dusanem Radolskim i Wernerem Liczk\u0105. Prezes Alojzy Jarguz i Dyrektor klubu Zbigniew Miklas stworzyli umow\u0119 transferow\u0105, dzi\u0119ki kt\u00f3rej ponad 30% kwoty transferowej trafi\u0142o na konto pierwszego klubu Tomasza, Pisy Barczewo. Klub wykorzysta\u0142 te \u015brodki na remont p\u0142yty boiska i uzupe\u0142ni\u0141 sprz\u0119t pi\u0142karski.<\/p>\n<p>Zahorski wyjecha\u0142 do Grodziska i musia\u0142 przerwa\u0107 rozpocz\u0119te studia w Olszty\u0144skiej Szkole Wy\u017cszej. W klubie Dyskobolia by\u0142y doskona\u0142e warunki do treningu i rozwoju, a Tomasz to wykorzysta\u0142. <strong>W sezonie 2005\/06 rozegra\u0142 9 spotka\u0144 w ekstraklasie, w kt\u00f3rych strzeli\u0142 dwie bramki<\/strong>. Trafia\u0142 w starciu przegranym 1:2 z Wis\u0142\u0105 Krak\u00f3w i wygranym 3:1 z GKS-em Be\u0142chat\u00f3w. <strong>17 maja 2006 roku zosta\u0142 powo\u0142any przez trenera Andrzeja Zamilskiego do kadry U20. Natomiast w kadrze U21 rozegra\u0142 dwa spotkania.<\/strong><\/p>\n<p>W sezonie 2006\/07 jesieni\u0105 rozegra\u0142 8 spotka\u0144 w ekstraklasie. Gra\u0142 tak\u017ce w rozgrywkach Pucharu Polski i Pucharu Ligi. W 1\/16 Fina\u0142u ze Zniczem Pruszk\u00f3w zdoby\u0142 jedn\u0105 bramk\u0119, a w 1\/8 fina\u0142u w meczu przeciwko G\u00f3rnikowi Polkowice zdoby\u0142 dwie bramki.<strong> Tym samym przyczyni\u0142 si\u0119 do zdobycia Pucharu Polski <\/strong>&#8211; 1 maja 2007 roku Dyskobolia wygra\u0142a 2:0 z Koron\u0105 Kielce. <strong>W Pucharze Ligi gra\u0142 jesieni\u0105 i zdoby\u0142 ten puchar, wygrywaj\u0105c fina\u0142 z GKS-em Be\u0142chat\u00f3w 1:0. <\/strong><\/p>\n<p>Wiosn\u0105 2007 roku w wyniku zmian trenerskich w Dyskoboli, wypo\u017cyczony zosta\u0142 do ekstraklasowego zespo\u0142u G\u00f3rnik \u0141\u0119czna. <strong>W klubie z Lubelszczyzny zagra\u0142 13 spotka\u0144 i zdoby\u0142 cztery bramki<\/strong>. Strzela\u0142 w meczach przeciwko w Wi\u015ble P\u0142ock, Pogoni Szczecin, Legii Warszawa i Zag\u0142\u0119biu Lubin. W G\u00f3rniku \u0141\u0119czna gra\u0142 w tym czasie tak\u017ce Tomasz Lisowski i Przemys\u0142aw Kulik.<\/p>\n<p>Dobra gra w lidze, a tak\u017ce powo\u0142ania do kadry m\u0142odzie\u017cowych zwr\u00f3ci\u0142y zainteresowanie dw\u00f3ch klub\u00f3w, kt\u00f3re chcia\u0142y pozyska\u0107 Zahorskiego. Zbigniew Boniek dzia\u0142aj\u0105cy wtedy w Widzewie \u0141\u00f3d\u017a chcia\u0142 by przeszed\u0142 do tego klubu. Zainteresowany by\u0142 tak\u017ce G\u00f3rnik Zabrze<strong>. Tomasz zdecydowa\u0142 si\u0119 gra\u0107 w G\u00f3rniku<\/strong>, gdy\u017c o przyj\u015bcie do Zabrza nalega\u0142 trener Ryszard Wieczorek.<\/p>\n<p><strong>W swoim pierwszym sezonie w G\u00f3rniku Zabrze 2007\/08 zagra\u0142 30 spotka\u0144 i zdoby\u0142 a\u017c 10 goli. <\/strong>To by\u0142 najlepszy sezon w jego karierze. Dosy\u0107 d\u0142ugo przyzwyczaja\u0142 si\u0119 do gry zespo\u0142u. Pierwszego gola zdoby\u0142 dopiero w 11 kolejce rozgrywek. G\u00f3rnik Zabrze zako\u0144czy\u0142 rozgrywki na 8 miejscu. <strong>W kolejnym sezonie rozegra\u0142 21 spotka\u0144 i zdoby\u0142 jedn\u0105 bramk\u0119.<\/strong> Trafi\u0142 w 10 kolejce w meczu przeciwko \u0141KS-owi \u0141\u00f3d\u017a, wygranym 2:0. Graj\u0105c w drugiej lidze w sezonie 2009-2010 rozegra\u0142 21 spotka\u0144 i zdoby\u0142 jedn\u0105 bramk\u0119, w meczu przegranym z Sandecj\u0105 Nowy S\u0105cz 1:2. G\u00f3rnik zaj\u0105\u0142 drugie miejsce i awansowa\u0142 do ekstraklasy.<\/p>\n<p>W sezonie 2010\/11 w ekstraklasie Tomasz Zahorski <strong>zagra\u0142 w 29 meczach i zdoby\u0142 cztery gole<\/strong>. Trafia\u0142 w spotkaniach przeciwko Zag\u0142\u0119biu Lubin, Cracovii Krak\u00f3w, Korony Kielce i GKS-u Be\u0142chat\u00f3w. G\u00f3rnik ko\u0144czy\u0142 rozgrywki na sz\u00f3stym miejscu. W sezonie 2011\/2012 w G\u00f3rniku Zabrze rozegra\u0142 15 spotka\u0144 i strzeli\u0142 trzy bramki przeciwko Legii, Podbeskidziu i Zag\u0142\u0119bie Lubin. <strong>W styczniu 2012 roku podpisa\u0142 kontrakt z drugoligowym klubem MFV 02 Duisburg.<\/strong> Zagra\u0142 w czterech spotkaniach. Jak sam przyzna\u0142 ta liga wymaga\u0142a ogromnego wysi\u0142ku fizycznego. W Duisburgu przebywa\u0142 tylko p\u00f3\u0142 roku. Jesie\u0144 2012 sp\u0119dzi\u0142 w Jagiellonii Bia\u0142ystok i rozegra\u0142 tam cztery mecze w ekstraklasie.<\/p>\n<p>W wieku 28 lat, 26 stycznia 2013 roku podpisa\u0142 p\u00f3\u0142roczny kontrakt z G\u00f3rnikiem Zabrze i trenowa\u0142 pod okiem Adama Nawa\u0142ki. Wiosn\u0105 2013 roku rozegra\u0142 w Zabrzu 8 spotka\u0144 w ekstraklasie i zdoby\u0142 bramk\u0119 przeciwko Piastowi Gliwice. <strong>Og\u00f3lnie w ekstraklasie rozegra\u0142 138 spotka\u0144 i zdoby\u0142 25 bramek<\/strong>.<\/p>\n<p><strong>Latem 2013 roku wylecia\u0142 do Stan\u00f3w Zjednoczonych i podpisa\u0142 kontrakt z klubem San Antonio Scorpions. W latach 2013-2014 rozegra\u0142 w lidze NASL, 33 spotkania, w kt\u00f3rych zdoby\u0142 15 bramek.<\/strong> W 2015 roku w klubie Charlotte Indepediente rozegra\u0142 <strong>17 spotka\u0144 i zdoby\u0142 trzy bramki.<\/strong> Po powrocie do Polski w 2016 roku przez p\u00f3\u0142 sezonu gra\u0142 w pierwszoligowym GKS Katowice &#8211;\u00a0 9 mecz\u00f3w.<\/p>\n<p>W Stomilu Olsztyn w sezonie 2016\/17 rozegra\u0142 15 spotka\u0144 w pierwszej lidze, a trenerem by\u0142 Adam \u0141opatko. Natomiast w sezonie 2017\/18 &#8211; 11 spotka\u0144. Karier\u0119 pi\u0142karsk\u0105 zako\u0144czy\u0142 w macierzystym klubie Pisa Barczewo w 2020 roku.<\/p>\n<p><strong>Kariera trenerska: Trener z licencj\u0105 UEFA A:<\/strong><\/p>\n<p>Reprezentacja Polski U17 (asystent trenera) &#8211; 5 spotka\u0144<\/p>\n<p>Reprezentacja Polski U19 (asystent trenera) &#8211; \u00a07 spotka\u0144<\/p>\n<p>Reprezentacja Polski U18 (asystent trenera) &#8211; 3 spotkania<\/p>\n<p>Obecnie jest asystentem w reprezentacji Polski U19.<\/p>\n<p>Zona Ewa Zahorska wyst\u0119puje w programie Masterchef.<\/p>\n<p><strong>Reprezentacja Polski<\/strong><\/p>\n<p>Przedstawiam wszystkie 13 spotka\u0144, w jakich zagra\u0142 Tomasz Zahorski. Rozegra\u0142 je w czasie gdy by\u0142 zawodnikiem G\u00f3rnika Zabrze. W 2017 roku rozegra\u0142 trzy spotkania:<\/p>\n<p><strong>2 pa\u017adziernika 2007 roku<\/strong> otrzyma\u0142 od trenera Leo Beenhakkera powo\u0142anie do kadry. Debiutowa\u0142 17 pa\u017adziernika 2007 roku w \u0141odzi, na stadionie Widzewa, w spotkaniu Polska vs W\u0119gry 0:1. Na boisko wszed\u0142 w 46 minucie za \u0141ukasza Gargu\u0142\u0119 &#8211; Trenerem by\u0142 Leo Beenhakker, a wsp\u00f3\u0142pracowa\u0142 z nim Bogus\u0142aw Kaczmarek i Andrzej Dawidziuk. Tomasz Zahorski by\u0142 812 pi\u0142karzem debiutuj\u0105cym w bia\u0142o-czerwonych barwach.<\/p>\n<p><strong>21 listopada 2007 roku<\/strong> w Belgradzie w ramach eliminacji Mistrzostw Europy Serbia &#8211; Polska 2:2 Tomasz Zahorski wszed\u0142 w 20 minucie za Kamila Kosowskiego.<\/p>\n<p><strong>15 grudnia 2007 roku<\/strong> zagra\u0142 w meczu Polska vs Bo\u015bnia i Hercegowina, wygranym przez Polsk\u0119 1:0. Rozegra\u0142 wtedy ca\u0142e spotkanie. Grali r\u00f3wnie\u017c Tomasz Lisowski i Marcin Ku\u015b. Dru\u017cyna sk\u0142ada\u0142a si\u0119 z zawodnik\u00f3w graj\u0105cych w ekstraklasie.<\/p>\n<p>W 2008 roku rozegra\u0142 dziewi\u0119\u0107 spotka\u0144:<\/p>\n<p>Pierwsze by\u0142o <strong>2 lutego 2008 roku <\/strong>w meczu Polska vs Finlandia, wygranym przez Polsk\u0119 1:0 &#8211; gola strzeli\u0142 Kokoszka. Tomasz Zahorski wszed\u0142 w 46 minucie za Wojciecha \u0141obodzi\u0144skiego. <strong>6 lutego 2008<\/strong> roku Polska na Cyprze zagra\u0142a z Czechami. Wygra\u0142a ten mecz 2:0 &#8211; bramki strzelili Wojciech \u0141obodzi\u0144ski i Mariusz Lewandowski, a Tomasz wszed\u0142 na boisko za Ebiego Smolarka w 67 minucie.<\/p>\n<p><strong>27 lutego 2008 roku<\/strong> na stadionie we Wronkach Polska wygra\u0142a 2:0 z Estoni\u0105. Tomasz wszed\u0142 w 65 minucie za Marka Zie\u0144czuka i zdoby\u0142 jedn\u0105 z bramek. Podczas zgrupowania przed mistrzostwami Europy reprezentacja Polski rozegra\u0142a w Niemczech w miejscowo\u015bci Renttingiem dwa spotkania w ci\u0105gu dw\u00f3ch dni.<\/p>\n<p><strong>26 maja 2008 roku<\/strong> Polska zremisowa\u0142a z Macedonia 1:1. Gola strzeli\u0142 Rados\u0142aw Matusiak, a Tomasz Zahorski rozegra\u0142 ca\u0142e spotkanie.<\/p>\n<p><img loading=\"lazy\" decoding=\"async\" class=\"aligncenter wp-image-43227 size-full\" src=\"https:\/\/wmzpn.pl\/wp-content\/uploads\/2024\/11\/1.jpg\" alt=\"\" width=\"2474\" height=\"721\" srcset=\"https:\/\/wmzpn.pl\/wp-content\/uploads\/2024\/11\/1.jpg 2474w, https:\/\/wmzpn.pl\/wp-content\/uploads\/2024\/11\/1-300x87.jpg 300w, https:\/\/wmzpn.pl\/wp-content\/uploads\/2024\/11\/1-1024x298.jpg 1024w, https:\/\/wmzpn.pl\/wp-content\/uploads\/2024\/11\/1-768x224.jpg 768w, https:\/\/wmzpn.pl\/wp-content\/uploads\/2024\/11\/1-1536x448.jpg 1536w, https:\/\/wmzpn.pl\/wp-content\/uploads\/2024\/11\/1-2048x597.jpg 2048w, https:\/\/wmzpn.pl\/wp-content\/uploads\/2024\/11\/1-696x203.jpg 696w, https:\/\/wmzpn.pl\/wp-content\/uploads\/2024\/11\/1-1068x311.jpg 1068w, https:\/\/wmzpn.pl\/wp-content\/uploads\/2024\/11\/1-1441x420.jpg 1441w\" sizes=\"auto, (max-width: 2474px) 100vw, 2474px\" \/><\/p>\n<p><strong>27 maja 2008 roku <\/strong>Polska wygra\u0142a z Albani\u0105 1:0. Tomasz Zahorski wszed\u0142 za Macieja \u017burawskiego w 62 minucie.<\/p>\n<p><strong>1 czerwca 2008 roku<\/strong> w Chorzowie odby\u0142 si\u0119 po\u017cegnalny mecz polskiej reprezentacji przed fina\u0142ami Mistrzostw Europy w Austrii i Szwajcarii. Polska zremisowa\u0142a 1:1 z Dania, a na trybunach by\u0142o 40 000 widz\u00f3w. Bramk\u0119 strzeli\u0142 Jacek Krzyn\u00f3wek. Tomasz Zahorski gra\u0142 do 45 minuty.<\/p>\n<p><img loading=\"lazy\" decoding=\"async\" class=\"aligncenter wp-image-43228 size-full\" src=\"https:\/\/wmzpn.pl\/wp-content\/uploads\/2024\/11\/2.jpg\" alt=\"\" width=\"2430\" height=\"1012\" srcset=\"https:\/\/wmzpn.pl\/wp-content\/uploads\/2024\/11\/2.jpg 2430w, https:\/\/wmzpn.pl\/wp-content\/uploads\/2024\/11\/2-300x125.jpg 300w, https:\/\/wmzpn.pl\/wp-content\/uploads\/2024\/11\/2-1024x426.jpg 1024w, https:\/\/wmzpn.pl\/wp-content\/uploads\/2024\/11\/2-768x320.jpg 768w, https:\/\/wmzpn.pl\/wp-content\/uploads\/2024\/11\/2-1536x640.jpg 1536w, https:\/\/wmzpn.pl\/wp-content\/uploads\/2024\/11\/2-2048x853.jpg 2048w, https:\/\/wmzpn.pl\/wp-content\/uploads\/2024\/11\/2-696x290.jpg 696w, https:\/\/wmzpn.pl\/wp-content\/uploads\/2024\/11\/2-1068x445.jpg 1068w, https:\/\/wmzpn.pl\/wp-content\/uploads\/2024\/11\/2-1008x420.jpg 1008w\" sizes=\"auto, (max-width: 2430px) 100vw, 2430px\" \/><\/p>\n<p>Polska kadra na Mistrzostwach Europy w dw\u00f3ch pierwszych spotkaniach w Klagenfurcie przegra\u0142a z Niemcami 0:2 dwie bramki strzeli\u0142 Lukas Podolski, a nast\u0119pnie w drugim spotkaniu z gospodarzami z Austri\u0105 zremisowa\u0142a 1:1.<\/p>\n<p><img loading=\"lazy\" decoding=\"async\" class=\"aligncenter wp-image-43229 size-full\" src=\"https:\/\/wmzpn.pl\/wp-content\/uploads\/2024\/11\/3.jpg\" alt=\"\" width=\"2467\" height=\"1113\" srcset=\"https:\/\/wmzpn.pl\/wp-content\/uploads\/2024\/11\/3.jpg 2467w, https:\/\/wmzpn.pl\/wp-content\/uploads\/2024\/11\/3-300x135.jpg 300w, https:\/\/wmzpn.pl\/wp-content\/uploads\/2024\/11\/3-1024x462.jpg 1024w, https:\/\/wmzpn.pl\/wp-content\/uploads\/2024\/11\/3-768x346.jpg 768w, https:\/\/wmzpn.pl\/wp-content\/uploads\/2024\/11\/3-1536x693.jpg 1536w, https:\/\/wmzpn.pl\/wp-content\/uploads\/2024\/11\/3-2048x924.jpg 2048w, https:\/\/wmzpn.pl\/wp-content\/uploads\/2024\/11\/3-696x314.jpg 696w, https:\/\/wmzpn.pl\/wp-content\/uploads\/2024\/11\/3-1068x482.jpg 1068w, https:\/\/wmzpn.pl\/wp-content\/uploads\/2024\/11\/3-931x420.jpg 931w\" sizes=\"auto, (max-width: 2467px) 100vw, 2467px\" \/><\/p>\n<p>Trzecie spotkanie <strong>16 czerwca 2008 roku<\/strong> w Klagenfurcie Polska przegra\u0142a z Chorwacj\u0105 0:1. <strong>Tomasz Zahorski wszed\u0142 na boisko za Marka Saganowskiego w 70 minucie meczu<\/strong>. Po Mistrzostwach Europy Tomasz Zahorski zagra\u0142 w 2008 roku dwa spotkania. <strong>W Lwowie z Ukrain\u0105 &#8211; Polska przegra\u0142a 0:1<\/strong>, a Zahorski wszed\u0142 za Marka Saganowskiego w 70 minucie meczu. \u00a0<strong>14 grudnia w Turcji, Polska wygra\u0142a z Serbi\u0105 1:0<\/strong>, a gola strzeli\u0142 Boguski. Tomasz Zahorski wszed\u0142 za Dawida Ja\u0144czyka w 68 minucie meczu.<\/p>\n<p><strong>Ostatnie 13 spotkanie w reprezentacji Polski rozegra\u0142 7 lutego <\/strong>w Portugalii. Polska zremisowa\u0142a z Litw\u0105 1:1. Gola strzeli\u0142 Pawe\u0142 Bro\u017cek, a Zahorski zmieni\u0142 strzelca gola w 68 minucie meczu.<\/p>\n<p>* \u0179r\u00f3d\u0142o zdj\u0119\u0107 &#8211; PZPN. Bia\u0142o-Czerwoni. 1921&#8211;2018<\/p>\n<p style=\"text-align: right;\">Wojciech Linow<\/p>\n","protected":false},"excerpt":{"rendered":"<p>\u00a0Tomasz Zahorski urodzony 22 listopada 1984 roku w Olsztynie. Wychowywa\u0142 si\u0119 w Barczewie, mie\u015bcie oddalonym o 18 km od Olsztyna. Geny pi\u0142karskie odziedziczy\u0142 od ojca Jerzego, kt\u00f3ry by\u0142 zawodnikiem Stomilu w latach 70 i 80, a tak\u017ce zawodnikiem Pisy Barczewo. O pierwszych krokach Tomka w futbolu, mo\u017cna dowiedzie\u0107 si\u0119 szczeg\u00f3\u0142owo z cyklu WMZPN\u00a0 \u201eTu Zaczyna\u0142em\u201d. [&hellip;]<\/p>\n","protected":false},"author":11,"featured_media":43233,"comment_status":"open","ping_status":"open","sticky":false,"template":"","format":"standard","meta":{"footnotes":""},"categories":[12,288],"tags":[],"class_list":["post-43225","post","type-post","status-publish","format-standard","has-post-thumbnail","hentry","category-aktualnosci","category-kacik-historyczny-wojciecha-linowa"],"_links":{"self":[{"href":"https:\/\/wmzpn.pl\/index.php?rest_route=\/wp\/v2\/posts\/43225","targetHints":{"allow":["GET"]}}],"collection":[{"href":"https:\/\/wmzpn.pl\/index.php?rest_route=\/wp\/v2\/posts"}],"about":[{"href":"https:\/\/wmzpn.pl\/index.php?rest_route=\/wp\/v2\/types\/post"}],"author":[{"embeddable":true,"href":"https:\/\/wmzpn.pl\/index.php?rest_route=\/wp\/v2\/users\/11"}],"replies":[{"embeddable":true,"href":"https:\/\/wmzpn.pl\/index.php?rest_route=%2Fwp%2Fv2%2Fcomments&post=43225"}],"version-history":[{"count":7,"href":"https:\/\/wmzpn.pl\/index.php?rest_route=\/wp\/v2\/posts\/43225\/revisions"}],"predecessor-version":[{"id":43712,"href":"https:\/\/wmzpn.pl\/index.php?rest_route=\/wp\/v2\/posts\/43225\/revisions\/43712"}],"wp:featuredmedia":[{"embeddable":true,"href":"https:\/\/wmzpn.pl\/index.php?rest_route=\/wp\/v2\/media\/43233"}],"wp:attachment":[{"href":"https:\/\/wmzpn.pl\/index.php?rest_route=%2Fwp%2Fv2%2Fmedia&parent=43225"}],"wp:term":[{"taxonomy":"category","embeddable":true,"href":"https:\/\/wmzpn.pl\/index.php?rest_route=%2Fwp%2Fv2%2Fcategories&post=43225"},{"taxonomy":"post_tag","embeddable":true,"href":"https:\/\/wmzpn.pl\/index.php?rest_route=%2Fwp%2Fv2%2Ftags&post=43225"}],"curies":[{"name":"wp","href":"https:\/\/api.w.org\/{rel}","templated":true}]}}