{"id":43167,"date":"2024-11-06T07:47:21","date_gmt":"2024-11-06T07:47:21","guid":{"rendered":"https:\/\/wmzpn.pl\/?p=43167"},"modified":"2024-11-12T11:47:40","modified_gmt":"2024-11-12T11:47:40","slug":"konferencja-trenerska-wmzpn-7-8-grudnia-2024","status":"publish","type":"post","link":"https:\/\/wmzpn.pl\/?p=43167","title":{"rendered":"Konferencja trenerska WMZPN. 7-8 grudnia 2024"},"content":{"rendered":"<p>W dniach 7-8 grudnia 2024 r., w Olsztynie odb\u0119dzie si\u0119 Konferencja Trenerska organizowana przez Warmi\u0144sko-Mazurski Zwi\u0105zek Pi\u0142ki No\u017cnej.<\/p>\n<p><span style=\"background-color: #ccffcc;\"><strong>\u00a0Udzia\u0142 w konferencji jest odp\u0142atny. Pakiety uczestnictwa:\u00a0<\/strong><\/span><\/p>\n<p>JEDEN dzie\u0144 Konferencji \u2013\u00a0<strong>109,00 z\u0142<\/strong><br \/>\nDWA dni Konferencji \u2013\u00a0<strong>159,00 z\u0142<\/strong><\/p>\n<p><a href=\"https:\/\/wmzpn.pl\/wp-content\/uploads\/2024\/11\/Program-konferencji_7-8.12.2024_olsztyn_uwm.pdf\">Program konferencji<\/a><\/p>\n<p><strong>Ka\u017cdy z pakiet\u00f3w zawiera:<\/strong><\/p>\n<ul>\n<li>Udzia\u0142 w Konferencji Trenerskiej WMZPN<\/li>\n<li>Catering kawowy<\/li>\n<li>Materia\u0142y szkoleniowe<\/li>\n<li>Zestaw gad\u017cet\u00f3w WMZPN<\/li>\n<\/ul>\n<p><span style=\"background-color: #ccffcc;\"><strong>\u00a0REJESTRACJA\u00a0<\/strong><\/span><\/p>\n<p>Rejestracja na Konferencj\u0119 odbywa si\u0119 do ko\u0144ca dnia\u00a0<strong> 5 grudnia 2024 roku (do godz. 23:59)<\/strong>. Osoby, kt\u00f3re nie zarejestruj\u0105 si\u0119 do w\/w. daty nie b\u0119d\u0105 mog\u0142y wzi\u0105\u0107 udzia\u0142u w wydarzeniu.<\/p>\n<p><strong>P\u0142atno\u015b\u0107 za udzia\u0142 w konferencji nale\u017cy ui\u015bci\u0107 na konto:<\/strong><br \/>\nWarmi\u0144sko-Mazurski Zwi\u0105zek Pi\u0142ki No\u017cnej<br \/>\nal. Pi\u0142sudskiego 69A, 10-449 Olsztyn<br \/>\nNumer konta: <strong>40 8838 0005 2017 0900 0707 0001<\/strong><br \/>\nTytu\u0142 przelewu: \u201eKonferencja trenerska\u201d, data konferencji, Imi\u0119 i Nazwisko<\/p>\n<p><strong>Uwaga!<\/strong>\u00a0Aby wzi\u0105\u0107 udzia\u0142 w Konferencjach, nale\u017cy przes\u0142a\u0107 zg\u0142oszenie w formie elektronicznej poprzez platform\u0119 PZPN24, kt\u00f3ra znajduje si\u0119 na stronie\u00a0<a href=\"http:\/\/pzpn24.pzpn.pl\/\">pzpn24.pzpn.pl<\/a><\/p>\n<p>Po zalogowaniu si\u0119 na swoje konto wybieramy zak\u0142adk\u0119:\u00a0<strong>Wydarzenia<\/strong>, nast\u0119pnie wybieramy\u00a0<strong>Kursy, licencje &amp; konferencje<\/strong>. W okienku\u00a0<strong>ORGANIZACJA<\/strong>\u00a0\u2013 wybieramy\u00a0<strong>Warmi\u0144sko-Mazurski ZPN<\/strong>, w okienku\u00a0<strong>RODZAJ<\/strong>\u00a0wybieramy\u00a0<strong>Konferencje trenerskie<\/strong>. Nast\u0119pnie w\u0142\u0105czamy opcj\u0119 \u201eaplikuj\u201d.<\/p>\n<p><strong>Oba dni s\u0105 traktowane jako niezale\u017cne od siebie konferencje. Nale\u017cy osobno aplikowa\u0107 si\u0119 na sobot\u0119 i osobno na niedziel\u0119.<\/strong><\/p>\n<p>Zg\u0142oszenie b\u0119dzie zaakceptowane po zaksi\u0119gowaniu wp\u0142aty na koncie.<\/p>\n<p>Po akceptacji wniosku i po zaksi\u0119gowaniu wp\u0142aty na koncie WMZPN, status uczestnika zmieni si\u0119 na\u00a0<strong>\u201ePRZYJ\u0118TO\u201d<\/strong>.<\/p>\n<p><span style=\"background-color: #ccffcc;\"><strong>\u00a0ANULOWANIE WNIOSKU\u00a0<\/strong><\/span><\/p>\n<p>Trener\u00f3w, kt\u00f3rzy zapisali si\u0119 na konferencj\u0119, a z r\u00f3\u017cnych przyczyn nie b\u0119d\u0105 mogli wzi\u0105\u0107 udzia\u0142u, prosimy o anulowanie swojego wniosku.<\/p>\n<p>Uczestnictwo mo\u017cna anulowa\u0107 na platformie PZPN24 -&gt; Wydarzenia -&gt; Moje wnioski -&gt; Anuluj.<\/p>\n<p><span style=\"background-color: #ccffcc;\"><strong>\u00a0CERTYFIKATY\u00a0<\/strong><\/span><\/p>\n<p>Podczas ka\u017cdego dnia Konferencji Trenerskiej WMZPN zostanie przeprowadzona dwukrotna weryfikacja uczestnictwa ka\u017cdego trenera w wydarzeniu. Osoby, kt\u00f3re nie zostan\u0105 zweryfikowane nie otrzymaj\u0105 certyfikatu potwierdzaj\u0105cego uczestnictwo.<\/p>\n<p>Po odbytej konferencji (7 dni) na kontach trenerskich pojawi\u0105 si\u0119 certyfikaty. Certyfikat przyznany za ka\u017cdy dzie\u0144 konferencji jest potwierdzeniem udzia\u0142u w dokszta\u0142caniu trenerskim zgodnie z Konwencj\u0105 Trenersk\u0105 UEFA w wymiarze:<\/p>\n<ul>\n<li>Grassroots D \u2013 5 godzin<\/li>\n<li>Grassroots C \/ UEFA C \u2013 5 godzin<\/li>\n<li>UEFA B \u2013 5 godzin<\/li>\n<li>UEFA A \u2013 5 godzin<\/li>\n<li>UEFA Elite Youth A \u2013 5 godzin<\/li>\n<\/ul>\n<p><span style=\"background-color: #ccffcc;\"><strong>\u00a0MIEJSCE\u00a0<\/strong><\/span><\/p>\n<p>Konferencja odb\u0119dzie si\u0119 w <em>Auli im. Dietrich\u00f3w (1 pi\u0119tro), <\/em>na Wydziale Humanistycznym Uniwersytetu Warmi\u0144sko-Mazurskiego w Olsztynie<\/p>\n<p>Do dyspozycji uczestnik\u00f3w b\u0119dzie dost\u0119pny darmowy parking<\/p>\n<p><span style=\"background-color: #ccffcc;\"><strong>\u00a0BAZA NOCLEGOWA\u00a0<\/strong><\/span><\/p>\n<p>Dla trener\u00f3w bior\u0105cych udzia\u0142 w dw\u00f3ch dniach konferencji poni\u017cej zamieszczamy linki do bazy noclegowej w Olsztynie.<\/p>\n<ul>\n<li><strong><a href=\"https:\/\/zak.olsztyn.pl\/\">https:\/\/zak.olsztyn.pl\/<\/a><\/strong><\/li>\n<li><strong><a href=\"https:\/\/hotelepark.pl\/olsztyn\">https:\/\/hotelepark.pl\/olsztyn<\/a><\/strong><\/li>\n<li><strong><a href=\"https:\/\/www.bwplushotelolsztynoldtown.pl\/pl\/\">https:\/\/www.bwplushotelolsztynoldtown.pl\/pl\/<\/a><\/strong><\/li>\n<li><strong><a href=\"http:\/\/www.hotelnaskarpie.com.pl\">http:\/\/www.hotelnaskarpie.com.pl<\/a><\/strong><\/li>\n<\/ul>\n<p><span style=\"background-color: #ccffcc;\"><strong>\u00a0KONTAKT\u00a0<\/strong><\/span><\/p>\n<p>W przypadku pyta\u0144 prosimy o kontakt z Koordynatorem Kszta\u0142cenia i Licencjonowania Trener\u00f3w woj. Warmi\u0144sko-Mazurskiego:<\/p>\n<p>Marcin Przybyli\u0144ski<br \/>\n<strong>tel.:<\/strong>\u00a0697-727-033<br \/>\n<strong>e-mail:<\/strong>\u00a0<u><a href=\"mailto:marcin.przybylinski@wmzpn.pl\">marcin.przybylinski@wmzpn.pl<\/a><\/u><\/p>\n<p><img loading=\"lazy\" decoding=\"async\" class=\"alignnone wp-image-43218 size-full\" src=\"https:\/\/wmzpn.pl\/wp-content\/uploads\/2024\/11\/KONF-7-8-GRU-1.png\" alt=\"\" width=\"1080\" height=\"1080\" srcset=\"https:\/\/wmzpn.pl\/wp-content\/uploads\/2024\/11\/KONF-7-8-GRU-1.png 1080w, https:\/\/wmzpn.pl\/wp-content\/uploads\/2024\/11\/KONF-7-8-GRU-1-300x300.png 300w, https:\/\/wmzpn.pl\/wp-content\/uploads\/2024\/11\/KONF-7-8-GRU-1-1024x1024.png 1024w, https:\/\/wmzpn.pl\/wp-content\/uploads\/2024\/11\/KONF-7-8-GRU-1-150x150.png 150w, https:\/\/wmzpn.pl\/wp-content\/uploads\/2024\/11\/KONF-7-8-GRU-1-768x768.png 768w, https:\/\/wmzpn.pl\/wp-content\/uploads\/2024\/11\/KONF-7-8-GRU-1-696x696.png 696w, https:\/\/wmzpn.pl\/wp-content\/uploads\/2024\/11\/KONF-7-8-GRU-1-1068x1068.png 1068w, https:\/\/wmzpn.pl\/wp-content\/uploads\/2024\/11\/KONF-7-8-GRU-1-420x420.png 420w\" sizes=\"auto, (max-width: 1080px) 100vw, 1080px\" \/><\/p>\n","protected":false},"excerpt":{"rendered":"<p>W dniach 7-8 grudnia 2024 r., w Olsztynie odb\u0119dzie si\u0119 Konferencja Trenerska organizowana przez Warmi\u0144sko-Mazurski Zwi\u0105zek Pi\u0142ki No\u017cnej. \u00a0Udzia\u0142 w konferencji jest odp\u0142atny. Pakiety uczestnictwa:\u00a0 JEDEN dzie\u0144 Konferencji \u2013\u00a0109,00 z\u0142 DWA dni Konferencji \u2013\u00a0159,00 z\u0142 Program konferencji Ka\u017cdy z pakiet\u00f3w zawiera: Udzia\u0142 w Konferencji Trenerskiej WMZPN Catering kawowy Materia\u0142y szkoleniowe Zestaw gad\u017cet\u00f3w WMZPN \u00a0REJESTRACJA\u00a0 Rejestracja [&hellip;]<\/p>\n","protected":false},"author":11,"featured_media":43224,"comment_status":"open","ping_status":"open","sticky":false,"template":"","format":"standard","meta":{"footnotes":""},"categories":[12,211,23,1],"tags":[],"class_list":["post-43167","post","type-post","status-publish","format-standard","has-post-thumbnail","hentry","category-aktualnosci","category-szkolenia","category-trenerzy","category-uncategorized"],"_links":{"self":[{"href":"https:\/\/wmzpn.pl\/index.php?rest_route=\/wp\/v2\/posts\/43167","targetHints":{"allow":["GET"]}}],"collection":[{"href":"https:\/\/wmzpn.pl\/index.php?rest_route=\/wp\/v2\/posts"}],"about":[{"href":"https:\/\/wmzpn.pl\/index.php?rest_route=\/wp\/v2\/types\/post"}],"author":[{"embeddable":true,"href":"https:\/\/wmzpn.pl\/index.php?rest_route=\/wp\/v2\/users\/11"}],"replies":[{"embeddable":true,"href":"https:\/\/wmzpn.pl\/index.php?rest_route=%2Fwp%2Fv2%2Fcomments&post=43167"}],"version-history":[{"count":7,"href":"https:\/\/wmzpn.pl\/index.php?rest_route=\/wp\/v2\/posts\/43167\/revisions"}],"predecessor-version":[{"id":43249,"href":"https:\/\/wmzpn.pl\/index.php?rest_route=\/wp\/v2\/posts\/43167\/revisions\/43249"}],"wp:featuredmedia":[{"embeddable":true,"href":"https:\/\/wmzpn.pl\/index.php?rest_route=\/wp\/v2\/media\/43224"}],"wp:attachment":[{"href":"https:\/\/wmzpn.pl\/index.php?rest_route=%2Fwp%2Fv2%2Fmedia&parent=43167"}],"wp:term":[{"taxonomy":"category","embeddable":true,"href":"https:\/\/wmzpn.pl\/index.php?rest_route=%2Fwp%2Fv2%2Fcategories&post=43167"},{"taxonomy":"post_tag","embeddable":true,"href":"https:\/\/wmzpn.pl\/index.php?rest_route=%2Fwp%2Fv2%2Ftags&post=43167"}],"curies":[{"name":"wp","href":"https:\/\/api.w.org\/{rel}","templated":true}]}}