{"id":4316,"date":"2018-12-03T14:49:36","date_gmt":"2018-12-03T14:49:36","guid":{"rendered":"http:\/\/wmzpn.pl\/?p=4316"},"modified":"2018-12-03T16:53:24","modified_gmt":"2018-12-03T16:53:24","slug":"konferencja-trenerska-wmzpn-w-expo-mazury-ostroda-zapisy-do-4-grudnia","status":"publish","type":"post","link":"https:\/\/wmzpn.pl\/?p=4316","title":{"rendered":"Konferencja Trenerska WMZPN &#8211; ZAPISY DO 4 GRUDNIA"},"content":{"rendered":"<p>W dniach 8-9 grudnia 2018 r., w Expo Mazury Ostr\u00f3da odb\u0119dzie si\u0119 Konferencja Trenerska organizowana przez Warmi\u0144sko-Mazurski Zwi\u0105zek Pi\u0142ki No\u017cnej.<!--more--><\/p>\n<p>Wydarzenie organizujemy we wsp\u00f3\u0142pracy z <strong>Expo Mazury Ostr\u00f3da<\/strong> &#8211; jednym z najnowocze\u015bniejszych obiekt\u00f3w targowo-konferencyjnych w Europie, drugim, co do wielko\u015bci w Polsce. Kursokonferencja odb\u0119dzie si\u0119 podczas Targ\u00f3w Sportowych <strong>VITAL SPORT ARENA<\/strong>, gdzie przez dwa dni, opr\u00f3cz konferencji, b\u0119dzie mia\u0142o miejsce r\u00f3wnie\u017c mn\u00f3stwo wydarze\u0144 sportowych oraz eventowych.<\/p>\n<p><strong>Harmonogram konferencji:<br \/>\n<\/strong><\/p>\n<p><img loading=\"lazy\" decoding=\"async\" class=\"alignnone size-full wp-image-4183\" src=\"http:\/\/wmzpn.pl\/wp-content\/uploads\/2018\/11\/grafika_konf.jpg\" alt=\"\" width=\"1200\" height=\"1417\" srcset=\"https:\/\/wmzpn.pl\/wp-content\/uploads\/2018\/11\/grafika_konf.jpg 1200w, https:\/\/wmzpn.pl\/wp-content\/uploads\/2018\/11\/grafika_konf-254x300.jpg 254w, https:\/\/wmzpn.pl\/wp-content\/uploads\/2018\/11\/grafika_konf-768x907.jpg 768w, https:\/\/wmzpn.pl\/wp-content\/uploads\/2018\/11\/grafika_konf-867x1024.jpg 867w, https:\/\/wmzpn.pl\/wp-content\/uploads\/2018\/11\/grafika_konf-696x822.jpg 696w, https:\/\/wmzpn.pl\/wp-content\/uploads\/2018\/11\/grafika_konf-1068x1261.jpg 1068w, https:\/\/wmzpn.pl\/wp-content\/uploads\/2018\/11\/grafika_konf-356x420.jpg 356w\" sizes=\"auto, (max-width: 1200px) 100vw, 1200px\" \/><\/p>\n<p>Podczas dw\u00f3ch dni Targ\u00f3w Sportowych VITAL SPORT ARENA odb\u0119dzie si\u0119 <strong>\u201eMi\u0119dzynarodowy<\/strong> <strong>Miko\u0142ajkowy Turniej Pi\u0142ki No\u017cnej Sok\u00f3\u0142 Ostr\u00f3da Cup 2018\u201d. <\/strong>Turniej rozgrywany b\u0119dzie na wy\u0142o\u017conym na hali targowej sztucznym boisku o wymiarach 50&#215;30 m, wyposa\u017conym w trybuny. Na tym samym boisku odb\u0119dzie si\u0119 cze\u015b\u0107 praktyczna naszej konferencji.<\/p>\n<p><strong>Zakres tematyczny Targ\u00f3w Sportowych VITAL SPORT ARENA:<br \/>\n<\/strong>&#8211; Sprz\u0119t i akcesoria sportowe<br \/>\n&#8211; Odzie\u017c sportowa<br \/>\n&#8211; Porady i konsultacje<br \/>\n&#8211; Fitness<br \/>\n&#8211; Suplementacja diety, od\u017cywki<br \/>\n&#8211; Rywalizacja<\/p>\n<p>szczeg\u00f3\u0142y dotycz\u0105ce targ\u00f3w -&gt; <a href=\"http:\/\/vitalsportarena.pl\/\" target=\"_blank\" rel=\"noopener\">www.vitalsportarena.pl<\/a><\/p>\n<hr \/>\n<p><strong>Uwaga!<\/strong> Aby wzi\u0105\u0107 udzia\u0142 w Konferencjach, nale\u017cy przes\u0142a\u0107 zg\u0142oszenie w formie elektronicznej poprzez platform\u0119 PZPN24, kt\u00f3ra znajduje si\u0119 na stronie <a href=\"http:\/\/pzpn24.pzpn.pl\">pzpn24.pzpn.pl<\/a><\/p>\n<p>Nast\u0119pnie po zalogowaniu si\u0119 na swoje konto wybieramy zak\u0142adk\u0119: wydarzenia\/kursy, licencje i komisje. W okienku filtry \u2013 wybieramy Warmi\u0144sko-Mazurski ZPN oraz konferencje trenerskie. Nast\u0119pnie w\u0142\u0105czamy opcj\u0119 aplikuj.<\/p>\n<p>Rejestracja na Konferencj\u0119 odbywa si\u0119 do ko\u0144ca dnia <strong>4 grudnia 2018 roku (do godz. 23:59)<\/strong>. Osoby kt\u00f3re nie zarejestruj\u0105 si\u0119 do w\/w. daty nie b\u0119d\u0105 mog\u0142y wzi\u0105\u0107 udzia\u0142u w wydarzeniu.<\/p>\n<hr \/>\n<p><strong>Udzia\u0142 w konferencji jest odp\u0142atny. Pakiety uczestnictwa:<\/strong><\/p>\n<p>JEDEN dzie\u0144 Konferencji \u2013 <strong>99,00 z\u0142<\/strong><br \/>\nDWA dni Konferencji \u2013 <strong>149,00 z\u0142<\/strong><\/p>\n<p><strong>Ka\u017cdy z pakiet\u00f3w zawiera:<br \/>\n<\/strong>&#8211; Udzia\u0142 w Konferencji Trenerskiej WMZPN<br \/>\n&#8211; Udzia\u0142 w Targach Sportowych VITAL SPORT ARENA<br \/>\n&#8211; Catering kawowy oraz obiad<br \/>\n&#8211; Materia\u0142y szkoleniowe<\/p>\n<p><strong>P\u0142atno\u015b\u0107 za udzia\u0142 w konferencji nale\u017cy ui\u015bci\u0107 na konto:<\/strong><br \/>\nWarmi\u0144sko-Mazurski Zwi\u0105zek Pi\u0142ki No\u017cnej<br \/>\nal. Pi\u0142sudskiego 69A, 10-449 Olsztyn<br \/>\nNumer konta: 78 2490 0005 0000 4530 3269 6505<br \/>\nTytu\u0142 przelewu: &#8220;Konferencja trenerska&#8221;<\/p>\n<hr \/>\n<p>Oba dni s\u0105 traktowane jako niezale\u017cne od siebie konferencje. Nale\u017cy osobno aplikowa\u0107 si\u0119 na sobot\u0119 i osobno na niedziel\u0119. Zg\u0142oszenie b\u0119dzie zaakceptowane po zaksi\u0119gowaniu wp\u0142aty na koncie.<\/p>\n<p>Po odbytych Konferencjach na kontach trenerskich pojawi\u0105 si\u0119 certyfikaty. Certyfikat jest potwierdzeniem udzia\u0142u w dokszta\u0142caniu trenerskim (w wymiarze 6 godz. \u2013 1 dzie\u0144) zgodnie z Konwencj\u0105 Trenersk\u0105 UEFA.<\/p>\n<p>W przypadku pyta\u0144 prosimy o kontakt z Kierownikiem ds. szkolenia WMZPN, Marcinem Przybyli\u0144skim.<br \/>\n<strong>tel.:<\/strong> 697-727-033<br \/>\n<strong>e-mail:<\/strong> marcin.przybylinski@wmzpn.pl<\/p>\n","protected":false},"excerpt":{"rendered":"<p>W dniach 8-9 grudnia 2018 r., w Expo Mazury Ostr\u00f3da odb\u0119dzie si\u0119 Konferencja Trenerska organizowana przez Warmi\u0144sko-Mazurski Zwi\u0105zek Pi\u0142ki No\u017cnej.<\/p>\n","protected":false},"author":2,"featured_media":4184,"comment_status":"open","ping_status":"open","sticky":false,"template":"","format":"standard","meta":{"footnotes":""},"categories":[28],"tags":[],"class_list":["post-4316","post","type-post","status-publish","format-standard","has-post-thumbnail","hentry","category-kursy-szkolenia"],"_links":{"self":[{"href":"https:\/\/wmzpn.pl\/index.php?rest_route=\/wp\/v2\/posts\/4316","targetHints":{"allow":["GET"]}}],"collection":[{"href":"https:\/\/wmzpn.pl\/index.php?rest_route=\/wp\/v2\/posts"}],"about":[{"href":"https:\/\/wmzpn.pl\/index.php?rest_route=\/wp\/v2\/types\/post"}],"author":[{"embeddable":true,"href":"https:\/\/wmzpn.pl\/index.php?rest_route=\/wp\/v2\/users\/2"}],"replies":[{"embeddable":true,"href":"https:\/\/wmzpn.pl\/index.php?rest_route=%2Fwp%2Fv2%2Fcomments&post=4316"}],"version-history":[{"count":2,"href":"https:\/\/wmzpn.pl\/index.php?rest_route=\/wp\/v2\/posts\/4316\/revisions"}],"predecessor-version":[{"id":4337,"href":"https:\/\/wmzpn.pl\/index.php?rest_route=\/wp\/v2\/posts\/4316\/revisions\/4337"}],"wp:featuredmedia":[{"embeddable":true,"href":"https:\/\/wmzpn.pl\/index.php?rest_route=\/wp\/v2\/media\/4184"}],"wp:attachment":[{"href":"https:\/\/wmzpn.pl\/index.php?rest_route=%2Fwp%2Fv2%2Fmedia&parent=4316"}],"wp:term":[{"taxonomy":"category","embeddable":true,"href":"https:\/\/wmzpn.pl\/index.php?rest_route=%2Fwp%2Fv2%2Fcategories&post=4316"},{"taxonomy":"post_tag","embeddable":true,"href":"https:\/\/wmzpn.pl\/index.php?rest_route=%2Fwp%2Fv2%2Ftags&post=4316"}],"curies":[{"name":"wp","href":"https:\/\/api.w.org\/{rel}","templated":true}]}}