{"id":42890,"date":"2024-10-15T13:23:05","date_gmt":"2024-10-15T13:23:05","guid":{"rendered":"https:\/\/wmzpn.pl\/?p=42890"},"modified":"2024-10-15T15:42:06","modified_gmt":"2024-10-15T15:42:06","slug":"na-mazurach-pamietaja-o-sp-januszu-kupcewiczu","status":"publish","type":"post","link":"https:\/\/wmzpn.pl\/?p=42890","title":{"rendered":"Na Mazurach pami\u0119taj\u0105 o \u015ap. Januszu Kupcewiczu"},"content":{"rendered":"<p>Janusz Kupcewicz zosta\u0142 zaproszony na uroczysto\u015bci z okazji jubileuszu 60-lecia klubu MKS Ruciane-Nida. Spotka\u0142 si\u0119 tam z m\u0142odymi pi\u0142karzami, kt\u00f3rzy uczestniczyli w okoliczno\u015bciowym turnieju.<\/p>\n<p><img loading=\"lazy\" decoding=\"async\" class=\"alignnone wp-image-42891 size-full\" src=\"https:\/\/wmzpn.pl\/wp-content\/uploads\/2024\/10\/1-1.jpg\" alt=\"\" width=\"1422\" height=\"640\" srcset=\"https:\/\/wmzpn.pl\/wp-content\/uploads\/2024\/10\/1-1.jpg 1422w, https:\/\/wmzpn.pl\/wp-content\/uploads\/2024\/10\/1-1-300x135.jpg 300w, https:\/\/wmzpn.pl\/wp-content\/uploads\/2024\/10\/1-1-1024x461.jpg 1024w, https:\/\/wmzpn.pl\/wp-content\/uploads\/2024\/10\/1-1-768x346.jpg 768w, https:\/\/wmzpn.pl\/wp-content\/uploads\/2024\/10\/1-1-696x313.jpg 696w, https:\/\/wmzpn.pl\/wp-content\/uploads\/2024\/10\/1-1-1068x481.jpg 1068w, https:\/\/wmzpn.pl\/wp-content\/uploads\/2024\/10\/1-1-933x420.jpg 933w\" sizes=\"auto, (max-width: 1422px) 100vw, 1422px\" \/><\/p>\n<p>Organizatorami byli: Trener Piotr Jagielski i dzia\u0142acz klubu Tadeusz Szewczyk.<\/p>\n<p>Tydzie\u0144 p\u00f3\u017aniej Kupcewicz przyjecha\u0142 jeszcze raz do Ruciane-Nidy na spotkanie z kolegami z USA. W czasie pobytu opiekowa\u0142 si\u0119 nim kolega z dru\u017cyny junior\u00f3w Warmii Olsztyn Kazimierz Musia\u0142 i odprowadzi\u0142 Janusza na poci\u0105g na Gdyni. W poci\u0105gu Janusz poczu\u0142 si\u0119 bardzo \u017ale i prosto z dworca w Gdyni odwieziony zosta\u0142 do Szpitala, w kt\u00f3rym 4.07.2022 roku zmar\u0142.<\/p>\n<p>Weterani-pi\u0142karze KS Mazur Pisz postanowili uhonorowa\u0107 medalist\u0119 Mistrzostw \u015awiata w pi\u0142ce no\u017cnej z 1982 roku Janusza Kupcewicza, funduj\u0105c pami\u0105tkow\u0105 tablic\u0119 w Alei Olimpijczyk\u00f3w i Mistrz\u00f3w Sportu w miejscowo\u015bci Szelment ko\u0142o Suwa\u0142k.<\/p>\n<p><img loading=\"lazy\" decoding=\"async\" class=\"alignnone wp-image-42892 size-full\" src=\"https:\/\/wmzpn.pl\/wp-content\/uploads\/2024\/10\/8.jpg\" alt=\"\" width=\"1873\" height=\"1383\" srcset=\"https:\/\/wmzpn.pl\/wp-content\/uploads\/2024\/10\/8.jpg 1873w, https:\/\/wmzpn.pl\/wp-content\/uploads\/2024\/10\/8-300x222.jpg 300w, https:\/\/wmzpn.pl\/wp-content\/uploads\/2024\/10\/8-1024x756.jpg 1024w, https:\/\/wmzpn.pl\/wp-content\/uploads\/2024\/10\/8-768x567.jpg 768w, https:\/\/wmzpn.pl\/wp-content\/uploads\/2024\/10\/8-1536x1134.jpg 1536w, https:\/\/wmzpn.pl\/wp-content\/uploads\/2024\/10\/8-80x60.jpg 80w, https:\/\/wmzpn.pl\/wp-content\/uploads\/2024\/10\/8-696x514.jpg 696w, https:\/\/wmzpn.pl\/wp-content\/uploads\/2024\/10\/8-1068x789.jpg 1068w, https:\/\/wmzpn.pl\/wp-content\/uploads\/2024\/10\/8-569x420.jpg 569w\" sizes=\"auto, (max-width: 1873px) 100vw, 1873px\" \/><\/p>\n<p><img loading=\"lazy\" decoding=\"async\" class=\"aligncenter wp-image-42893 size-full\" src=\"https:\/\/wmzpn.pl\/wp-content\/uploads\/2024\/10\/2.jpg\" alt=\"\" width=\"631\" height=\"521\" srcset=\"https:\/\/wmzpn.pl\/wp-content\/uploads\/2024\/10\/2.jpg 631w, https:\/\/wmzpn.pl\/wp-content\/uploads\/2024\/10\/2-300x248.jpg 300w, https:\/\/wmzpn.pl\/wp-content\/uploads\/2024\/10\/2-509x420.jpg 509w\" sizes=\"auto, (max-width: 631px) 100vw, 631px\" \/><\/p>\n<p><img loading=\"lazy\" decoding=\"async\" class=\"aligncenter wp-image-42894 size-large\" src=\"https:\/\/wmzpn.pl\/wp-content\/uploads\/2024\/10\/4-676x1024.jpg\" alt=\"\" width=\"640\" height=\"969\" srcset=\"https:\/\/wmzpn.pl\/wp-content\/uploads\/2024\/10\/4-676x1024.jpg 676w, https:\/\/wmzpn.pl\/wp-content\/uploads\/2024\/10\/4-198x300.jpg 198w, https:\/\/wmzpn.pl\/wp-content\/uploads\/2024\/10\/4-768x1163.jpg 768w, https:\/\/wmzpn.pl\/wp-content\/uploads\/2024\/10\/4-696x1054.jpg 696w, https:\/\/wmzpn.pl\/wp-content\/uploads\/2024\/10\/4-277x420.jpg 277w, https:\/\/wmzpn.pl\/wp-content\/uploads\/2024\/10\/4.jpg 987w\" sizes=\"auto, (max-width: 640px) 100vw, 640px\" \/><\/p>\n<p>Nazwiska fundator\u00f3w s\u0105 wypisane na tej tablicy.<\/p>\n<figure id=\"attachment_42897\" aria-describedby=\"caption-attachment-42897\" style=\"width: 1114px\" class=\"wp-caption aligncenter\"><img loading=\"lazy\" decoding=\"async\" class=\"wp-image-42897 size-full\" src=\"https:\/\/wmzpn.pl\/wp-content\/uploads\/2024\/10\/wosir-szelment_aleja-olimpijczykow_6-09-2024-3.jpg\" alt=\"\" width=\"1114\" height=\"742\" srcset=\"https:\/\/wmzpn.pl\/wp-content\/uploads\/2024\/10\/wosir-szelment_aleja-olimpijczykow_6-09-2024-3.jpg 1114w, https:\/\/wmzpn.pl\/wp-content\/uploads\/2024\/10\/wosir-szelment_aleja-olimpijczykow_6-09-2024-3-300x200.jpg 300w, https:\/\/wmzpn.pl\/wp-content\/uploads\/2024\/10\/wosir-szelment_aleja-olimpijczykow_6-09-2024-3-1024x682.jpg 1024w, https:\/\/wmzpn.pl\/wp-content\/uploads\/2024\/10\/wosir-szelment_aleja-olimpijczykow_6-09-2024-3-768x512.jpg 768w, https:\/\/wmzpn.pl\/wp-content\/uploads\/2024\/10\/wosir-szelment_aleja-olimpijczykow_6-09-2024-3-696x464.jpg 696w, https:\/\/wmzpn.pl\/wp-content\/uploads\/2024\/10\/wosir-szelment_aleja-olimpijczykow_6-09-2024-3-1068x711.jpg 1068w, https:\/\/wmzpn.pl\/wp-content\/uploads\/2024\/10\/wosir-szelment_aleja-olimpijczykow_6-09-2024-3-631x420.jpg 631w\" sizes=\"auto, (max-width: 1114px) 100vw, 1114px\" \/><figcaption id=\"caption-attachment-42897\" class=\"wp-caption-text\">Fot. Jan Lech Michalis<\/figcaption><\/figure>\n<p>Z inicjatyw\u0105 zorganizowania tej pi\u0119knej alei w Szelmencie wyst\u0105pi\u0142a fundacja Wojciecha Fortuny Mistrza Olimpijskiego w skokach narciarskich z 1972 roku.<\/p>\n<figure id=\"attachment_42896\" aria-describedby=\"caption-attachment-42896\" style=\"width: 907px\" class=\"wp-caption aligncenter\"><img loading=\"lazy\" decoding=\"async\" class=\"wp-image-42896 size-full\" src=\"https:\/\/wmzpn.pl\/wp-content\/uploads\/2024\/10\/7.jpg\" alt=\"\" width=\"907\" height=\"926\" srcset=\"https:\/\/wmzpn.pl\/wp-content\/uploads\/2024\/10\/7.jpg 907w, https:\/\/wmzpn.pl\/wp-content\/uploads\/2024\/10\/7-294x300.jpg 294w, https:\/\/wmzpn.pl\/wp-content\/uploads\/2024\/10\/7-768x784.jpg 768w, https:\/\/wmzpn.pl\/wp-content\/uploads\/2024\/10\/7-356x364.jpg 356w, https:\/\/wmzpn.pl\/wp-content\/uploads\/2024\/10\/7-696x711.jpg 696w, https:\/\/wmzpn.pl\/wp-content\/uploads\/2024\/10\/7-411x420.jpg 411w\" sizes=\"auto, (max-width: 907px) 100vw, 907px\" \/><figcaption id=\"caption-attachment-42896\" class=\"wp-caption-text\">Przemawia Wojciech Fortuna<\/figcaption><\/figure>\n<p>Od 2017 roku ods\u0142oni\u0119to ju\u017c 110 tablic po\u015bwi\u0119conych najlepszym sportowcom Polski. W dniu 6.09.2024 ods\u0142oni\u0119to 20 nowych tablic, w\u015br\u00f3d nich dla \u015ap. Janusza Kupcewicza, Zbigniewa Bo\u0144ka i Jana Tomaszewskiego.<\/p>\n<p>Swoje tablice maj\u0105 tak\u017ce znakomici pi\u0142karze: W\u0142odzimierz Luba\u0144ski, Grzegorz Lato, Kazimierz Deyna i kilku innych.<\/p>\n<p>Tablice s\u0105 umieszczone w grupie futbolowej, kt\u00f3rej przewodzi \u015ap. Kazimierz G\u00f3rski.<\/p>\n<p><img loading=\"lazy\" decoding=\"async\" class=\"aligncenter wp-image-42895 size-large\" src=\"https:\/\/wmzpn.pl\/wp-content\/uploads\/2024\/10\/6-769x1024.jpg\" alt=\"\" width=\"640\" height=\"852\" srcset=\"https:\/\/wmzpn.pl\/wp-content\/uploads\/2024\/10\/6-769x1024.jpg 769w, https:\/\/wmzpn.pl\/wp-content\/uploads\/2024\/10\/6-225x300.jpg 225w, https:\/\/wmzpn.pl\/wp-content\/uploads\/2024\/10\/6-768x1023.jpg 768w, https:\/\/wmzpn.pl\/wp-content\/uploads\/2024\/10\/6-1153x1536.jpg 1153w, https:\/\/wmzpn.pl\/wp-content\/uploads\/2024\/10\/6-696x927.jpg 696w, https:\/\/wmzpn.pl\/wp-content\/uploads\/2024\/10\/6-1068x1422.jpg 1068w, https:\/\/wmzpn.pl\/wp-content\/uploads\/2024\/10\/6-315x420.jpg 315w, https:\/\/wmzpn.pl\/wp-content\/uploads\/2024\/10\/6.jpg 1302w\" sizes=\"auto, (max-width: 640px) 100vw, 640px\" \/><\/p>\n\n\n<p>W obu opisanych uroczysto\u015bciach uczestniczy\u0142 Wojciech Linow, trener Janusza w reprezentacji junior\u00f3w wojew\u00f3dztwa olszty\u0144skiego z lat 1971\/73.<\/p>\n","protected":false},"excerpt":{"rendered":"<p>Janusz Kupcewicz zosta\u0142 zaproszony na uroczysto\u015bci z okazji jubileuszu 60-lecia klubu MKS Ruciane-Nida. Spotka\u0142 si\u0119 tam z m\u0142odymi pi\u0142karzami, kt\u00f3rzy uczestniczyli w okoliczno\u015bciowym turnieju. Organizatorami byli: Trener Piotr Jagielski i dzia\u0142acz klubu Tadeusz Szewczyk. Tydzie\u0144 p\u00f3\u017aniej Kupcewicz przyjecha\u0142 jeszcze raz do Ruciane-Nidy na spotkanie z kolegami z USA. W czasie pobytu opiekowa\u0142 si\u0119 nim kolega [&hellip;]<\/p>\n","protected":false},"author":11,"featured_media":42899,"comment_status":"open","ping_status":"open","sticky":false,"template":"","format":"standard","meta":{"footnotes":""},"categories":[12],"tags":[],"class_list":["post-42890","post","type-post","status-publish","format-standard","has-post-thumbnail","hentry","category-aktualnosci"],"_links":{"self":[{"href":"https:\/\/wmzpn.pl\/index.php?rest_route=\/wp\/v2\/posts\/42890","targetHints":{"allow":["GET"]}}],"collection":[{"href":"https:\/\/wmzpn.pl\/index.php?rest_route=\/wp\/v2\/posts"}],"about":[{"href":"https:\/\/wmzpn.pl\/index.php?rest_route=\/wp\/v2\/types\/post"}],"author":[{"embeddable":true,"href":"https:\/\/wmzpn.pl\/index.php?rest_route=\/wp\/v2\/users\/11"}],"replies":[{"embeddable":true,"href":"https:\/\/wmzpn.pl\/index.php?rest_route=%2Fwp%2Fv2%2Fcomments&post=42890"}],"version-history":[{"count":8,"href":"https:\/\/wmzpn.pl\/index.php?rest_route=\/wp\/v2\/posts\/42890\/revisions"}],"predecessor-version":[{"id":42911,"href":"https:\/\/wmzpn.pl\/index.php?rest_route=\/wp\/v2\/posts\/42890\/revisions\/42911"}],"wp:featuredmedia":[{"embeddable":true,"href":"https:\/\/wmzpn.pl\/index.php?rest_route=\/wp\/v2\/media\/42899"}],"wp:attachment":[{"href":"https:\/\/wmzpn.pl\/index.php?rest_route=%2Fwp%2Fv2%2Fmedia&parent=42890"}],"wp:term":[{"taxonomy":"category","embeddable":true,"href":"https:\/\/wmzpn.pl\/index.php?rest_route=%2Fwp%2Fv2%2Fcategories&post=42890"},{"taxonomy":"post_tag","embeddable":true,"href":"https:\/\/wmzpn.pl\/index.php?rest_route=%2Fwp%2Fv2%2Ftags&post=42890"}],"curies":[{"name":"wp","href":"https:\/\/api.w.org\/{rel}","templated":true}]}}