{"id":428,"date":"2018-01-16T12:50:10","date_gmt":"2018-01-16T12:50:10","guid":{"rendered":"http:\/\/wmzpn1.home.pl\/autoinstalator\/wordpress1\/?p=428"},"modified":"2018-07-09T12:52:03","modified_gmt":"2018-07-09T12:52:03","slug":"program-konferencji-trenerskiej-wmzpn","status":"publish","type":"post","link":"https:\/\/wmzpn.pl\/?p=428","title":{"rendered":"Program Konferencji Trenerskiej WMZPN"},"content":{"rendered":"<p>Informujemy, \u017ce oficjalnie zamkn\u0119li\u015bmy list\u0119 prelegent\u00f3w oraz program &#8220;Konferencji Trenerskiej WMZPN&#8221;.<!--more--><\/p>\n<p>Jak zapisa\u0107 si\u0119 na konferencj\u0119 przeczytasz -&gt; <a href=\"http:\/\/wmzpn.pl\/?p=9161\" target=\"_blank\" rel=\"noopener noreferrer\">TUTAJ<\/a><\/p>\n<p>Program  kursokonferencji, kt\u00f3ra odb\u0119dzie si\u0119 w dniach 20-21 stycznia 2018 r.  w Olszty\u0144skiej Hali Urania:<\/p>\n<p><a href=\"http:\/\/wmzpn.pl\/wp-content\/uploads\/2018\/01\/plakatKT-1.jpg\"><img loading=\"lazy\" decoding=\"async\" class=\"alignnone size-full wp-image-9290\" src=\"http:\/\/wmzpn.pl\/wp-content\/uploads\/2018\/01\/plakatKT-1.jpg\" alt=\"\" width=\"4961\" height=\"3508\" \/><\/a><\/p>\n<p><span style=\"color: #0000ff;\"><strong>20.01.2018r. Sobota<\/strong><\/span><\/p>\n<p><strong><u>PANEL TEORETYCZNY<\/u><\/strong><\/p>\n<p><strong>09.00 \u2013 09.15<\/strong> \u2013 <strong>przywitanie uczestnik\u00f3w, go\u015bci\/prelegent\u00f3w, otwarcie kursokonferencji<\/strong> \u2013 <em>Wiceprezes ds. szkolenia Miros\u0142aw Miller<\/em><\/p>\n<p><strong>09.15 \u2013 10.15<\/strong> \u2013 <strong>System Kszta\u0142cenia i Licencjonowania Trener\u00f3w PZPN<\/strong> \u2013 <em>Konrad Bania \u2013 <\/em><em>Koordynator Kszta\u0142cenia i Licencjonowania Trener\u00f3w<\/em><\/p>\n<p><strong>10.20 <\/strong><strong>\u2013 11.35<\/strong> \u2013  <strong>Nowoczesne trendy w obronie indywidualnej<\/strong> \u2013 <em>\u0141ukasz Becella \u2013 Trener UEFA PRO  \u2013 MKS Pogo\u0144 Szczecin<\/em><\/p>\n<p><strong>11.40 \u2013 12.55<\/strong> \u2013 <strong>Organizacja i program szkolenia zawodnik\u00f3w w Akademii Pi\u0142karskiej ZKS Olimpia Elbl\u0105g<\/strong> \u2013 <em>Karol Przyby\u0142a \u2013 Trener UEFA Elite Youth A \/ Szymon Waga \u2013 Trener UEFA A \u2013 ZKS Olimpia Elbl\u0105g<\/em><\/p>\n<p><strong>12.40 \u2013 13.10<\/strong> \u2013 przerwa kawowa<\/p>\n<p><strong><u>PANEL PRAKTYCZNY<\/u><\/strong><\/p>\n<p><strong>13.10 \u2013 14.40<\/strong> \u2013 Nauczanie i doskonalenie obrony indywidualnej \u2013 <em>\u0141ukasz Becella \u2013 Trener UEFA PRO  \u2013 MKS Pogo\u0144 Szczecin<\/em><\/p>\n<p><strong>14.55 \u2013 16.25<\/strong> \u2013 Nauczanie przyj\u0119cia kierunkowego w \u0107wiczeniach techniczno-taktycznych oraz grach zadaniowych \u2013 <em>Rafa\u0142 Starzy\u0144ski \u2013 Trener UEFA B \u2013 uczestnik kursu UEFA A \u2013 ZKS Olimpia Elbl\u0105g<\/em><\/p>\n<p><strong> <\/strong><\/p>\n<p><span style=\"color: #0000ff;\"><strong>21.01.2018r. Niedziela<\/strong><\/span><\/p>\n<p><strong><u>PANEL TEORETYCZNY<\/u><\/strong><\/p>\n<p><strong>09.00 \u2013 10.30 <\/strong> \u2013 <strong>Periodyzacja taktyczna- praktyczne aspekty wprowadzania metodologii szkoleniowej w trening <\/strong>\u2013 <em>Mariusz Rumak \u2013 Trener UEFA PRO<\/em><\/p>\n<p><strong>10.40 \u2013 12.10 <\/strong>\u2013<strong> Futsal jako uzupe\u0142nienie ca\u0142orocznego szkolenia pi\u0142ki no\u017cnej w\u015br\u00f3d dzieci i m\u0142odzie\u017cy<\/strong> \u2013 <em>Damian Jarzembowski \u2013 Trener UEFA B \u2013 uczestnik kursu UEFA A \u2013 KS Constract Lubawa<\/em><\/p>\n<p><strong>12.10 \u2013 12.40 <\/strong>\u2013 <strong>Panel dyskusyjny<\/strong><\/p>\n<p><strong>12.40 \u2013 13.10 <\/strong>\u2013 przerwa kawowa<\/p>\n<p><strong><u>PANEL PRAKTYCZNY<\/u><\/strong><\/p>\n<p><strong>13.10 \u2013 14.40 <\/strong>\u2013 <strong>Doskonalenie dzia\u0142a\u0144 taktycznych w formach ma\u0142ych gier<\/strong> \u2013 <em>Mariusz Rumak \u2013 Trener UEFA PRO<\/em><\/p>\n<p><strong>14.50 \u2013 16.20<\/strong> \u2013 <strong>Doskonalenie techniki w formie gier<\/strong> \u2013 <em>Damian Jarzembowski \u2013 Trener UEFA B \u2013 uczestnik kursu UEFA A \u2013 KS Constract Lubawa<\/em><\/p>\n","protected":false},"excerpt":{"rendered":"<p>Informujemy, \u017ce oficjalnie zamkn\u0119li\u015bmy list\u0119 prelegent\u00f3w oraz program &#8220;Konferencji Trenerskiej WMZPN&#8221;.<\/p>\n","protected":false},"author":3,"featured_media":429,"comment_status":"open","ping_status":"open","sticky":false,"template":"","format":"standard","meta":{"footnotes":""},"categories":[27],"tags":[],"class_list":["post-428","post","type-post","status-publish","format-standard","has-post-thumbnail","hentry","category-zostan-trenerem"],"_links":{"self":[{"href":"https:\/\/wmzpn.pl\/index.php?rest_route=\/wp\/v2\/posts\/428","targetHints":{"allow":["GET"]}}],"collection":[{"href":"https:\/\/wmzpn.pl\/index.php?rest_route=\/wp\/v2\/posts"}],"about":[{"href":"https:\/\/wmzpn.pl\/index.php?rest_route=\/wp\/v2\/types\/post"}],"author":[{"embeddable":true,"href":"https:\/\/wmzpn.pl\/index.php?rest_route=\/wp\/v2\/users\/3"}],"replies":[{"embeddable":true,"href":"https:\/\/wmzpn.pl\/index.php?rest_route=%2Fwp%2Fv2%2Fcomments&post=428"}],"version-history":[{"count":1,"href":"https:\/\/wmzpn.pl\/index.php?rest_route=\/wp\/v2\/posts\/428\/revisions"}],"predecessor-version":[{"id":430,"href":"https:\/\/wmzpn.pl\/index.php?rest_route=\/wp\/v2\/posts\/428\/revisions\/430"}],"wp:featuredmedia":[{"embeddable":true,"href":"https:\/\/wmzpn.pl\/index.php?rest_route=\/wp\/v2\/media\/429"}],"wp:attachment":[{"href":"https:\/\/wmzpn.pl\/index.php?rest_route=%2Fwp%2Fv2%2Fmedia&parent=428"}],"wp:term":[{"taxonomy":"category","embeddable":true,"href":"https:\/\/wmzpn.pl\/index.php?rest_route=%2Fwp%2Fv2%2Fcategories&post=428"},{"taxonomy":"post_tag","embeddable":true,"href":"https:\/\/wmzpn.pl\/index.php?rest_route=%2Fwp%2Fv2%2Ftags&post=428"}],"curies":[{"name":"wp","href":"https:\/\/api.w.org\/{rel}","templated":true}]}}