{"id":42381,"date":"2024-09-15T14:59:15","date_gmt":"2024-09-15T14:59:15","guid":{"rendered":"https:\/\/wmzpn.pl\/?p=42381"},"modified":"2024-09-15T17:50:04","modified_gmt":"2024-09-15T17:50:04","slug":"kacik-historyczny-wojciecha-linowa-stomil-olsztyn-w-piatym-sezonie-w-pierwszej-lidze","status":"publish","type":"post","link":"https:\/\/wmzpn.pl\/?p=42381","title":{"rendered":"K\u0105cik historyczny Wojciecha Linowa &#8211; Stomil Olsztyn w pi\u0105tym sezonie w pierwszej lidze"},"content":{"rendered":"<p>Stomil Olsztyn w swoim pi\u0105tym sezonie w pierwszej lidze kolejny raz musia\u0142 boryka\u0107 si\u0119 z uzupe\u0142nieniem sk\u0142adu. Z zespo\u0142u odszed\u0142 Rafa\u0142 Kaczmarczyk do Widzewa \u0141\u00f3d\u017a, Sebastian Nowak do Legii Warszawa, Jacek P\u0142ucennik powr\u00f3ci\u0142 do \u0141KS \u0141\u00f3d\u017a, Andrzeja Jankowski wyjecha\u0142 do Belgii. Wzmocnieniem byli dwaj Litwini oraz Pawe\u0142 Holc i Piotr Matys. Kasa klubu by\u0142a pusta, a ambicje ros\u0142y. Ju\u017c w pa\u017adzierniku 1998 roku PZPN zagrozi\u0142 w\u0142odarzom klubowym degradacj\u0105 zwi\u0105zan\u0105 z zaleg\u0142o\u015bciami finansowymi. Walka o utrzymanie zespo\u0142u w pierwszej lidze zako\u0144czy\u0142a si\u0119 sukcesem Stomilu, kt\u00f3ry sko\u0144czy\u0142 rozgrywki na 9 miejscu. Zdoby\u0142 37 punkt\u00f3w &#8211; 10 spotka\u0144 wygra\u0142, 7 w remisowa\u0142 i zanotowa\u0142 13 pora\u017cek. Najwy\u017csza pora\u017cka to 0:5 z Widzewem \u0141\u00f3d\u017a. Najwy\u017csze zwyci\u0119stwo 4:1 z Amic\u0105 Wronki. Najwi\u0119cej spotka\u0144 rozegrali Bartosz Jurkowski 30, Jacek Cha\u0144ko i Aidas Preiksaitis po 29, Artur Januszewski 28, Jaros\u0142aw Bako, Andrzej Biedrzycki, Marcin Szulik, Marek Kwiatkowski i Rafa\u0142 Szwed 24 spotkania. Najwi\u0119cej bramek zdoby\u0142 Tamas Romelis 5 i Aidas Preiksaitis, a tak\u017ce Jacek Cha\u0144ko i Piotr Matys po 4. Mistrzem Polski zosta\u0142a Wis\u0142a Krak\u00f3w. Trenerami Stomilu byli Mieczys\u0142aw Broniszewski i Romuald Szukie\u0142owicz.<\/p>\n<p><strong><img loading=\"lazy\" decoding=\"async\" class=\"alignnone size-full wp-image-42382\" src=\"https:\/\/wmzpn.pl\/wp-content\/uploads\/2024\/09\/aidas.jpg\" alt=\"\" width=\"116\" height=\"300\" \/> \u00a0Aidas Preiksaitis<\/strong> urodzony 15 lipca 1970 roku na Litwie. Swoj\u0105 zawodow\u0105 karier\u0119 pi\u0142karsk\u0105 rozpocz\u0105\u0142 w Wilnie w klubie \u017balgiris. W sezonie 1991\/92 rozegra\u0142 w lidze litewskiej 21 spotka\u0144 i zdoby\u0142 jedn\u0105 bramk\u0119 &#8211; wywalczy\u0142 mistrzostwo \u0141otwy oraz puchar tego kraju. W nast\u0119pnym sezonie rozegra\u0142 27 spotka\u0144, siedem bramek i wywalczy\u0142 Puchar Litwy. W sezonie 1993 \/94 &#8211; 17 spotka\u0144, 8 bramek i Puchar Litwy.<\/p>\n<p><strong>W kolejnych rozgrywkach, czyli w latach 1994-97 rozegra\u0142 58 spotka\u0144 i zdoby\u0142 19 bramek, a w 1997 roku ponownie wywalczy\u0142 Puchar Litwy.<\/strong> W 1997 roku gra\u0142 w rosyjskim klubie Torpedo \u0141u\u017cniki Moskwa i tam mia\u0142 19 spotka\u0144 rozegranych i zdoby\u0142 dwie bramki oraz w klubie Kamaz, gdzie rozegra\u0142 dwa spotkania. W sezonie 1997\/98 przyjecha\u0142 do Polski i w pierwszoligowym GKS Katowice rozegra\u0142 11 spotka\u0144<strong>. Jest okre\u015blany jako jeden z najlepszych pi\u0142karzy, kt\u00f3rzy grali w Stomilu Olsztyn.<\/strong><\/p>\n<p><strong>Gra\u0142 tam w sezonie 1998\/99 i rozegra\u0142 29 spotka\u0144, zdobywaj\u0105c cztery gole<\/strong>. Bramki strzela\u0142 w spotkaniach z Amic\u0105 Wronki, G\u00f3rnikiem Zabrze, Widzewem \u0141\u00f3d\u017a. W sezonie 1999\/2000 rozegra\u0142 10 spotka\u0144 i zdoby\u0142 jedn\u0105 bramk\u0119, w starciu z Groclinem Grodzisk Wielkopolski wygranym 5:2. W sezonie tym bardzo dobrze wsp\u00f3\u0142pracowa\u0142 z Kucharskim Bykowskim i Najewskim &#8211; napastnikami Stomilu.<\/p>\n<p>Z Olsztyna Aidas wyje\u017cd\u017ca\u0142 do drugoligowego Unionu Berlin. Zagra\u0142 tam 24 spotkania i zdoby\u0142 jedn\u0105 bramk\u0119. W sezonie 2000-2001 gra\u0142 w KSZO Ostrowiec i \u017bargilis Wilno. Ponownie powr\u00f3ci\u0142 do Polski. W latach 2002\/03 rozegra\u0142 w pierwszoligowej Wi\u015ble P\u0142ock 22 spotkania, natomiast w sezonie 2003\/04 w pierwszoligowym \u015awiecie Nowy Dw\u00f3r Mazowiecki rozegra\u0142 17 spotka\u0144 i zdoby\u0142 jedn\u0105 bramk\u0119.<\/p>\n<p><strong>Og\u00f3lnie w pierwszej lidze rozegra\u0142 84 spotkania i strzeli\u0142 6 goli. <\/strong>Swoj\u0105 pi\u0142karsk\u0105 karier\u0119 zako\u0144czy\u0142 w 2007 roku w klubie Vectra Wilno. <strong>W latach 1992-2006 rozegra\u0142 w reprezentacji Litwy 48 spotka\u0144 i strzeli\u0142 trzy bramki.<\/strong> Obecnie mieszka w Chicago.<\/p>\n<p><strong><img loading=\"lazy\" decoding=\"async\" class=\"alignnone size-full wp-image-42389\" src=\"https:\/\/wmzpn.pl\/wp-content\/uploads\/2024\/09\/ramelis.jpg\" alt=\"\" width=\"164\" height=\"300\" \/>\u00a0Tamas Ramelis<\/strong> urodzony 28 maja 1971 roku w Wilnie. Wychowanek klubu \u017bargilis Wilno. W pierwszym sezonie w dru\u017cynie senior\u00f3w rozegra\u0142 12 spotka\u0144 i strzeli\u0142 sze\u015b\u0107 bramek. W sezonie 1990\/91 gra\u0142 w zespole Vetra Wilno. Rozegra\u0142 w lidze litewskiej 38 spotka\u0144 i zdoby\u0142 17 bramek. Lata 1992-96 sp\u0119dzi\u0142 w Niemczech i gra\u0142 w lokalnej lidze. Po powrocie na Litw\u0119 w sezonie 1996\/97 rozegra\u0142 w \u017bargilisie Wilno 23 spotkania i zdoby\u0142 10 bramek &#8211; walczy\u0142 Puchar Litwy. W 1998 roku wyjecha\u0142 do Belgii i <strong>klubie Royal Antwerp rozegra\u0142 10 spotka\u0144.<\/strong> W tym samym roku zagra\u0142 w \u017barglisie Wilno trzy spotkania i strzeli\u0142 jedn\u0105 bramk\u0119 &#8211; wywalczy\u0142 mistrzostwo Litwy.<\/p>\n<p><strong>1 lipca 1988 roku zosta\u0142 zawodnikiem Stomilu Olsztyn. W sezonie 1998\/99 rozegra\u0142 w olszty\u0144skim klubie 21 spotka\u0144 i zdoby\u0142 pi\u0119\u0107 bramek.<\/strong> Gole zdobywa\u0142 w starciach przeciwko Wi\u015ble Krak\u00f3w, Amice Wronki, Pogoni Szczecin i Odrze Wodzis\u0142aw. <strong>W kolejnym sezonie 1999\/2000 rozegra\u0142 w Stomilu 14 spotka\u0144 i zdoby\u0142 trzy bramki.<\/strong> W meczach przeciwko Odrze Wodzis\u0142aw i Groclinowi Dyskoboli. W sezonie 2000\/01 rozegra\u0142 4 spotkania w barwach Stomilu. <strong>Og\u00f3\u0142em w polskiej ekstraklasie wyst\u0105pi\u0142 w 39 meczach i zdoby\u0142 8 bramek w Stomilu<\/strong>. Wyst\u0105pi\u0142 w ostatnim spotkaniu 7 listopada 2000 roku w towarzyskim meczu ze \u015awitem Nowy Dw\u00f3r. Dozna\u0142 wtedy gro\u017anej kontuzji. Ramelis gra\u0142 w Stomilu prawie 3 lata, a na dodatek znakomicie m\u00f3wi\u0142 po polsku. Cz\u0119sto boryka\u0142 si\u0119 z kontuzjami I to w\u0142a\u015bnie one mocno os\u0142abi\u0142y jego rozw\u00f3j<strong>. W reprezentacji Litwy rozegra\u0142 20 spotka\u0144 i zdoby\u0142 7 bramek. <\/strong><\/p>\n<p><strong><img loading=\"lazy\" decoding=\"async\" class=\"alignnone size-full wp-image-42391\" src=\"https:\/\/wmzpn.pl\/wp-content\/uploads\/2024\/09\/szulik.jpg\" alt=\"\" width=\"200\" height=\"264\" \/>\u00a0Marcin Szulik<\/strong> urodzony 10 stycznia 1977 roku wychowanek klubu Dozamet Nowa S\u00f3l &#8211; jesieni\u0105 1993 roku zmieniono nazw\u0119 klubu na Arka Nowy S\u00f3l. Utalentowany junior trafi\u0142 do reprezentacji Polski U16 i U17. <strong>W reprezentacji Polski U16 walczy\u0142 Mistrzostwo Europy.<\/strong><\/p>\n<figure id=\"attachment_42395\" aria-describedby=\"caption-attachment-42395\" style=\"width: 640px\" class=\"wp-caption aligncenter\"><img loading=\"lazy\" decoding=\"async\" class=\"wp-image-42395 size-large\" src=\"https:\/\/wmzpn.pl\/wp-content\/uploads\/2024\/09\/szulik-2-1024x676.jpg\" alt=\"\" width=\"640\" height=\"423\" srcset=\"https:\/\/wmzpn.pl\/wp-content\/uploads\/2024\/09\/szulik-2-1024x676.jpg 1024w, https:\/\/wmzpn.pl\/wp-content\/uploads\/2024\/09\/szulik-2-300x198.jpg 300w, https:\/\/wmzpn.pl\/wp-content\/uploads\/2024\/09\/szulik-2-768x507.jpg 768w, https:\/\/wmzpn.pl\/wp-content\/uploads\/2024\/09\/szulik-2-1536x1013.jpg 1536w, https:\/\/wmzpn.pl\/wp-content\/uploads\/2024\/09\/szulik-2-696x459.jpg 696w, https:\/\/wmzpn.pl\/wp-content\/uploads\/2024\/09\/szulik-2-1068x705.jpg 1068w, https:\/\/wmzpn.pl\/wp-content\/uploads\/2024\/09\/szulik-2-637x420.jpg 637w, https:\/\/wmzpn.pl\/wp-content\/uploads\/2024\/09\/szulik-2.jpg 2048w\" sizes=\"auto, (max-width: 640px) 100vw, 640px\" \/><figcaption id=\"caption-attachment-42395\" class=\"wp-caption-text\">fot. Ryszard Caban<\/figcaption><\/figure>\n<p>Wiosn\u0105 1994 roku wyjecha\u0142 do Francji, aby sprawdzi\u0107 swoje umiej\u0119tno\u015bci w s\u0142ynnym klubie Saint Etienne. Przebywa\u0142 we Francji p\u00f3\u0142 roku, ale nie podpisano z nim kontraktu. Po powrocie do kraju zagra\u0142 kilka spotka\u0144 w Hutniku Warszawa. W latach 1995-97 reprezentowa\u0142 barwy Polonii Warszawa i rozegra\u0142 w tym czasie 21 spotka\u0144 w pierwszej lidze. W 1997 roku przeszed\u0142 do Stomilu. <strong>W pierwszym sezonie rozegra\u0142 27 spotka\u0144 i zdoby\u0142 trzy bramki.<\/strong> W meczach przeciwko Groclinowi Dyskobolia, GKS Katowice a tak\u017ce Lechowi Pozna\u0144.<\/p>\n<p><strong>W kolejnym sezonie wyst\u0105pi\u0142 w 26 spotkaniach i zdoby\u0142 dwie bramki.<\/strong> W meczach wygranych z Pogoni\u0105 Szczecin i Poloni\u0105 Warszawa. Sezon 1999\/2000 by\u0142 najlepszym jego w Olsztynie. <strong>Rozegra\u0142 29 spotka\u0144 i zdoby\u0142 trzy gole<\/strong> &#8211; w trzech zremisowanych starciach dwukrotnie z Amic\u0105 Wronki i raz z Petrochemi\u0105 P\u0142ock. W sezonie 2000\/01 leczy\u0142 kontuzj\u0119. W ostatnim sezonie Stomilu Olsztyn w pierwszej lidze 2001\/02 rozegra\u0142 22 spotkania.<\/p>\n<p><strong>W barwach Stomilu rozegra\u0142 104 mecze i zdoby\u0142 8 goli.<\/strong> Pod wzgl\u0119dem liczby spotka\u0144 w Stomilu zajmuje pi\u0105te miejsce. Wyprzedzaj\u0105 Marcina tylko Biedrzycki, Januszewski Kwiatkowski i Jankowski. W sezonie 2002\/03 gra\u0142 w G\u00f3rniku Zabrze. Rozegra\u0142 w pierwszej lidze 26 spotka\u0144. Ostatni wyst\u0119p zaliczy\u0142 29 pa\u017adziernika 2003 roku.<\/p>\n<p>W latach 2004-2007 reprezentowa\u0142 Lechi\u0119 Gda\u0144sk &#8211; w trzeciej lidze. Rozegra\u0142 13 spotka\u0144, a nast\u0119pnie w sezonach 2005\/06 i 2006\/07 \u0142\u0105cznie zagra\u0142 w 26 spotkaniach w drugiej lidze. W sezonie 2009\/2010 gra\u0142 w GKS \u017bukowo, a nast\u0119pnym sezonie w KS Chwaszczyno. Powr\u00f3ci\u0142 do rodzinnego miasta Nowa S\u00f3l i w klubie Arka gra\u0142 w sezonach 2010-2012. <strong>Og\u00f3\u0142em w ekstraklasie rozegra\u0142 151 spotka\u0144 i zdoby\u0142 8 goli.<\/strong><\/p>\n<p><strong><img loading=\"lazy\" decoding=\"async\" class=\"alignnone size-full wp-image-42388\" src=\"https:\/\/wmzpn.pl\/wp-content\/uploads\/2024\/09\/preis.jpg\" alt=\"\" width=\"200\" height=\"268\" \/>\u00a0Dariusz Preis<\/strong> urodzony 26 maja 1975 roku w Che\u0142m\u017cy. Wychowanek klubu Legia Che\u0142m\u017ca. W latach 1993-96 gra\u0142 w tym klubie w trzeciej lidze. Utalentowanym zawodnikiem zainteresowa\u0142 si\u0119 drugoligowiec Jeziorak I\u0142awa i w sezonie 1996\/97 reprezentowa\u0142 barwy tego klubu. Dobra gra w I\u0142awie zaowocowa\u0142a i w 1998 roku trafi\u0142 do pierwszoligowego Stomilu Olsztyn.<\/p>\n<p>Debiutowa\u0142 w przegranym spotkaniu w Chorzowie z Ruchem 1:2 i zdoby\u0142 wtedy honorow\u0105 bramk\u0119. Drug\u0105 bramk\u0119 zdoby\u0142 w wygranym spotkaniu 3:2 z G\u00f3rnikiem Zabrze. Przebojem zdoby\u0142 sobie miejsce w pierwszej jedenastce, <strong>rozgrywaj\u0105c 16 spotka\u0144.<\/strong> Podstawowymi zawodnikami Stomilu byli: Cha\u0144ko, Kaczmarczyk, Kwiatkowski, Nowak i Biedrzycki. Stomil zako\u0144czy\u0142 ten sezon na 11 miejscu. <strong>W kolejnym sezonie 1998\/99 rozegra\u0142 23 spotkania w pierwszej lidze.<\/strong> Rywalizacja w linii \u015brodkowej Stomilu by\u0142a du\u017ca.<\/p>\n<p>Grali tam w pomocy: Cha\u0144ko, Preiksaitis, Szulik, Kwiatkowski, Ramelis. Stomil zako\u0144czy\u0142 rozgrywki na 9 miejsce. W sezonie 1999\/00 powr\u00f3ci\u0142 do Jezioraka i gra\u0142 w drugiej lidze. Po spadku dru\u017cyny z I\u0142awy nast\u0119pny sezon sp\u0119dzi\u0142 w klubie Lechia Polonia Gda\u0144sk, gdzie rozegra\u0142 34 spotkania i strzeli\u0142 6 goli. W sezonie 2001\/02, w ostatnim Stomilu w pierwszej lidze, zagra\u0142 23 spotkania i zdoby\u0142 jedn\u0105 bramk\u0119. <strong>Jego dorobek w ekstraklasie\/ pierwszej lidze to 62 spotkania i trzy bramki.<\/strong> W sezonie 2002-2004 gra\u0142 w drugoligowej dru\u017cynie Ceramiki Opoczno &#8211; 53 spotkania i trzy gole. Sezony 2004\/06 sp\u0119dzi\u0142 w KSZO Ostrowiec. Zagra\u0142 w 53 spotkaniach i zdoby\u0142 trzy bramki. W sezonie 2006\/07 reprezentowa\u0142 barwy Toru\u0144skiego Klubu Pi\u0142karskiego. Ostatnie sezony 2007-2014 sp\u0119dzi\u0142 w swoim pierwszym klubie &#8211; Legii Che\u0142m\u017ca. Gra\u0142 w czwartej lidze, a nast\u0119pnie w latach 2008-2010 w III lidze. W sezonie 2008\/09 by\u0142 najlepszym strzelcem zespo\u0142u.<\/p>\n<p>Karier\u0119 zako\u0144czy\u0142 w 2014 roku w Klasie Okr\u0119gowej. Od 2004 roku trenowa\u0142 m\u0142odzie\u017c w Legii Che\u0142m\u017ca. W sezonie 2015\/2016 jako trener A-klasowej dru\u017cyny Victoria Lisewo awansowa\u0142 do Klasy Okr\u0119gowej.<\/p>\n<p><strong><img loading=\"lazy\" decoding=\"async\" class=\"alignnone size-full wp-image-42384\" src=\"https:\/\/wmzpn.pl\/wp-content\/uploads\/2024\/09\/florek.jpg\" alt=\"\" width=\"200\" height=\"255\" \/>\u00a0Marcin Florek<\/strong> urodzony 23 lutego 1998 roku w Szamotu\u0142ach. Wychowanek klubu Sparta Szamotu\u0142y. Gra\u0142 w Szamotu\u0142ach do 1995 roku. W wieku 17 lat przeszed\u0142 do klubu Sok\u00f3\u0142 Pniewy. W pierwszej lidze wyst\u0105pi\u0142 w dw\u00f3ch spotkaniach. W 1997 roku reprezentowa\u0142 Wart\u0119 Pozna\u0144. Pe\u0142ny rozkwit talentu Marcina nast\u0105pi\u0142 w GKS Katowice. W sezonach 1997\/98 i 98\/99 rozegra\u0142 w pierwszej lidze <strong>22 spotkania i zdoby\u0142 trzy bramki<\/strong>.<\/p>\n<p><strong>W Stomilu gra\u0142 w sezonie 1998\/99. Rozegra\u0142 14 spotka\u0144 i zdoby\u0142 dwie bramki<\/strong> \u2013 w wygranym meczu z GKS-em Katowice 2:1, a tak\u017ce zremisowanym z Pogoni\u0105 Szczecin 2:2. Gra\u0142 ca\u0142e spotkanie w wygranych Stomilu 1:0 w Warszawie, oraz w Krakowie w meczu Wis\u0142a vs Stomil. W pozosta\u0142ych spotkaniach by\u0142 na boisku od 12 do 53 minut. Og\u00f3\u0142em przebywa\u0142 na placu gry 625 minut. W 1995 roku rozegra\u0142 w Petrochemii P\u0142ock 2 spotkania, nast\u0119pnie gra\u0142 w GKS Be\u0142chat\u00f3w, Lechu Pozna\u0144 i Polonii Gda\u0144sk i Huraganie Pobiedziska.<\/p>\n<p><strong>Powr\u00f3ci\u0142 do Stomilu i w sezonie 2001\/02 rozegra\u0142 w pierwszej lidze 21 spotka\u0144 i strzeli\u0142 jedn\u0105 bramk\u0119<\/strong> &#8211; w meczu z Amic\u0105 Wronki. Kolejnymi klubami w latach 2002-2011 by\u0142y Unia Janikowo, Warta Pozna\u0144, Aluminium Konin, Sparta Szamotu\u0142y, Mieszko Gniezno, Sok\u00f3\u0142 Pniewy, Sparta Oborniki, Lubuszanin Trzcianka, gdzie zako\u0144czy\u0142 swoj\u0105 pi\u0142karsk\u0105 karier\u0119. Zagra\u0142 w 17 klubach. <strong>W ekstraklasie rozegra\u0142 61 spotka\u0144 i zdoby\u0142 6 bramek.<\/strong><\/p>\n<p><strong><img loading=\"lazy\" decoding=\"async\" class=\"alignnone size-full wp-image-42386\" src=\"https:\/\/wmzpn.pl\/wp-content\/uploads\/2024\/09\/maciejczuk.jpg\" alt=\"\" width=\"147\" height=\"300\" \/> Krzysztof Maciejczuk<\/strong> urodzony 7 sierpnia 1977 roku w Bia\u0142ymstoku &#8211; \u00a0wychowanek klubu sportowego W\u0142\u00f3kniarz Bia\u0142ystok. W latach 1995\/96 gra\u0142 w Jagiellonii II Bia\u0142ystok. W sezonach 1996-98 by\u0142 w kadrze Jagiellonii Bia\u0142ystok, ale oficjalnego spotkania nie zaliczy\u0142. W sezonie 1998\/99 gra\u0142 w Widzewie \u0141\u00f3d\u017a, ale zagra\u0142 w jedno spotkanie w pierwszej lidze. <strong>W sezonie 1998\/99 zosta\u0142 wypo\u017cyczony do Stomilu Olsztyn i zagra\u0142 trzy pe\u0142ne spotkania.<\/strong>\u00a0W nast\u0119pnym sezonie na boisku przebywa\u0142 tylko jeden mecz. Na sezon 1999\/00 zosta\u0142 wypo\u017cyczony do Granicy K\u0119trzyn, graj\u0105cej w III lidze. Po powrocie do Olsztyna nie rozegra\u0142 \u017cadnego spotkania w pierwszej lidze i powr\u00f3ci\u0142 do Jagielloni Bia\u0142ystok. Karier\u0119 zako\u0144czy\u0142 w sezonie 2001\/02 w klubie \u0141KS \u0141om\u017ca. <strong>W pierwszej lidze zagra\u0142 pi\u0119\u0107 spotka\u0144.<\/strong><\/p>\n<p><strong><img loading=\"lazy\" decoding=\"async\" class=\"alignnone size-full wp-image-42387\" src=\"https:\/\/wmzpn.pl\/wp-content\/uploads\/2024\/09\/masnik.jpg\" alt=\"\" width=\"143\" height=\"300\" \/>\u00a0Krzysztof Ma\u015bnik<\/strong> urodzony 21 marca 1975 roku wychowanek klubu T\u0119cza Mi\u0142om\u0142yn. W sezonie 1995\/96 gra\u0142 w III lidze, w zespole Warmii Olsztyn rozegra\u0142 20 spotka\u0144 i strzeli\u0142 cztery bramki. Warmia zaj\u0119\u0142a trzecie miejsce. W sezonie 1996\/97 zosta\u0142 wypo\u017cyczony do Jezioraka I\u0142awa graj\u0105cego w II lidze. Klub z I\u0142awy zako\u0144czy\u0142 rozgrywki na 8 miejscu. Po powrocie z wypo\u017cyczenia gra\u0142 w Warmii Olsztyn w drugiej lidze &#8211; rozegra\u0142 35 spotka\u0144 i zdoby\u0142 pi\u0119\u0107 bramek, ale Warmia spad\u0142a z drugiej ligi.<\/p>\n<p><strong>W sezonie 1998\/99 gra\u0142 w Stomilu Olsztyn, gdzie wyst\u0105pi\u0142 w czterech spotkaniach<\/strong>. W sezonie 1998\/99 wiosn\u0105 gra\u0142 w Elanie Toru\u0144. Nast\u0119pny sezon sp\u0119dzi\u0142 w trzecioligowym zespole Granica K\u0119trzyn. W sezonie 2000\/01 reprezentowa\u0142 barwy klubu Soko\u0142a Ostr\u00f3da w czwartej lidze.<\/p>\n<p>Krzysztof by\u0142 zawodnikiem utalentowanym. Brakowa\u0142o mu wi\u0119kszego zaanga\u017cowania w grze oraz wykorzystania sytuacji podbramkowych. M\u00f3g\u0142 gra\u0107 w wy\u017cszej lidze, ale cechy wolicjonalne zdecydowa\u0142y, \u017ce sko\u0144czy\u0142 karier\u0119 w wieku 26 lat.<\/p>\n<p><strong><img loading=\"lazy\" decoding=\"async\" class=\"alignnone size-full wp-image-42385\" src=\"https:\/\/wmzpn.pl\/wp-content\/uploads\/2024\/09\/klimowicz.jpg\" alt=\"\" width=\"140\" height=\"160\" \/>\u00a0Wadim Klimowicz<\/strong> urodzony 24 pa\u017adziernika 1974 roku. Bia\u0142oruski pi\u0142karz do Stomilu trafi\u0142 w 1998 roku z klubu Dniepr Mohylew . W wieku 24 lat w pierwszej lidze rozegra\u0142 w Olsztynie trzy spotkania. Na boisku sp\u0119dzi\u0142 189 minut. W pe\u0142nym wymiarze czasu gra\u0142 w meczu Stomilu wygranym 3:0 z Wis\u0142\u0105 Krak\u00f3w. W 1999 roku rozegra\u0142 tak\u017ce jedno spotkanie w Petrochemii P\u0142ock (zagra\u0142 minut\u0119). <strong>Og\u00f3\u0142em w ekstraklasie zagra\u0142 w czterech meczach.<\/strong> Plotka niesie, \u017ce pomylono imiona i \u015bci\u0105gni\u0119to zawodnika, kt\u00f3ry podawa\u0142 si\u0119 za mistrza Bia\u0142orusi. Klimowicz po powrocie na Bia\u0142oru\u015b gra\u0142 w Torpedo Mi\u0144sk. Karier\u0119 zako\u0144czy\u0142 w Bie\u0142szynie Dobrujsk.<\/p>\n<p><strong><img loading=\"lazy\" decoding=\"async\" class=\"alignnone size-full wp-image-42390\" src=\"https:\/\/wmzpn.pl\/wp-content\/uploads\/2024\/09\/stretowicz.jpg\" alt=\"\" width=\"188\" height=\"300\" \/>\u00a0Andrzej Stretowicz<\/strong> urodzony 23 lutego 1976 roku w Tczewie \u2013 napastnik. Wychowanek klubu Wis\u0142a Tczew. Gra\u0142 w tym klubie do 1996 roku. Sezon 1996\/97 sp\u0119dzi\u0142 w klubie Korona Kielce. W kolejnym sezonie by\u0142 zawodnikiem trzecioligowej Lechii Gda\u0144sk i rozegra\u0142 18 spotka\u0144. Swoj\u0105 kr\u00f3tk\u0105 przygod\u0119 ze Stomilem mia\u0142 w sezonie 1998\/99. <strong>Wchodzi\u0142 w pierwszej lidze na boisko trzy razy i rozegra\u0142 13 minut<\/strong>. Gra\u0142 w rezerwach Stomilu. W sezonie 1999\/00 wyst\u0119powa\u0142 w trzecioligowym zespole Pomezani Malbork, kt\u00f3ry pod wodz\u0105 trenera Bogus\u0142awa Oblewskiego, zapewni\u0142 sobie awans do drugiej ligi.<\/p>\n<p>Kolejnymi klubami by\u0142y Wis\u0142a Tczew oraz Ok\u0119cie Warszawa w sezonach 2000-2002. Sezon 2002\/03 sp\u0119dzi\u0142 w dalekim Wietnamie w miejscowo\u015bci Da Nong. Trenerem by\u0142 Jerzy Masztaler. Po powrocie z Wietnamu gra\u0142 w Mazowszu Gr\u00f3jec. W sezonie 2005\/06 gra\u0142 w Unii Skierniewice, a nast\u0119pnie\u00a0 zaliczy\u0142 wyst\u0119py w klubach w Islandii, Norwegii a nawet Polonii Nowy York. Karier\u0119 zako\u0144czy\u0142, graj\u0105c w Dolcanie Z\u0105bki.<\/p>\n<p><strong><img loading=\"lazy\" decoding=\"async\" class=\"alignnone size-full wp-image-42383\" src=\"https:\/\/wmzpn.pl\/wp-content\/uploads\/2024\/09\/bykowski.jpg\" alt=\"\" width=\"159\" height=\"300\" \/>\u00a0Maciej Bykowski<\/strong> ur. 22 lutego 1977 w Elbl\u0105gu \u2013 Napastnik 177 cm wzrostu. Pierwsze kroki Ma\u0107ka w futbolu mo\u017cna pozna\u0107 w publikacji WMZPN \u201eTu Zaczyna\u0142em\u201d z 22 lutego 2019 roku. Maciej w genach otrzyma\u0142 talent do futbolu. Tata Ma\u0107ka by\u0142 pi\u0142karzem, kt\u00f3ry rozpocz\u0105\u0142 gr\u0119 w Polonii Bydgoszcz, a potem gra\u0142 w klubie Agat Jeg\u0142ownik. Smyka\u0142k\u0119 do futbolu Macieja Bykowskiego wypatrzy\u0142 zas\u0142u\u017cony trener Stefan Weso\u0142owski. Nam\u00f3wi\u0142 Ma\u0107ka do rozpocz\u0119cia trening\u00f3w w Olimpii Elbl\u0105g.<\/p>\n<p>Maciej Mieszka\u0142 blisko stadionu przy ulicy Skrzydlatej i jak wspomina na treningi chodzi\u0142 ju\u017c przebrany. Ju\u017c w wieku 16 lat zacz\u0105\u0142 gra\u0107 w trzeciej lidze. R\u00f3wnolegle wyst\u0119powa\u0142 w lidze mi\u0119dzywojew\u00f3dzkiej junior\u00f3w. Kibicom z Elbl\u0105ga zaimponowa\u0142 w 1994 roku, gdy w towarzyskim meczu z G\u00f3rnikiem Zabrze strzeli\u0142 3 gole. Do Soko\u0142a Tychy trafi\u0142 w 1995 roku, w wieku 18 lat. \u015aci\u0105gn\u0105\u0142 go tam trener \u201eBobo\u201d Kaczmarek. Zadebiutowa\u0142 w meczu przeciwko Legii Warszawa. Zagra\u0142 ostatnie 14 minut. Debiutowa\u0142 r\u00f3wnie\u017c wtedy Jerzy Dudek, kt\u00f3ry mieszka\u0142 z Ma\u0107kiem w jednym pokoju. W Sokole Tychy wyst\u0119powa\u0142 do 1997 roku. Zagra\u0142 w 15 spotkaniach w pierwszej lidze. W sezonie 1996\/97 Sok\u00f3\u0142 Tychy rozpad\u0142 si\u0119 i nie zap\u0142aci\u0142 Polonii Elbl\u0105g raty za transfer. Maciej wr\u00f3ci\u0142 do Elbl\u0105ga i zagra\u0142 kilka spotka\u0144 w trzeciej lidze.<\/p>\n<p><strong>Zosta\u0142 powo\u0142any do Kadry Olimpijskiej w Sydney prowadzonej przez Paw\u0142a Janasa.<\/strong> Zagra\u0142 w kilku meczach eliminacyjnych do Igrzysk.<\/p>\n<p><img loading=\"lazy\" decoding=\"async\" class=\"aligncenter wp-image-42394 size-full\" src=\"https:\/\/wmzpn.pl\/wp-content\/uploads\/2024\/09\/byko.jpg\" alt=\"\" width=\"459\" height=\"606\" srcset=\"https:\/\/wmzpn.pl\/wp-content\/uploads\/2024\/09\/byko.jpg 459w, https:\/\/wmzpn.pl\/wp-content\/uploads\/2024\/09\/byko-227x300.jpg 227w, https:\/\/wmzpn.pl\/wp-content\/uploads\/2024\/09\/byko-318x420.jpg 318w\" sizes=\"auto, (max-width: 459px) 100vw, 459px\" \/><\/p>\n<p>W zespole tym gra\u0142 tak\u017ce Marcin Szulik ze Stomilu. Po m\u0142odzie\u017cowego reprezentanta kraju zg\u0142osi\u0142 si\u0119 Lech Pozna\u0144. Do Lecha przyszed\u0142 wiosn\u0105 1997 roku. Trenerem by\u0142 Ryszard Polak. Maciej Bykowski, ju\u017c w drugim meczu w Lechu strzeli\u0142 gola, w starciu z Widzewem \u0141\u00f3d\u017a. <strong>Do jesieni 1998 roku rozegra\u0142 44 spotkania i strzeli\u0142 7 goli.<\/strong> Lech wpad\u0142 w k\u0142opoty finansowe i kart\u0119 zawodnika Macieja Bykowskiego wykupi\u0142 menad\u017cer Krzysztof Sieja. W sezonie 1998\/99 Bykowski gra\u0142 w GKS Be\u0142chat\u00f3w i rozegra\u0142 23 spotkania, strzelaj\u0105c w nich 4 gole. Trener Kaczmarek zosta\u0142 trenerem Stomilu i latem 1999 roku sprowadzi\u0142 Ma\u0107ka do Olsztyna.<\/p>\n<p><strong>W rundzie jesiennej sezonu 1999\/2000 rozegra\u0142 wszystkie 15 spotka\u0144 i strzeli\u0142 3 gole.<\/strong> Trafia\u0142 w spotkaniach z Ruchem Radzionk\u00f3w, Lechem Pozna\u0144 i G\u00f3rnikiem Zabrze. Maciej opu\u015bci\u0142 Stomil, poniewa\u017c klub nie zap\u0142aci\u0142 drugiej raty za transfer. Trafi\u0142 do Polonii Warszawa w najlepszym okresie tego klubu. <strong>W latach 2000\/03 rozegra\u0142 65 spotka\u0144 i strzeli\u0142 15 goli<\/strong><\/p>\n<figure id=\"attachment_42393\" aria-describedby=\"caption-attachment-42393\" style=\"width: 900px\" class=\"wp-caption alignnone\"><img loading=\"lazy\" decoding=\"async\" class=\"wp-image-42393 size-full\" src=\"https:\/\/wmzpn.pl\/wp-content\/uploads\/2024\/09\/bykowski.jpeg\" alt=\"\" width=\"900\" height=\"646\" srcset=\"https:\/\/wmzpn.pl\/wp-content\/uploads\/2024\/09\/bykowski.jpeg 900w, https:\/\/wmzpn.pl\/wp-content\/uploads\/2024\/09\/bykowski-300x215.jpeg 300w, https:\/\/wmzpn.pl\/wp-content\/uploads\/2024\/09\/bykowski-768x551.jpeg 768w, https:\/\/wmzpn.pl\/wp-content\/uploads\/2024\/09\/bykowski-696x500.jpeg 696w, https:\/\/wmzpn.pl\/wp-content\/uploads\/2024\/09\/bykowski-585x420.jpeg 585w\" sizes=\"auto, (max-width: 900px) 100vw, 900px\" \/><figcaption id=\"caption-attachment-42393\" class=\"wp-caption-text\">fot. dumastolicy.pl<\/figcaption><\/figure>\n<p>Maciej by\u0142 idealnym partnerem boiskowym dla Emanuela Olisadebe. By\u0142 silny, gra\u0142 znakomicie ty\u0142em do bramki. Polonia w 2000 roku zdoby\u0142a Mistrzostwo Polski i Puchar Ligi. W 2001 roku Puchar Polski i Superpuchar. Gra\u0142a tak\u017ce, ale bez powodzenia w Pucharze UEFA. Na wyje\u017adzie przegra\u0142a 0:6 z FC Porto, a w rewan\u017cu wygra\u0142a 2:0. W eliminacjach do Ligi Mistrz\u00f3w przegra\u0142a z Panathinaikosem, a w Pucharze UEFA z Udinese Calcio.<\/p>\n<p><img loading=\"lazy\" decoding=\"async\" class=\"aligncenter wp-image-42430 size-full\" src=\"https:\/\/wmzpn.pl\/wp-content\/uploads\/2024\/09\/84c22bf94284989672d25a4e11af.jpeg\" alt=\"\" width=\"719\" height=\"1024\" srcset=\"https:\/\/wmzpn.pl\/wp-content\/uploads\/2024\/09\/84c22bf94284989672d25a4e11af.jpeg 719w, https:\/\/wmzpn.pl\/wp-content\/uploads\/2024\/09\/84c22bf94284989672d25a4e11af-211x300.jpeg 211w, https:\/\/wmzpn.pl\/wp-content\/uploads\/2024\/09\/84c22bf94284989672d25a4e11af-696x991.jpeg 696w, https:\/\/wmzpn.pl\/wp-content\/uploads\/2024\/09\/84c22bf94284989672d25a4e11af-295x420.jpeg 295w\" sizes=\"auto, (max-width: 719px) 100vw, 719px\" \/><\/p>\n<p>W sezonie 2002\/03 Bykowski gra\u0142 w I ligowej Szczakowiance Jaworzno i rozegra\u0142 12 spotka\u0144. W kolejnym sezonie wyjecha\u0142 do Grecji. W klubie OFI Kreta rozegra\u0142 24 spotkania i zdoby\u0142 3 gol. Zainteresowa\u0142 si\u0119 nim Panathinaikos Ateny. <strong>Podpisa\u0142 kontrakt i zagra\u0142 6 mecz\u00f3w, w kt\u00f3rych strzeli\u0142 4 gole. <\/strong>Nowy trener nie widzia\u0142 Macieja w swojej koncepcji, wi\u0119c wr\u00f3ci\u0142 on do Polski.<\/p>\n<p>W sezonie 2005\/06 gra\u0142 w G\u00f3rniku Zabrze, gdzie po raz trzeci spotka\u0142 si\u0119 z trenerem Kaczmarkiem. <strong>Rozegra\u0142 26 spotka\u0144 i zdoby\u0142 4 gole.<\/strong> Zat\u0119skni\u0142 za s\u0142oneczn\u0105 Gracj\u0105 i kolejne trzy sezony sp\u0119dzi\u0142 w tym kraju:<\/p>\n<p>2006\/08: AS Verin \u2013 48 spotka\u0144 i 8 bramek<\/p>\n<p>2008\/09: Diogones Rodos \u2013 11 spotka\u0144 i 8 bramek<\/p>\n<p>Po powrocie do kraju zagra\u0142 jeszcze w dw\u00f3ch klubach pierwszoligowych: Polonia Bytom \u2013 21 spotka\u0144 i \u0141KS \u0141\u00f3d\u017a \u2013 13 spotka\u0144.<\/p>\n<p><strong>Og\u00f3\u0142em w ekstraklasie zagra\u0142 238 mecz\u00f3w i strzeli\u0142 38 bramek. <\/strong><\/p>\n<p>Jest trenerem UEFA A. Wraz z Maciejem Mi\u0119cielem za\u0142o\u017cyli w 2021 roku \u201eSzk\u00f3\u0142k\u0119 techniki Futbolu Champion\u201d, Syn Macieja -Marcel zosta\u0142 powo\u0142any do Kadry Polski U20. Jest zawodnikiem Kotwicy Ko\u0142obrzeg.<\/p>\n<p>*zdj\u0119cia czy imionach pochodz\u0105 ze strony stomil.olsztyn.pl i 90minut.pl<\/p>\n<p style=\"text-align: right;\"><span style=\"text-align: right; color: initial;\">W<\/span><span style=\"color: initial; text-align: right; font-size: revert;\">ojciech Linow<\/span><\/p>\n","protected":false},"excerpt":{"rendered":"<p>Stomil Olsztyn w swoim pi\u0105tym sezonie w pierwszej lidze kolejny raz musia\u0142 boryka\u0107 si\u0119 z uzupe\u0142nieniem sk\u0142adu. Z zespo\u0142u odszed\u0142 Rafa\u0142 Kaczmarczyk do Widzewa \u0141\u00f3d\u017a, Sebastian Nowak do Legii Warszawa, Jacek P\u0142ucennik powr\u00f3ci\u0142 do \u0141KS \u0141\u00f3d\u017a, Andrzeja Jankowski wyjecha\u0142 do Belgii. Wzmocnieniem byli dwaj Litwini oraz Pawe\u0142 Holc i Piotr Matys. Kasa klubu by\u0142a pusta, [&hellip;]<\/p>\n","protected":false},"author":11,"featured_media":42397,"comment_status":"open","ping_status":"open","sticky":false,"template":"","format":"standard","meta":{"footnotes":""},"categories":[12,288],"tags":[],"class_list":["post-42381","post","type-post","status-publish","format-standard","has-post-thumbnail","hentry","category-aktualnosci","category-kacik-historyczny-wojciecha-linowa"],"_links":{"self":[{"href":"https:\/\/wmzpn.pl\/index.php?rest_route=\/wp\/v2\/posts\/42381","targetHints":{"allow":["GET"]}}],"collection":[{"href":"https:\/\/wmzpn.pl\/index.php?rest_route=\/wp\/v2\/posts"}],"about":[{"href":"https:\/\/wmzpn.pl\/index.php?rest_route=\/wp\/v2\/types\/post"}],"author":[{"embeddable":true,"href":"https:\/\/wmzpn.pl\/index.php?rest_route=\/wp\/v2\/users\/11"}],"replies":[{"embeddable":true,"href":"https:\/\/wmzpn.pl\/index.php?rest_route=%2Fwp%2Fv2%2Fcomments&post=42381"}],"version-history":[{"count":13,"href":"https:\/\/wmzpn.pl\/index.php?rest_route=\/wp\/v2\/posts\/42381\/revisions"}],"predecessor-version":[{"id":42431,"href":"https:\/\/wmzpn.pl\/index.php?rest_route=\/wp\/v2\/posts\/42381\/revisions\/42431"}],"wp:featuredmedia":[{"embeddable":true,"href":"https:\/\/wmzpn.pl\/index.php?rest_route=\/wp\/v2\/media\/42397"}],"wp:attachment":[{"href":"https:\/\/wmzpn.pl\/index.php?rest_route=%2Fwp%2Fv2%2Fmedia&parent=42381"}],"wp:term":[{"taxonomy":"category","embeddable":true,"href":"https:\/\/wmzpn.pl\/index.php?rest_route=%2Fwp%2Fv2%2Fcategories&post=42381"},{"taxonomy":"post_tag","embeddable":true,"href":"https:\/\/wmzpn.pl\/index.php?rest_route=%2Fwp%2Fv2%2Ftags&post=42381"}],"curies":[{"name":"wp","href":"https:\/\/api.w.org\/{rel}","templated":true}]}}