{"id":42123,"date":"2024-08-29T12:28:28","date_gmt":"2024-08-29T12:28:28","guid":{"rendered":"https:\/\/wmzpn.pl\/?p=42123"},"modified":"2024-09-02T12:33:03","modified_gmt":"2024-09-02T12:33:03","slug":"wyjazdowe-konsultacje-szkoleniowe-kadry-wmzpn-rocznikow-2011-i-2012","status":"publish","type":"post","link":"https:\/\/wmzpn.pl\/?p=42123","title":{"rendered":"Wyjazdowe konsultacje szkoleniowe Kadry WMZPN rocznik\u00f3w 2011 i 2012"},"content":{"rendered":"\n<p>W dniach 3-4 wrze\u015bnia w Bielsku Podlaskim odb\u0119d\u0105 si\u0119 konsultacje szkoleniowe Kadry WMZPN rocznik\u00f3w 2011 i 2012.<\/p>\n\n\n\n<div class=\"wp-block-file\"><a id=\"wp-block-file--media-5e30ee60-7b73-4ed9-baf8-2889dcbe5c9e\" href=\"https:\/\/wmzpn.pl\/wp-content\/uploads\/2024\/08\/powolanie_2011_3-4.09.2024_bielsk_podlaski.pdf\">Lista powo\u0142anych rocznika 2011<\/a><a href=\"https:\/\/wmzpn.pl\/wp-content\/uploads\/2024\/08\/powolanie_2011_3-4.09.2024_bielsk_podlaski.pdf\" class=\"wp-block-file__button wp-element-button\" download aria-describedby=\"wp-block-file--media-5e30ee60-7b73-4ed9-baf8-2889dcbe5c9e\">Pobierz<\/a><\/div>\n\n\n\n<div class=\"wp-block-file\"><a id=\"wp-block-file--media-f13a2e6d-1097-45e5-a3d6-7ce2e85dc430\" href=\"https:\/\/wmzpn.pl\/wp-content\/uploads\/2024\/08\/powolanie_2012_3-4.09.2024_Bielsk-Podlaski-1.pdf\">Lista powo\u0142anych rocznika 2012<\/a><a href=\"https:\/\/wmzpn.pl\/wp-content\/uploads\/2024\/08\/powolanie_2012_3-4.09.2024_Bielsk-Podlaski-1.pdf\" class=\"wp-block-file__button wp-element-button\" download aria-describedby=\"wp-block-file--media-f13a2e6d-1097-45e5-a3d6-7ce2e85dc430\">Pobierz<\/a><\/div>\n\n\n\n<p>Zbi\u00f3rka zawodnik\u00f3w dnia 3 wrze\u015bnia br. (wtorek) o godzinie 11:00, siedziba WMZPN al. Pi\u0142sudskiego 69A w Olsztynie.<\/p>\n","protected":false},"excerpt":{"rendered":"<p>W dniach 3-4 wrze\u015bnia w Bielsku Podlaskim odb\u0119d\u0105 si\u0119 konsultacje szkoleniowe Kadry WMZPN rocznik\u00f3w 2011 i 2012. Zbi\u00f3rka zawodnik\u00f3w dnia 3 wrze\u015bnia br. (wtorek) o godzinie 11:00, siedziba WMZPN al. Pi\u0142sudskiego 69A w Olsztynie.<\/p>\n","protected":false},"author":11,"featured_media":42198,"comment_status":"open","ping_status":"open","sticky":false,"template":"","format":"standard","meta":{"footnotes":""},"categories":[12,67],"tags":[],"class_list":["post-42123","post","type-post","status-publish","format-standard","has-post-thumbnail","hentry","category-aktualnosci","category-kadry-wmzpn"],"_links":{"self":[{"href":"https:\/\/wmzpn.pl\/index.php?rest_route=\/wp\/v2\/posts\/42123","targetHints":{"allow":["GET"]}}],"collection":[{"href":"https:\/\/wmzpn.pl\/index.php?rest_route=\/wp\/v2\/posts"}],"about":[{"href":"https:\/\/wmzpn.pl\/index.php?rest_route=\/wp\/v2\/types\/post"}],"author":[{"embeddable":true,"href":"https:\/\/wmzpn.pl\/index.php?rest_route=\/wp\/v2\/users\/11"}],"replies":[{"embeddable":true,"href":"https:\/\/wmzpn.pl\/index.php?rest_route=%2Fwp%2Fv2%2Fcomments&post=42123"}],"version-history":[{"count":2,"href":"https:\/\/wmzpn.pl\/index.php?rest_route=\/wp\/v2\/posts\/42123\/revisions"}],"predecessor-version":[{"id":42129,"href":"https:\/\/wmzpn.pl\/index.php?rest_route=\/wp\/v2\/posts\/42123\/revisions\/42129"}],"wp:featuredmedia":[{"embeddable":true,"href":"https:\/\/wmzpn.pl\/index.php?rest_route=\/wp\/v2\/media\/42198"}],"wp:attachment":[{"href":"https:\/\/wmzpn.pl\/index.php?rest_route=%2Fwp%2Fv2%2Fmedia&parent=42123"}],"wp:term":[{"taxonomy":"category","embeddable":true,"href":"https:\/\/wmzpn.pl\/index.php?rest_route=%2Fwp%2Fv2%2Fcategories&post=42123"},{"taxonomy":"post_tag","embeddable":true,"href":"https:\/\/wmzpn.pl\/index.php?rest_route=%2Fwp%2Fv2%2Ftags&post=42123"}],"curies":[{"name":"wp","href":"https:\/\/api.w.org\/{rel}","templated":true}]}}