{"id":42033,"date":"2024-08-25T16:55:43","date_gmt":"2024-08-25T16:55:43","guid":{"rendered":"https:\/\/wmzpn.pl\/?p=42033"},"modified":"2024-08-30T08:41:16","modified_gmt":"2024-08-30T08:41:16","slug":"kacik-historyczny-wojciecha-linowa-rodzina-biedrzyckich","status":"publish","type":"post","link":"https:\/\/wmzpn.pl\/?p=42033","title":{"rendered":"K\u0105cik historyczny Wojciecha Linowa- Rodzina Biedrzyckich"},"content":{"rendered":"<p><strong><img loading=\"lazy\" decoding=\"async\" class=\"alignnone size-full wp-image-42036\" src=\"https:\/\/wmzpn.pl\/wp-content\/uploads\/2024\/08\/biedrza-2.jpg\" alt=\"\" width=\"200\" height=\"268\" \/> \u00a0Andrzej Biedrzycki<\/strong> urodzony 19 pa\u017adziernik 1966 w Biskupcu &#8211; zmar\u0142 24 kwietnia 2017 w Olsztynie &#8211; obro\u0144ca 180 cm wzrostu. Swoj\u0105 d\u0142ugoletni\u0105 pi\u0142karsk\u0105 karier\u0119 rozpoczyna\u0142 w rodzinnym Biskupcu, w Mi\u0119dzyzak\u0142adowym Ludowym Klubie Sportowym T\u0119cza Biskupiec. Andrzej gra\u0142 w zespo\u0142ach trampkarzy junior\u00f3w w 1981 roku. Po uko\u0144czeniu szko\u0142y podstawowej zg\u0142osi\u0142 si\u0119 do OKS Stomil Olsztyn. By\u0142 bardzo ambitny i chcia\u0142 dobrze gra\u0107 w pi\u0142k\u0119 no\u017cn\u0105. Popularny Biedrza, gdy trafi\u0142 do Olsztyna nie przepowiadano mu wielkiej kariery. By\u0142 silny, szybki, ale posiada\u0142 braki techniczne oraz z powodu wielkiej ambicji sk\u0142onny by\u0142 do gry faul. Andrzej gra\u0142 w latach 1981-1985 w zespo\u0142ach junior\u00f3w Stomilu.<\/p>\n<p>Powo\u0142ywany by\u0142 tak\u017ce do kadry wojew\u00f3dztwa. Co ciekawe, to gra\u0142 w tym czasie w ataku i strzela\u0142 bramki. <strong>Andrzej jest jednym z zawodnik\u00f3w ze Stomilu, kt\u00f3ry awansowa\u0142 z trzeciej ligi a\u017c do pierwszej<\/strong>. W sezonie 1984-85 by\u0142 w kadrze zespo\u0142u senior\u00f3w, kt\u00f3ry graj\u0105c w III lidze zaj\u0105\u0142 pi\u0105te miejsce. W kolejnym sezonie Stomil zaj\u0105\u0142 sz\u00f3ste miejsce, a trenerem by\u0142 Jerzy Rejdych. Andrzej zdoby\u0142 w tym sezonie dwie bramki. Podstawowym zawodnikiem Stomilu zosta\u0142 w sezonie 1986\/87. Stomil rywalizowa\u0142 o mistrzostwo III ligi z Gwardi\u0105 Szczytno, ale zaj\u0105\u0142 drugie miejsce. <strong>W nast\u0119pnym sezonie zesp\u00f3\u0142 prowadzony przez trenera Zbigniewa Wodniaka po zaci\u0119tej rywalizacji z Bugiem Wyszk\u00f3w awansowa\u0142 do wy\u017cszej klasy rozgrywkowej. <\/strong><\/p>\n<p>Andrzej by\u0142 wyr\u00f3\u017cniaj\u0105cym si\u0119 zawodnikiem zespo\u0142u. <strong>W swoim pierwszym sezonie w drugiej lidze 1988\/89 Andrzej Biedrzycki rozegra\u0142 22 spotkania<\/strong> &#8211; Trener Wodniak, a od rundy wiosennej Wojciech Nied\u017awiecki. Stomil zaj\u0105\u0142 11 miejsce, ale w wyniku zmniejszenia drugiej ligi opu\u015bci\u0142 szeregi tej klasy rozgrywkowej. W sezonie 1989\/90 Stomil wsp\u00f3lnie z Poloni\u0105 Warszawa awansowa\u0142 do drugiej ligi &#8211; trenerem zespo\u0142u by\u0142 Jerzy Budzi\u0142ek. <strong>Andrzej rozegra\u0142 wszystkie 26 spotka\u0144 i zdoby\u0142 14 bramek<\/strong>. Wi\u0119cej zdoby\u0142 tylko Mariusz Szul\u017cycki \u2013 17. Trener Budzi\u0142ek wystawia\u0142 Andrzeja w formacji ataku.<\/p>\n<figure id=\"attachment_42034\" aria-describedby=\"caption-attachment-42034\" style=\"width: 640px\" class=\"wp-caption aligncenter\"><img loading=\"lazy\" decoding=\"async\" class=\"wp-image-42034 size-large\" src=\"https:\/\/wmzpn.pl\/wp-content\/uploads\/2024\/08\/12-1024x804.jpg\" alt=\"\" width=\"640\" height=\"503\" srcset=\"https:\/\/wmzpn.pl\/wp-content\/uploads\/2024\/08\/12-1024x804.jpg 1024w, https:\/\/wmzpn.pl\/wp-content\/uploads\/2024\/08\/12-300x236.jpg 300w, https:\/\/wmzpn.pl\/wp-content\/uploads\/2024\/08\/12-768x603.jpg 768w, https:\/\/wmzpn.pl\/wp-content\/uploads\/2024\/08\/12-696x547.jpg 696w, https:\/\/wmzpn.pl\/wp-content\/uploads\/2024\/08\/12-1068x839.jpg 1068w, https:\/\/wmzpn.pl\/wp-content\/uploads\/2024\/08\/12-535x420.jpg 535w, https:\/\/wmzpn.pl\/wp-content\/uploads\/2024\/08\/12.jpg 1328w\" sizes=\"auto, (max-width: 640px) 100vw, 640px\" \/><figcaption id=\"caption-attachment-42034\" class=\"wp-caption-text\">Ruciane-Nida Ob\u00f3z Stomilu Olsztyn po awansie do II Ligi 1988 &#8211; Szul\u017cycki, Jastalski, Jankowski, Roszkiewicz, Michalewski, Szter, Biedrzycki. D\u00f3\u0142: Szyma\u0144ski, Opali\u0144ski, \u017bygo, Romanowski, Baca, Wa\u0107kowski.<\/figcaption><\/figure>\n<p>Sezon 1991\/92 Stomil trenowany przez Jerzego Budzi\u0142ka, a nast\u0119pnie Zbigniewa Wodniaka zako\u0144czy\u0142 na 12 miejscu. <strong>Andrzej rozegra\u0142 33 spotkania i zdoby\u0142 cztery bramki.<\/strong> Gole te strzela\u0142 w spotkaniu z Gwardi\u0105 Warszawa, Sandecj\u0105 Nowy S\u0105cz, Zawisz\u0105 Bydgoszcz i Siark\u0105 Tarnobrzeg. By\u0142y to wa\u017cne gole, kt\u00f3re pozwoli\u0142y Stomilowi na utrzymanie si\u0119 w drugiej lidze. Po przyj\u015bciu trenera Bogus\u0142awa Kaczmarka do Stomilu w sezonie 1992\/93 klub z Olsztyna zaj\u0105\u0142 pi\u0105te miejsce w drugiej lidze. Andrzej zagra\u0142 w 33 spotkaniach i zdoby\u0142 cztery bramki \u2013 dwie na inauguracje w Olsztynie z GKS-em Be\u0142chat\u00f3w i Wis\u0142ok\u0105 D\u0119bica. W sezonie 1993\/94 w rundzie jesiennej trenerem by\u0142 Pawe\u0142 Dawidczy\u0144ski i Stomil, dru\u017cyna bez gwiazd i wielkich nazwisk swoj\u0105 postaw\u0105 zaskoczy\u0142a inne kluby.<\/p>\n<p>Jesie\u0144 potwierdzi\u0142a, \u017ce zesp\u00f3\u0142 z Olsztyna sta\u0107 na w\u0142\u0105czenie si\u0119 do walki o ekstraklas\u0119. <strong>Wiosn\u0105 do Stomilu powr\u00f3ci\u0142 trener Bobo Kaczmarek i klub zapewni\u0142 sobie awans jeszcze przed oficjalnym zako\u0144czeniem sezonu.<\/strong> Zdoby\u0142 49 punkt\u00f3w z bilansem bramkowym 52 do 20.<\/p>\n<p><iframe loading=\"lazy\" title=\"Feta z okazji awansu Stomilu Olsztyn do Ekstraklasy (15.06.1994 r.)\" width=\"640\" height=\"480\" src=\"https:\/\/www.youtube.com\/embed\/gwOMsZayW0c?feature=oembed\" frameborder=\"0\" allow=\"accelerometer; autoplay; clipboard-write; encrypted-media; gyroscope; picture-in-picture; web-share\" referrerpolicy=\"strict-origin-when-cross-origin\" allowfullscreen><\/iframe><\/p>\n<p>Po ostatnim spotkaniu wygranym z Okocimskim Brzesko odby\u0142a si\u0119 wielka feta, zwi\u0105zana z awansem do pierwszej ligi. <strong>W sezonie tym Biedrza zagra\u0142 30 spotka\u0144<\/strong>.<\/p>\n<p><img loading=\"lazy\" decoding=\"async\" class=\"aligncenter wp-image-42035 size-large\" src=\"https:\/\/wmzpn.pl\/wp-content\/uploads\/2024\/08\/biedrza-1-1024x700.jpg\" alt=\"\" width=\"640\" height=\"438\" srcset=\"https:\/\/wmzpn.pl\/wp-content\/uploads\/2024\/08\/biedrza-1-1024x700.jpg 1024w, https:\/\/wmzpn.pl\/wp-content\/uploads\/2024\/08\/biedrza-1-300x205.jpg 300w, https:\/\/wmzpn.pl\/wp-content\/uploads\/2024\/08\/biedrza-1-768x525.jpg 768w, https:\/\/wmzpn.pl\/wp-content\/uploads\/2024\/08\/biedrza-1-1536x1051.jpg 1536w, https:\/\/wmzpn.pl\/wp-content\/uploads\/2024\/08\/biedrza-1-218x150.jpg 218w, https:\/\/wmzpn.pl\/wp-content\/uploads\/2024\/08\/biedrza-1-696x476.jpg 696w, https:\/\/wmzpn.pl\/wp-content\/uploads\/2024\/08\/biedrza-1-1068x731.jpg 1068w, https:\/\/wmzpn.pl\/wp-content\/uploads\/2024\/08\/biedrza-1-614x420.jpg 614w, https:\/\/wmzpn.pl\/wp-content\/uploads\/2024\/08\/biedrza-1.jpg 1915w\" sizes=\"auto, (max-width: 640px) 100vw, 640px\" \/><\/p>\n<p>Fot. Polska Pi\u0142ka No\u017cna<\/p>\n<p>Andrzej Biedrzycki w Stomilu Olsztyn rozegra\u0142 7 sezon\u00f3w w pierwszej lidze:<\/p>\n<p><strong>1994\/95<\/strong> &#8211; 28 spotka\u0144 &#8211; trener Bogus\u0142aw Kaczmarek &#8211; Stomil na 14 miejscu \u2013 30 punkt\u00f3w<\/p>\n<p><strong>1995\/96<\/strong> &#8211; 32 spotkania i jedna bramka &#8211; trenerzy Ryszard Polak i Mieczys\u0142aw Korzeniowski &#8211; Stomil na 6 miejscu &#8211; 46 punkt\u00f3w.<\/p>\n<p><strong>Sezon 1996\/97<\/strong> &#8211; 30 spotka\u0144 i jedna bramka &#8211; Stomil na 9 miejscu &#8211; 44 punkty &#8211; trenerzy Jerzy Masztaler i Bogus\u0142aw Oblewski<\/p>\n<p><strong>Sezon 1997\/98<\/strong> &#8211; 28 spotka\u0144 &#8211; trenerzy Bogus\u0142aw Oblewski i Mieczys\u0142aw Broniszewski &#8211; Stomil na 11 miejscu &#8211; 44 punkty<\/p>\n<p><strong>Sezon 1998\/99<\/strong> &#8211; 26 spotka\u0144 &#8211; trenerzy Mieczys\u0142aw Broniszewski i Romuald Szukie\u0142owicz \u2013 Stomil\u00a0 na 9 miejscu &#8211; 37 punkt\u00f3w<\/p>\n<p><strong>Sezon 1999\/2000<\/strong> &#8211; 30 spotka\u0144 &#8211; trener Bogus\u0142aw Kaczmarek &#8211; Stomil na 8 miejscu &#8211; 37 punkt\u00f3w<\/p>\n<p><strong>Sezon 2000\/2001 &#8211;<\/strong> 23 spotkania &#8211; trenerzy Zdzis\u0142aw Podedworny, Stanis\u0142aw Dawidczy\u0144ski, J\u00f3zef \u0141obocki, Dariusz Jarecki, Zbigniew Kie\u017cun &#8211; Stomil na 14 miejscu, po bara\u017cach z G\u00f3rnikiem Polkowice.<\/p>\n<p><strong>Andrzej Biedrzycki w Stomilu w I lidze rozegra\u0142 196 spotka\u0144 i zdoby\u0142 12 bramek. <\/strong>W tym167 spotka\u0144 w pe\u0142nym wymiarze czasu. <strong>Wyliczono \u017ce na boisku sp\u0119dzi\u0142 16 252 minuty<\/strong>. Nast\u0119pni w kolejno\u015bci pi\u0142karze rozegrali w Stomilu: Artur Januszewski 129 spotka\u0144, Marek Kwiatkowski 122 spotkania.<\/p>\n<p>Przed sezonem 2001\/2002 ostatnim Stomilu w pierwszej lidze Andrzej Biedrzycki skonfliktowa\u0142 si\u0119 z prezesem klubu oraz trenerem i wypo\u017cyczony zosta\u0142 do Jagiellonii Bia\u0142ystok. W drugiej lidze w barwach bia\u0142ostockiego klubu rozegra\u0142 25 spotka\u0144. W 2002 roku powr\u00f3ci\u0142 do Stomilu i w drugiej lidze rozegra\u0142 jeszcze 8 spotka\u0144 i w wieku 38 lat zako\u0144czy\u0142 karier\u0119 jako zawodnik.<\/p>\n<p>Kariera trenerska:<\/p>\n<p>2004 rok Warmia i Mazury 1945 Olsztyn, klub kt\u00f3ry powsta\u0142 z rezerw i II zespo\u0142u junior\u00f3w. Awansowa\u0142 z trenerem Andrzejem Biedrzyckim do czwartej ligi. Po kilku spotkaniach w III lidze zosta\u0142 zwolniony.<\/p>\n<p>2005 rok Mr\u0105gowia Mr\u0105gowo &#8211; III miejsce w czwartej lidze<\/p>\n<p>Sezon 2005\/06 &#8211; DKS Dobre Miasto &#8211; II miejsce w czwartej lidze<\/p>\n<p>Sezony 2006-2011 &#8211; Mr\u0105gowia Mr\u0105gowo czwarta i trzecia liga<\/p>\n<p>Sezon 2014\/2015 &#8211; Start Dzia\u0142dowo<\/p>\n<p>2015 rok &#8211; GKS Wikielec<\/p>\n<p>Sezon 2016\/17 &#8211; Stomil Olsztyn &#8211; asystent trenera. Od lipca 2016 roku by\u0142 tak\u017ce kierownikiem dru\u017cyny.<\/p>\n<p>14 kwietnia 2017 roku zas\u0142ab\u0142 podczas treningu i trafi\u0142 do szpitala. Zmar\u0142 21 kwietnia 2017 roku. Pogrzeb Biedrzy zgromadzi liczn\u0105 rzesz\u0119 mi\u0142o\u015bnik\u00f3w futbolu, koleg\u00f3w, trener\u00f3w, zawodnik\u00f3w, z kt\u00f3rymi przez 36 lat swojej dzia\u0142alno\u015bci w Stomilu wsp\u00f3\u0142pracowa\u0142.<\/p>\n<p><img loading=\"lazy\" decoding=\"async\" class=\"aligncenter wp-image-42037 size-large\" src=\"https:\/\/wmzpn.pl\/wp-content\/uploads\/2024\/08\/23323-769x1024.jpeg\" alt=\"\" width=\"640\" height=\"852\" srcset=\"https:\/\/wmzpn.pl\/wp-content\/uploads\/2024\/08\/23323-769x1024.jpeg 769w, https:\/\/wmzpn.pl\/wp-content\/uploads\/2024\/08\/23323-225x300.jpeg 225w, https:\/\/wmzpn.pl\/wp-content\/uploads\/2024\/08\/23323-768x1023.jpeg 768w, https:\/\/wmzpn.pl\/wp-content\/uploads\/2024\/08\/23323-1153x1536.jpeg 1153w, https:\/\/wmzpn.pl\/wp-content\/uploads\/2024\/08\/23323-696x927.jpeg 696w, https:\/\/wmzpn.pl\/wp-content\/uploads\/2024\/08\/23323-1068x1422.jpeg 1068w, https:\/\/wmzpn.pl\/wp-content\/uploads\/2024\/08\/23323-315x420.jpeg 315w, https:\/\/wmzpn.pl\/wp-content\/uploads\/2024\/08\/23323.jpeg 1302w\" sizes=\"auto, (max-width: 640px) 100vw, 640px\" \/><\/p>\n<p>Pochowany zosta\u0142 na cmentarzu przy ulicy Poprzecznej w Olsztynie. W celu upami\u0119tnienia Andrzeja Biedrzyckiego odbywaj\u0105 si\u0119 memoria\u0142owe spotkania pi\u0142karskie.<\/p>\n<figure id=\"attachment_42042\" aria-describedby=\"caption-attachment-42042\" style=\"width: 640px\" class=\"wp-caption aligncenter\"><img loading=\"lazy\" decoding=\"async\" class=\"wp-image-42042 size-large\" src=\"https:\/\/wmzpn.pl\/wp-content\/uploads\/2024\/08\/ddd-1024x683.jpg\" alt=\"\" width=\"640\" height=\"427\" srcset=\"https:\/\/wmzpn.pl\/wp-content\/uploads\/2024\/08\/ddd-1024x683.jpg 1024w, https:\/\/wmzpn.pl\/wp-content\/uploads\/2024\/08\/ddd-300x200.jpg 300w, https:\/\/wmzpn.pl\/wp-content\/uploads\/2024\/08\/ddd-768x512.jpg 768w, https:\/\/wmzpn.pl\/wp-content\/uploads\/2024\/08\/ddd-1536x1024.jpg 1536w, https:\/\/wmzpn.pl\/wp-content\/uploads\/2024\/08\/ddd-2048x1366.jpg 2048w, https:\/\/wmzpn.pl\/wp-content\/uploads\/2024\/08\/ddd-696x464.jpg 696w, https:\/\/wmzpn.pl\/wp-content\/uploads\/2024\/08\/ddd-1068x712.jpg 1068w, https:\/\/wmzpn.pl\/wp-content\/uploads\/2024\/08\/ddd-630x420.jpg 630w\" sizes=\"auto, (max-width: 640px) 100vw, 640px\" \/><figcaption id=\"caption-attachment-42042\" class=\"wp-caption-text\">V Memoria\u0142 &#8211; fot. Stomil Olsztyn<\/figcaption><\/figure>\n<p>29 maja 2022 roku podczas otwarcia wyremontowanego stadionu w Biskupcu, burmistrz Biskupca wsp\u00f3lnie z \u017con\u0105 \u015bwi\u0119tej pami\u0119ci Andrzeja Biedrzyckiego El\u017cbiet\u0105 oraz synem Igorem ods\u0142onili pami\u0105tkow\u0105 tablic\u0119 upami\u0119tniaj\u0105c\u0105 nowego patrona stadionu.<\/p>\n<p><img loading=\"lazy\" decoding=\"async\" class=\"aligncenter wp-image-42038 size-full\" src=\"https:\/\/wmzpn.pl\/wp-content\/uploads\/2024\/08\/biedrza-3.jpg\" alt=\"\" width=\"750\" height=\"1000\" srcset=\"https:\/\/wmzpn.pl\/wp-content\/uploads\/2024\/08\/biedrza-3.jpg 750w, https:\/\/wmzpn.pl\/wp-content\/uploads\/2024\/08\/biedrza-3-225x300.jpg 225w, https:\/\/wmzpn.pl\/wp-content\/uploads\/2024\/08\/biedrza-3-696x928.jpg 696w, https:\/\/wmzpn.pl\/wp-content\/uploads\/2024\/08\/biedrza-3-315x420.jpg 315w\" sizes=\"auto, (max-width: 750px) 100vw, 750px\" \/><\/p>\n<p><strong><img loading=\"lazy\" decoding=\"async\" class=\"alignnone size-full wp-image-42039\" src=\"https:\/\/wmzpn.pl\/wp-content\/uploads\/2024\/08\/biedrza-wicia.jpg\" alt=\"\" width=\"200\" height=\"300\" \/>\u00a0Wiktor Biedrzycki<\/strong> urodzony 31 lipca 1997 roku w Olsztynie &#8211; obro\u0144ca 189 cm wzrostu. Wychowanek Naki Olsztyn. W latach 2009-2010 gra\u0142 w juniorach Stomilu Olsztyn. Reprezentant wojew\u00f3dztwa olszty\u0144skiego w kadrach 1997 roku. W sezonie 2013\/14 wyst\u0105pi\u0142 w Stomilu II. Sezony 2014\/15 i 15\/16 gra\u0142 w Huraganie Mor\u0105g &#8211; III liga. <strong>W latach 2016-2018 powr\u00f3ci\u0142 do Stomilu Olsztyn i rozegra\u0142 w pierwszej lidze 52 spotkania i zdoby\u0142 cztery bramki. <\/strong><\/p>\n<p><strong>Trener Czes\u0142aw Michniewicz powo\u0142a\u0142 Wiktora na zgrupowanie kadr U21, ale niestety oficjalnego spotkania nie zagra\u0142.<\/strong> <strong>W 2018 roku przeszed\u0142 do ekstraklasowego G\u00f3rnika Zabrze i zagra\u0142 w trzech spotkaniach ekstraklasy oraz dw\u00f3ch meczach w kwalifikacjach do Ligi Europy<\/strong>. Nast\u0119pnie zosta\u0142 wypo\u017cyczony do trzecioligowego zespo\u0142u Wigry Suwa\u0142ki. Tam zagra\u0142 12 spotka\u0144 i zdoby\u0142 jedn\u0105 bramk\u0119. Wigry uko\u0144czy\u0142y rozgrywki na 15 miejscu. Ponownie powr\u00f3ci\u0142 do Stomil Olsztyn i w latach od 2019 do 2021 rozegra\u0142 w pierwszej lidze 49 spotka\u0144 i zdoby\u0142 cztery bramki. Kolejnym klubem Wiktora by\u0142a ekstraklasowa dru\u017cyna Bruk-Bet Termalica Nieciecza. W sezonie 2021\/22 rozegra\u0142 23 spotkania i zdoby\u0142 jedn\u0105 bramk\u0119. <strong>Po spadku tego klubu z ekstraklasy gra\u0142 w pierwszej lidze i rozegra\u0142 68 spotka\u0144, strzelaj\u0105c w nich 9 bramek<\/strong>.<\/p>\n<p><img loading=\"lazy\" decoding=\"async\" class=\"wp-image-42040 size-large aligncenter\" src=\"https:\/\/wmzpn.pl\/wp-content\/uploads\/2024\/08\/maxresdefault-2-1024x576.jpg\" alt=\"\" width=\"640\" height=\"360\" srcset=\"https:\/\/wmzpn.pl\/wp-content\/uploads\/2024\/08\/maxresdefault-2-1024x576.jpg 1024w, https:\/\/wmzpn.pl\/wp-content\/uploads\/2024\/08\/maxresdefault-2-300x169.jpg 300w, https:\/\/wmzpn.pl\/wp-content\/uploads\/2024\/08\/maxresdefault-2-768x432.jpg 768w, https:\/\/wmzpn.pl\/wp-content\/uploads\/2024\/08\/maxresdefault-2-696x392.jpg 696w, https:\/\/wmzpn.pl\/wp-content\/uploads\/2024\/08\/maxresdefault-2-1068x601.jpg 1068w, https:\/\/wmzpn.pl\/wp-content\/uploads\/2024\/08\/maxresdefault-2-747x420.jpg 747w, https:\/\/wmzpn.pl\/wp-content\/uploads\/2024\/08\/maxresdefault-2.jpg 1280w\" sizes=\"auto, (max-width: 640px) 100vw, 640px\" \/><\/p>\n<p>W obecnym sezonie reprezentuje barwy klubu Wis\u0142a Krak\u00f3w. <strong>Dotychczas w ekstraklasie zagra\u0142 26 spotka\u0144 i zdoby\u0142 jedn\u0105 bramk\u0119.<\/strong> W debiucie w Wi\u015ble w meczu z Poloni\u0105 Warszawa otrzyma\u0142 czerwon\u0105 kartk\u0119. Debiutowa\u0142 w Lidze Europy w spotkaniu z Rapidem Wiede\u0144, a mecz ten Wis\u0142a przegra\u0142a 1:6.<\/p>\n<p>Wiktor jest wysokim silnym zawodnikiem. Doskonale gra g\u0142ow\u0105 i jest gro\u017any podczas rzut\u00f3w ro\u017cnych. Jednak ambitna gra i du\u017co \u017c\u00f3\u0142tych kartek otrzymanych od s\u0119dzi\u00f3w jest du\u017cym problemem tego utalentowanego zawodnika. Obaj synowie Andrzeja Biedrzyckiego bardzo prze\u017cywali jego \u015bmier\u0107.<\/p>\n<p>Dzie\u0144 po zabraniu ojca do szpitala mieli zagra\u0107 ze Stal\u0105 Mielec. Wyst\u0105pi\u0142 tylko starszy Igor i chcia\u0142 zagra\u0107 dla taty. Wiktor przesiedzia\u0142 ca\u0142y mecz na \u0142awce i prze\u017cywa\u0142 pobyt ojca w szpitalu. Ojciec bardzo liczy\u0142 na dobr\u0105 gr\u0119 Wiktora. Zdaniem Wiktora ojciec Andrzej by\u0142 pomocny i opieku\u0144czy oraz bardzo rodzinny \u2013\u201eDa\u0142 nam przyk\u0142ad jak stworzy\u0107 dobr\u0105 rodzin\u0119\u201d. Wspomina, \u017ce ojciec lubi\u0142 gra\u0107 w siatkonog\u0119 i z ka\u017cdym zak\u0142ada\u0142 si\u0119 o wygran\u0105, ale nie potrafi\u0142 przegrywa\u0107.<\/p>\n<p><strong><img loading=\"lazy\" decoding=\"async\" class=\"alignnone size-medium wp-image-42041\" src=\"https:\/\/wmzpn.pl\/wp-content\/uploads\/2024\/08\/igor-biedrza-300x200.jpg\" alt=\"\" width=\"300\" height=\"200\" srcset=\"https:\/\/wmzpn.pl\/wp-content\/uploads\/2024\/08\/igor-biedrza-300x200.jpg 300w, https:\/\/wmzpn.pl\/wp-content\/uploads\/2024\/08\/igor-biedrza-1024x683.jpg 1024w, https:\/\/wmzpn.pl\/wp-content\/uploads\/2024\/08\/igor-biedrza-768x512.jpg 768w, https:\/\/wmzpn.pl\/wp-content\/uploads\/2024\/08\/igor-biedrza-1536x1024.jpg 1536w, https:\/\/wmzpn.pl\/wp-content\/uploads\/2024\/08\/igor-biedrza-2048x1366.jpg 2048w, https:\/\/wmzpn.pl\/wp-content\/uploads\/2024\/08\/igor-biedrza-696x464.jpg 696w, https:\/\/wmzpn.pl\/wp-content\/uploads\/2024\/08\/igor-biedrza-1068x712.jpg 1068w, https:\/\/wmzpn.pl\/wp-content\/uploads\/2024\/08\/igor-biedrza-630x420.jpg 630w\" sizes=\"auto, (max-width: 300px) 100vw, 300px\" \/>\u00a0 \u00a0Igor Biedrzycki<\/strong> urodzony 17 stycznia 1993 roku w Olsztynie \u2013 pomocnik\/obro\u0144ca 182 cm. Treningi jako m\u0142ody ch\u0142opak rozpoczyna\u0142 w Naki Olsztyn. W Stomilu gra\u0142 w zespo\u0142ach m\u0142odzie\u017cowych i powo\u0142ywany by\u0142 do reprezentacji wojew\u00f3dztwa (rocznik 1993). Wyst\u0119powa\u0142 we wszystkich kadrach, w Pucharze G\u00f3rskiego, Kuchara Micha\u0142owicza i Deyny.<\/p>\n<p>W 2008 roku wraz z dru\u017cyn\u0105 wygra\u0142 mi\u0119dzynarodowy halowy turniej w Mi\u0144sku na Bia\u0142orusi. W latach 2011-12 reprezentowa\u0142 barwy Mr\u0105gowii Mr\u0105gowo &#8211; III liga. Rozegra\u0142 tam 24 spotkania. Przez pewien czas trenerem by\u0142 jego ojciec Andrzej. <strong>Po powrocie do Stomilu w sezonie 2011\/12 rozegra\u0142 w III lidze 18 spotka\u0144 i zdoby\u0142 jedn\u0105 bramk\u0119<\/strong>. W sezonach 2013\/14 i 2014-15 by\u0142 w kadrze drugoligowego zespo\u0142u Znicz Pruszk\u00f3w. Sezony 2015\/2017, to powr\u00f3t do Stomilu Olsztyn i dwa spotkania w II lidze. W Huraganie Mor\u0105g w latach 2017\/19 rozegra\u0142 III lidze 13 spotka\u0144. Kolejnymi klubami Igora by\u0142y Gryf Wejherowo i Ba\u0142tyk Gdynia. Karier\u0119 zawodnika zako\u0144czy\u0142 w wieku 28 lat<strong>. W latach 2021-23 Igor Biedrzycki by\u0142 w Stomilu dyrektorem skautingu.<\/strong><\/p>\n<p>*Zdj\u0119cia przy nazwiskach pochodz\u0105 ze strony stomil.olsztyn.pl<\/p>\n<p style=\"text-align: right;\"><em>Wojciech Linow<\/em><\/p>\n","protected":false},"excerpt":{"rendered":"<p>\u00a0Andrzej Biedrzycki urodzony 19 pa\u017adziernik 1966 w Biskupcu &#8211; zmar\u0142 24 kwietnia 2017 w Olsztynie &#8211; obro\u0144ca 180 cm wzrostu. Swoj\u0105 d\u0142ugoletni\u0105 pi\u0142karsk\u0105 karier\u0119 rozpoczyna\u0142 w rodzinnym Biskupcu, w Mi\u0119dzyzak\u0142adowym Ludowym Klubie Sportowym T\u0119cza Biskupiec. Andrzej gra\u0142 w zespo\u0142ach trampkarzy junior\u00f3w w 1981 roku. Po uko\u0144czeniu szko\u0142y podstawowej zg\u0142osi\u0142 si\u0119 do OKS Stomil Olsztyn. By\u0142 [&hellip;]<\/p>\n","protected":false},"author":11,"featured_media":42048,"comment_status":"open","ping_status":"open","sticky":false,"template":"","format":"standard","meta":{"footnotes":""},"categories":[12,288],"tags":[],"class_list":["post-42033","post","type-post","status-publish","format-standard","has-post-thumbnail","hentry","category-aktualnosci","category-kacik-historyczny-wojciecha-linowa"],"_links":{"self":[{"href":"https:\/\/wmzpn.pl\/index.php?rest_route=\/wp\/v2\/posts\/42033","targetHints":{"allow":["GET"]}}],"collection":[{"href":"https:\/\/wmzpn.pl\/index.php?rest_route=\/wp\/v2\/posts"}],"about":[{"href":"https:\/\/wmzpn.pl\/index.php?rest_route=\/wp\/v2\/types\/post"}],"author":[{"embeddable":true,"href":"https:\/\/wmzpn.pl\/index.php?rest_route=\/wp\/v2\/users\/11"}],"replies":[{"embeddable":true,"href":"https:\/\/wmzpn.pl\/index.php?rest_route=%2Fwp%2Fv2%2Fcomments&post=42033"}],"version-history":[{"count":10,"href":"https:\/\/wmzpn.pl\/index.php?rest_route=\/wp\/v2\/posts\/42033\/revisions"}],"predecessor-version":[{"id":42139,"href":"https:\/\/wmzpn.pl\/index.php?rest_route=\/wp\/v2\/posts\/42033\/revisions\/42139"}],"wp:featuredmedia":[{"embeddable":true,"href":"https:\/\/wmzpn.pl\/index.php?rest_route=\/wp\/v2\/media\/42048"}],"wp:attachment":[{"href":"https:\/\/wmzpn.pl\/index.php?rest_route=%2Fwp%2Fv2%2Fmedia&parent=42033"}],"wp:term":[{"taxonomy":"category","embeddable":true,"href":"https:\/\/wmzpn.pl\/index.php?rest_route=%2Fwp%2Fv2%2Fcategories&post=42033"},{"taxonomy":"post_tag","embeddable":true,"href":"https:\/\/wmzpn.pl\/index.php?rest_route=%2Fwp%2Fv2%2Ftags&post=42033"}],"curies":[{"name":"wp","href":"https:\/\/api.w.org\/{rel}","templated":true}]}}