{"id":41951,"date":"2024-08-21T13:05:29","date_gmt":"2024-08-21T13:05:29","guid":{"rendered":"https:\/\/wmzpn.pl\/?p=41951"},"modified":"2024-08-23T10:31:13","modified_gmt":"2024-08-23T10:31:13","slug":"kacik-historyczny-wojciecha-linowa-stomil-olsztyn-w-pierwszej-lidze","status":"publish","type":"post","link":"https:\/\/wmzpn.pl\/?p=41951","title":{"rendered":"K\u0105cik historyczny Wojciecha Linowa: Stomil Olsztyn w pierwszej lidze"},"content":{"rendered":"<p>Sezon 1996\/97 trzeci w pierwszej lidze Stomilu &#8211; Trenerzy Jerzy Masztaler &#8211; 11 spotka\u0144 Bogus\u0142aw Oblewski 23 spotkania. Stomil zako\u0144czy\u0142 rozgrywki na 9 miejscu &#8211; bilans bramkowy 45:46. Mistrzem Polski zosta\u0142 Widzew \u0141\u00f3d\u017a przed Legi\u0105 Warszawa. Najwi\u0119cej spotka\u0144 zagrali Kaczmarczyk 32, Biedrzycki i P\u0142uciennik po 30, Dylu\u015b i Siniczyn po 28. Najwy\u017csze wygrane: Z Rakowem Cz\u0119stochowa i Poloni\u0105 Warszawa po 4:1. Najwy\u017csze pora\u017cki z Widzewem \u0141\u00f3d\u017a 0:4 i Wis\u0142\u0105 w Krakowie 2:5. Strzelcy bramek: Klimek 7, P\u0142uciennik i Dylu\u015b po 6, Kaczmarczyk 5, Jasi\u0144ski 4, Czereszewski i Gadzia\u0142a po 3.<\/p>\n<p><strong><img loading=\"lazy\" decoding=\"async\" class=\"alignnone size-full wp-image-41952\" src=\"https:\/\/wmzpn.pl\/wp-content\/uploads\/2024\/08\/DYLUS.jpg\" alt=\"\" width=\"200\" height=\"292\" \/>\u00a0Daniel Dylu\u015b &#8211;<\/strong> urodzony 3 grudnia 1964 roku w Nysie pomocnik 174 cm wzrostu wychowanek Stali Nysa. Daniel gra\u0142 w tym klubie w zespo\u0142ach m\u0142odzie\u017cowych. a tak\u017ce jako senior w III lidze. W latach 1985-87 odbywa\u0142 s\u0142u\u017cb\u0119 wojskow\u0105 i gra\u0142 w trzecioligowej Gwardii Szczytno, w kt\u00f3rej trenerem by\u0142 Stanis\u0142aw Adaszy\u0144ski. W sezonie 1986\/87 Gwardia zaj\u0119\u0142a pierwsze miejsce w III lidze, wyprzedzi\u0142a Stomil i awansowa\u0142a do drugiej ligi. Daniel gra\u0142 dobrze i m\u00f3g\u0142 wybiera\u0107 dalsz\u0105 karier\u0119 pomi\u0119dzy Olimpi\u0105 Pozna\u0144 i Zag\u0142\u0119biem Lubin. Wybra\u0142 Lubin, gdy\u017c mia\u0142 bli\u017cej do rodzinnej Nysy. W zespole Zag\u0142\u0119bia Lubin by\u0142 napastnikiem cho\u0107 jego wyst\u0119py ogranicza\u0142y si\u0119 do kilkuminutowych epizod\u00f3w po wej\u015bciu z \u0142awki rezerwowych. <strong>Pomimo tego w sezonie 1987\/88 wszed\u0142 na boisko w pierwszej lidze w 27 spotkaniach i zdoby\u0142 pi\u0119\u0107 bramek.<\/strong><\/p>\n<p><img loading=\"lazy\" decoding=\"async\" class=\"aligncenter wp-image-41953 size-medium\" src=\"https:\/\/wmzpn.pl\/wp-content\/uploads\/2024\/08\/DYLUS-2-250x300.jpeg\" alt=\"\" width=\"250\" height=\"300\" srcset=\"https:\/\/wmzpn.pl\/wp-content\/uploads\/2024\/08\/DYLUS-2-250x300.jpeg 250w, https:\/\/wmzpn.pl\/wp-content\/uploads\/2024\/08\/DYLUS-2-696x834.jpeg 696w, https:\/\/wmzpn.pl\/wp-content\/uploads\/2024\/08\/DYLUS-2-351x420.jpeg 351w, https:\/\/wmzpn.pl\/wp-content\/uploads\/2024\/08\/DYLUS-2.jpeg 768w\" sizes=\"auto, (max-width: 250px) 100vw, 250px\" \/><\/p>\n<p>W nast\u0119pnych dw\u00f3ch sezonach zmieni\u0142 si\u0119 trener i Dylu\u015b zagra\u0142 tylko jedno spotkanie, a nast\u0119pnie zosta\u0142 wypo\u017cyczony do Miedzi Legnica, graj\u0105cej w drugiej lidze. W Miedzi sta\u0142 si\u0119 jednym z najlepszych pi\u0142karzy trenera Jerzego Jastrz\u0119bowskiego. W sezonie 1990\/91 strzeli\u0142 13 bramek, a Mied\u017a zaj\u0119\u0142a czwarte miejsce w drugiej lidze. <strong>W nast\u0119pnym sezonie zdoby\u0142 a\u017c 19 bramek i zosta\u0142 kr\u00f3lem strzelc\u00f3w drugiej ligi.<\/strong> Mied\u017a zaj\u0119\u0142a trzecie miejsce i gra\u0142a bara\u017c o pierwsz\u0105 lig\u0119. Przegra\u0142a ze Stal\u0105 Mielec. W Pucharze Polski pokona\u0142a Ostrowi\u0119 Ostr\u00f3w, nast\u0119pnie wygra\u0142a ze Stal\u0105 Mielec (po trzech golach Daniela Dylusia) a z Olimpi\u0105 Pozna\u0144 wygra\u0142a 1:0 tak\u017ce po golu Dylusia. Pokona\u0142a w dwumeczu Zawisz\u0119 Bydgoszcz, a w p\u00f3\u0142finale Stilon Gorz\u00f3w 3:1 i 1:1 w rewan\u017cu.\u00a0 24 czerwca 1992 roku w finale Pucharu Polski Mied\u017a Legnica gra\u0142a z G\u00f3rnikiem Zabrze w Warszawie. <strong>Po remisie 1:1 w podstawowym czasie gry, wygra\u0142a w rzutach karnych 4:3.<\/strong><\/p>\n<p><img loading=\"lazy\" decoding=\"async\" class=\"aligncenter wp-image-42012 size-large\" src=\"https:\/\/wmzpn.pl\/wp-content\/uploads\/2024\/08\/1-1-1024x784.jpg\" alt=\"\" width=\"640\" height=\"490\" srcset=\"https:\/\/wmzpn.pl\/wp-content\/uploads\/2024\/08\/1-1-1024x784.jpg 1024w, https:\/\/wmzpn.pl\/wp-content\/uploads\/2024\/08\/1-1-300x230.jpg 300w, https:\/\/wmzpn.pl\/wp-content\/uploads\/2024\/08\/1-1-768x588.jpg 768w, https:\/\/wmzpn.pl\/wp-content\/uploads\/2024\/08\/1-1-1536x1176.jpg 1536w, https:\/\/wmzpn.pl\/wp-content\/uploads\/2024\/08\/1-1-2048x1569.jpg 2048w, https:\/\/wmzpn.pl\/wp-content\/uploads\/2024\/08\/1-1-80x60.jpg 80w, https:\/\/wmzpn.pl\/wp-content\/uploads\/2024\/08\/1-1-696x533.jpg 696w, https:\/\/wmzpn.pl\/wp-content\/uploads\/2024\/08\/1-1-1068x818.jpg 1068w, https:\/\/wmzpn.pl\/wp-content\/uploads\/2024\/08\/1-1-548x420.jpg 548w\" sizes=\"auto, (max-width: 640px) 100vw, 640px\" \/><\/p>\n<p>Po powrocie do Zag\u0142\u0119bia Lubin w sezonie 1992\/93 i 93\/94 Daniel Dylu\u015b rozegra\u0142 32 spotkania zdoby\u0142 15 bramek. <strong>Jesieni\u0105 prowadzi\u0142 w klasyfikacji kr\u00f3la strzelc\u00f3w, gdy\u017c mia\u0142 12 goli na koncie. <\/strong>Gra\u0142 w dru\u017cynie z Adamem Zejerem i Jarkiem Bako. Kolejne dwa sezony gra\u0142 w klubie Sok\u00f3\u0142 Pniewy. <strong>W latach 1993-95 rozegra\u0142 w tym klubie w ekstraklasie 32 spotkania i strzeli\u0142 pi\u0119\u0107 bramek.<\/strong> W sezonie 94\/95 wyjecha\u0142 do Francji, gdzie gra\u0142 w trzecioligowym klubie Valencianes. Podoba\u0142o mu si\u0119 w tym klubie i w regionie z du\u017c\u0105 liczb\u0105 g\u00f3rniczej Polonii. Niestety klub zbankrutowa\u0142 i Daniel musia\u0142 wraca\u0107 do Polski. W sezonie 1995\/96 gra\u0142 w Jezioraku, kt\u00f3ry awansowa\u0142 do drugiej ligi. Sponsorem klubu z I\u0142awy by\u0142 Piotr Wieczorek, kt\u00f3ry wraz z trenerem \u0141obockim i kilkoma zawodnikami przeni\u00f3s\u0142 si\u0119 do klubu z I\u0142awy. Jeziorak by\u0142 nawet liderem drugiej ligi. Wiosn\u0105 dosz\u0142o do konfliktu pomi\u0119dzy zarz\u0105dem a Cezarym Bac\u0105. Daniel uj\u0105\u0142 si\u0119 za koleg\u0105 z dru\u017cyny i wsp\u00f3lnie opu\u015bcili klub.<\/p>\n<p><strong>W nast\u0119pnym sezonie Daniel Dylu\u015b 1996\/97 rozegra\u0142 w Stomilu Olsztyn 28 spotka\u0144 i zdoby\u0142 6 bramek.<\/strong> By\u0142 zawsze w podstawowym sk\u0142adzie, b\u0142yszcza\u0142 przegl\u0105dem pola, technik\u0105 i umiej\u0119tno\u015bciami dok\u0142adnego podania. Zab\u0142ysn\u0105\u0142 bramk\u0105 zdobyt\u0105 meczu z Widzewem \u0141\u00f3d\u017a z rzutu wolnego, kt\u00f3ra da\u0142a zwyci\u0119stwo Stomilowi 1:0. Bramki zdobywa\u0142 tak\u017ce w spotkaniu Stomil Olsztyn vs GKS Tychy, Stomil Olsztyn vs \u015al\u0105sk Wroc\u0142aw, Stomil Olsztyn vs G\u00f3rnik Zabrze i Stomil Olsztyn vs Lech Pozna\u0144, a tak\u017ce\u00a0 Stomil Olsztyn vs Polonia Warszawa. W 1997 roku zaw\u0119drowa\u0142 do Finlandii w klubie Tamperren Palio Veikut rozegra\u0142 14 spotka\u0144 i strzeli\u0142 trzy gole. Jesieni\u0105 mia\u0142 kr\u00f3tki fragment gry w drugoligowej Warmii Olsztyn &#8211; dwa spotkania i jedna bramka. W latach 1998 i 1999 odwiedzi\u0142 Belgi\u0119 i gra\u0142 w klubie Royal Racing Club oraz pr\u00f3bowa\u0142 gra\u0107 w nast\u0119puj\u0105cych klubach: B\u0142\u0119kitni Orneta, Pogo\u0144 Lw\u00f3wek, Warta Pozna\u0144, MKS M\u0142awa, GKS Katowice i Czarni \u017baga\u0144. <strong>W polskiej ekstraklasie rozegra\u0142 120 spotka\u0144 strzeli\u0142 31 bramek<\/strong>. Daniel Dylu\u015b jest cz\u0142owiekiem intryguj\u0105cym i maj\u0105cym w\u0142asne zdanie, kt\u00f3re jak sam twierdzi nie pomaga mu w zagrzaniu miejsca na sta\u0142e. 17 razy zmienia\u0142 kluby. Mia\u0142 kr\u00f3tk\u0105 przygod\u0119 jako trener w sezonie 2004-2005 w Stomilu Olsztyn i w 2006 roku w Sokole Ostr\u00f3da. Mieszka w Tylkowie ko\u0142o Szczytna. By\u0142 nauczycielem w gimnazjum w Pasymiu, a nawet kierowc\u0105 tira je\u017cd\u017c\u0105cym po ca\u0142ej Europie. Jak sam twierdzi by\u0142 pi\u0142karzem, kt\u00f3ry nie zmienia\u0142 zdania nigdy i nie \u017ca\u0142owa\u0142 podj\u0119tej decyzji.<\/p>\n<p><strong><img loading=\"lazy\" decoding=\"async\" class=\"alignnone size-full wp-image-41954\" src=\"https:\/\/wmzpn.pl\/wp-content\/uploads\/2024\/08\/KLIMEK.jpg\" alt=\"\" width=\"193\" height=\"300\" \/>\u00a0Arkadiusz Klimek urodzony 25 kwietnia 1975 roku w I\u0142awie napastnik 183 cm wzrostu<\/strong>. O pierwszych krokach Arka w futbolu jego przygodach mo\u017cna przeczyta\u0107 w cyklu \u201eTu Zaczyna\u0142em\u201d WMZPN z 1 lutego 2019 roku. W swojej relacji przedstawi\u0119 Arkadiusza Klimka i jego statystyki pi\u0142karskie.<\/p>\n<p>Wychowa\u0142 si\u0119 w Ulnowie, pierwsze kroki stawia\u0142 w klubie Orze\u0142 Ulowo, natomiast w Unii Susz zosta\u0142 zg\u0142oszony do rozgrywek i wyst\u0119powa\u0142 w lidze m\u0142odzik\u00f3w i trampkarzy. Po przej\u015bciu do Jezioraka pierwszym trenerem by\u0142 Krzysztof Malinowski. Nast\u0119pnie Arek Klimek gra\u0142 w zespole Jezioraka w lidze mi\u0119dzywojew\u00f3dzkiej u trenera Czacharowskiego.<\/p>\n<p>Bardzo szybko rozpocz\u0105\u0142 trenowa\u0107 z seniorami Jezioraka i w wieku 17 lat gra\u0142 w trzeciej lidze. Jeziorak w 1992\/93 zaj\u0105\u0142 3 miejsce w III lidze oraz takie samo w nast\u0119pnym sezonie. Arkadiusz Klimek by\u0142 czo\u0142owym strzelcem w tych rozgrywkach. Imponowa\u0142 ci\u0105giem na bramk\u0119, dobr\u0105 gr\u0105 g\u0142ow\u0105 oraz warunkami fizycznymi. <strong>Pi\u0119kn\u0105 przygod\u0119 pi\u0142karsk\u0105 prze\u017cy\u0142 w Pucharze Polski w sezonie 1994\/95<\/strong>: Jeziorak pokona\u0142 Poloni\u0119 Chodzie\u017c, Stomil Olsztyn w karnych 3:0, w trzeciej rundzie Elan\u0119 Toru\u0144 4:1 po dogrywce, w czwartej rundzie pokona\u0142 w I\u0142awie, G\u00f3rnik Zabrze 3:1 (w obecno\u015bci 7000 widz\u00f3w), w 1\/8 fina\u0142u Jeziorak wygra\u0142 z Amic\u0105 Wronki 1:0 po bramce Arka Klimka, a w \u0107wier\u0107finale by\u0142 zmuszony w wyniku trudnych warunk\u00f3w atmosferycznych do rozegranie spotkania 1\/4 fina\u0142u z Lechem Pozna\u0144 w Poznaniu i przegra\u0142 to spotkanie 1:3, wtedy bramk\u0119 r\u00f3wnie\u017c strzeli\u0142 Arkadiusz Klimek. Po awansie do drugiej ligi Jezioraku w 1995 roku Arkadiusz Klimek m\u00f3g\u0142 wybiera\u0107, gdzie chce gra\u0107. Mia\u0142 propozycj\u0119 z \u0141KS, ale wybra\u0142 Stomil Olsztyn, gdy\u017c jak wspomina \u201echcia\u0142em by\u0107 bli\u017cej rodziny\u201d.<\/p>\n<p>W swoim pierwszym sezonie w pierwszoligowym Stomilu Olsztyn zagra\u0142 w 26 spotkaniach i nie zdoby\u0142 bramki. W nast\u0119pnym sezonie w 25 spotkaniach zagra\u0142 i strzeli\u0142 siedem bramek &#8211; trafia\u0142 w spotkaniu z Poloni\u0105 Warszawa, Odr\u0105 Wodzis\u0142aw, Legi\u0105 Warszawa, dwie bramki strzeli\u0142 w zremisowanym spotkaniu z Ruchem Chorz\u00f3w, a tak\u017ce do\u0142o\u017cy\u0142 gola w Krakowie w meczu przegranym z Wis\u0142\u0105 Krak\u00f3w. <strong>Stomil Olsztyn uko\u0144czy\u0142 rozgrywki na 9 miejscu, a Klimek by\u0142 najlepszym strzelcem w Stomilu<\/strong>: 7 bramek, a po 6 mieli Dylu\u015b i P\u0142uciennik.<\/p>\n<p>W kolejnym sezonie Arkadiusz Klimek zagra\u0142 15 spotka\u0144, w kt\u00f3rych strzeli\u0142 trzy bramki. Jako gracz Stomilu powo\u0142ywany by\u0142 dwukrotnie do kadry m\u0142odzie\u017cowej na spotkania Polska vs Szwecja i Polska vs Anglia, w ramach m\u0142odzie\u017cowych Mistrzostw Europy. <strong>W Stomilu rozegra\u0142 66 spotka\u0144 i zdoby\u0142 10 bramek<\/strong>.<\/p>\n<p>Wiosn\u0105 1998 roku przeszed\u0142 do Zag\u0142\u0119bia Lubin. <strong>W miedziowym klubie w okresie 1998-2002 rozegra\u0142 96 spotka\u0144 w ekstraklasie i zdoby\u0142 23 gole<\/strong>. Podczas gry w Zag\u0142\u0119biu zagra\u0142 dwa spotkania w m\u0142odzie\u017c\u00f3wce, z Norwegi\u0105 oraz Armeni\u0105. Zag\u0142\u0119bie Lubin w tym okresie dwa razy zako\u0144czy\u0142o rozgrywki na pi\u0105tym miejscu i uczestniczy\u0142o r\u00f3wnie\u017c w rozgrywkach Pucharu Intertoto.<\/p>\n<p><strong>Arkadiusz Klimek zosta\u0142 powo\u0142any w 2001 roku na zgrupowanie kadry narodowej prowadzonej przez Jerzego Engela,<\/strong> ale niestety z powodu kontuzji nie zagra\u0142.<\/p>\n<figure id=\"attachment_41955\" aria-describedby=\"caption-attachment-41955\" style=\"width: 900px\" class=\"wp-caption alignnone\"><img loading=\"lazy\" decoding=\"async\" class=\"wp-image-41955 size-full\" src=\"https:\/\/wmzpn.pl\/wp-content\/uploads\/2024\/08\/kLIMEK-2.jpg\" alt=\"\" width=\"900\" height=\"602\" srcset=\"https:\/\/wmzpn.pl\/wp-content\/uploads\/2024\/08\/kLIMEK-2.jpg 900w, https:\/\/wmzpn.pl\/wp-content\/uploads\/2024\/08\/kLIMEK-2-300x201.jpg 300w, https:\/\/wmzpn.pl\/wp-content\/uploads\/2024\/08\/kLIMEK-2-768x514.jpg 768w, https:\/\/wmzpn.pl\/wp-content\/uploads\/2024\/08\/kLIMEK-2-696x466.jpg 696w, https:\/\/wmzpn.pl\/wp-content\/uploads\/2024\/08\/kLIMEK-2-628x420.jpg 628w\" sizes=\"auto, (max-width: 900px) 100vw, 900px\" \/><figcaption id=\"caption-attachment-41955\" class=\"wp-caption-text\">Jerzy Dudek z Arkadiuszem Klimkiem<\/figcaption><\/figure>\n<p>Pierwszym zagranicznym klubem, w kt\u00f3rym gra\u0142 Arek by\u0142 grecki Panionos. W sezonie 2003\/2004 w klubie tym rozegra\u0142 21 spotka\u0144 i zdoby\u0142 cztery bramki. Po powrocie do kraju w sezonie 2004\/2005 podpisa\u0142 kontrakt z Wis\u0142\u0105 P\u0142ock i rozegra\u0142 tam w ekstraklasie 12 spotka\u0144 i strzelaj\u0105c jedn\u0105 bramk\u0119. W klubie tym min\u0105\u0142 si\u0119 z Adrianem Mierzejewskim, kt\u00f3ry w P\u0142ocku rozpoczyna\u0142 swoj\u0105 wielk\u0105 karier\u0119.<\/p>\n<p>Kolejnym krajem Klimka by\u0142a Litwa. W sezonie 2005\/2006 rozegra\u0142 w FBK Kaunas 40 spotka\u0144 i strzeli\u0142 16 bramek. Zdoby\u0142 Puchar Litwy, Mistrzostwo tego kraju i gra\u0142 r\u00f3wnie\u017c w europejskich pucharach. Przeciwko Liverpoolowi przegra\u0142 1:3 i 0:2.<\/p>\n<p><img loading=\"lazy\" decoding=\"async\" class=\"alignnone wp-image-41956 size-full\" src=\"https:\/\/wmzpn.pl\/wp-content\/uploads\/2024\/08\/KLIMEK-3.jpg\" alt=\"\" width=\"900\" height=\"715\" srcset=\"https:\/\/wmzpn.pl\/wp-content\/uploads\/2024\/08\/KLIMEK-3.jpg 900w, https:\/\/wmzpn.pl\/wp-content\/uploads\/2024\/08\/KLIMEK-3-300x238.jpg 300w, https:\/\/wmzpn.pl\/wp-content\/uploads\/2024\/08\/KLIMEK-3-768x610.jpg 768w, https:\/\/wmzpn.pl\/wp-content\/uploads\/2024\/08\/KLIMEK-3-696x553.jpg 696w, https:\/\/wmzpn.pl\/wp-content\/uploads\/2024\/08\/KLIMEK-3-529x420.jpg 529w\" sizes=\"auto, (max-width: 900px) 100vw, 900px\" \/><\/p>\n<p>Cz\u0119\u015b\u0107 sezonu 2006\/2007 sp\u0119dzi\u0142 w Szkocji w klubie Heart of Middletonian FC i zagra\u0142 tam dwa spotkania. W 2007 roku powr\u00f3ci\u0142 do Kowna, ale nie zagra\u0142 oficjalnego spotkania i przeni\u00f3s\u0142 si\u0119 do niedalekiej \u0141otwy, gdzie gra\u0142 w klubie <strong>Metalurgs Liepaja<\/strong>. Zagra\u0142 tam w 2008 roku 10 spotka\u0144 i zdoby\u0142 jednego gola. W sezonach 2008\/2009 i 2009\/2010 gra\u0142 p\u00f3\u0142amatorsko w Jezioraku I\u0142awa.<\/p>\n<p>Karier\u0119 pi\u0142karsk\u0105 zako\u0144czy\u0142 w GKS-ie Wikielec w sezonie 2014\/2015. Nast\u0119pnie w 2019 roku by\u0142 trenerem m\u0142odzie\u017cy w\u0142a\u015bnie w Wikielcu. <strong>W polskiej ekstraklasie zagra\u0142 w 174 meczach i zdoby\u0142 34 bramki.<\/strong><\/p>\n<p><strong><img loading=\"lazy\" decoding=\"async\" class=\"alignnone size-full wp-image-41957\" src=\"https:\/\/wmzpn.pl\/wp-content\/uploads\/2024\/08\/nowak.jpg\" alt=\"\" width=\"200\" height=\"247\" \/>\u00a0Sebastian Nowak<\/strong> urodzony 16 maja 1975 roku w Poznaniu &#8211; obro\u0144ca 188 cm wzrostu. Wychowanek klubu Polonia 1912 Leszno. W sezonie 1994\/95 zosta\u0142 wypo\u017cyczony do Olimpii Pozna\u0144 i rozegra\u0142 6 spotka\u0144 w pierwszej lidze. Nast\u0119pnie gra\u0142 w sezonie 1995\/96 w Lechii Olimpia Gda\u0144sk i rozegra\u0142 7 spotka\u0144 zdobywaj\u0105c jedn\u0105 bramk\u0119.<\/p>\n<p>Pr\u00f3bowa\u0142 gra\u0107 w Polonii Warszawa, ale powr\u00f3ci\u0142 do Gdyni i w tym sezonie zagra\u0142 jeszcze sze\u015b\u0107 spotka\u0144 w pierwszej lidze<strong>. Podczas gry w Stomilu Olsztyn w dwa sezony 96\/97 i 97\/98 rozegra\u0142 51 spotka\u0144 i zdoby\u0142 trzy bramki. <\/strong>Gole strzela\u0142 w spotkaniach z Odr\u0105 Wodzis\u0142aw, Groclinem Dyskobolia Grodzisk, a tak\u017ce GKS-em Katowice. W obronie gra\u0142 z Biedrzyckim Jankowskim, Jaskulskim i Opali\u0144skim.<\/p>\n<p>W 1998 roku przeszed\u0142 do Legii Warszawa i w sezonach 1998-2000 rozegra\u0142 15 spotka\u0144 w pierwszej lidze. Na kr\u00f3tko by\u0142 wypo\u017cyczony do Odry Opole. Po powrocie w sezonie 2002\/2003 rozegra\u0142 pi\u0119\u0107 spotka\u0144 w tym cztery w mistrzowskim zespole &#8211; zdoby\u0142 Puchar Ligi. <strong>Og\u00f3\u0142em w pierwszej lidze rozegra\u0142 90 spotka\u0144 i strzeli\u0142 5 goli. <\/strong>Karier\u0119 kontynuowa\u0142 w Aluminium Konin, RKS Radomsko. Zako\u0144czy\u0142 gr\u0119 w 2005 roku w klubie Kania Gosty\u0144.<\/p>\n<p><strong><img loading=\"lazy\" decoding=\"async\" class=\"alignnone size-full wp-image-41958\" src=\"https:\/\/wmzpn.pl\/wp-content\/uploads\/2024\/08\/jaskulski.jpg\" alt=\"\" width=\"200\" height=\"295\" \/>\u00a0Dariusz Jaskulski<\/strong> urodzony 5 grudnia 1962 roku w S\u0119p\u00f3lno-Kraje\u0144skie &#8211; obro\u0144ca 186 cm wzrostu. Wychowanek klubu Gryf S\u0119p\u00f3lno-Kraje\u0144skie. Gra\u0142 w tym klubie w latach 1978-79. W nast\u0119pnym sezonie reprezentowa\u0142 barwy Chemika Bydgoszcz. W sezonie 1981\/82 gra\u0142 w Arce Gdynia. W pierwszej lidze rozegra\u0142 11 spotka\u0144. Arka zaj\u0119\u0142a 15 miejsce i spad\u0142a do drugiej ligi. Sezon 1983\/84 Dariusz rozegra\u0142 w Gwardii Warszawa w drugiej lidze i powr\u00f3ci\u0142 do Chemika Bydgoszcz.<\/p>\n<p>Kolejnym klubem by\u0142 pierwszoligowy Ba\u0142tyk Gdynia. W sezonie 1985\/86- 27 spotka\u0144 a w nast\u0119pnym 24 mecze. Kolejnym klubem by\u0142a Stal Stalowa Wola. W sezonie 1991\/92 rozegra\u0142 32 spotkania w pierwszej lidze. W 1993 roku zaliczy\u0142 wyjazd do USA. Gra\u0142 w Cracovii Chicago. Po powrocie reprezentowa\u0142 barwy Soko\u0142a Tychy -17 spotka\u0144 w pierwszej lidze w sezonie 1995\/96. W wieku 33 lat przyjecha\u0142 do Olsztyna. <strong>Gra\u0142 w Stomilu w trzecim sezonie olszty\u0144skiego klubu w pierwszej lidze.<\/strong> Debiutowa\u0142 8 marca 1996 roku w meczu Widzew vs Stomil. Olsztynianie przegrali ten mecz 0:4, a Dariusz wszed\u0142 na boisko w 75 minucie. Ostatnie spotkanie rozegra\u0142 25 czerwca 1997 roku w meczu z Wis\u0142\u0105 przegranym 2:5. <strong>Og\u00f3\u0142em rozegra\u0142 23 spotkania<\/strong> &#8211; trenerzy Jerzy Masztaler i Bogus\u0142aw Oblewski. Karier\u0119 pi\u0142karsk\u0105 zako\u0144czy\u0142 w 1998 roku w Polonii Gda\u0144sk. <strong>Og\u00f3\u0142em w pierwszej lidze zagra\u0142 145 spotka\u0144<\/strong>.<\/p>\n<p>Brat Waldemar Jaskulski urodzony w 1967 roku rozegra\u0142 w kadrze Polski 13 spotka\u0144 i zdoby\u0142 jedn\u0105 bramk\u0119. Dariusz Jaskulski w 2019 roku mia\u0142 powa\u017cny wypadek. Od tamtej pory trwa walka o jego sprawno\u015b\u0107.<\/p>\n<p><strong><img loading=\"lazy\" decoding=\"async\" class=\"alignnone size-full wp-image-41959\" src=\"https:\/\/wmzpn.pl\/wp-content\/uploads\/2024\/08\/wachowicz.jpg\" alt=\"\" width=\"188\" height=\"300\" \/>\u00a0Zbigniew Wachowicz<\/strong> urodzony 12 stycznia 1972 roku w Radomiu &#8211; obro\u0144ca 184 cm. Wychowanek klub Radomiak Radom. Gra\u0142 we wszystkich dru\u017cynach m\u0142odzie\u017cowych tego klubu. Wychowanek trenera Wies\u0142awa Rogowskiego &#8211; zawodnika drugoligowej w Warmii Olsztyn. W 1990 roku wraz z dru\u017cyn\u0105 junior\u00f3w zdoby\u0142 br\u0105zowy medal w Mistrzostwach Polski Junior\u00f3w. Gra\u0142 w dru\u017cynie senior\u00f3w Radomiaka, kt\u00f3ra w sezonie 1992\/93 awansowa\u0142a do drugiej ligi.<\/p>\n<p>Zbigniew Wachowicz w sezonie 94\/95 by\u0142 zawodnikiem Legii Warszawa. Gra\u0142 w rezerwach, lecz nie przebi\u0142 si\u0119 do sk\u0142adu pierwszej dru\u017cyny. Podobnie by\u0142o w Polonii Warszawa. <strong>Podczas pobytu w Stomilu Olsztyn w sezonie 96\/97 rozegra\u0142 9 spotka\u0144 w pierwszej lidze i strzeli\u0142 jedn\u0105 bramk\u0119.<\/strong> Debiutowa\u0142 31 lipca 1996 roku w meczu gdy Stomil Olsztyn wygra\u0142 2:0 ze \u015al\u0105skiem Wroc\u0142aw. 6 spotka\u0144 rozegra\u0142 w pewnym wymiarze czasu i zdoby\u0142 bramk\u0119 w spotkaniu z Rakowem Cz\u0119stochowa. Ostatnie spotkanie zagra\u0142 z Odr\u0105 Wodzis\u0142aw &#8211; wynik 3:1. Wiosn\u0105 1997 roku opu\u015bci\u0142 olszty\u0144ski klub i wylecia\u0142 do Izraela, gdzie gra\u0142 w klubie <strong>Hakoach Maccabi Ramat<\/strong>. W sezonie 1997\/98 gra\u0142 w pierwszoligowym KSZO Ostrowiec (26 spotka\u0144). W 2000 roku by\u0142 w Finlandii w klubie <strong>Rovaniemi Pallosum <\/strong>i rozegra\u0142 17 spotka\u0144. W sezonach 2001-2003 gra\u0142 w MZKS Kozienice i Koronie Kielce.<\/p>\n<p>W latach 2003-2008 gra\u0142 w swoim rodzinnym klubie Radomiak Radom. Rozegra\u0142 w nim 280 spotka\u0144 (strzeli\u0142 28 goli), z tego 101 w pierwszej lidze. W sezonie 2003\/2004 awansowa\u0142 z zespo\u0142em do drugiej ligi. Ostatni\u0105 zagraniczn\u0105 eskapad\u0105 by\u0142 sezon 2009-2010. Gra\u0142 tam w Holandii w klubie <strong>Orania Viaden<\/strong>.<\/p>\n<p><strong>W pierwszej lidze polskiej rozegra\u0142 35 spotka\u0144<\/strong> i zdoby\u0142 jedn\u0105 bramk\u0119. W Radomiaku by\u0142 trenerem w sezonie 2009\/2010.<\/p>\n<p><strong><img loading=\"lazy\" decoding=\"async\" class=\"alignnone size-full wp-image-41960\" src=\"https:\/\/wmzpn.pl\/wp-content\/uploads\/2024\/08\/pawlszuk.jpg\" alt=\"\" width=\"200\" height=\"292\" \/> Grzegorz Paw\u0142uszek<\/strong> urodzony 25 sierpnia 1970 roku w Z\u0142otowie &#8211; napastnik 189 cm. Wychowanek klubu Wis\u0142a Tczew. Gra\u0142 w Tczewie w latach 87-90. W latach 1990\/92 reprezentowa\u0142 barwy Lechii Gda\u0144sk III w II lidze. <strong>Zagra\u0142 83 spotkania i zdoby\u0142 19 goli.<\/strong> Zosta\u0142 wypo\u017cyczony do Zawiszy Bydgoszcz i w sezonach 92-95 rozegra\u0142 w pierwszej lidze 35 spotka\u0144 i zdoby\u0142 7 bramek. Kolejne sezony sp\u0119dzi\u0142 w pierwszoligowym klubie GKS Katowice. Rozegra\u0142 24 spotkania i zdoby\u0142 7 bramek. <strong>\u015awi\u0119towa\u0142 zdobycie Superpucharu.<\/strong> Kolejnym klubem w karierze Grzegorza by\u0142a warszawska Polonia<strong>. W sezonie 96\/97 rozegra\u0142 8 spotka\u0144 i wypo\u017cyczony zosta\u0142 do Stomilu Olsztyn. Zagra\u0142 w Stomilu dziewi\u0119\u0107 mecz\u00f3w i zdoby\u0142 dwie bramki.<\/strong><\/p>\n<p>Wpisywa\u0142 si\u0119 na list\u0119 strzelc\u00f3w w Stomilu wygranym 1:0 meczu ze \u015al\u0105skiem Wroc\u0142aw, a tak\u017ce w zremisowanym 1:1 z G\u00f3rnikiem Zabrze. <strong>Og\u00f3\u0142em w ekstraklasie rozegra\u0142 76 spotka\u0144 i strzeli\u0142 16 bramek<\/strong>. Karier\u0119 pi\u0142karsk\u0105 kontynuowa\u0142 w rodzinnym w Tczewie oraz w Niemczech w klubach FC Hamburg i jakim\u015b tam. W 2003 roku gra\u0142 w Wi\u015ble Tczew, 2004\/2005 Cartuzia Kartuzy. W wieku 42 lat zako\u0144czy\u0142 karier\u0119 w klubie Wie\u017cyca Pelplin . W sezonie 2017\/18, by\u0142 trenerem w tym klubie.<\/p>\n<figure id=\"attachment_42018\" aria-describedby=\"caption-attachment-42018\" style=\"width: 140px\" class=\"wp-caption alignnone\"><img loading=\"lazy\" decoding=\"async\" class=\"wp-image-42018 size-full\" src=\"https:\/\/wmzpn.pl\/wp-content\/uploads\/2024\/08\/sierpinski_robert.jpg\" alt=\"\" width=\"140\" height=\"160\" \/><figcaption id=\"caption-attachment-42018\" class=\"wp-caption-text\">Fot: lechia.gda.pl<\/figcaption><\/figure>\n<p><strong>\u00a0 \u00a0 \u00a0 \u00a0 \u00a0 \u00a0 \u00a0 \u00a0 \u00a0 \u00a0 \u00a0 \u00a0 \u00a0 \u00a0 \u00a0 \u00a0 \u00a0 \u00a0 \u00a0 \u00a0 \u00a0 Robert Sierpi\u0144ski<\/strong> urodzony 4 lipca 1975 roku &#8211; obro\u0144ca 188 cm. Wychowanek klubu Polonia Gda\u0144sk. W sezonie 96\/97 gra\u0142 w dru\u017cynie Stilon Gorz\u00f3w. <strong>Wiosn\u0105 1997 roku zosta\u0142 wypo\u017cyczony do Stomilu Olsztyn. W wieku 22 lat gra\u0142 w czterech spotkaniach pierwszej ligi.<\/strong><\/p>\n<p>Debiutowa\u0142 we Wroc\u0142awiu w starciu ze \u015al\u0105skiem Wroc\u0142aw, nast\u0119pnie gra\u0142 w spotkaniu z Ruchem Chorz\u00f3w, Poloni\u0105 Warszawa oraz Odr\u0105 Wodzis\u0142aw.<\/p>\n<p>Og\u00f3\u0142em na boisku przebywa\u0142 173 minut. W sezonie 97\/98 gra\u0142 w drugoligowym Jezioraku I\u0142awa. Wypo\u017cyczony zosta\u0142 do Pomezanii Gda\u0144sk. Sezon 2001\/2002 gra\u0142 ponownie w Jezioraku I\u0142awa. Nast\u0119pnie reprezentowa\u0142 barwy Kaszubi Ko\u015bcierzyna i Pogoni Stasz\u00f3w. Swoj\u0105 karier\u0119 kontynuowa\u0142 w Gedanii Gda\u0144sk. W latach 2004-2007 gra\u0142 w Lechii Gda\u0144sk. W drugiej lidze rozegra\u0142 23 spotkania<\/p>\n<p>W kwietniu 2024 roku Robert Sierpi\u0144ski zosta\u0142 dyrektorem sportowym Akademii Pi\u0142karskiej Orlen Gda\u0144sk.<\/p>\n","protected":false},"excerpt":{"rendered":"<p>Sezon 1996\/97 trzeci w pierwszej lidze Stomilu &#8211; Trenerzy Jerzy Masztaler &#8211; 11 spotka\u0144 Bogus\u0142aw Oblewski 23 spotkania. Stomil zako\u0144czy\u0142 rozgrywki na 9 miejscu &#8211; bilans bramkowy 45:46. Mistrzem Polski zosta\u0142 Widzew \u0141\u00f3d\u017a przed Legi\u0105 Warszawa. Najwi\u0119cej spotka\u0144 zagrali Kaczmarczyk 32, Biedrzycki i P\u0142uciennik po 30, Dylu\u015b i Siniczyn po 28. Najwy\u017csze wygrane: Z Rakowem [&hellip;]<\/p>\n","protected":false},"author":11,"featured_media":41963,"comment_status":"open","ping_status":"open","sticky":false,"template":"","format":"standard","meta":{"footnotes":""},"categories":[12,288],"tags":[],"class_list":["post-41951","post","type-post","status-publish","format-standard","has-post-thumbnail","hentry","category-aktualnosci","category-kacik-historyczny-wojciecha-linowa"],"_links":{"self":[{"href":"https:\/\/wmzpn.pl\/index.php?rest_route=\/wp\/v2\/posts\/41951","targetHints":{"allow":["GET"]}}],"collection":[{"href":"https:\/\/wmzpn.pl\/index.php?rest_route=\/wp\/v2\/posts"}],"about":[{"href":"https:\/\/wmzpn.pl\/index.php?rest_route=\/wp\/v2\/types\/post"}],"author":[{"embeddable":true,"href":"https:\/\/wmzpn.pl\/index.php?rest_route=\/wp\/v2\/users\/11"}],"replies":[{"embeddable":true,"href":"https:\/\/wmzpn.pl\/index.php?rest_route=%2Fwp%2Fv2%2Fcomments&post=41951"}],"version-history":[{"count":8,"href":"https:\/\/wmzpn.pl\/index.php?rest_route=\/wp\/v2\/posts\/41951\/revisions"}],"predecessor-version":[{"id":42019,"href":"https:\/\/wmzpn.pl\/index.php?rest_route=\/wp\/v2\/posts\/41951\/revisions\/42019"}],"wp:featuredmedia":[{"embeddable":true,"href":"https:\/\/wmzpn.pl\/index.php?rest_route=\/wp\/v2\/media\/41963"}],"wp:attachment":[{"href":"https:\/\/wmzpn.pl\/index.php?rest_route=%2Fwp%2Fv2%2Fmedia&parent=41951"}],"wp:term":[{"taxonomy":"category","embeddable":true,"href":"https:\/\/wmzpn.pl\/index.php?rest_route=%2Fwp%2Fv2%2Fcategories&post=41951"},{"taxonomy":"post_tag","embeddable":true,"href":"https:\/\/wmzpn.pl\/index.php?rest_route=%2Fwp%2Fv2%2Ftags&post=41951"}],"curies":[{"name":"wp","href":"https:\/\/api.w.org\/{rel}","templated":true}]}}