{"id":41887,"date":"2024-08-14T12:58:30","date_gmt":"2024-08-14T12:58:30","guid":{"rendered":"https:\/\/wmzpn.pl\/?p=41887"},"modified":"2024-08-14T13:51:14","modified_gmt":"2024-08-14T13:51:14","slug":"powolania-na-konsultacje-kadry-wmzpn-rocznika-2011-i-2012","status":"publish","type":"post","link":"https:\/\/wmzpn.pl\/?p=41887","title":{"rendered":"Powo\u0142ania na konsultacje Kadry WMZPN rocznika 2011 i 2012"},"content":{"rendered":"\n<p>21 sierpnia w Olsztynie odb\u0119d\u0105 si\u0119 konsultacje szkoleniowe Kadry WMZPN rocznika 2011 i 2012.<\/p>\n\n\n\n<div class=\"wp-block-file\"><a id=\"wp-block-file--media-ade998f9-7b34-4776-a707-74b7e5b50a28\" href=\"https:\/\/wmzpn.pl\/wp-content\/uploads\/2024\/08\/powolanie_2011_21.08.2024_olsztyn.pdf\">Lista powo\u0142anych 2011<\/a><a href=\"https:\/\/wmzpn.pl\/wp-content\/uploads\/2024\/08\/powolanie_2011_21.08.2024_olsztyn.pdf\" class=\"wp-block-file__button wp-element-button\" download aria-describedby=\"wp-block-file--media-ade998f9-7b34-4776-a707-74b7e5b50a28\">Pobierz<\/a><\/div>\n\n\n\n<div class=\"wp-block-file\"><a id=\"wp-block-file--media-04ec74eb-2b0d-4dc5-be95-19716ac8a496\" href=\"https:\/\/wmzpn.pl\/wp-content\/uploads\/2024\/08\/powolanie_2012_21.08.2024_olsztyn-1-1.pdf\">Lista powo\u0142anych 2012<\/a><a href=\"https:\/\/wmzpn.pl\/wp-content\/uploads\/2024\/08\/powolanie_2012_21.08.2024_olsztyn-1-1.pdf\" class=\"wp-block-file__button wp-element-button\" download aria-describedby=\"wp-block-file--media-04ec74eb-2b0d-4dc5-be95-19716ac8a496\">Pobierz<\/a><\/div>\n\n\n\n<p>Zbi\u00f3rka zawodnik\u00f3w dnia 21 sierpnia br. (\u015broda) o godzinie 10:00, boisko sztuczne ul. \u017bytnia 71 w Olsztynie.<\/p>\n\n\n\n<p>Zbi\u00f3rka zawodnik\u00f3w dnia 21 sierpnia br. (\u015broda) o godzinie 12:00, boisko sztuczne ul. \u017bytnia 71 w Olsztynie<\/p>\n","protected":false},"excerpt":{"rendered":"<p>21 sierpnia w Olsztynie odb\u0119d\u0105 si\u0119 konsultacje szkoleniowe Kadry WMZPN rocznika 2011 i 2012. Zbi\u00f3rka zawodnik\u00f3w dnia 21 sierpnia br. (\u015broda) o godzinie 10:00, boisko sztuczne ul. \u017bytnia 71 w Olsztynie. Zbi\u00f3rka zawodnik\u00f3w dnia 21 sierpnia br. (\u015broda) o godzinie 12:00, boisko sztuczne ul. \u017bytnia 71 w Olsztynie<\/p>\n","protected":false},"author":11,"featured_media":41890,"comment_status":"open","ping_status":"open","sticky":false,"template":"","format":"standard","meta":{"footnotes":""},"categories":[12,67],"tags":[],"class_list":["post-41887","post","type-post","status-publish","format-standard","has-post-thumbnail","hentry","category-aktualnosci","category-kadry-wmzpn"],"_links":{"self":[{"href":"https:\/\/wmzpn.pl\/index.php?rest_route=\/wp\/v2\/posts\/41887","targetHints":{"allow":["GET"]}}],"collection":[{"href":"https:\/\/wmzpn.pl\/index.php?rest_route=\/wp\/v2\/posts"}],"about":[{"href":"https:\/\/wmzpn.pl\/index.php?rest_route=\/wp\/v2\/types\/post"}],"author":[{"embeddable":true,"href":"https:\/\/wmzpn.pl\/index.php?rest_route=\/wp\/v2\/users\/11"}],"replies":[{"embeddable":true,"href":"https:\/\/wmzpn.pl\/index.php?rest_route=%2Fwp%2Fv2%2Fcomments&post=41887"}],"version-history":[{"count":2,"href":"https:\/\/wmzpn.pl\/index.php?rest_route=\/wp\/v2\/posts\/41887\/revisions"}],"predecessor-version":[{"id":41905,"href":"https:\/\/wmzpn.pl\/index.php?rest_route=\/wp\/v2\/posts\/41887\/revisions\/41905"}],"wp:featuredmedia":[{"embeddable":true,"href":"https:\/\/wmzpn.pl\/index.php?rest_route=\/wp\/v2\/media\/41890"}],"wp:attachment":[{"href":"https:\/\/wmzpn.pl\/index.php?rest_route=%2Fwp%2Fv2%2Fmedia&parent=41887"}],"wp:term":[{"taxonomy":"category","embeddable":true,"href":"https:\/\/wmzpn.pl\/index.php?rest_route=%2Fwp%2Fv2%2Fcategories&post=41887"},{"taxonomy":"post_tag","embeddable":true,"href":"https:\/\/wmzpn.pl\/index.php?rest_route=%2Fwp%2Fv2%2Ftags&post=41887"}],"curies":[{"name":"wp","href":"https:\/\/api.w.org\/{rel}","templated":true}]}}