{"id":4170,"date":"2018-11-21T11:35:15","date_gmt":"2018-11-21T11:35:15","guid":{"rendered":"http:\/\/wmzpn.pl\/?p=4170"},"modified":"2018-12-04T17:03:17","modified_gmt":"2018-12-04T17:03:17","slug":"pilkarska-gala-wmzpn-razem-wybierzmy-najlepszych-w-2018-roku","status":"publish","type":"post","link":"https:\/\/wmzpn.pl\/?p=4170","title":{"rendered":"Pi\u0142karska Gala WMZPN \u2013 Razem wybierzmy najlepszych w 2018 roku!"},"content":{"rendered":"<p>W pi\u0105tek 14 grudnia 2018 roku w Hotelu Omega w Olsztynie odb\u0119dzie si\u0119 pierwsza w historii Pi\u0142karska Gala WMZPN, po\u0142\u0105czona ze spotkaniem Wigilijnym przedstawicieli \u015brodowiska pi\u0142karskiego naszego wojew\u00f3dztwa.<!--more--><\/p>\n<p>Chcemy podsumowa\u0107 pi\u0142karski rok 2018. Ide\u0105 Pi\u0142karskiej Gali WMZPN b\u0119dzie wybranie tych, kt\u00f3rzy w mijaj\u0105cym roku zas\u0142u\u017cyli na wyr\u00f3\u017cnienie.<\/p>\n<p>Nagrody zostan\u0105 przyznane w 11 kategoriach:<\/p>\n<ol>\n<li><strong>PI\u0141KARZ ROKU<br \/>\n<\/strong><em>najlepszy zawodnik wyst\u0119puj\u0105cy w klubie pi\u0142karskim z naszego wojew\u00f3dztwa<\/em><\/li>\n<li><strong>TRENER ROKU<br \/>\n<\/strong><em>najlepszy trener dru\u017cyny z naszego wojew\u00f3dztwa<\/em><\/li>\n<li><strong>DRU\u017bYNA ROKU<br \/>\n<\/strong><em>najlepsza dru\u017cyna z naszego wojew\u00f3dztwa<\/em><\/li>\n<li><strong>M\u0141ODZIE\u017bOWA DRU\u017bYNA ROKU<br \/>\n<\/strong><em>najlepsza dru\u017cyna z naszego wojew\u00f3dztwa od skrzata do juniora<\/em><\/li>\n<li><strong>S\u0118DZIA ROKU<\/strong><br \/>\n<em>najlepszy s\u0119dzia z naszego wojew\u00f3dztwa<\/em><\/li>\n<li><strong>DZIA\u0141ACZ ROKU<br \/>\n<\/strong><em>najlepszy dzia\u0142acz klubu pi\u0142karskiego z naszego wojew\u00f3dztwa<\/em><\/li>\n<li><strong>LIGOWIEC ROKU<br \/>\n<\/strong><em>najlepszy zawodnik z naszego wojew\u00f3dztwa graj\u0105cy w Polsce przynajmniej w II lidze lub za granic\u0105<\/em><\/li>\n<li><strong>PI\u0141KARSKIE WYDARZENIE ROKU<br \/>\n<\/strong><em>najlepsze wydarzenie pi\u0142karskie, kt\u00f3re odby\u0142o si\u0119 na terenie naszego wojew\u00f3dztwa<\/em><\/li>\n<li><strong>KLUBOWY MARKETING ROKU<br \/>\n<\/strong><em>klub pi\u0142karski z naszego wojew\u00f3dztwa, kt\u00f3ry prowadzi najlepsz\u0105 dzia\u0142alno\u015b\u0107 marketingow\u0105 (strona internetowa, portale spo\u0142eczno\u015bciowe, materia\u0142y video, pami\u0105tki klubowe, organizacja mecz\u00f3w)<\/em><\/li>\n<li><strong>PI\u0141KARSKI SAMORZ\u0104D ROKU<br \/>\n<\/strong><em>samorz\u0105d z naszego wojew\u00f3dztwa, kt\u00f3ry najlepiej wspiera pi\u0142k\u0119 no\u017cn\u0105<\/em><\/li>\n<li><strong>SPONSOR ROKU<\/strong><br \/>\n<em>najlepszy sponsor klubu pi\u0142karskiego z naszego wojew\u00f3dztwa<\/em><\/li>\n<\/ol>\n<hr \/>\n<p>\u017beby wybra\u0107 najlepszych w 2018 roku potrzebujemy Waszej pomocy. Zr\u00f3bmy to razem!<\/p>\n<p>Do 30 listopada czekamy na waszych kandydat\u00f3w w wy\u017cej wymienionych kategoriach.<br \/>\nZg\u0142oszenia z kr\u00f3tkim uzasadnieniem prosimy wysy\u0142a\u0107 na adres <a href=\"mailto:gala@wmzpn.pl\">gala@wmzpn.pl<\/a><\/p>\n<p>Z pocz\u0105tkiem grudnia og\u0142osimy listy nominowanych w poszczeg\u00f3lnych kategoriach.<br \/>\nNast\u0119pnie przeprowadzimy g\u0142osowanie na naszym oficjalnym profilu facebook, kt\u00f3rego wynik b\u0119dzie stanowi\u0142 50% g\u0142os\u00f3w.<\/p>\n<p>Drugie 50% g\u0142os\u00f3w odda kapitu\u0142a z\u0142o\u017cona z Zarz\u0105du WMZPN.<\/p>\n<p><strong>Razem wybierzmy najlepszych w 2018 roku!<\/strong><\/p>\n<p>Nagrod\u0105 dla ka\u017cdego zwyci\u0119zcy opr\u00f3cz statuetki b\u0119dzie voucher od firmy <a href=\"https:\/\/www.r-gol.com\/\" target=\"_blank\" rel=\"noopener\">R-GOL<\/a> na kwot\u0119 <strong>500,00 z\u0142 !<\/strong> Z wyj\u0105tkiem najlepszej dru\u017cyny, kt\u00f3ra otrzyma <strong>1 000,00 z\u0142 !<\/strong> \ud83d\ude09<\/p>\n<p>&nbsp;<\/p>\n","protected":false},"excerpt":{"rendered":"<p>W pi\u0105tek 14 grudnia 2018 roku w Hotelu Omega w Olsztynie odb\u0119dzie si\u0119 pierwsza w historii Pi\u0142karska Gala WMZPN, po\u0142\u0105czona ze spotkaniem Wigilijnym przedstawicieli \u015brodowiska pi\u0142karskiego naszego wojew\u00f3dztwa.<\/p>\n","protected":false},"author":2,"featured_media":4171,"comment_status":"open","ping_status":"open","sticky":false,"template":"","format":"standard","meta":{"footnotes":""},"categories":[13,26],"tags":[],"class_list":["post-4170","post","type-post","status-publish","format-standard","has-post-thumbnail","hentry","category-rozgrywki","category-zwiazek-news"],"_links":{"self":[{"href":"https:\/\/wmzpn.pl\/index.php?rest_route=\/wp\/v2\/posts\/4170","targetHints":{"allow":["GET"]}}],"collection":[{"href":"https:\/\/wmzpn.pl\/index.php?rest_route=\/wp\/v2\/posts"}],"about":[{"href":"https:\/\/wmzpn.pl\/index.php?rest_route=\/wp\/v2\/types\/post"}],"author":[{"embeddable":true,"href":"https:\/\/wmzpn.pl\/index.php?rest_route=\/wp\/v2\/users\/2"}],"replies":[{"embeddable":true,"href":"https:\/\/wmzpn.pl\/index.php?rest_route=%2Fwp%2Fv2%2Fcomments&post=4170"}],"version-history":[{"count":6,"href":"https:\/\/wmzpn.pl\/index.php?rest_route=\/wp\/v2\/posts\/4170\/revisions"}],"predecessor-version":[{"id":4199,"href":"https:\/\/wmzpn.pl\/index.php?rest_route=\/wp\/v2\/posts\/4170\/revisions\/4199"}],"wp:featuredmedia":[{"embeddable":true,"href":"https:\/\/wmzpn.pl\/index.php?rest_route=\/wp\/v2\/media\/4171"}],"wp:attachment":[{"href":"https:\/\/wmzpn.pl\/index.php?rest_route=%2Fwp%2Fv2%2Fmedia&parent=4170"}],"wp:term":[{"taxonomy":"category","embeddable":true,"href":"https:\/\/wmzpn.pl\/index.php?rest_route=%2Fwp%2Fv2%2Fcategories&post=4170"},{"taxonomy":"post_tag","embeddable":true,"href":"https:\/\/wmzpn.pl\/index.php?rest_route=%2Fwp%2Fv2%2Ftags&post=4170"}],"curies":[{"name":"wp","href":"https:\/\/api.w.org\/{rel}","templated":true}]}}