{"id":40827,"date":"2024-05-18T09:19:43","date_gmt":"2024-05-18T09:19:43","guid":{"rendered":"https:\/\/wmzpn.pl\/?p=40827"},"modified":"2024-05-18T09:25:19","modified_gmt":"2024-05-18T09:25:19","slug":"kacik-historyczny-wojciecha-linowa-wychowankowie-stomilu-olsztyn","status":"publish","type":"post","link":"https:\/\/wmzpn.pl\/?p=40827","title":{"rendered":"K\u0105cik historyczny Wojciecha Linowa &#8211; Wychowankowie Stomilu Olsztyn"},"content":{"rendered":"<p><strong><img loading=\"lazy\" decoding=\"async\" class=\"alignnone size-full wp-image-40828\" src=\"https:\/\/wmzpn.pl\/wp-content\/uploads\/2024\/05\/jankowski.jpg\" alt=\"\" width=\"200\" height=\"276\" \/>\u00a0 Andrzej Jankowski urodzony 5 lutego 1967 roku w Olsztynie<\/strong> obro\u0144ca 183 cm wzrostu &#8211; wychowanek Olszty\u0144skiego Klubu Sportowego Stomil Olsztyn.<\/p>\n<p>W klubie tym gra\u0142 we wszystkich kategoriach m\u0142odzie\u017cowych. W zespole senior\u00f3w Stomilu gra\u0142 w III lidze od sezonu 1985\/86 \u00a0&#8211; sz\u00f3ste miejsce. W sezonie 1986\/87 Stomil zaj\u0105\u0142 drugie miejsce w III lidze. Zesp\u00f3\u0142 Stomilu prowadzony przez trenera Zbigniewa Wodniaka w 1988 roku wygra\u0142 rozgrywki w III lidze i awansowa\u0142 do II ligi. Andrzej Jankowski w sezonie 1988\/89 rozegra\u0142 w II lidze 13 spotka\u0144.<\/p>\n<p><img loading=\"lazy\" decoding=\"async\" class=\"alignnone wp-image-40829 size-full\" src=\"https:\/\/wmzpn.pl\/wp-content\/uploads\/2024\/05\/jankowski-2.jpg\" alt=\"\" width=\"843\" height=\"509\" srcset=\"https:\/\/wmzpn.pl\/wp-content\/uploads\/2024\/05\/jankowski-2.jpg 843w, https:\/\/wmzpn.pl\/wp-content\/uploads\/2024\/05\/jankowski-2-300x181.jpg 300w, https:\/\/wmzpn.pl\/wp-content\/uploads\/2024\/05\/jankowski-2-768x464.jpg 768w, https:\/\/wmzpn.pl\/wp-content\/uploads\/2024\/05\/jankowski-2-696x420.jpg 696w\" sizes=\"auto, (max-width: 843px) 100vw, 843px\" \/><\/p>\n<p>W kolejnym sezonie 1989\/90 Andrzej rozegra\u0142 7 spotka\u0144 w III Lidze. W sezonie 1990\/91 do II ligi awansowa\u0142y dwa zespo\u0142y Polonia Warszawa i Stomil Olsztyn. Andrzej Jankowski rozegra\u0142 w zespole Jerzego Budzi\u0142ka w III lidze 10 spotka\u0144. W kolejnych latach staje si\u0119 podstawowym zawodnikiem drugoligowego zespo\u0142u Stomilu. <strong>W sezonie 1991\/92 rozegra\u0142 24 spotkania, a w kolejnym 1992\/93 a\u017c 33 spotkania, w kt\u00f3rych zdoby\u0142 pi\u0119\u0107 bramek.<\/strong> Przez pewien czas by\u0142 nawet kapitanem zespo\u0142u.<\/p>\n<p>W sezonie awansu do pierwszej ligi 1993\/94 rozegra\u0142 wszystkie spotkania w drugiej lidze, a trener Kaczmarek m\u00f3g\u0142 liczy\u0107 na swojego ostatniego obro\u0144c\u0119. <strong>Wiosn\u0105 1994 roku strzeli\u0142 bramk\u0119 na 1:0 w wygranym wa\u017cnym spotkaniu z Radomiakiem Radom.<\/strong> W pierwszej lidze, w pierwszych latach pobytu by\u0142 podstawowym obro\u0144c\u0105. W sezonie 1994\/95 rozegra\u0142 31 spotka\u0144, w nast\u0119pnym tak\u017ce 31 i strzeli\u0142 trzy gole. W sezonie 96\/97 &#8211; 24 spotkania i dwa gole i w sezonie 97\/98 &#8211; 21 spotka\u0144 i jedna bramka.<\/p>\n<p>Maj\u0105c 31 lat wyjecha\u0142 do Belgii i gra\u0142 w klubie Royal Rancing Club Tournaisien \u2013 III liga. Po roku powr\u00f3ci\u0142 do Olsztyna i w sezonie 1999\/2000 rozegra\u0142 12 spotka\u0144 w Stomilu w pierwszej lidze. <strong>Og\u00f3\u0142em w pierwszej lidze obecnie ekstraklasa rozegra\u0142 119 spotka\u0144 zdoby\u0142 6 goli. W barwach Stomilu rozegra\u0142 211 spotka\u0144 i strzeli\u0142 16 bramek.<\/strong><\/p>\n<p>W 2000 roku ponownie wyjecha\u0142 do Belgii i dwa sezony gra\u0142 w klubie Royal Francis Borains. Sezony 2002-2005 sp\u0119dzi\u0142 we Francji w klubie Meaux. Po kolejnej przeprowadzce tym razem do Luksemburga, gra\u0142 w klubach FC Juenesse Schierren \u2013 2006\/07, a nast\u0119pne lata 2007-2013 sp\u0119dzi\u0142 graj\u0105c w FC\u00a0 Erpoldange &#8211; Luksemburg. <strong>Andrzej zosta\u0142 w 2020 roku przez kibic\u00f3w wybrany do jedenastki 75-lecia Stomilu Olsztyn.<\/strong> Od wielu lat mieszka w Luksemburgu. Uko\u0144czy\u0142 kurs trenerski prowadzi\u0142 zaj\u0119cia szkoleniowe w klubach I i II ligi tego kraju. Uczestniczy w memoria\u0142ach po\u015bwi\u0119conych Andrzejowi Biedrzyckiemu. Jak sam wspomina \u2013 \u201eDla mnie gra w Stomilu i awans do ekstraklasy to wspomnia\u0142a i niezapomniana chwila\u201d.<\/p>\n<p><strong>Robert Ki\u0142danowicz urodzony 21 pa\u017adziernika 1969 roku w Szczecinie<\/strong> wychowanek olszty\u0144skiego klubu sportowego Stomil Olsztyn &#8211; pomocnik 180 cm wzrostu.<\/p>\n<p>Wraz z dru\u017cyn\u0105 junior\u00f3w Stomilu Olsztyn w 1986 roku zdoby\u0142 srebrny medal Og\u00f3lnopolskiej Spartakiady M\u0142odzie\u017cy w Be\u0142chatowie. W fina\u0142ach zdoby\u0142 trzy bramki i zosta\u0142 uznany najlepszym zawodnikiem Stomilu. Wsp\u00f3lnie z reprezentacj\u0105 wojew\u00f3dztwa olszty\u0144skiego w 1988 roku wygra\u0142 Puchar imienia doktora Jerzego Micha\u0142owicza w P\u0142ocku &#8211; trener J\u00f3zef \u0141obocki.<\/p>\n<p>Gra\u0142 w dru\u017cynie senior\u00f3w Stomilu Olsztyn w sezonie 1987\/88. W 1988 roku \u015bwi\u0119towa\u0142 z zespo\u0142em awans do drugiej ligi. Sko\u0144czy\u0142 \u015bredni\u0105 szko\u0142\u0119 i w 1988 roku zda\u0142 egzamin na studia trenerskie w filii AWF w \u0141odzi. <strong>W sezonie 1988\/89 rozegra\u0142 dwa spotkania w zespole Widzewa \u0141\u00f3d\u017a<\/strong>. W sezonie 1989\/ 90 wypo\u017cyczony zosta\u0142 do zespo\u0142u W\u0142\u00f3kniarz Pabianice i gra\u0142 w trzeciej lidze. <strong>W 1990 roku przeni\u00f3s\u0142 si\u0119 do Poznania i w sezonach 1990\/92 rozegra\u0142 w pierwszoligowej Olimpii Pozna\u0144 20 spotka\u0144 i strzeli\u0142 dwa gole.<\/strong> <strong>Trener kadry m\u0142odzie\u017cowej powo\u0142a\u0142 Roberta na mecz Polska vs Walia U21<\/strong>. W Olimpii gra\u0142 z koleg\u0105 ze Stomilu Piotrem Tyszkiewiczem. Z Olimpii Pozna\u0144 odszed\u0142 1 czerwca 1993 roku do drugoligowej Warty Pozna\u0144 i rozegra\u0142 18 spotka\u0144, w kt\u00f3rych zdoby\u0142 dwie bramki &#8211; awans do pierwszej ligi.<\/p>\n<p><img loading=\"lazy\" decoding=\"async\" class=\"alignnone wp-image-40830 size-full\" src=\"https:\/\/wmzpn.pl\/wp-content\/uploads\/2024\/05\/warta.jpeg\" alt=\"\" width=\"800\" height=\"532\" srcset=\"https:\/\/wmzpn.pl\/wp-content\/uploads\/2024\/05\/warta.jpeg 800w, https:\/\/wmzpn.pl\/wp-content\/uploads\/2024\/05\/warta-300x200.jpeg 300w, https:\/\/wmzpn.pl\/wp-content\/uploads\/2024\/05\/warta-768x511.jpeg 768w, https:\/\/wmzpn.pl\/wp-content\/uploads\/2024\/05\/warta-696x463.jpeg 696w, https:\/\/wmzpn.pl\/wp-content\/uploads\/2024\/05\/warta-632x420.jpeg 632w\" sizes=\"auto, (max-width: 800px) 100vw, 800px\" \/><\/p>\n<p>W zespole Sok\u00f3\u0142 Pniewy rozegra\u0142 w 1993 roku dwa spotkania w pierwszej lidze. Sezon 1994\/95 sp\u0119dzi\u0142 w Polonii Warszawa. Do Olsztyna powr\u00f3ci\u0142 i w sezonie 95\/96 i rozegra\u0142 dwa spotkania w pierwszej lidze. W tym samym sezonie w \u015al\u0105sku Wroc\u0142aw rozegra\u0142 dziewi\u0119\u0107 spotka\u0144 w pierwszej lidze. W roku 1996 gra\u0142 w Jezioraku I\u0142awa &#8211; II liga, a nast\u0119pnie w drugoligowym zespole Hetman Zamo\u015b\u0107. W 1997 roku zdecydowa\u0142 si\u0119 do\u0142\u0105czy\u0107 do Aluminium Konin.<\/p>\n<p>Kolejny sezon sp\u0119dzi\u0142 w si\u00f3dmym klubie pierwszoligowym czyli w szczeci\u0144skiej Pogoni i rozegra\u0142 tam 5 spotka\u0144. <strong>Og\u00f3\u0142em w pierwszej lidze rozegra\u0142 58 spotka\u0144 i zdoby\u0142 dwie bramki<\/strong>. Karier\u0119 zawodnika zako\u0144czy\u0142 w Niemczech w sezonie 1998\/99 gra\u0142 w FV Babelsberg 03 &#8211; Regional Nord (trzeci poziom rozgrywkowy).<\/p>\n<p>Manager pi\u0142karski, prezes Stomilu Olsztyn w pierwszej lidze 30 czerwca 2014 r. &#8211; 19 luty 2015 r..<\/p>\n<figure id=\"attachment_40831\" aria-describedby=\"caption-attachment-40831\" style=\"width: 800px\" class=\"wp-caption alignnone\"><img loading=\"lazy\" decoding=\"async\" class=\"wp-image-40831 size-full\" src=\"https:\/\/wmzpn.pl\/wp-content\/uploads\/2024\/05\/kiladun-prezes.jpg\" alt=\"\" width=\"800\" height=\"485\" srcset=\"https:\/\/wmzpn.pl\/wp-content\/uploads\/2024\/05\/kiladun-prezes.jpg 800w, https:\/\/wmzpn.pl\/wp-content\/uploads\/2024\/05\/kiladun-prezes-300x182.jpg 300w, https:\/\/wmzpn.pl\/wp-content\/uploads\/2024\/05\/kiladun-prezes-768x466.jpg 768w, https:\/\/wmzpn.pl\/wp-content\/uploads\/2024\/05\/kiladun-prezes-696x422.jpg 696w, https:\/\/wmzpn.pl\/wp-content\/uploads\/2024\/05\/kiladun-prezes-693x420.jpg 693w\" sizes=\"auto, (max-width: 800px) 100vw, 800px\" \/><figcaption id=\"caption-attachment-40831\" class=\"wp-caption-text\">fot. stomil.olsztyn.pl<\/figcaption><\/figure>\n<p><strong>Piotr Tyszkiewicz urodzony 4 wrze\u015bnia 1970 roku w Ostr\u00f3dzie<\/strong>. Wychowanek Olszty\u0144skiego Klubu Sportowego Stomil Olsztyn &#8211; \u015brodkowy napastnik 187 cm.<\/p>\n<p>Wyr\u00f3\u017cniaj\u0105cy si\u0119 zawodnik o doskona\u0142ych warunkach fizycznych w zespo\u0142ach m\u0142odzie\u017cowych. Z dru\u017cyn\u0105 junior\u00f3w zdoby\u0142 srebrny medal w 1986 roku podczas Og\u00f3lnopolskiej Spartakiady M\u0142odzie\u017cy w Be\u0142chatowie. Trenerem dru\u017cyny by\u0142 Jerzy Budzi\u0142ek. W reprezentacji junior\u00f3w wojew\u00f3dztwa olszty\u0144skiego w 1988 roku walczy\u0142 z\u0142oty medal Pucharu imienia doktora Jerzego Micha\u0142owicza -trenerem dru\u017cyny by\u0142 J\u00f3zef \u0141obocki. Piotr w wieku 17 lat \u0142\u0105czy\u0142 gr\u0119 w zespole junior\u00f3w z wyst\u0119pami w zespole senior\u00f3w graj\u0105cymi w III lidze. W sezonie 1987\/88 Stomil awansowa\u0142 do drugiej ligi.<\/p>\n<p>Dru\u017cyna olszty\u0144ska gra\u0142a przez rok w drugiej lidze, a Piotr Tyszkiewicz zagra\u0142 21 spotka\u0144 i zdoby\u0142 pi\u0119\u0107 bramek. Po zako\u0144czeniu szko\u0142y \u015bredniej Piotr otrzyma\u0142 propozycj\u0119 przej\u015bcia do pierwszoligowego zespo\u0142u Zag\u0142\u0119bia Lubin. <strong>Sp\u0119dzi\u0142 w miedziowym klubie sezony 1989-91 i rozegra\u0142 w tym czasie 5 spotka\u0144 w pierwszej lidze.<\/strong> W 1991 roku m\u00f3g\u0142 \u015bwi\u0119towa\u0107 zdobycie mistrzostwa Polski wraz ze starszymi kolegami ze Stomilu Jaros\u0142awem Bako i Adamem Zejerem, ale wiosn\u0105 odszed\u0142 do Olimpii Pozna\u0144. W Poznaniu w sezonie 91\/92 zagra\u0142 19 spotka\u0144 w pierwszej lidze i strzeli\u0142 dwa gole. Gra\u0142 tam r\u00f3wnie\u017c Robert Ki\u0142danowicz.<\/p>\n<p>Nast\u0119pnym klubem pierwszoligowym Piotra by\u0142 Sok\u00f3\u0142 Pniewy, w kt\u00f3rym zagra\u0142 16 spotka\u0144. Chc\u0105c sprawdzi swoje umiej\u0119tno\u015bci w klubie na zachodzie Europy, wyjecha\u0142 do Szwajcarii gdzie gra\u0142 w klubie FC Baden. <strong>Nast\u0119pnie przeni\u00f3s\u0142 si\u0119 do Bundesligi do klubu VfL Wolfsburg.<\/strong> W sezonach 1995-98 rozegra\u0142 61 spotka\u0144, w kt\u00f3rych zdoby\u0142 14 bramek &#8211; 49 spotka\u0144 gra\u0142 w drugiej Bundeslidze i strzeli\u0142 13 goli.<\/p>\n<p><strong>W meczu z finalist\u0105 Pucharu Zdobywc\u00f3w Puchar\u00f3w VFB Stuttgart wyst\u0105pi\u0142 na boisku i zdoby\u0142 zwyci\u0119sk\u0105 bramk\u0119 &#8211; 1:0.<\/strong> Oficjalnie w kadrze meczowej w Bundeslidze by\u0142 12 razy.<\/p>\n<figure id=\"attachment_40832\" aria-describedby=\"caption-attachment-40832\" style=\"width: 768px\" class=\"wp-caption alignnone\"><img loading=\"lazy\" decoding=\"async\" class=\"wp-image-40832 size-full\" src=\"https:\/\/wmzpn.pl\/wp-content\/uploads\/2024\/05\/tyszka-vfl.jpg\" alt=\"\" width=\"768\" height=\"1024\" srcset=\"https:\/\/wmzpn.pl\/wp-content\/uploads\/2024\/05\/tyszka-vfl.jpg 768w, https:\/\/wmzpn.pl\/wp-content\/uploads\/2024\/05\/tyszka-vfl-225x300.jpg 225w, https:\/\/wmzpn.pl\/wp-content\/uploads\/2024\/05\/tyszka-vfl-696x928.jpg 696w, https:\/\/wmzpn.pl\/wp-content\/uploads\/2024\/05\/tyszka-vfl-315x420.jpg 315w\" sizes=\"auto, (max-width: 768px) 100vw, 768px\" \/><figcaption id=\"caption-attachment-40832\" class=\"wp-caption-text\">Piotr Tyszkiewicz po strzeleniu gola przeciwko VFB Stuttgart<\/figcaption><\/figure>\n<p>Kolejne sezony 1998-2000 sp\u0119dzi\u0142 w regionalnej lidze Nord w klubie TSV Eintracht 1895 Bransveig. Gra\u0142 w 25 spotkaniach i zdoby\u0142 10 bramek. Po powrocie do kraju, maj\u0105c 30 lat, powr\u00f3ci\u0142 do Stomilu Olsztyn. W roku 2001 wyjecha\u0142 do Poznania i gra\u0142 w Lechu Pozna\u0144. Po ponownym powrocie do Olsztyna w sezonie 2001\/2002 rozegra\u0142 w barwach Stomilu dwa spotkania w pierwszej lidze. <strong>Og\u00f3\u0142em portal 90 minut wyliczy\u0142, \u017ce rozegra\u0142 42 spotkania i strzeli\u0142 dwie bramki w pierwszej lidze (obecnie ekstraklasa)<\/strong>. Karier\u0119 sportow\u0105 zako\u0144czy\u0142 graj\u0105c w latach 2001-2003- III liga w zespole Warmii Grajewo. Trener Zbigniew Kie\u017cun w klubie tym zmontowa\u0142 bardzo dobry zesp\u00f3\u0142, kt\u00f3ry zdoby\u0142 Puchar Polski na szczeblu wojew\u00f3dztwa podlaskiego. W roku 2003 gra\u0142 tam tak\u017ce Piotr Zaj\u0105czkowski.<\/p>\n<p>Piotr Tyszkiewicz jako trener w sezonie 2002\/2003 prowadzi\u0142 Stomil Olsztyn. W 2003 roku Ceramik\u0119 Opoczno, a w sezonie 2004\/2005 Kujawiak W\u0142oc\u0142awek. Prowadzi r\u00f3wnie\u017c us\u0142ugi menad\u017cerskie oraz treningi indywidualne w swoim o\u015brodku w Dorotowie. Znany jest z felieton\u00f3w na tematy pi\u0142ki no\u017cnej w Olsztynie &#8211; Dorotowo 3E. \u017bona Piotra Tyszkiewicza jest by\u0142\u0105, wielokrotn\u0105 reprezentantk\u0105 kraju w koszyk\u00f3wce &#8211; Beata Krupska-Tyszkiewicz.<\/p>\n<p><img loading=\"lazy\" decoding=\"async\" class=\"aligncenter wp-image-40833 size-large\" src=\"https:\/\/wmzpn.pl\/wp-content\/uploads\/2024\/05\/tyszkiewicz-683x1024.jpg\" alt=\"\" width=\"640\" height=\"960\" srcset=\"https:\/\/wmzpn.pl\/wp-content\/uploads\/2024\/05\/tyszkiewicz-683x1024.jpg 683w, https:\/\/wmzpn.pl\/wp-content\/uploads\/2024\/05\/tyszkiewicz-200x300.jpg 200w, https:\/\/wmzpn.pl\/wp-content\/uploads\/2024\/05\/tyszkiewicz-768x1151.jpg 768w, https:\/\/wmzpn.pl\/wp-content\/uploads\/2024\/05\/tyszkiewicz-1025x1536.jpg 1025w, https:\/\/wmzpn.pl\/wp-content\/uploads\/2024\/05\/tyszkiewicz-696x1043.jpg 696w, https:\/\/wmzpn.pl\/wp-content\/uploads\/2024\/05\/tyszkiewicz-1068x1601.jpg 1068w, https:\/\/wmzpn.pl\/wp-content\/uploads\/2024\/05\/tyszkiewicz-280x420.jpg 280w, https:\/\/wmzpn.pl\/wp-content\/uploads\/2024\/05\/tyszkiewicz.jpg 1366w\" sizes=\"auto, (max-width: 640px) 100vw, 640px\" \/><\/p>\n\n\n<p>                                                    Wojciech Linow<\/p>\n","protected":false},"excerpt":{"rendered":"<p>\u00a0 Andrzej Jankowski urodzony 5 lutego 1967 roku w Olsztynie obro\u0144ca 183 cm wzrostu &#8211; wychowanek Olszty\u0144skiego Klubu Sportowego Stomil Olsztyn. W klubie tym gra\u0142 we wszystkich kategoriach m\u0142odzie\u017cowych. W zespole senior\u00f3w Stomilu gra\u0142 w III lidze od sezonu 1985\/86 \u00a0&#8211; sz\u00f3ste miejsce. W sezonie 1986\/87 Stomil zaj\u0105\u0142 drugie miejsce w III lidze. Zesp\u00f3\u0142 Stomilu [&hellip;]<\/p>\n","protected":false},"author":11,"featured_media":40835,"comment_status":"open","ping_status":"open","sticky":false,"template":"","format":"standard","meta":{"footnotes":""},"categories":[12,288],"tags":[],"class_list":["post-40827","post","type-post","status-publish","format-standard","has-post-thumbnail","hentry","category-aktualnosci","category-kacik-historyczny-wojciecha-linowa"],"_links":{"self":[{"href":"https:\/\/wmzpn.pl\/index.php?rest_route=\/wp\/v2\/posts\/40827","targetHints":{"allow":["GET"]}}],"collection":[{"href":"https:\/\/wmzpn.pl\/index.php?rest_route=\/wp\/v2\/posts"}],"about":[{"href":"https:\/\/wmzpn.pl\/index.php?rest_route=\/wp\/v2\/types\/post"}],"author":[{"embeddable":true,"href":"https:\/\/wmzpn.pl\/index.php?rest_route=\/wp\/v2\/users\/11"}],"replies":[{"embeddable":true,"href":"https:\/\/wmzpn.pl\/index.php?rest_route=%2Fwp%2Fv2%2Fcomments&post=40827"}],"version-history":[{"count":4,"href":"https:\/\/wmzpn.pl\/index.php?rest_route=\/wp\/v2\/posts\/40827\/revisions"}],"predecessor-version":[{"id":40844,"href":"https:\/\/wmzpn.pl\/index.php?rest_route=\/wp\/v2\/posts\/40827\/revisions\/40844"}],"wp:featuredmedia":[{"embeddable":true,"href":"https:\/\/wmzpn.pl\/index.php?rest_route=\/wp\/v2\/media\/40835"}],"wp:attachment":[{"href":"https:\/\/wmzpn.pl\/index.php?rest_route=%2Fwp%2Fv2%2Fmedia&parent=40827"}],"wp:term":[{"taxonomy":"category","embeddable":true,"href":"https:\/\/wmzpn.pl\/index.php?rest_route=%2Fwp%2Fv2%2Fcategories&post=40827"},{"taxonomy":"post_tag","embeddable":true,"href":"https:\/\/wmzpn.pl\/index.php?rest_route=%2Fwp%2Fv2%2Ftags&post=40827"}],"curies":[{"name":"wp","href":"https:\/\/api.w.org\/{rel}","templated":true}]}}