{"id":40740,"date":"2024-05-15T11:52:19","date_gmt":"2024-05-15T11:52:19","guid":{"rendered":"https:\/\/wmzpn.pl\/?p=40740"},"modified":"2024-05-15T20:00:17","modified_gmt":"2024-05-15T20:00:17","slug":"kaciki-historyczny-wojciecha-linowa-trener-jerzy-wojnowski-i-jego-wychowankowie","status":"publish","type":"post","link":"https:\/\/wmzpn.pl\/?p=40740","title":{"rendered":"K\u0105cik historyczny Wojciecha Linowa- Trener Jerzy Wojnowski i jego wychowankowie"},"content":{"rendered":"<p><strong><img loading=\"lazy\" decoding=\"async\" class=\"alignnone size-medium wp-image-40741\" src=\"https:\/\/wmzpn.pl\/wp-content\/uploads\/2024\/05\/SCN_20240514_101542-218x300.jpg\" alt=\"\" width=\"218\" height=\"300\" srcset=\"https:\/\/wmzpn.pl\/wp-content\/uploads\/2024\/05\/SCN_20240514_101542-218x300.jpg 218w, https:\/\/wmzpn.pl\/wp-content\/uploads\/2024\/05\/SCN_20240514_101542-306x420.jpg 306w, https:\/\/wmzpn.pl\/wp-content\/uploads\/2024\/05\/SCN_20240514_101542.jpg 446w\" sizes=\"auto, (max-width: 218px) 100vw, 218px\" \/>\u00a0 \u00a0 Trener Jerzy Wojnowski ur.1.01.1954 r. w Olecku.<\/strong><\/p>\n<p>Pochodzi z usportowionej rodziny. Jego starszy o 4 lata brat Romuald by\u0142 nauczycielem i trenerem w klubie Korab Olecko. Wychowa\u0142 65 medalist\u00f3w Mistrzostw Polski w L-a, w r\u00f3\u017cnych kategoriach wiekowych. Jerzy pod\u0105\u017cy\u0142 w jego \u015blady. Bardzo szybko rozpocz\u0105\u0142 treningi\u00a0 pi\u0142karskie w klubie MLKS Czarni Olecko. Gra\u0142 we wszystkich kategoriach wiekowych, od trampkarzy, poprzez junior\u00f3w a\u017c do wyst\u0119p\u00f3w w zespole senior\u00f3w.<\/p>\n<p>Po zako\u0144czeniu liceum zda\u0142 egzaminy wst\u0119pne do Wy\u017cszej Szko\u0142y Wychowania Fizycznego w Gda\u0144sku. W 1978 roku uko\u0144czy\u0142 studia z tytu\u0142em magistra WF i trenera II klasy pi\u0142ki no\u017cnej. Zosta\u0142 zatrudniony w SP 2 w Olecku. Jednocze\u015bnie rozpocz\u0105\u0142 prac\u0119 szkoleniow\u0105 w swoim klubie Czarni Olecko. Da\u0142 si\u0119 pozna\u0107 jako utalentowany i pracowity trener. W okresie swojej pracy potrafi\u0142 udowodni\u0107, \u017ce nawet w ma\u0142ym \u015brodowisku mo\u017cna zach\u0119ci\u0107 m\u0142odzie\u017c do systematycznej pracy i uzyska\u0107 post\u0119py szkoleniowe.<\/p>\n<p>Ze swoj\u0105 dru\u017cyn\u0105 ze Szko\u0142y Podstawowej nr 2 kilkukrotnie uczestniczy\u0142 w og\u00f3lnopolskiej imprezie organizowanej przez Ludowe Zespo\u0142y Sportowe \u2013 Pi\u0142karska Kadra Czeka. <strong>W 1994 roku dru\u017cyna Jerzego Wojnowskiego wygra\u0142a fina\u0142y wojew\u00f3dztwa suwalskiego i zaj\u0119\u0142a pierwsze miejsce w krajowym finale, kt\u00f3ry odby\u0142 si\u0119 w Ustce.<\/strong> By\u0142 to dziesi\u0105ty, jubileuszowy turniej pod patronatem Premiera RP Waldemara Pawlaka. W ca\u0142ym kraju startowa\u0142o 2700 szk\u00f3\u0142 i ponad 43 tysi\u0105ce dzieci.<\/p>\n<p>W trakcie swojej pracy w Czarnych Olecko wychowa\u0142 i nauczy\u0142 abecad\u0142a pi\u0142karskiego kilku zawodnik\u00f3w, kt\u00f3rzy odnosili sukcesy w klubach ligowych, na stadionach ca\u0142ego kraju. Pan Jerzy na emerytur\u0119 nauczycielsk\u0105 przeszed\u0142 w 2010 roku. Natomiast w klubie pracowa\u0142 do 2014 roku. Przedstawiam sylwetki czterech wychowank\u00f3w Pana Jerzego.<\/p>\n<p><strong> <img loading=\"lazy\" decoding=\"async\" class=\"alignnone size-medium wp-image-40743\" src=\"https:\/\/wmzpn.pl\/wp-content\/uploads\/2024\/05\/20240423_151359-198x300.jpg\" alt=\"\" width=\"198\" height=\"300\" srcset=\"https:\/\/wmzpn.pl\/wp-content\/uploads\/2024\/05\/20240423_151359-198x300.jpg 198w, https:\/\/wmzpn.pl\/wp-content\/uploads\/2024\/05\/20240423_151359-677x1024.jpg 677w, https:\/\/wmzpn.pl\/wp-content\/uploads\/2024\/05\/20240423_151359-768x1162.jpg 768w, https:\/\/wmzpn.pl\/wp-content\/uploads\/2024\/05\/20240423_151359-1015x1536.jpg 1015w, https:\/\/wmzpn.pl\/wp-content\/uploads\/2024\/05\/20240423_151359-1354x2048.jpg 1354w, https:\/\/wmzpn.pl\/wp-content\/uploads\/2024\/05\/20240423_151359-696x1053.jpg 696w, https:\/\/wmzpn.pl\/wp-content\/uploads\/2024\/05\/20240423_151359-1068x1616.jpg 1068w, https:\/\/wmzpn.pl\/wp-content\/uploads\/2024\/05\/20240423_151359-278x420.jpg 278w, https:\/\/wmzpn.pl\/wp-content\/uploads\/2024\/05\/20240423_151359-scaled.jpg 1692w\" sizes=\"auto, (max-width: 198px) 100vw, 198px\" \/> Pi\u0142karz, nauczyciel, trener, burmistrz Olecka Karol Sobczak<\/strong>. Urodzony 27 lutego 1972 roku pomocnik 179 cm wzrostu.<\/p>\n<p>Pierwszym trenerem Karola w Czarnych Olecko by\u0142 \u0142owca talent\u00f3w Jerzy Wojnowski. W czasie trening\u00f3w i gry w zespo\u0142ach m\u0142odzie\u017cowych wykaza\u0142 si\u0119 du\u017cym talentem i pragn\u0105 podnosi\u0107 swoje umiej\u0119tno\u015bci pi\u0142karskie. <strong>W wieku 16 lat przechodzi do Wigier Suwa\u0142ki graj\u0105cych w III lidze w sezonie 1988\/89.<\/strong> Gra w juniorach i w III lidze. Powo\u0142ywany by\u0142 tak\u017ce do kadry junior\u00f3w Polski U17. Po maturze przenosi si\u0119 do Gda\u0144ska na studia w Akademii Wychowania Fizycznego. Chce gra\u0107 w drugoligowej w tym czasie Lechii Gda\u0144sk. Trenerem tego zespo\u0142u by\u0142 Bogus\u0142aw Kaczmarek. <strong>Popularny Bobo szybko pozna\u0142 si\u0119 na talencie Karola i ju\u017c 28 lipca 1990 roku m\u0142ody 18-letni Sobczak zadebiutowa\u0142 w drugoligowym zespole.<\/strong><\/p>\n<p>By\u0142 sprawdzany w m\u0142odzie\u017cowej kadrze U21. W sezonie 1991\/1992 rozegra\u0142 23 spotkania. W nast\u0119pnych latach wchodzi\u0142 na boisko w drugiej lidze 6, 30, 20 i 30 razy.<\/p>\n<figure id=\"attachment_40742\" aria-describedby=\"caption-attachment-40742\" style=\"width: 874px\" class=\"wp-caption alignnone\"><img loading=\"lazy\" decoding=\"async\" class=\"wp-image-40742 size-full\" src=\"https:\/\/wmzpn.pl\/wp-content\/uploads\/2024\/05\/lechia-sobczak.png\" alt=\"\" width=\"874\" height=\"656\" srcset=\"https:\/\/wmzpn.pl\/wp-content\/uploads\/2024\/05\/lechia-sobczak.png 874w, https:\/\/wmzpn.pl\/wp-content\/uploads\/2024\/05\/lechia-sobczak-300x225.png 300w, https:\/\/wmzpn.pl\/wp-content\/uploads\/2024\/05\/lechia-sobczak-768x576.png 768w, https:\/\/wmzpn.pl\/wp-content\/uploads\/2024\/05\/lechia-sobczak-80x60.png 80w, https:\/\/wmzpn.pl\/wp-content\/uploads\/2024\/05\/lechia-sobczak-265x198.png 265w, https:\/\/wmzpn.pl\/wp-content\/uploads\/2024\/05\/lechia-sobczak-696x522.png 696w, https:\/\/wmzpn.pl\/wp-content\/uploads\/2024\/05\/lechia-sobczak-560x420.png 560w\" sizes=\"auto, (max-width: 874px) 100vw, 874px\" \/><figcaption id=\"caption-attachment-40742\" class=\"wp-caption-text\">fot. lechia.com<\/figcaption><\/figure>\n<p><strong>W Lechii Gda\u0144sk do jesieni 1995 roku rozegra\u0142 og\u00f3lnie 129 spotka\u0144 ligowych w drugiej lidze i 6 mecz\u00f3w w Pucharze Polski.<\/strong> W tym czasie strzeli\u0142 19 bramek. Koleg\u0105 Karola w Lechii by\u0142 Rafa\u0142 Kaczmarczyk zawodnik Stomilu Olsztyn. Po spadku Lechii Gda\u0144sk do III ligi przeszed\u0142 do Polonii Warszawa, gdzie gra\u0142 w sezonie 1996\/97. <strong>Debiutowa\u0142 w pierwszej lidze 31 lipca 1996 roku w spotkaniu Polonia vs Lech Pozna\u0144 wynik 2:1.<\/strong> W Polonii Warszawa rozegra\u0142 5 spotka\u0144 w pierwszej lidze oraz jedno w pucharze.<\/p>\n<p>W sezonach 1997\/1999 wyst\u0119powa\u0142 w barwach klubu Hetman Zamo\u015b\u0107. By\u0142 tam podstawowym zawodnikiem. Jak opisuje te czasy jeden z fan\u00f3w futbolu \u201eWiosn\u0105 1999 roku Hetman by\u0142 zagro\u017cony spadkiem do III ligi. W spotkaniu z Uni\u0105 Tarn\u00f3w musia\u0142 wygra\u0107, aby utrzyma\u0107 si\u0119 w tej klasie rozgrywek. Spotkanie to ogl\u0105da\u0142o 6000 kibic\u00f3w. Hetman toczy\u0142 ci\u0119\u017cki b\u00f3j, a\u017c w 81 minucie zdoby\u0142 pierwsz\u0105 bramk\u0119. Za kilka minut pi\u0119knym strza\u0142em z dystans popisa\u0142 si\u0119 Karol Sobczak i podwy\u017cszy\u0142 prowadzenie na 2:0. Fani Hetmana byli szcz\u0119\u015bliwi. Po ostatnim gwizdku wbiegli na boisko aby pogratulowa\u0107 zawodnikom\u201d.<\/p>\n<p><strong>Karol Sobczak ostatni mecz rozegra\u0142 w sezonie 2000\/2001.<\/strong> Gra\u0142 w G\u00f3rniku \u0141\u0119czna. Klub ten zako\u0144czy\u0142 rozgrywki na trzecim miejscu, a w Pucharze Polski zaszed\u0142 a\u017c do \u0107wier\u0107fina\u0142u, w kt\u00f3rym przegra\u0142 1:3 z G\u00f3rnikiem Zabrze.<\/p>\n<p>Karol by\u0142 absolwentem Akademii Wychowania Fizycznego w Gda\u0144sku i trenerem drugiej klasy. Powr\u00f3ci\u0142 do rodzinnego Olecka. Od 2001 roku pracowa\u0142 jako nauczyciel wychowania fizycznego i jako trener w dru\u017cynie Czarni Olecko. <strong>W 2007 roku awansowa\u0142 do czwartej ligi, a rok p\u00f3\u017aniej do trzeciej, co by\u0142o najwi\u0119kszym sukcesem tego klubu w historii. <\/strong>Jako szkoleniowiec \u00a0bra\u0142 tak\u017ce udzia\u0142 w awansie klubu P\u0142omie\u0144 E\u0142k do trzeciej ligi. By\u0142 za\u0142o\u017cycielem i trenerem dru\u017cyny Unii Olecko, z kt\u00f3rym to zespo\u0142em w 2014 roku awansowa\u0142 do A klasy. Stale ponosi\u0142 swoje kwalifikacje. Sko\u0144czy\u0142 Studia Podyplomowe z analityki zarz\u0105dzania. Przez okres 12 lat by\u0142 Radnym Miasta Olecka, a przez 11 lat przewodniczy\u0142 radzie. Swoja popularno\u015b\u0107 uzyskan\u0105 przez wyniki sportowe wykorzysta\u0142 w wyborach w 2018 roku.<\/p>\n<p><strong>Z woli mieszka\u0144c\u00f3w 4 listopada zosta\u0142 wybrany burmistrzem miasta, a od 23 listopada rozpocz\u0105\u0142 urz\u0119dowanie w ratuszu<\/strong>. Mieszka\u0144cy ponownie powierzyli w\u0142adz\u0119 Karolowi Sobczakowi i w drugiej turze wygra\u0142 wybory. Zosta\u0142 wybrany na 5-letni\u0105 kadencj\u0119. Olecko posiada bardzo dobrze rozwini\u0119t\u0105 infrastruktur\u0119 sportow\u0105, pi\u0119kny stadion lekkoatletyczno &#8211; pi\u0142karski \u00a0oraz korty tenisowe nad jeziorem, a tak\u017ce p\u0142ywalnie i du\u017c\u0105 hal\u0119 sportow\u0105. Szko\u0142y posiadaj\u0105 dobrze utrzymane boiska i sal\u0119 gimnastyczne. Burmistrz bardzo aktywnie wspiera sport masowy. a miasto organizuje corocznie wiele cyklicznych imprez lekkoatletycznych i tenisowych.<\/p>\n<p><img loading=\"lazy\" decoding=\"async\" class=\"alignnone wp-image-40744 size-full\" src=\"https:\/\/wmzpn.pl\/wp-content\/uploads\/2024\/05\/sobczak.jpg\" alt=\"\" width=\"944\" height=\"960\" srcset=\"https:\/\/wmzpn.pl\/wp-content\/uploads\/2024\/05\/sobczak.jpg 944w, https:\/\/wmzpn.pl\/wp-content\/uploads\/2024\/05\/sobczak-295x300.jpg 295w, https:\/\/wmzpn.pl\/wp-content\/uploads\/2024\/05\/sobczak-768x781.jpg 768w, https:\/\/wmzpn.pl\/wp-content\/uploads\/2024\/05\/sobczak-696x708.jpg 696w, https:\/\/wmzpn.pl\/wp-content\/uploads\/2024\/05\/sobczak-413x420.jpg 413w\" sizes=\"auto, (max-width: 944px) 100vw, 944px\" \/><\/p>\n<p>Szczeg\u00f3lnie uj\u0119\u0142o mnie stwierdzenie Pana burmistrza \u2013 \u201eZawsze by\u0142em, jestem i b\u0119d\u0119 z Olecka, a Czarnym zawdzi\u0119czam wiele jako pi\u0142karz i jako trener. To m\u00f3j klub po prostu. Karol Sobczak wraz z \u017con\u0105 wychowuje dwie c\u00f3rki.<\/p>\n<p>Panie burmistrzu \u017cycz\u0119 wiele sukces\u00f3w oraz u\u015bmiechu od zadowolonych mieszka\u0144c\u00f3w.<\/p>\n<p><strong><img loading=\"lazy\" decoding=\"async\" class=\"alignnone size-medium wp-image-40745\" src=\"https:\/\/wmzpn.pl\/wp-content\/uploads\/2024\/05\/20240423_151327-274x300.jpg\" alt=\"\" width=\"274\" height=\"300\" srcset=\"https:\/\/wmzpn.pl\/wp-content\/uploads\/2024\/05\/20240423_151327-274x300.jpg 274w, https:\/\/wmzpn.pl\/wp-content\/uploads\/2024\/05\/20240423_151327-935x1024.jpg 935w, https:\/\/wmzpn.pl\/wp-content\/uploads\/2024\/05\/20240423_151327-768x841.jpg 768w, https:\/\/wmzpn.pl\/wp-content\/uploads\/2024\/05\/20240423_151327-1403x1536.jpg 1403w, https:\/\/wmzpn.pl\/wp-content\/uploads\/2024\/05\/20240423_151327-1871x2048.jpg 1871w, https:\/\/wmzpn.pl\/wp-content\/uploads\/2024\/05\/20240423_151327-696x762.jpg 696w, https:\/\/wmzpn.pl\/wp-content\/uploads\/2024\/05\/20240423_151327-1068x1169.jpg 1068w, https:\/\/wmzpn.pl\/wp-content\/uploads\/2024\/05\/20240423_151327-384x420.jpg 384w\" sizes=\"auto, (max-width: 274px) 100vw, 274px\" \/>\u00a0 \u00a0Karol Szarnecki<\/strong> urodzony 8 listopada 1976 roku w Olecku napastnik 189 cm wzrost. Wychowanek trenera Jerzego Wojnowskiego w klubie MLKS Czarni Olecko. Napastnikiem zainteresowa\u0142y si\u0119 Wigry Suwa\u0142ki i w sezonach 1997-99 gra\u0142 w tym najlepszym w wojew\u00f3dztwie suwalskim klubie pi\u0142karskim wyst\u0119puj\u0105cym w tym czasie w III lidze. W trakcie tych rozgrywek jako wyr\u00f3\u017cniaj\u0105cy si\u0119 napastnik dosta\u0142 propozycj\u0119 sprawdzenia swoich umiej\u0119tno\u015bci w pierwszoligowym zespole Petrochemii P\u0142ock. <strong>W sezonie 1999-2000 rozegra\u0142 w P\u0142ocku 19 spotka\u0144 w pierwszej lidze i zdoby\u0142 trzy bramki.<\/strong> W roku 2000 wypo\u017cyczony z P\u0142ocka, gra\u0142 w drugoligowym zespole KSZO Ostrowiec \u015awi\u0119tokrzyski. Sezon 2001\/2002 sp\u0119dzi\u0142 w Orlenie P\u0142ock, kt\u00f3ry to zesp\u00f3\u0142 spad\u0142 do drugiej ligi.<\/p>\n<p>Powr\u00f3ci\u0142 na Podlasie do Bia\u0142egostoku i w 2002 roku rozegra\u0142 w Jagiellonii w drugiej lidze 9 spotka\u0144, w kt\u00f3rych strzeli\u0142 dwie bramki. W Aluminium Konin graj\u0105cym w III lidze, w sezonie 2002\/2003, rozegra\u0142 8 spotka\u0144. Ponownie zagra\u0142 w latach 2003-2005 w zespole Wigier Suwa\u0142ki &#8211; IV liga. Powr\u00f3ci\u0142 do rodzinnego Olecka i w swoim klubie Czarni Olecko wyst\u0119powa\u0142 w latach 2005-2021. By\u0142 jednym z najstarszych zawodnik\u00f3w, a jednocze\u015bnie graj\u0105cym trenerem Czarnych Olecko.<\/p>\n<p><strong><img loading=\"lazy\" decoding=\"async\" class=\"alignnone size-medium wp-image-40746\" src=\"https:\/\/wmzpn.pl\/wp-content\/uploads\/2024\/05\/20240423_151211-208x300.jpg\" alt=\"\" width=\"208\" height=\"300\" srcset=\"https:\/\/wmzpn.pl\/wp-content\/uploads\/2024\/05\/20240423_151211-208x300.jpg 208w, https:\/\/wmzpn.pl\/wp-content\/uploads\/2024\/05\/20240423_151211-711x1024.jpg 711w, https:\/\/wmzpn.pl\/wp-content\/uploads\/2024\/05\/20240423_151211-768x1107.jpg 768w, https:\/\/wmzpn.pl\/wp-content\/uploads\/2024\/05\/20240423_151211-1066x1536.jpg 1066w, https:\/\/wmzpn.pl\/wp-content\/uploads\/2024\/05\/20240423_151211-1421x2048.jpg 1421w, https:\/\/wmzpn.pl\/wp-content\/uploads\/2024\/05\/20240423_151211-696x1003.jpg 696w, https:\/\/wmzpn.pl\/wp-content\/uploads\/2024\/05\/20240423_151211-1068x1539.jpg 1068w, https:\/\/wmzpn.pl\/wp-content\/uploads\/2024\/05\/20240423_151211-291x420.jpg 291w, https:\/\/wmzpn.pl\/wp-content\/uploads\/2024\/05\/20240423_151211-scaled.jpg 1777w\" sizes=\"auto, (max-width: 208px) 100vw, 208px\" \/>\u00a0 Piotr Wojnowski<\/strong> urodzony 15 lutego 1979 roku w Olecku &#8211; pomocnik 182 cm wzrostu. Syn trenera klubu Czarni Olecko Jerzego Wojnowskiego. Od najm\u0142odszych lat zwi\u0105zany ze stadionem, na kt\u00f3rym jego tata prowadzi\u0142 zaj\u0119cia z pi\u0142karzami. Gra\u0142 we wszystkich zespo\u0142ach m\u0142odzie\u017cowych klubu z Olecka. W sezonie 1996\/97 powo\u0142any do kadry junior\u00f3w Polski U17.<\/p>\n<p>Przeni\u00f3s\u0142 si\u0119 do Bia\u0142egostoku i gra\u0142 w zespole junior\u00f3w Jagiellonii Bia\u0142ystok. W sezonie 1997\/98 wyst\u0119powa\u0142 w kadrze Polski junior\u00f3w U18. Gra\u0142 na wypo\u017cyczeniu w czwartoligowym zespole KP Wasilk\u00f3w. Kolejny sezon sp\u0119dzi\u0142 w Wigrach Suwa\u0142ki i gra\u0142 w drugiej lidze. M\u0142odym Piotrkiem zainteresowana by\u0142a w 1999 roku wyst\u0119puj\u0105ca w pierwszej lidze Petrochemia P\u0142ock, ale w klubie tym nie przebi\u0142 si\u0119 do gry w tej klasie rozgrywkowej.<\/p>\n<p>Powraca do zespo\u0142u Wigier Suwa\u0142ki i wsp\u00f3lnie z koleg\u0105 z Olecka Kamilem Szarneckim gra w III lidze. W sezonie 2001\/2002 gra\u0142 w zespole Jagiellonii Bia\u0142ystok w II lidze i rozegra\u0142 13 spotka\u0144, strzelaj\u0105c dwie bramki. W sezonie 2002\/2003 zosta\u0142 wypo\u017cyczony do zespo\u0142u Warmia Grajewo &#8211; III liga, a trenerem tego zespo\u0142u by\u0142 Zbigniew Kie\u017cun.<\/p>\n<p>Warmia zdoby\u0142a Wojew\u00f3dzki Puchar Polski. W kolejnym spotkaniu pucharu Warmia przegra\u0142a 1:4 w rzutach karnych z pierwszoligowym \u0141KS-em \u0141\u00f3d\u017a. W zespole tym Piotr Wojnowski gra\u0142 ze znanymi w Olsztynie Piotrem Tyszkiewiczem i Piotrem Zaj\u0105czkowskim.<\/p>\n<p><strong>W 2003 roku wyje\u017cd\u017ca do USA i wyst\u0119puje w zespole AAC Eagles Chicago<\/strong>. Po powrocie do kraju w 2004 roku gra w zespole Ruch Wysokie Mazowieckie. Ponownie wylatuje do Chicago i w latach 2004-2008 wyst\u0119puje w polonijnym klubie Polonia Mielec Chicago FC.<\/p>\n<p><strong><img loading=\"lazy\" decoding=\"async\" class=\"alignnone size-medium wp-image-40747\" src=\"https:\/\/wmzpn.pl\/wp-content\/uploads\/2024\/05\/bartek-237x300.jpg\" alt=\"\" width=\"237\" height=\"300\" srcset=\"https:\/\/wmzpn.pl\/wp-content\/uploads\/2024\/05\/bartek-237x300.jpg 237w, https:\/\/wmzpn.pl\/wp-content\/uploads\/2024\/05\/bartek-808x1024.jpg 808w, https:\/\/wmzpn.pl\/wp-content\/uploads\/2024\/05\/bartek-768x973.jpg 768w, https:\/\/wmzpn.pl\/wp-content\/uploads\/2024\/05\/bartek-1213x1536.jpg 1213w, https:\/\/wmzpn.pl\/wp-content\/uploads\/2024\/05\/bartek-696x882.jpg 696w, https:\/\/wmzpn.pl\/wp-content\/uploads\/2024\/05\/bartek-1068x1353.jpg 1068w, https:\/\/wmzpn.pl\/wp-content\/uploads\/2024\/05\/bartek-332x420.jpg 332w, https:\/\/wmzpn.pl\/wp-content\/uploads\/2024\/05\/bartek.jpg 1372w\" sizes=\"auto, (max-width: 237px) 100vw, 237px\" \/>\u00a0 Bartosz Roma\u0144czuk <\/strong>urodzony 28 pa\u017adziernika 1983 w Olecku. W 1995 roku w wieku 12 lat rozpoczyna treningi futbolowe w klubie MLKS Czarni Olecko. Pierwszym trenerem Bartosza w zespole m\u0142odzika i trampkarza by\u0142 Jerzy Wojnowski. Po zako\u0144czeniu szko\u0142y podstawowej zdaje testy i zostaje przyj\u0119ty do znanej m\u0142odzie\u017cowej szk\u00f3\u0142ki pi\u0142karskiej w Szamotu\u0142ach. Uczy si\u0119 tam i trenuje w latach 1998-2000. W tym czasie powo\u0142ywany by\u0142 do reprezentacji Polski junior\u00f3w U18. Sezon 2001\/2002 sp\u0119dzi\u0142 na wypo\u017cyczeniu w trzecioligowym klubie Lubuszanin Drezdenko. Powo\u0142any tak\u017ce do m\u0142odzie\u017cowej reprezentacji Polski U20.<\/p>\n<p><img loading=\"lazy\" decoding=\"async\" class=\"aligncenter wp-image-40748 size-large\" src=\"https:\/\/wmzpn.pl\/wp-content\/uploads\/2024\/05\/romanczuk-656x1024.jpg\" alt=\"\" width=\"640\" height=\"999\" srcset=\"https:\/\/wmzpn.pl\/wp-content\/uploads\/2024\/05\/romanczuk-656x1024.jpg 656w, https:\/\/wmzpn.pl\/wp-content\/uploads\/2024\/05\/romanczuk-192x300.jpg 192w, https:\/\/wmzpn.pl\/wp-content\/uploads\/2024\/05\/romanczuk-768x1200.jpg 768w, https:\/\/wmzpn.pl\/wp-content\/uploads\/2024\/05\/romanczuk-983x1536.jpg 983w, https:\/\/wmzpn.pl\/wp-content\/uploads\/2024\/05\/romanczuk-696x1087.jpg 696w, https:\/\/wmzpn.pl\/wp-content\/uploads\/2024\/05\/romanczuk-1068x1668.jpg 1068w, https:\/\/wmzpn.pl\/wp-content\/uploads\/2024\/05\/romanczuk-269x420.jpg 269w, https:\/\/wmzpn.pl\/wp-content\/uploads\/2024\/05\/romanczuk.jpg 1208w\" sizes=\"auto, (max-width: 640px) 100vw, 640px\" \/><\/p>\n<p>Utalentowanym zawodnikiem zainteresowa\u0142 si\u0119 graj\u0105cy w Bundeslidze VFL Wolfsburg. M\u0142ody zawodnik trenowa\u0142 z pierwszym zespo\u0142em ze s\u0142ynnymi zawodnikami spo\u015br\u00f3d kt\u00f3rych wyr\u00f3\u017cnia\u0142 si\u0119 Stefan Efenberg i Martin Petrofa. <strong>W Wolfsburgu przebywa\u0142 w latach 2002-2006<\/strong>. W pierwszym zespole nie zagra\u0142 ani razu, natomiast drugim zespole amatorskim rozegra\u0142 48 spotka\u0144 i strzeli\u0142 cztery gole.<\/p>\n<p>Powr\u00f3ci\u0142 do Polski. W sezonie 2006\/2007 rozegra\u0142 w drugoligowej Jagiellonii Bia\u0142ystok 5 spotka\u0144. <strong>Lata 2007-2009 sp\u0119dzi\u0142 na po\u0142udniu Europy i gra\u0142 w s\u0142onecznej Grecji <\/strong>w drugiej i trzeciej lidze. W klubie AIS Solamina rozegra\u0142 32 spotkania i \u00a0strzeli\u0142 jedna bramk\u0119. W Rodos 31 spotka\u0144 i 8 bramek. Gra\u0142 r\u00f3wnie\u017c w zespole Panachoiki.<\/p>\n<p>Po powrocie do Polski podpisa\u0142 kontrakt z drugoligowym \u0141\u00f3dzkim Klubem Sportowym. W sezonie 2010\/11 wraz z zespo\u0142em \u0141KS awansowa\u0142 do ekstraklasy. Og\u00f3\u0142em w \u0141odzi rozegra\u0142 40 spotka\u0144 z tego 25 w drugiej i <strong>15 w ekstraklasie<\/strong> i zdoby\u0142 trzy bramki. W \u0141KS-ie gra\u0142 wsp\u00f3lnie z Maciejem Bykowskim z Elbl\u0105ga i Piotrem Klepczarkiem ze Stomil Olsztyn.<\/p>\n<figure id=\"attachment_40749\" aria-describedby=\"caption-attachment-40749\" style=\"width: 640px\" class=\"wp-caption aligncenter\"><img loading=\"lazy\" decoding=\"async\" class=\"wp-image-40749 size-large\" src=\"https:\/\/wmzpn.pl\/wp-content\/uploads\/2024\/05\/Romanczuk-fot.-Robert-ZwolinskI-663x1024.jpg\" alt=\"\" width=\"640\" height=\"988\" srcset=\"https:\/\/wmzpn.pl\/wp-content\/uploads\/2024\/05\/Romanczuk-fot.-Robert-ZwolinskI-663x1024.jpg 663w, https:\/\/wmzpn.pl\/wp-content\/uploads\/2024\/05\/Romanczuk-fot.-Robert-ZwolinskI-194x300.jpg 194w, https:\/\/wmzpn.pl\/wp-content\/uploads\/2024\/05\/Romanczuk-fot.-Robert-ZwolinskI-768x1185.jpg 768w, https:\/\/wmzpn.pl\/wp-content\/uploads\/2024\/05\/Romanczuk-fot.-Robert-ZwolinskI-696x1074.jpg 696w, https:\/\/wmzpn.pl\/wp-content\/uploads\/2024\/05\/Romanczuk-fot.-Robert-ZwolinskI-272x420.jpg 272w, https:\/\/wmzpn.pl\/wp-content\/uploads\/2024\/05\/Romanczuk-fot.-Robert-ZwolinskI.jpg 852w\" sizes=\"auto, (max-width: 640px) 100vw, 640px\" \/><figcaption id=\"caption-attachment-40749\" class=\"wp-caption-text\">Zdj\u0119cie wykona\u0142 Robert Zwoli\u0144ski<\/figcaption><\/figure>\n<p>Dalsz\u0105 karier\u0119 kontynuowa\u0142 w klubie Motor Lublin. W sezonie 2012\/13 rozegra\u0142 13 spotka\u0144 w drugiej lidze. Lata 2013-2015 sp\u0119dzi\u0142 w Niemczech graj\u0105c w regionalnym klubie 1FC Feucht 41 gier i trzy. Karier\u0119 pi\u0142karza zako\u0144czy\u0142 w 2016 roku graj\u0105c w klubie K\u0142os Ga\u0142owo &#8211; klasa okr\u0119gowa pozna\u0144ska. Obecnie jest trenerem w tym klubie i wsp\u00f3\u0142pracuje ze szk\u00f3\u0142k\u0105 pi\u0142karsk\u0105 w Szamotu\u0142ach, w kt\u00f3rej wcze\u015bniej by\u0142a adeptem pi\u0142karskim.<\/p>\n","protected":false},"excerpt":{"rendered":"<p>\u00a0 \u00a0 Trener Jerzy Wojnowski ur.1.01.1954 r. w Olecku. Pochodzi z usportowionej rodziny. Jego starszy o 4 lata brat Romuald by\u0142 nauczycielem i trenerem w klubie Korab Olecko. Wychowa\u0142 65 medalist\u00f3w Mistrzostw Polski w L-a, w r\u00f3\u017cnych kategoriach wiekowych. Jerzy pod\u0105\u017cy\u0142 w jego \u015blady. Bardzo szybko rozpocz\u0105\u0142 treningi\u00a0 pi\u0142karskie w klubie MLKS Czarni Olecko. Gra\u0142 [&hellip;]<\/p>\n","protected":false},"author":11,"featured_media":40788,"comment_status":"open","ping_status":"open","sticky":false,"template":"","format":"standard","meta":{"footnotes":""},"categories":[12,288],"tags":[],"class_list":["post-40740","post","type-post","status-publish","format-standard","has-post-thumbnail","hentry","category-aktualnosci","category-kacik-historyczny-wojciecha-linowa"],"_links":{"self":[{"href":"https:\/\/wmzpn.pl\/index.php?rest_route=\/wp\/v2\/posts\/40740","targetHints":{"allow":["GET"]}}],"collection":[{"href":"https:\/\/wmzpn.pl\/index.php?rest_route=\/wp\/v2\/posts"}],"about":[{"href":"https:\/\/wmzpn.pl\/index.php?rest_route=\/wp\/v2\/types\/post"}],"author":[{"embeddable":true,"href":"https:\/\/wmzpn.pl\/index.php?rest_route=\/wp\/v2\/users\/11"}],"replies":[{"embeddable":true,"href":"https:\/\/wmzpn.pl\/index.php?rest_route=%2Fwp%2Fv2%2Fcomments&post=40740"}],"version-history":[{"count":2,"href":"https:\/\/wmzpn.pl\/index.php?rest_route=\/wp\/v2\/posts\/40740\/revisions"}],"predecessor-version":[{"id":40799,"href":"https:\/\/wmzpn.pl\/index.php?rest_route=\/wp\/v2\/posts\/40740\/revisions\/40799"}],"wp:featuredmedia":[{"embeddable":true,"href":"https:\/\/wmzpn.pl\/index.php?rest_route=\/wp\/v2\/media\/40788"}],"wp:attachment":[{"href":"https:\/\/wmzpn.pl\/index.php?rest_route=%2Fwp%2Fv2%2Fmedia&parent=40740"}],"wp:term":[{"taxonomy":"category","embeddable":true,"href":"https:\/\/wmzpn.pl\/index.php?rest_route=%2Fwp%2Fv2%2Fcategories&post=40740"},{"taxonomy":"post_tag","embeddable":true,"href":"https:\/\/wmzpn.pl\/index.php?rest_route=%2Fwp%2Fv2%2Ftags&post=40740"}],"curies":[{"name":"wp","href":"https:\/\/api.w.org\/{rel}","templated":true}]}}