{"id":40493,"date":"2024-04-26T11:24:43","date_gmt":"2024-04-26T11:24:43","guid":{"rendered":"https:\/\/wmzpn.pl\/?p=40493"},"modified":"2024-05-06T08:20:51","modified_gmt":"2024-05-06T08:20:51","slug":"kacik-historyczny-wojciecha-linowa-grali-w-mazurze-elk","status":"publish","type":"post","link":"https:\/\/wmzpn.pl\/?p=40493","title":{"rendered":"K\u0105cik historyczny Wojciecha Linowa &#8211; Grali w Mazurze E\u0142k"},"content":{"rendered":"<p><strong><img loading=\"lazy\" decoding=\"async\" class=\"alignnone size-medium wp-image-40502\" src=\"https:\/\/wmzpn.pl\/wp-content\/uploads\/2024\/04\/5fa141ac294b2_o_large-246x300.jpg\" alt=\"\" width=\"246\" height=\"300\" srcset=\"https:\/\/wmzpn.pl\/wp-content\/uploads\/2024\/04\/5fa141ac294b2_o_large-246x300.jpg 246w, https:\/\/wmzpn.pl\/wp-content\/uploads\/2024\/04\/5fa141ac294b2_o_large.jpg 326w\" sizes=\"auto, (max-width: 246px) 100vw, 246px\" \/> Grzegorz Szerszenowicz<\/strong> urodzony 15 stycznia 1945 roku w Bia\u0142owie\u017cy &#8211; zmar\u0142 3 listopada 2020 roku. Karier\u0119 pi\u0142karsk\u0105 rozpoczyna\u0142 w Cresovii Go\u0142dap, gdzie gra\u0142 w zespo\u0142ach m\u0142odzie\u017cowych. W 1965 roku zda\u0142 egzamin do Akademii Wychowania Fizycznego w Warszawie i gra\u0142 w AZS \u2013 AWF, kt\u00f3ry w 1967 roku awansowa\u0142 do III ligi. W tych rozgrywkach spotka\u0142em si\u0119 na boisku z Grzegorzem. W latach 1968-73 by\u0142 bramkarzem w klubie Bro\u0144 Radom. Sezony 1976-79 sp\u0119dzi\u0142 w Jagiellonii Bia\u0142ystok. Popularny \u017bubr urodzi\u0142 si\u0119 w Hajn\u00f3wce, w sercu Puszczy Bia\u0142owieskiej. Absolwent AWF w Warszawie oraz Szko\u0142y G\u0142\u00f3wnej Planowania i Statystyki w Warszawie &#8211; obecnie Szko\u0142a G\u0142\u00f3wna Handlowa.<\/p>\n<p>Precyzyjne statystyki gry Grzegorza Szerszenowicza w Mazurze E\u0142k &#8211; Zadebiutowa\u0142 5 wrze\u015bnia 1976 roku, a ostatni mecz rozegra\u0142 22 pa\u017adziernika 1978. <strong>W tym czasie rozegra\u0142 39 spotka\u0144. w kt\u00f3rych 48 razy wyjmowa\u0142 pi\u0142k\u0119 siatki swojej bramki.<\/strong> 25 wrze\u015bnia 1977 roku zosta\u0142 graj\u0105cym trenerem Mazura. By\u0142 trenerem w sezonie 77\/78 i 78\/79 w III lidze.<\/p>\n<figure id=\"attachment_40495\" aria-describedby=\"caption-attachment-40495\" style=\"width: 2369px\" class=\"wp-caption alignnone\"><img loading=\"lazy\" decoding=\"async\" class=\"wp-image-40495 size-full\" src=\"https:\/\/wmzpn.pl\/wp-content\/uploads\/2024\/04\/MAZUR-ZDJECIA-083.jpg\" alt=\"\" width=\"2369\" height=\"1246\" srcset=\"https:\/\/wmzpn.pl\/wp-content\/uploads\/2024\/04\/MAZUR-ZDJECIA-083.jpg 2369w, https:\/\/wmzpn.pl\/wp-content\/uploads\/2024\/04\/MAZUR-ZDJECIA-083-300x158.jpg 300w, https:\/\/wmzpn.pl\/wp-content\/uploads\/2024\/04\/MAZUR-ZDJECIA-083-1024x539.jpg 1024w, https:\/\/wmzpn.pl\/wp-content\/uploads\/2024\/04\/MAZUR-ZDJECIA-083-768x404.jpg 768w, https:\/\/wmzpn.pl\/wp-content\/uploads\/2024\/04\/MAZUR-ZDJECIA-083-1536x808.jpg 1536w, https:\/\/wmzpn.pl\/wp-content\/uploads\/2024\/04\/MAZUR-ZDJECIA-083-2048x1077.jpg 2048w, https:\/\/wmzpn.pl\/wp-content\/uploads\/2024\/04\/MAZUR-ZDJECIA-083-696x366.jpg 696w, https:\/\/wmzpn.pl\/wp-content\/uploads\/2024\/04\/MAZUR-ZDJECIA-083-1068x562.jpg 1068w, https:\/\/wmzpn.pl\/wp-content\/uploads\/2024\/04\/MAZUR-ZDJECIA-083-799x420.jpg 799w\" sizes=\"auto, (max-width: 2369px) 100vw, 2369px\" \/><figcaption id=\"caption-attachment-40495\" class=\"wp-caption-text\">Mazur E\u0142k 1978 &#8211; Szerszenowicz i Abramowicz stoj\u0105 z lewej strony<\/figcaption><\/figure>\n<figure id=\"attachment_40497\" aria-describedby=\"caption-attachment-40497\" style=\"width: 1087px\" class=\"wp-caption alignnone\"><img loading=\"lazy\" decoding=\"async\" class=\"wp-image-40497 size-full\" src=\"https:\/\/wmzpn.pl\/wp-content\/uploads\/2024\/04\/MAZUR-ZDJECIA-251.jpg\" alt=\"\" width=\"1087\" height=\"692\" srcset=\"https:\/\/wmzpn.pl\/wp-content\/uploads\/2024\/04\/MAZUR-ZDJECIA-251.jpg 1087w, https:\/\/wmzpn.pl\/wp-content\/uploads\/2024\/04\/MAZUR-ZDJECIA-251-300x191.jpg 300w, https:\/\/wmzpn.pl\/wp-content\/uploads\/2024\/04\/MAZUR-ZDJECIA-251-1024x652.jpg 1024w, https:\/\/wmzpn.pl\/wp-content\/uploads\/2024\/04\/MAZUR-ZDJECIA-251-768x489.jpg 768w, https:\/\/wmzpn.pl\/wp-content\/uploads\/2024\/04\/MAZUR-ZDJECIA-251-696x443.jpg 696w, https:\/\/wmzpn.pl\/wp-content\/uploads\/2024\/04\/MAZUR-ZDJECIA-251-1068x680.jpg 1068w, https:\/\/wmzpn.pl\/wp-content\/uploads\/2024\/04\/MAZUR-ZDJECIA-251-660x420.jpg 660w\" sizes=\"auto, (max-width: 1087px) 100vw, 1087px\" \/><figcaption id=\"caption-attachment-40497\" class=\"wp-caption-text\">Mazur na zgrupowaniu &#8211; Szerszenowicz stoi drugi z lewej, Abramowicz pi\u0105ty<\/figcaption><\/figure>\n<p>Lista klub\u00f3w, w kt\u00f3rych pracowa\u0142 jest ogromna: w latach 1985-86 i 86-87 trenowa\u0142 zesp\u00f3\u0142 Zag\u0142\u0119bia Lubin, w kt\u00f3rym zawodnikami byli olszty\u0144scy zawodnicy Jaros\u0142aw Bako i Adam Zejer. Jak wspomina Adam na pierwszym treningu zapyta\u0142 si\u0119 ile masz lat? Gdy odpowiedzia\u0142 \u017ce 23, to stwierdzi\u0142, \u017ce przyszed\u0142 do pierwszej ligi o 5 lat za p\u00f3\u017ano. Dalsza wsp\u00f3\u0142praca trenera z zawodnikami by\u0142a wzorcowa, a Zag\u0142\u0119bie utrzyma\u0142o si\u0119 w pierwszej lidze. Jeden z najwi\u0119kszych sukces\u00f3w trenera Szerszenowicza by\u0142 z zespo\u0142em Lecha Pozna\u0144. Trenowa\u0142 tam w latach 1987\/ 1988. <strong>W finale Pucharu Polski Lech vs Legia po 90 minutach by\u0142 remis, a w karnych Lech wygra\u0142 3:2 i zdoby\u0142 Puchar Polski.<\/strong><\/p>\n<p>W 1988 roku zosta\u0142 z Lecha zwolniony. Jak wspomnia\u0142 w jednej z ostatnich kolejek pierwszej ligi Lech gra\u0142 derbowe spotkanie z Olimpi\u0105 Pozna\u0144. Dzia\u0142acze namawiali \u017ceby da\u0142 wygra\u0107 Olimpii. Mecz zako\u0144czy\u0142 si\u0119 wynikiem 2:2. Olimpia spad\u0142a z pierwszej ligi a Grzegorz po zdobyciu Pucharu Polski zosta\u0142 zwolniony z klubu. W sezonie 1988\/89 wybra\u0142 si\u0119 do Tunezji I by\u0142 trenerem w klubie CSS Sfax -pierwsza liga.\u00a0 W USA gra\u0142 w bramce i trenowa\u0142 amatorski zesp\u00f3\u0142 FC Linderhorst.<\/p>\n<p>Obwo\u0142any zosta\u0142 kr\u00f3lem podlaskich trener\u00f3w. W Jagiellonii Bia\u0142ystok trenowa\u0142 dwa razy. W latach 1991-92 \u015bwi\u0119towa\u0142 drugi awans do ekstraklasy. <strong>By\u0142o to 20 czerwca 1992 roku w Rzeszowie, gdy Jagiellonia wygra\u0142a z Resovi\u0105 1:0, a bramk\u0119 strzeli\u0142 Janusz Szugzda.<\/strong> Opowiada\u0142, \u017ce by\u0142 to najprzyjemniejszy moment, gdy jako trener pracuj\u0105c w klubie z regionu, uzyska\u0142 sukces dla miasta w kt\u00f3rym mieszka\u0142.<\/p>\n<p><strong>W Mazurze E\u0142k po raz drugi Grzegorz zosta\u0142 trenerem 1 grudnia 2006 i prowadzi\u0142 ten klub do 30 czerwca 2007 roku w klasie Okr\u0119gowej.<\/strong> W 61 spotkaniach odni\u00f3s\u0142 25 zwyci\u0119stw, 11 razy zremisowa\u0142 i 25 razy przegra\u0142. W Podlaskim Zwi\u0105zku Pi\u0142ki No\u017cnej by\u0142 alf\u0105 i omeg\u0105. Pracowa\u0142 pr\u0119\u017cnie na rzecz wszystkich klub\u00f3w regionu. W niekt\u00f3rych nawet wielokrotnie. Wiele czasu sp\u0119dza\u0142 na dzia\u0142alno\u015bci charytatywnej. Prowadzi\u0142 i wybiera\u0142 jedenastki w r\u00f3\u017cnych turniejach gwiazd i imprezach. Przewodzi\u0142 tak\u017ce kapitule Podlaskiego Zwi\u0105zku Pi\u0142ki No\u017cnej, kt\u00f3ra wybiera\u0142a najlepszych pi\u0142karzy w poszczeg\u00f3lnych sezonach. <strong>W 2009 roku zosta\u0142 wybrany trenerem 80-lecia Podlaskiego Zwi\u0105zku Pi\u0142ki No\u017cnej.<\/strong> Podzi\u0119kowa\u0142 s\u0142owami \u2013 \u201eCzuj\u0119 si\u0119 dowarto\u015bciowany tym bardziej, \u017ce to zaszczytne wyr\u00f3\u017cnienie otrzyma\u0142em mi\u0119dzy innymi g\u0142osami moich by\u0142ych zawodnik\u00f3w\u201d. Grzegorz cieszy\u0142 si\u0119 tak\u017ce wieloletnim powa\u017caniem trener\u00f3w naszego Warmi\u0144sko-Mazurskiego Zwi\u0105zku Pi\u0142ki No\u017cnej.<\/p>\n<p><strong><img loading=\"lazy\" decoding=\"async\" class=\"alignnone size-medium wp-image-40500\" src=\"https:\/\/wmzpn.pl\/wp-content\/uploads\/2024\/04\/Janusz-Duchnowski-218x300.jpg\" alt=\"\" width=\"218\" height=\"300\" srcset=\"https:\/\/wmzpn.pl\/wp-content\/uploads\/2024\/04\/Janusz-Duchnowski-218x300.jpg 218w, https:\/\/wmzpn.pl\/wp-content\/uploads\/2024\/04\/Janusz-Duchnowski-306x420.jpg 306w, https:\/\/wmzpn.pl\/wp-content\/uploads\/2024\/04\/Janusz-Duchnowski.jpg 632w\" sizes=\"auto, (max-width: 218px) 100vw, 218px\" \/> Janusz Duchnowski<\/strong> urodzony 11 kwietnia 1958 roku w E\u0142ku. Wychowanek Kolejowego Klubu Sportowego Mazur E\u0142k. Pierwszym trenerem Janusza by\u0142 Stefan Marcinkiewicz. W zespole senior\u00f3w Mazura debiutowa\u0142 w sierpniu 1975 roku, a ostatni mecz rozegra\u0142 17 kwietnia 1977. W okresie tym w III lidze rozegra\u0142 55 spotka\u0144.<\/p>\n<figure id=\"attachment_40496\" aria-describedby=\"caption-attachment-40496\" style=\"width: 1527px\" class=\"wp-caption alignnone\"><img loading=\"lazy\" decoding=\"async\" class=\"wp-image-40496 size-full\" src=\"https:\/\/wmzpn.pl\/wp-content\/uploads\/2024\/04\/MAZUR-ZDJECIA-241.jpg\" alt=\"\" width=\"1527\" height=\"1135\" srcset=\"https:\/\/wmzpn.pl\/wp-content\/uploads\/2024\/04\/MAZUR-ZDJECIA-241.jpg 1527w, https:\/\/wmzpn.pl\/wp-content\/uploads\/2024\/04\/MAZUR-ZDJECIA-241-300x223.jpg 300w, https:\/\/wmzpn.pl\/wp-content\/uploads\/2024\/04\/MAZUR-ZDJECIA-241-1024x761.jpg 1024w, https:\/\/wmzpn.pl\/wp-content\/uploads\/2024\/04\/MAZUR-ZDJECIA-241-768x571.jpg 768w, https:\/\/wmzpn.pl\/wp-content\/uploads\/2024\/04\/MAZUR-ZDJECIA-241-80x60.jpg 80w, https:\/\/wmzpn.pl\/wp-content\/uploads\/2024\/04\/MAZUR-ZDJECIA-241-265x198.jpg 265w, https:\/\/wmzpn.pl\/wp-content\/uploads\/2024\/04\/MAZUR-ZDJECIA-241-696x517.jpg 696w, https:\/\/wmzpn.pl\/wp-content\/uploads\/2024\/04\/MAZUR-ZDJECIA-241-1068x794.jpg 1068w, https:\/\/wmzpn.pl\/wp-content\/uploads\/2024\/04\/MAZUR-ZDJECIA-241-565x420.jpg 565w\" sizes=\"auto, (max-width: 1527px) 100vw, 1527px\" \/><figcaption id=\"caption-attachment-40496\" class=\"wp-caption-text\">Mazur E\u0142k 1977 &#8211; III Liga, Szerszenowicz bramkarz, Duchnowski trzeci od lewej<\/figcaption><\/figure>\n<p><strong>W 1978 roku w wieku 20 lat zosta\u0142 dostrze\u017cony przez dzia\u0142aczy Stali Mielec i przeszed\u0142 do pierwszoligowego znanego klubu.<\/strong> Wiosn\u0105 1978 roku rozegra\u0142 trzy spotkania w pierwszej lidze a kolegami w dru\u017cynie byli znani z kraju zawodnicy bramkarz \u2013 Stawarz, obro\u0144cy- Buda, Kosi\u0144ski i Za\u0142\u0119\u017cny. W pomocy grali Kasperczak i Hnatio, za\u015b w ataku Lato i Szarmach.<\/p>\n<p>W sezonie 1978-79 gdy Stal Mielec zako\u0144czy\u0142a na trzecim miejscu nie zagra\u0142 w \u017cadnym spotkaniu natomiast w nast\u0119pnym sezonie zagra\u0142 w 15 meczach. Najlepsze sezony Janusz Duchnowski rozegra\u0142 w Stali Mielec w latach 1985-86 &#8211; wtedy by\u0142o 17 spotka\u0144 i sezon 1986-87 &#8211; 14 spotka\u0144. W tym czasie na boisku gra\u0142 z Adamem Fedorukiem, kt\u00f3ry przeszed\u0142 do Stali Mielec z Olimpii Elbl\u0105g. <strong>Og\u00f3lnie Janusz Duchnowski w I lidze rozegra\u0142 53 spotkania. <\/strong><\/p>\n<p><img loading=\"lazy\" decoding=\"async\" class=\"alignnone wp-image-40503 size-full\" src=\"https:\/\/wmzpn.pl\/wp-content\/uploads\/2024\/04\/janusz.jpg\" alt=\"\" width=\"140\" height=\"160\" \/>\u00a0 W 1988 roku wyjecha\u0142 do Szwecji. W klubie Spanga IS Sztokholm rozegra\u0142 20 spotka\u0144. Mieszka w Szwecji. Jest trenerem w klubie Polonia Falcons FF Sztokholm.<\/p>\n<p><strong><img loading=\"lazy\" decoding=\"async\" class=\"alignnone size-medium wp-image-40501\" src=\"https:\/\/wmzpn.pl\/wp-content\/uploads\/2024\/04\/Miroslaw-Abramowicz-203x300.jpg\" alt=\"\" width=\"203\" height=\"300\" srcset=\"https:\/\/wmzpn.pl\/wp-content\/uploads\/2024\/04\/Miroslaw-Abramowicz-203x300.jpg 203w, https:\/\/wmzpn.pl\/wp-content\/uploads\/2024\/04\/Miroslaw-Abramowicz-692x1024.jpg 692w, https:\/\/wmzpn.pl\/wp-content\/uploads\/2024\/04\/Miroslaw-Abramowicz-768x1136.jpg 768w, https:\/\/wmzpn.pl\/wp-content\/uploads\/2024\/04\/Miroslaw-Abramowicz-696x1029.jpg 696w, https:\/\/wmzpn.pl\/wp-content\/uploads\/2024\/04\/Miroslaw-Abramowicz-284x420.jpg 284w, https:\/\/wmzpn.pl\/wp-content\/uploads\/2024\/04\/Miroslaw-Abramowicz.jpg 904w\" sizes=\"auto, (max-width: 203px) 100vw, 203px\" \/> Miros\u0142aw Abramowicz<\/strong> urodzony 27 wrze\u015bnia 1958 rok w E\u0142ku &#8211; zmar\u0142 17 kwietnia 2017 roku w Mielcu.<\/p>\n<p>Wychowanek Kolejowego Klubu Sportowego Mazur E\u0142k. Jego pierwszym trenerem w dru\u017cynie junior\u00f3w by\u0142 Stefan Marcinkiewicz. <strong>W dru\u017cynie senior\u00f3w Mazura zadebiutowa\u0142 17 czerwca 1976 roku, a ostatnie spotkanie rozegra\u0142 25 listopada 1979 roku<\/strong>. W tym czasie gra\u0142 w trzeciej Lidze: sezon 1976\/77 &#8211; 9 miejsce, w sezonie 1977\/78 \u2013 8 miejsce i w sezonie 1978\/79 &#8211; 7 miejsce. Og\u00f3\u0142em wyst\u0105pi\u0142 w 45 spotkaniach i zdoby\u0142 19 bramek.<\/p>\n<p><strong>Latem 1979 roku zosta\u0142 powo\u0142any do reprezentacji Polski klub\u00f3w kolejowych i uczestniczy\u0142 w Mistrzostwach Europy.<\/strong><\/p>\n<figure id=\"attachment_40494\" aria-describedby=\"caption-attachment-40494\" style=\"width: 872px\" class=\"wp-caption alignnone\"><img loading=\"lazy\" decoding=\"async\" class=\"wp-image-40494 size-full\" src=\"https:\/\/wmzpn.pl\/wp-content\/uploads\/2024\/04\/MAZUR-ZDJECIA-211.jpg\" alt=\"\" width=\"872\" height=\"710\" srcset=\"https:\/\/wmzpn.pl\/wp-content\/uploads\/2024\/04\/MAZUR-ZDJECIA-211.jpg 872w, https:\/\/wmzpn.pl\/wp-content\/uploads\/2024\/04\/MAZUR-ZDJECIA-211-300x244.jpg 300w, https:\/\/wmzpn.pl\/wp-content\/uploads\/2024\/04\/MAZUR-ZDJECIA-211-768x625.jpg 768w, https:\/\/wmzpn.pl\/wp-content\/uploads\/2024\/04\/MAZUR-ZDJECIA-211-696x567.jpg 696w, https:\/\/wmzpn.pl\/wp-content\/uploads\/2024\/04\/MAZUR-ZDJECIA-211-516x420.jpg 516w\" sizes=\"auto, (max-width: 872px) 100vw, 872px\" \/><figcaption id=\"caption-attachment-40494\" class=\"wp-caption-text\">Puchary za Mistrzostwa Europy Kolejarzy<\/figcaption><\/figure>\n<p>Zim\u0105 1980 roku \u015bladami kolegi z dru\u017cyny Mazura Janusza Duchnowskiego przeszed\u0142 do Stali Mielec. Debiutowa\u0142 spotkaniem pierwszej ligi, kt\u00f3re odby\u0142o si\u0119 w Bydgoszczy. Zawisza zremisowa\u0142 2:2 ze Stal\u0105 Mielec &#8211; bramk\u0119 na 2:2 zdoby\u0142 Duchnowski. W sezonie tym rozegra\u0142 w Stali tylko cztery spotkania, a zesp\u00f3\u0142 zaj\u0105\u0142 13 miejsce w pierwszej lidze.<\/p>\n<p>W nast\u0119pnym sezonie 1981\/82 rozegra\u0142 sze\u015b\u0107 spotka\u0144 w zespole z Mielca. W sezonie 1983\/84 po spadku Stali Mielec do drugiej ligi przeni\u00f3s\u0142 si\u0119 do drugoligowego zespo\u0142u Iglopolu D\u0119bica. Stal Mielec zaj\u0119\u0142a trzecie a Wis\u0142oka si\u00f3dme miejsce. Jesieni\u0105 1984 roku przeszed\u0142 do drugoligowego zespo\u0142u Hutnik Warszawa.<\/p>\n<p>W tym sezonie 1984\/85 w grupie III ligi gra\u0142a Olimpia Elbl\u0105g &#8211; awans do drugiej ligi, a tak\u017ce Gwardia Szczytno. Po zako\u0144czeniu kariery sportowej mieszka\u0142 w Mielcu. Jego syn gra\u0142 w zespole Stali Mielec.<\/p>\n<p>Dzi\u0119kuje Panu Andrzejowi Janickiemu za udost\u0119pnienie zdj\u0119\u0107 zawodnik\u00f3w Mazura E\u0142k.<\/p>\n<figure id=\"attachment_40498\" aria-describedby=\"caption-attachment-40498\" style=\"width: 1609px\" class=\"wp-caption alignnone\"><img loading=\"lazy\" decoding=\"async\" class=\"wp-image-40498 size-full\" src=\"https:\/\/wmzpn.pl\/wp-content\/uploads\/2024\/04\/MAZUR-ZDJECIA-050.jpg\" alt=\"\" width=\"1609\" height=\"944\" srcset=\"https:\/\/wmzpn.pl\/wp-content\/uploads\/2024\/04\/MAZUR-ZDJECIA-050.jpg 1609w, https:\/\/wmzpn.pl\/wp-content\/uploads\/2024\/04\/MAZUR-ZDJECIA-050-300x176.jpg 300w, https:\/\/wmzpn.pl\/wp-content\/uploads\/2024\/04\/MAZUR-ZDJECIA-050-1024x601.jpg 1024w, https:\/\/wmzpn.pl\/wp-content\/uploads\/2024\/04\/MAZUR-ZDJECIA-050-768x451.jpg 768w, https:\/\/wmzpn.pl\/wp-content\/uploads\/2024\/04\/MAZUR-ZDJECIA-050-1536x901.jpg 1536w, https:\/\/wmzpn.pl\/wp-content\/uploads\/2024\/04\/MAZUR-ZDJECIA-050-696x408.jpg 696w, https:\/\/wmzpn.pl\/wp-content\/uploads\/2024\/04\/MAZUR-ZDJECIA-050-1068x627.jpg 1068w, https:\/\/wmzpn.pl\/wp-content\/uploads\/2024\/04\/MAZUR-ZDJECIA-050-716x420.jpg 716w\" sizes=\"auto, (max-width: 1609px) 100vw, 1609px\" \/><figcaption id=\"caption-attachment-40498\" class=\"wp-caption-text\">Abramowicz stoi, Szerszenowicz drugi z lewej, Duchnowski trzeci z lewej<\/figcaption><\/figure>\n<p style=\"text-align: right;\"><em>Wojciech Linow<\/em><\/p>\n","protected":false},"excerpt":{"rendered":"<p>Grzegorz Szerszenowicz urodzony 15 stycznia 1945 roku w Bia\u0142owie\u017cy &#8211; zmar\u0142 3 listopada 2020 roku. Karier\u0119 pi\u0142karsk\u0105 rozpoczyna\u0142 w Cresovii Go\u0142dap, gdzie gra\u0142 w zespo\u0142ach m\u0142odzie\u017cowych. W 1965 roku zda\u0142 egzamin do Akademii Wychowania Fizycznego w Warszawie i gra\u0142 w AZS \u2013 AWF, kt\u00f3ry w 1967 roku awansowa\u0142 do III ligi. W tych rozgrywkach spotka\u0142em [&hellip;]<\/p>\n","protected":false},"author":11,"featured_media":40505,"comment_status":"open","ping_status":"open","sticky":false,"template":"","format":"standard","meta":{"footnotes":""},"categories":[12,288,1],"tags":[],"class_list":["post-40493","post","type-post","status-publish","format-standard","has-post-thumbnail","hentry","category-aktualnosci","category-kacik-historyczny-wojciecha-linowa","category-uncategorized"],"_links":{"self":[{"href":"https:\/\/wmzpn.pl\/index.php?rest_route=\/wp\/v2\/posts\/40493","targetHints":{"allow":["GET"]}}],"collection":[{"href":"https:\/\/wmzpn.pl\/index.php?rest_route=\/wp\/v2\/posts"}],"about":[{"href":"https:\/\/wmzpn.pl\/index.php?rest_route=\/wp\/v2\/types\/post"}],"author":[{"embeddable":true,"href":"https:\/\/wmzpn.pl\/index.php?rest_route=\/wp\/v2\/users\/11"}],"replies":[{"embeddable":true,"href":"https:\/\/wmzpn.pl\/index.php?rest_route=%2Fwp%2Fv2%2Fcomments&post=40493"}],"version-history":[{"count":7,"href":"https:\/\/wmzpn.pl\/index.php?rest_route=\/wp\/v2\/posts\/40493\/revisions"}],"predecessor-version":[{"id":40573,"href":"https:\/\/wmzpn.pl\/index.php?rest_route=\/wp\/v2\/posts\/40493\/revisions\/40573"}],"wp:featuredmedia":[{"embeddable":true,"href":"https:\/\/wmzpn.pl\/index.php?rest_route=\/wp\/v2\/media\/40505"}],"wp:attachment":[{"href":"https:\/\/wmzpn.pl\/index.php?rest_route=%2Fwp%2Fv2%2Fmedia&parent=40493"}],"wp:term":[{"taxonomy":"category","embeddable":true,"href":"https:\/\/wmzpn.pl\/index.php?rest_route=%2Fwp%2Fv2%2Fcategories&post=40493"},{"taxonomy":"post_tag","embeddable":true,"href":"https:\/\/wmzpn.pl\/index.php?rest_route=%2Fwp%2Fv2%2Ftags&post=40493"}],"curies":[{"name":"wp","href":"https:\/\/api.w.org\/{rel}","templated":true}]}}