{"id":40300,"date":"2024-04-17T10:22:13","date_gmt":"2024-04-17T10:22:13","guid":{"rendered":"https:\/\/wmzpn.pl\/?p=40300"},"modified":"2024-04-18T09:16:11","modified_gmt":"2024-04-18T09:16:11","slug":"kacik-historyczny-wojciecha-linowa-wychowankowie-granicy-ketrzyn","status":"publish","type":"post","link":"https:\/\/wmzpn.pl\/?p=40300","title":{"rendered":"K\u0105cik historyczny Wojciecha Linowa &#8211; Wychowankowie Granicy K\u0119trzyn"},"content":{"rendered":"<p><strong><img loading=\"lazy\" decoding=\"async\" class=\"alignnone  wp-image-40302\" src=\"https:\/\/wmzpn.pl\/wp-content\/uploads\/2024\/04\/2-1-200x300.jpg\" alt=\"\" width=\"221\" height=\"332\" srcset=\"https:\/\/wmzpn.pl\/wp-content\/uploads\/2024\/04\/2-1-200x300.jpg 200w, https:\/\/wmzpn.pl\/wp-content\/uploads\/2024\/04\/2-1-280x420.jpg 280w, https:\/\/wmzpn.pl\/wp-content\/uploads\/2024\/04\/2-1.jpg 667w\" sizes=\"auto, (max-width: 221px) 100vw, 221px\" \/>\u00a0 \u00a0Jan Furlepa<\/strong> urodzony 24 wrze\u015bnia 1956 roku w K\u0119trzynie \u2013 Napastnik<\/p>\n<p>Pi\u0142karz a tak\u017ce doskona\u0142y trener, wychowanek klubu Granica K\u0119trzyn, reprezentant wojew\u00f3dztwa olszty\u0144skiego junior\u00f3w. Gra\u0142 w kadrze, kt\u00f3r\u0105 prowadzi\u0142em w latach 1972-74. Po zako\u0144czeniu wieku juniora gra\u0142 jeden sezon w klubie Wis\u0142oka D\u0119bica. Wr\u00f3ci\u0142 do K\u0119trzyna i reprezentowa\u0142 barwy 3-ligowego zespo\u0142u Agrokompleks K\u0119trzyn. Jak sam wspomina w 1980 roku podczas spotkania z zespo\u0142em wojskowym \u015aniardwy Orzysz wpad\u0142 w oko oficerowi z tego klubu, kt\u00f3ry zaproponowa\u0142 wyjazd na \u015al\u0105sk, gdzie trener Konstanty Pawlikaniec tworzy\u0142 klub pi\u0142karski w buduj\u0105cym si\u0119 Rybnickim Okr\u0119gu W\u0119glowym. Mia\u0142 wtedy 24 lata i spodziewa\u0142 si\u0119 powo\u0142ania do odbycia obowi\u0105zkowej s\u0142u\u017cby wojskowej. Pojecha\u0142 na \u015al\u0105sk zg\u0142osi\u0142 si\u0119 do klubu ROW i zosta\u0142 g\u00f3rnikiem kopalni Chwa\u0142owice. Praca w kopalni by\u0142a zaliczana do s\u0142u\u017cby wojskowej. Zadowolony zosta\u0142 na \u015al\u0105sku na ca\u0142e \u017cycie.<\/p>\n<p>Gra\u0142 w ROW-ie przez dwa lata. W 1981 roku trafi\u0142 do GKS Jastrz\u0119bie. Jak wspomina chcia\u0142 si\u0119 sprawdzi\u0107 w zespole z wy\u017cszej klasy. <strong>W Jastrz\u0119biu gra\u0142 w III lidze, awansowa\u0142 do drugiej ligi, a w sezonie 1987-88 do pierwszej ligi. W klubie tym rozegra\u0142 99 spotka\u0144<\/strong>. Jak sam przyznaje w pierwszej lidze nie zagra\u0142 ani razu. Przeszed\u0142 do klubu Naprz\u00f3d Ryda\u0142towy i z tym klubem awansowa\u0142 do drugiej ligi. Maj\u0105c ju\u017c 35 lat wsp\u00f3lnie z koleg\u0105 z Granicy K\u0119trzyn, Januszem Mo\u017cejko wyjechali w 1991 roku do Belgii i grali w regionalnym klubie Jamappes. Jak sam przyzna\u0142 by\u0142 solidnym pi\u0142karzem na poziomie drugiej ligi, strzela\u0142 du\u017co bramek i cieszy\u0142 si\u0119 zaufaniem koleg\u00f3w zespo\u0142\u00f3w, w kt\u00f3rych wyst\u0119powa\u0142.<\/p>\n<p>Po powrocie do Polski w 1993 roku koledzy z GKS Jastrz\u0119bie nam\u00f3wili go \u017ceby zaj\u0105\u0142 si\u0119 trenowaniem. Dostrzegli bowiem \u017ce posiada uzdolnienia w tym kierunku. Jan Furlepa uko\u0144czy\u0142 kurs instruktorski, potem trenerski. Dokszta\u0142ca\u0142 si\u0119, a w 2011 roku otrzyma\u0142 dyplom trenera UEFA Pro. <strong>Jest znanym trenerem na G\u00f3rnym \u015al\u0105sku. Trenowa\u0142 wiele klub\u00f3w: dwukrotnie Odr\u0119 Opole, GKS Be\u0142chat\u00f3w, GKS Jastrz\u0119bie, Podbeskidzie Bielsko-Bia\u0142a i Odr\u0119 Wodzis\u0142aw.<\/strong><\/p>\n<figure id=\"attachment_40301\" aria-describedby=\"caption-attachment-40301\" style=\"width: 1500px\" class=\"wp-caption alignnone\"><img loading=\"lazy\" decoding=\"async\" class=\"wp-image-40301 size-full\" src=\"https:\/\/wmzpn.pl\/wp-content\/uploads\/2024\/04\/furlepa-odra-opole.jpg\" alt=\"\" width=\"1500\" height=\"1000\" srcset=\"https:\/\/wmzpn.pl\/wp-content\/uploads\/2024\/04\/furlepa-odra-opole.jpg 1500w, https:\/\/wmzpn.pl\/wp-content\/uploads\/2024\/04\/furlepa-odra-opole-300x200.jpg 300w, https:\/\/wmzpn.pl\/wp-content\/uploads\/2024\/04\/furlepa-odra-opole-1024x683.jpg 1024w, https:\/\/wmzpn.pl\/wp-content\/uploads\/2024\/04\/furlepa-odra-opole-768x512.jpg 768w, https:\/\/wmzpn.pl\/wp-content\/uploads\/2024\/04\/furlepa-odra-opole-696x464.jpg 696w, https:\/\/wmzpn.pl\/wp-content\/uploads\/2024\/04\/furlepa-odra-opole-1068x712.jpg 1068w, https:\/\/wmzpn.pl\/wp-content\/uploads\/2024\/04\/furlepa-odra-opole-630x420.jpg 630w\" sizes=\"auto, (max-width: 1500px) 100vw, 1500px\" \/><figcaption id=\"caption-attachment-40301\" class=\"wp-caption-text\">Fot. S\u0142awomir Jakubowski<\/figcaption><\/figure>\n<p>W 2011 roku po 28 latach wprowadzi\u0142 Rybnik na szczebel centralny. Jak okre\u015blaj\u0105 trenera dziennikarze \u201eSpecjalizacj\u0105 Jana Furlepy by\u0142a praca w roli asystenta trenera w klubach ekstraklasy. Znany jest tak\u017ce z dowcipnych komentarzy swojej pracy oraz rezultat\u00f3w. Mieszka w \u017borach ko\u0142o Rybnika z \u017con\u0105 Jadwig\u0105. Wychowali dwoje doros\u0142ych dzieci Barbar\u0119 i Sebastiana.<\/p>\n<figure id=\"attachment_40303\" aria-describedby=\"caption-attachment-40303\" style=\"width: 220px\" class=\"wp-caption alignnone\"><img loading=\"lazy\" decoding=\"async\" class=\"wp-image-40303 size-medium\" src=\"https:\/\/wmzpn.pl\/wp-content\/uploads\/2024\/04\/mozejko_janusz-lechia-net-220x300.jpg\" alt=\"\" width=\"220\" height=\"300\" srcset=\"https:\/\/wmzpn.pl\/wp-content\/uploads\/2024\/04\/mozejko_janusz-lechia-net-220x300.jpg 220w, https:\/\/wmzpn.pl\/wp-content\/uploads\/2024\/04\/mozejko_janusz-lechia-net.jpg 257w\" sizes=\"auto, (max-width: 220px) 100vw, 220px\" \/><figcaption id=\"caption-attachment-40303\" class=\"wp-caption-text\">fot. lechia.net<\/figcaption><\/figure>\n<p><strong>\u00a0 \u00a0 \u00a0 \u00a0 \u00a0 \u00a0 \u00a0 \u00a0 \u00a0 \u00a0 \u00a0 \u00a0 \u00a0 \u00a0 \u00a0 \u00a0 \u00a0 \u00a0 \u00a0 \u00a0 \u00a0 \u00a0 \u00a0 \u00a0 \u00a0 Janusz Mo\u017cejko<\/strong> urodzony 23 pa\u017adziernika 1957 w Poznaniu \u2013 Obro\u0144ca \u2013 183 cm<\/p>\n<p>Wychowanek Klubu Sportowego Granica K\u0119trzyn. Wyr\u00f3\u017cniaj\u0105cy si\u0119 dobrymi warunkami fizycznymi i niez\u0142ymi umiej\u0119tno\u015bciami technicznymi trafi\u0142 do kadry junior\u00f3w wojew\u00f3dztwa olszty\u0144skiego. Gra\u0142 na pozycji stopera w Pucharze Micha\u0142owicza, w kadrze kt\u00f3r\u0105 prowadzi\u0142em, w latach 1974-75. W roku 1977 zosta\u0142 dostrze\u017cony przez trener\u00f3w III-ligowego Stomilu Olsztyn i zagra\u0142 8 spotka\u0144 w tym klubie. Nast\u0119pnym klubem Janusza w 1978 roku by\u0142a Wis\u0142oka D\u0119bica graj\u0105ca tak\u017ce w III lidze. Agrokompleks K\u0119trzyn awansowa\u0142 do trzeciej ligi. Janusz powr\u00f3ci\u0142 do K\u0119trzyna i ca\u0142y sezon 1979-1980 gra\u0142 w tej klasie rozgrywkowej. Agrokompleks zaj\u0105\u0142 dziesi\u0105te miejsce i spad\u0142 z ligi, z powodu zmniejszenia o po\u0142ow\u0119 zespo\u0142\u00f3w w tych rozgrywkach.<\/p>\n<p><strong>Maj\u0105c 22 lata przeni\u00f3s\u0142 si\u0119 na wybrze\u017ce i w latach 1980-84 reprezentowa\u0142 barwy Arki Gdynia.<\/strong> Szybko zdoby\u0142 miejsce w pierwszej jedenastce pierwszoligowej dru\u017cyny. Arka w sezonie 1980\/81 zaj\u0119\u0142a 11 miejsce, natomiast w latach 1981-82 spad\u0142a do drugiej ligi. Po spadku gra\u0142 w drugiej lidze przez dwa sezony. <strong>W Arce rozegra\u0142 43 spotkania, z tego 28 w pierwszej lidze i zdoby\u0142 16 bramek.<\/strong> Jak pisa\u0142a prasa \u201eW sezonie 1983\/84 kapitanowa\u0142 obronie drugoligowej Arki Gdynia\u201d W nagrod\u0119 przeszed\u0142 do pierwszoligowej Lechii Gda\u0144sk, gdzie pono\u0107 by\u0142 nielubiany. <strong>W Lechii rozegra\u0142 55 spotka\u0144 z tego 48 w pierwszej lidze, 2 w Pucharze Polski i 5 w Pucharze Lata i zdoby\u0142 trzy bramki.<\/strong> Jako jedyny zawodnik w sezonie 1984-85 zagra\u0142 we wszystkich 30 spotkaniach bez \u017cadnej zmiany. Lechia w 1985 roku zaj\u0119\u0142a 15 miejsce, a rok p\u00f3\u017aniej 14 w pierwszej lidze.<\/p>\n<figure id=\"attachment_40304\" aria-describedby=\"caption-attachment-40304\" style=\"width: 800px\" class=\"wp-caption alignnone\"><img loading=\"lazy\" decoding=\"async\" class=\"wp-image-40304 size-full\" src=\"https:\/\/wmzpn.pl\/wp-content\/uploads\/2024\/04\/mozejko-piaty-z-lewej.jpg\" alt=\"\" width=\"800\" height=\"519\" srcset=\"https:\/\/wmzpn.pl\/wp-content\/uploads\/2024\/04\/mozejko-piaty-z-lewej.jpg 800w, https:\/\/wmzpn.pl\/wp-content\/uploads\/2024\/04\/mozejko-piaty-z-lewej-300x195.jpg 300w, https:\/\/wmzpn.pl\/wp-content\/uploads\/2024\/04\/mozejko-piaty-z-lewej-768x498.jpg 768w, https:\/\/wmzpn.pl\/wp-content\/uploads\/2024\/04\/mozejko-piaty-z-lewej-696x452.jpg 696w, https:\/\/wmzpn.pl\/wp-content\/uploads\/2024\/04\/mozejko-piaty-z-lewej-647x420.jpg 647w\" sizes=\"auto, (max-width: 800px) 100vw, 800px\" \/><figcaption id=\"caption-attachment-40304\" class=\"wp-caption-text\">fot. lechia.net &#8211; Mo\u017cejko pi\u0105ty z lewej<\/figcaption><\/figure>\n<p>Kolejnym klubem Janusza Mo\u017cejko na wybrze\u017cu by\u0142 Ba\u0142tyk Gdynia, w kt\u00f3rym wyst\u0119powa\u0142 w latach 1986-1990. Rozegra\u0142 tam 43 spotkania, z kt\u00f3rych 28 w pierwszej lidze.<\/p>\n<p>W sezonie 1987\/88 Ba\u0142tyk zaj\u0105\u0142 15 miejsce i spad\u0142 do drugiej ligi. W 1989 roku zaj\u0105\u0142 w dziesi\u0105te miejsce w drugiej lidze, natomiast w sezonie 1989\/90 spad\u0142 z drugiej ligi. Janusz kolejne lata sp\u0119dzi\u0142 za granic\u0105. W roku 1990 i po\u0142owie 1991 przebywa\u0142 w USA gdzie gra\u0142 i by\u0142 trenerem w klubie polonijnym Eagles SC\u00a0 Yankes. Natomiast w latach 1991-95 gra\u0142 w regionalnej lidze w Belgii. Po powrocie do Polski w latach 1996-2001 gra\u0142 w drugoligowym zespole Gryf Wejherowo. Z klubem tym w 1996 i 1997 roku zdoby\u0142 Puchar Polski wojew\u00f3dztwa gda\u0144skiego. Gra\u0142 do 46 roku \u017cycia. Ko\u0144czy\u0142 d\u0142ugoletni\u0105 karier\u0119 sportow\u0105 w klubie Orl\u0119ta Reda. <strong>W ekstraklasie zagra\u0142 119 spotka\u0144 i zdoby\u0142 cztery bramki. <\/strong>Obecnie mieszka w Gdyni.<\/p>\n<p><strong><img loading=\"lazy\" decoding=\"async\" class=\"alignnone size-medium wp-image-40305\" src=\"https:\/\/wmzpn.pl\/wp-content\/uploads\/2024\/04\/piotr_lech_ameri_gks-belchatow_20_karne_24_20070802-213x300.jpg\" alt=\"\" width=\"213\" height=\"300\" srcset=\"https:\/\/wmzpn.pl\/wp-content\/uploads\/2024\/04\/piotr_lech_ameri_gks-belchatow_20_karne_24_20070802-213x300.jpg 213w, https:\/\/wmzpn.pl\/wp-content\/uploads\/2024\/04\/piotr_lech_ameri_gks-belchatow_20_karne_24_20070802-298x420.jpg 298w, https:\/\/wmzpn.pl\/wp-content\/uploads\/2024\/04\/piotr_lech_ameri_gks-belchatow_20_karne_24_20070802.jpg 663w\" sizes=\"auto, (max-width: 213px) 100vw, 213px\" \/>\u00a0Piotr Lech<\/strong> urodzony 16 czerwca 1968 roku w K\u0119trzynie &#8211; Bramkarz<\/p>\n<p>Stryjek zawodnika i trenera Stomil Olsztyn Grzegorza Lecha. Utalentowanym i obdarzonym znakomitymi warunkami fizycznymi m\u0142odym bramkarzem zainteresowa\u0142 si\u0119 Ruch Chorz\u00f3w &#8211; wielokrotny mistrz Polski. Piotrek przeszed\u0142 tam w wieku 18 lat. <strong>Jego debiut w pierwszoligowym (obecnie ekstraklasa) zespole mia\u0142 miejsce 25 marca 1989 <\/strong>roku w spotkaniu zremisowanym 2:2 pomi\u0119dzy Ruchem Chorz\u00f3w a \u0141KS \u0141\u00f3d\u017a. By\u0142o to jedno z trzech spotka\u0144 jakie dwudziestoletni Piotr zagra\u0142 w tym mistrzowskim sezonie Ruchu Chorz\u00f3w.<\/p>\n<figure id=\"attachment_40306\" aria-describedby=\"caption-attachment-40306\" style=\"width: 1200px\" class=\"wp-caption alignnone\"><img loading=\"lazy\" decoding=\"async\" class=\"wp-image-40306 size-full\" src=\"https:\/\/wmzpn.pl\/wp-content\/uploads\/2024\/04\/Ruch_Chorzow_1988-89-lech-polska-pilka-pl.jpg\" alt=\"\" width=\"1200\" height=\"850\" srcset=\"https:\/\/wmzpn.pl\/wp-content\/uploads\/2024\/04\/Ruch_Chorzow_1988-89-lech-polska-pilka-pl.jpg 1200w, https:\/\/wmzpn.pl\/wp-content\/uploads\/2024\/04\/Ruch_Chorzow_1988-89-lech-polska-pilka-pl-300x213.jpg 300w, https:\/\/wmzpn.pl\/wp-content\/uploads\/2024\/04\/Ruch_Chorzow_1988-89-lech-polska-pilka-pl-1024x725.jpg 1024w, https:\/\/wmzpn.pl\/wp-content\/uploads\/2024\/04\/Ruch_Chorzow_1988-89-lech-polska-pilka-pl-768x544.jpg 768w, https:\/\/wmzpn.pl\/wp-content\/uploads\/2024\/04\/Ruch_Chorzow_1988-89-lech-polska-pilka-pl-100x70.jpg 100w, https:\/\/wmzpn.pl\/wp-content\/uploads\/2024\/04\/Ruch_Chorzow_1988-89-lech-polska-pilka-pl-696x493.jpg 696w, https:\/\/wmzpn.pl\/wp-content\/uploads\/2024\/04\/Ruch_Chorzow_1988-89-lech-polska-pilka-pl-1068x757.jpg 1068w, https:\/\/wmzpn.pl\/wp-content\/uploads\/2024\/04\/Ruch_Chorzow_1988-89-lech-polska-pilka-pl-593x420.jpg 593w\" sizes=\"auto, (max-width: 1200px) 100vw, 1200px\" \/><figcaption id=\"caption-attachment-40306\" class=\"wp-caption-text\">Trzeci z lewej w \u015brodkowym rz\u0119dzie Piotr Lech, Ruch Chorz\u00f3w 1988-89 \u017ar\u00f3d\u0142o: polska-pilka.pl<\/figcaption><\/figure>\n<p>21 czerwca 1989 roku Ruch Chorz\u00f3w pokona\u0142 na w\u0142asnym stadionie G\u00f3rnik Wa\u0142brzych 4:1 i zapewni\u0142 sobie 14 tytu\u0142 mistrza polski. Piotr Lech od sezonu 1990\/91 by\u0142 podstawowym bramkarzem Ruchu Chorz\u00f3w. W 1996 roku Ruch Chorz\u00f3w graj\u0105c w drugiej lidze zdoby\u0142 Puchar Polski. Pokona\u0142 w finale zesp\u00f3\u0142 GKS Be\u0142chat\u00f3w 1:0. <strong>Puchar Polski wr\u0119czy\u0142 prezydent RP Aleksander Kwa\u015bniewski. <\/strong><\/p>\n<p>Piotrek gra\u0142 w Ruchu do jesieni 1997 roku. Na jeden sezon 1997\/98 przeni\u00f3s\u0142 si\u0119 do Zag\u0142\u0119bia Lubin, w kt\u00f3rym klubie zagra\u0142 16 spotka\u0144 w ekstraklasie. W kolejnym sezonie 1998\/99 powr\u00f3ci\u0142 na stadion Ruchu przy Cichej. <strong>Og\u00f3\u0142em w Ruchu Chorz\u00f3w rozegra\u0142 151 spotka\u0144 w ekstraklasie.<\/strong> Kolejny \u015al\u0105skim klubem by\u0142 GKS Katowice, w kt\u00f3rym w latach 1999-2001 rozegra\u0142 46 spotka\u0144 w ekstraklasie. W 2001 roku Piotr zdoby\u0142 presti\u017cow\u0105 nagrod\u0119 w plebiscycie redakcji Sportu Katowickiego <strong>&#8211; Z\u0142ote Buty<\/strong>. W 1991 roku tak\u0105 nagrod\u0119 zdoby\u0142 Adam Zejer.<\/p>\n<p>A\u017c pi\u0119\u0107 sezon\u00f3w 2001-2006 sp\u0119dzi\u0142 w G\u00f3rniku Zabrze, rozegra\u0142 tam 89 spotka\u0144 w ekstraklasie. Jesieni\u0105 z 2005 roku przeszed\u0142 do GKS Be\u0142chat\u00f3w rozegra\u0142 23 spotkania w ekstraklasie i jedno w Pucharze Europy. W tym czasie ani razu nie by\u0142 zmieniany w bramce. W lipcu 2008 roku Piotr Lech podpisa\u0142 kontrakt z Jagielloni\u0105 Bia\u0142ystok graj\u0105c\u0105 w ekstraklasie. W bia\u0142ostockim klubie by\u0142 drugim bramkarzem po wychowanku Warmii Olsztyn, Rafale Gikiewiczu. Stawia\u0142 tak\u017ce pierwsze kroki jako trener bramkarzy. Po meczu Jagiellonia vs Polonia trafi\u0142 do jedenastki kolejki ekstraklasy. Prasa tak to komentowa\u0142a \u201eRzadko si\u0119 zdarza by najlepszym bramkarzem zosta\u0142 uznany zawodnik, kt\u00f3ry pu\u015bci\u0142 dwie bramki i w dodatku graj\u0105c z kontuzja. Okaza\u0142o si\u0119 \u017ce transfer Piotra w wieku ponad 40 lat by\u0142 wzmocnieniem Jagiellonii. Gdy w 2009 roku powstrzyma\u0142 ekip\u0119 Polonii Warszawa w meczu z Jagielloni\u0105 i mia\u0142 40 lat,10 miesi\u0119cy i 28 dni. <strong>By\u0142 drugim po Januszu Jojko najstarszym bramkarzem w ekstraklasie. <\/strong><\/p>\n<p><strong>Og\u00f3\u0142em Piotr Lech zagra\u0142 357 spotka\u0144 w ekstraklasie<\/strong>. Gra\u0142 tak\u017ce pi\u0119\u0107 spotka\u0144 w Pucharze Intertoto, trzy w Pucharze Zdobywc\u00f3w Puchar\u00f3w oraz trzy w eliminacjach do Pucharu UEFA. Karier\u0119 trenersk\u0105 rozpocz\u0105\u0142 si\u0119 w Jagiellonii Bia\u0142ystok w sezonie 2009, nast\u0119pnie by\u0142 w Akademii Pi\u0142karskiej Ruchu Chorz\u00f3w, m\u0142odej ekstraklasie Ruchu Chorz\u00f3w. Wyst\u0119powa\u0142 i by\u0142 trenerem w klubach Jura Niegorza, LZS Piotr\u00f3wka, Polonia Poraj, T\u0119cza B\u0142\u0119d\u00f3w. Jest ojcem Kamila Lecha, kt\u00f3ry urodzi\u0142 si\u0119 15 wrze\u015bnia 1994 roku w Chorzowie.<\/p>\n<figure id=\"attachment_40307\" aria-describedby=\"caption-attachment-40307\" style=\"width: 1100px\" class=\"wp-caption alignnone\"><img loading=\"lazy\" decoding=\"async\" class=\"wp-image-40307 size-full\" src=\"https:\/\/wmzpn.pl\/wp-content\/uploads\/2024\/04\/lechy.jpeg\" alt=\"\" width=\"1100\" height=\"733\" srcset=\"https:\/\/wmzpn.pl\/wp-content\/uploads\/2024\/04\/lechy.jpeg 1100w, https:\/\/wmzpn.pl\/wp-content\/uploads\/2024\/04\/lechy-300x200.jpeg 300w, https:\/\/wmzpn.pl\/wp-content\/uploads\/2024\/04\/lechy-1024x682.jpeg 1024w, https:\/\/wmzpn.pl\/wp-content\/uploads\/2024\/04\/lechy-768x512.jpeg 768w, https:\/\/wmzpn.pl\/wp-content\/uploads\/2024\/04\/lechy-696x464.jpeg 696w, https:\/\/wmzpn.pl\/wp-content\/uploads\/2024\/04\/lechy-1068x712.jpeg 1068w, https:\/\/wmzpn.pl\/wp-content\/uploads\/2024\/04\/lechy-630x420.jpeg 630w\" sizes=\"auto, (max-width: 1100px) 100vw, 1100px\" \/><figcaption id=\"caption-attachment-40307\" class=\"wp-caption-text\">Kamil Lech, Grzegorz Lech i Piotr Lech fot. Pawe\u0142 Piekutowski<\/figcaption><\/figure>\n<p>Kamil jest wychowankiem Ruchu Chorz\u00f3w. W sezonie 2016\/ 2017 rozegra\u0142 9 spotka\u0144 w ekstraklasie. Nast\u0119pnie gra\u0142 w klubach: Warta Gorz\u00f3w, Kotwica Ko\u0142obrzeg, a \u00a0obecnie reprezentuje klub MK Myszk\u00f3w.<\/p>\n<p style=\"text-align: right;\"><em>Wojciech Linow<\/em><\/p>\n","protected":false},"excerpt":{"rendered":"<p>\u00a0 \u00a0Jan Furlepa urodzony 24 wrze\u015bnia 1956 roku w K\u0119trzynie \u2013 Napastnik Pi\u0142karz a tak\u017ce doskona\u0142y trener, wychowanek klubu Granica K\u0119trzyn, reprezentant wojew\u00f3dztwa olszty\u0144skiego junior\u00f3w. Gra\u0142 w kadrze, kt\u00f3r\u0105 prowadzi\u0142em w latach 1972-74. Po zako\u0144czeniu wieku juniora gra\u0142 jeden sezon w klubie Wis\u0142oka D\u0119bica. Wr\u00f3ci\u0142 do K\u0119trzyna i reprezentowa\u0142 barwy 3-ligowego zespo\u0142u Agrokompleks K\u0119trzyn. Jak [&hellip;]<\/p>\n","protected":false},"author":11,"featured_media":40318,"comment_status":"open","ping_status":"open","sticky":false,"template":"","format":"standard","meta":{"footnotes":""},"categories":[12,288],"tags":[],"class_list":["post-40300","post","type-post","status-publish","format-standard","has-post-thumbnail","hentry","category-aktualnosci","category-kacik-historyczny-wojciecha-linowa"],"_links":{"self":[{"href":"https:\/\/wmzpn.pl\/index.php?rest_route=\/wp\/v2\/posts\/40300","targetHints":{"allow":["GET"]}}],"collection":[{"href":"https:\/\/wmzpn.pl\/index.php?rest_route=\/wp\/v2\/posts"}],"about":[{"href":"https:\/\/wmzpn.pl\/index.php?rest_route=\/wp\/v2\/types\/post"}],"author":[{"embeddable":true,"href":"https:\/\/wmzpn.pl\/index.php?rest_route=\/wp\/v2\/users\/11"}],"replies":[{"embeddable":true,"href":"https:\/\/wmzpn.pl\/index.php?rest_route=%2Fwp%2Fv2%2Fcomments&post=40300"}],"version-history":[{"count":3,"href":"https:\/\/wmzpn.pl\/index.php?rest_route=\/wp\/v2\/posts\/40300\/revisions"}],"predecessor-version":[{"id":40324,"href":"https:\/\/wmzpn.pl\/index.php?rest_route=\/wp\/v2\/posts\/40300\/revisions\/40324"}],"wp:featuredmedia":[{"embeddable":true,"href":"https:\/\/wmzpn.pl\/index.php?rest_route=\/wp\/v2\/media\/40318"}],"wp:attachment":[{"href":"https:\/\/wmzpn.pl\/index.php?rest_route=%2Fwp%2Fv2%2Fmedia&parent=40300"}],"wp:term":[{"taxonomy":"category","embeddable":true,"href":"https:\/\/wmzpn.pl\/index.php?rest_route=%2Fwp%2Fv2%2Fcategories&post=40300"},{"taxonomy":"post_tag","embeddable":true,"href":"https:\/\/wmzpn.pl\/index.php?rest_route=%2Fwp%2Fv2%2Ftags&post=40300"}],"curies":[{"name":"wp","href":"https:\/\/api.w.org\/{rel}","templated":true}]}}