{"id":40256,"date":"2024-04-15T19:12:55","date_gmt":"2024-04-15T19:12:55","guid":{"rendered":"https:\/\/wmzpn.pl\/?p=40256"},"modified":"2024-04-15T19:14:37","modified_gmt":"2024-04-15T19:14:37","slug":"zgrupowanie-makroregionalne-w-ostrodzie","status":"publish","type":"post","link":"https:\/\/wmzpn.pl\/?p=40256","title":{"rendered":"Zgrupowanie makroregionalne kadr wojew\u00f3dzkich w Ostr\u00f3dzie"},"content":{"rendered":"<p>W Ostr\u00f3dzie rozpocz\u0119\u0142o si\u0119 makroregionalne zgrupowanie kadr wojew\u00f3dzkich rocznika 2011. Podczas pi\u0119ciodniowego zgrupowania reprezentacje swoich region\u00f3w wezm\u0105 udzia\u0142 w turnieju.\u00a0<\/p>\n<p>Rywalizowa\u0107 ze sob\u0105 b\u0119d\u0105:<\/p>\n<ul>\n<li>Kadra WMZPN<\/li>\n<li>Kadra \u015awi\u0119tokrzyskiego ZPN<\/li>\n<li>Kadra Lubelskiego ZPN<\/li>\n<li>Kadra Podlaskiego ZPN<\/li>\n<\/ul>\n<p>Przypominamy raz jeszcze list\u0119 powo\u0142anych zawodnik\u00f3w do Kadry WMZPN:<\/p>\n\n\n<div class=\"wp-block-file\"><a id=\"wp-block-file--media-71e5d7c4-4dc1-4d4f-8c94-9b7b77de1976\" href=\"https:\/\/wmzpn.pl\/wp-content\/uploads\/2024\/04\/powolanie_2011_15.04.2024_ostroda_makro-1.pdf\">Kadra WMZPN rocznika 2011<\/a><a href=\"https:\/\/wmzpn.pl\/wp-content\/uploads\/2024\/04\/powolanie_2011_15.04.2024_ostroda_makro-1.pdf\" class=\"wp-block-file__button wp-element-button\" download aria-describedby=\"wp-block-file--media-71e5d7c4-4dc1-4d4f-8c94-9b7b77de1976\">Pobierz<\/a><\/div>\n\n\n\n<figure class=\"wp-block-image size-large\"><a href=\"https:\/\/www.facebook.com\/CymesOlsztyn\"><img loading=\"lazy\" decoding=\"async\" width=\"1024\" height=\"186\" src=\"https:\/\/wmzpn.pl\/wp-content\/uploads\/2024\/04\/pasek-1024x186.jpg\" alt=\"\" class=\"wp-image-40268\" srcset=\"https:\/\/wmzpn.pl\/wp-content\/uploads\/2024\/04\/pasek-1024x186.jpg 1024w, https:\/\/wmzpn.pl\/wp-content\/uploads\/2024\/04\/pasek-300x54.jpg 300w, https:\/\/wmzpn.pl\/wp-content\/uploads\/2024\/04\/pasek-768x139.jpg 768w, https:\/\/wmzpn.pl\/wp-content\/uploads\/2024\/04\/pasek-1536x278.jpg 1536w, https:\/\/wmzpn.pl\/wp-content\/uploads\/2024\/04\/pasek-696x126.jpg 696w, https:\/\/wmzpn.pl\/wp-content\/uploads\/2024\/04\/pasek-1068x194.jpg 1068w, https:\/\/wmzpn.pl\/wp-content\/uploads\/2024\/04\/pasek.jpg 1920w\" sizes=\"auto, (max-width: 1024px) 100vw, 1024px\" \/><\/a><\/figure>\n","protected":false},"excerpt":{"rendered":"<p>W Ostr\u00f3dzie rozpocz\u0119\u0142o si\u0119 makroregionalne zgrupowanie kadr wojew\u00f3dzkich rocznika 2011. Podczas pi\u0119ciodniowego zgrupowania reprezentacje swoich region\u00f3w wezm\u0105 udzia\u0142 w turnieju.\u00a0 Rywalizowa\u0107 ze sob\u0105 b\u0119d\u0105: Kadra WMZPN Kadra \u015awi\u0119tokrzyskiego ZPN Kadra Lubelskiego ZPN Kadra Podlaskiego ZPN Przypominamy raz jeszcze list\u0119 powo\u0142anych zawodnik\u00f3w do Kadry WMZPN:<\/p>\n","protected":false},"author":11,"featured_media":40267,"comment_status":"open","ping_status":"open","sticky":false,"template":"","format":"standard","meta":{"footnotes":""},"categories":[67],"tags":[],"class_list":["post-40256","post","type-post","status-publish","format-standard","has-post-thumbnail","hentry","category-kadry-wmzpn"],"_links":{"self":[{"href":"https:\/\/wmzpn.pl\/index.php?rest_route=\/wp\/v2\/posts\/40256","targetHints":{"allow":["GET"]}}],"collection":[{"href":"https:\/\/wmzpn.pl\/index.php?rest_route=\/wp\/v2\/posts"}],"about":[{"href":"https:\/\/wmzpn.pl\/index.php?rest_route=\/wp\/v2\/types\/post"}],"author":[{"embeddable":true,"href":"https:\/\/wmzpn.pl\/index.php?rest_route=\/wp\/v2\/users\/11"}],"replies":[{"embeddable":true,"href":"https:\/\/wmzpn.pl\/index.php?rest_route=%2Fwp%2Fv2%2Fcomments&post=40256"}],"version-history":[{"count":5,"href":"https:\/\/wmzpn.pl\/index.php?rest_route=\/wp\/v2\/posts\/40256\/revisions"}],"predecessor-version":[{"id":40270,"href":"https:\/\/wmzpn.pl\/index.php?rest_route=\/wp\/v2\/posts\/40256\/revisions\/40270"}],"wp:featuredmedia":[{"embeddable":true,"href":"https:\/\/wmzpn.pl\/index.php?rest_route=\/wp\/v2\/media\/40267"}],"wp:attachment":[{"href":"https:\/\/wmzpn.pl\/index.php?rest_route=%2Fwp%2Fv2%2Fmedia&parent=40256"}],"wp:term":[{"taxonomy":"category","embeddable":true,"href":"https:\/\/wmzpn.pl\/index.php?rest_route=%2Fwp%2Fv2%2Fcategories&post=40256"},{"taxonomy":"post_tag","embeddable":true,"href":"https:\/\/wmzpn.pl\/index.php?rest_route=%2Fwp%2Fv2%2Ftags&post=40256"}],"curies":[{"name":"wp","href":"https:\/\/api.w.org\/{rel}","templated":true}]}}