{"id":39968,"date":"2024-03-24T18:13:45","date_gmt":"2024-03-24T18:13:45","guid":{"rendered":"https:\/\/wmzpn.pl\/?p=39968"},"modified":"2024-03-25T14:31:15","modified_gmt":"2024-03-25T14:31:15","slug":"kacik-historyczny-wojciecha-linowa-elblaskie-sukcesy-i-postac-lecha-strembskiego","status":"publish","type":"post","link":"https:\/\/wmzpn.pl\/?p=39968","title":{"rendered":"K\u0105cik historyczny Wojciecha Linowa &#8211; Elbl\u0105skie sukcesy i posta\u0107 Lecha Strembskiego"},"content":{"rendered":"<p><strong>Olimpia Elbl\u0105g \u2013 wicemistrz Polski junior\u00f3w w 1989 roku oraz trener tego zespo\u0142u Lech Strembski<\/strong><\/p>\n<p>W okrutnie zniszczonym w styczniu i lutym 1945 roku Elbl\u0105gu, pierwszym klubem sportowym by\u0142a powsta\u0142a w lipcu 1945 roku MKS \u201eSyrena\u201d<\/p>\n<p>Klub ten zg\u0142osi\u0142 si\u0119 od Okr\u0119gowego Zwi\u0105zku Pi\u0142ki No\u017cnej w Gda\u0144sku i zacz\u0105\u0142 gra\u0107 w B Klasie. Syrena przekszta\u0142ci\u0142a si\u0119 w klub \u201eStocznia, aby od maja 1946 roku wyst\u0119powa\u0142 pod nazw\u0105 KS Olimpia Elbl\u0105g.<\/p>\n<p>W 1950 roku w wyniku zmiany w sporcie, utworzono kluby zwi\u0105zkowe zwi\u0105zane z zak\u0142adami pracy. Klub Budowalni awansowa\u0142 do Klasy Okr\u0119gowej.<\/p>\n<p>Juniorzy klubu Turbina wyst\u0119puj\u0105 w 1957 roku w klasie wojew\u00f3dzkiej.<\/p>\n<p>W 1959 roku w wyniku fuzji klub\u00f3w Turbina z KS Polonia powstaje wielosekcyjny klub ZKS Olimpia Elbl\u0105g.<\/p>\n<p>W 1960 roku Olimpia awansuje do Klasy Okr\u0119gowej, natomiast juniorzy zajmuj\u0105 7 miejsce w lidze wojew\u00f3dzkiej junior\u00f3w.<\/p>\n<p><strong>Du\u017cym sukcesem Olimpii by\u0142 awans w 1976 roku do II Ligi (obecnie I liga) \u2013 Trener Wojciech \u0141azarek.<\/strong><\/p>\n<p><strong>Sukcesem junior\u00f3w by\u0142o zaj\u0119cie w 1978 roku, pod wodz\u0105 Janusza Jakuszewskiego miejsc 5-8 w Mistrzostwach Polski. <\/strong><\/p>\n<p>Nazwiska tych ch\u0142opak\u00f3w podam po otrzymaniu sk\u0142adu tej dru\u017cyny.<\/p>\n<p>W sezonie 1984\/85 powo\u0142ana zosta\u0142a Liga Mi\u0119dzywojew\u00f3dzka junior\u00f3w \u201ePomorze\u201d. Olimpia rywalizowa\u0142a z czo\u0142owymi zespo\u0142ami 6 wojew\u00f3dztw \u2013 gda\u0144skiego, bydgoskiego, toru\u0144skiego, inowroc\u0142awskiego, s\u0142upskiego.<\/p>\n<p>Ju\u017c w pierwszym sezonie tej ligi Olimpia trenowana przez Lecha Strembskiego liderowa\u0142a po rundzie jesiennej. Wiosn\u0105, po powo\u0142aniu kilku zawodnik\u00f3w do pierwszej dru\u017cyny, uko\u0144czy\u0142a rozgrywki na 4 miejscu \u2013 wyprzedzona przez Gryf S\u0142upsk, Zawisz\u0119 Bydgoszcz, Stoczniowiec Gda\u0144sk. W nast\u0119pnych sezonach zajmowa\u0142a miejsca w \u015brodku tabeli. W sezonie 1988\/89 trener w uzgodnieniu z OZPN w Elbl\u0105gu wzmocni\u0142 dru\u017cyn\u0119 perspektywicznymi zawodnikami z Malborka i Nowego Dworu.<\/p>\n<p>Olimpia wygra\u0142a lig\u0119 pomorze rywalizuj\u0105c z silnymi dru\u017cynami \u2013 Lechii Gda\u0144sk, Ba\u0142tyku Gdynia, Zawiszy Bydgoszcz i Elany Toru\u0144.<\/p>\n<p>Trenerowi Leszkowi pomagali Bogus\u0142aw Ko\u0142odziejski II trener oraz niezast\u0105piony kierownik dru\u017cyny Lech Rokczy. Obaj przyjaciele Leszka niestety ju\u017c nie \u017cyj\u0105.<\/p>\n<p>Zwyci\u0119stwo w lidze makroregionalnej gwarantowa\u0142o udzia\u0142 w turniej p\u00f3\u0142fina\u0142owym, kt\u00f3ry zosta\u0142 rozegrany w Warszawie w dniach \u00a02 \u2013 6.07.1989 r. Wyniki elbl\u0105\u017can:<\/p>\n<p>\u201eDrukarz\u201d Warszawa vs Olimpia Elbl\u0105g 0:1 (bramka: Wojciech \u0141ojek)<\/p>\n<p>\u201eZag\u0142\u0119bie\u201d Lubin vs \u00a0Olimpia Elbl\u0105g 1:2 (bramki: Dariusz Misarko i Marek Kwiatkowski)<\/p>\n<p>\u201eHutnik\u201d Krak\u00f3w vs \u00a0Olimpia Elbl\u0105g 2:2 (bramki: Leszek Bieli\u0144ski 2)<\/p>\n<p><strong>Tabela ko\u0144cowa:<\/strong><\/p>\n<p>(W tabeli \u2013 wygrane, pora\u017cki i gole)<\/p>\n<ol>\n<li>Olimpia 5 \u2013 1, 5 \u2013 3<\/li>\n<li>Drukarz 4 \u2013 2, 7 \u2013 3<\/li>\n<li>Hutnik 3 \u2013 3, 5 \u2013 4<\/li>\n<li>Zag\u0142\u0119bie 0 \u2013 6, 2 \u2013 9<\/li>\n<\/ol>\n<p>W finale \u201eOlimpia\u201d dwukrotnie przegrywa z bardzo siln\u0105 dru\u017cyn\u0105 G\u00f3rnika Zabrze. W Zabrzu 0:5. Na \u015bl\u0105skim boisku nie pomog\u0142y elbl\u0105\u017canom \u015bwietne interwencje graj\u0105cego w bramce Jarka Talika. Natomiast mecz w Elbl\u0105gu 4:6, mia\u0142 bardzo ciekawy przebieg, gdy\u017c ju\u017c po niespe\u0142na 10 minutach juniorzy \u201eOlimpii\u201d prowadzili 2:0 po bramkach Jacka Ptaka i Marka Kwiatkowskiego.<\/p>\n<p>Zreszt\u0105 Jacek zdoby\u0142 jeszcze w tym meczu dwa gole. Dla Zabrzan po dwie bramki zdobyli: Henryk Ba\u0142uszy\u0144ski, Mieczys\u0142aw Agafon i Jacek Szyma\u0142a (ca\u0142a tr\u00f3jka ju\u017c wtedy by\u0142a w kadrze ekstraklasowego zespo\u0142u senior\u00f3w G\u00f3rnika Zabrze).<\/p>\n<p><em>|Jaros\u0142aw Talik- 48 spotka\u0144 w II lidze, 11 spotka\u0144 w Stomilu w I lidze, Marek Kwiatkowski w Stomilu 76 spotka\u0144 i 10 bramek \u2013 I laga w sezonach 96\/99|<\/em><\/p>\n<p><img loading=\"lazy\" decoding=\"async\" class=\"alignnone wp-image-39979 size-full\" src=\"https:\/\/wmzpn.pl\/wp-content\/uploads\/2024\/03\/lech-3-scaled.jpg\" alt=\"\" width=\"2560\" height=\"1242\" srcset=\"https:\/\/wmzpn.pl\/wp-content\/uploads\/2024\/03\/lech-3-scaled.jpg 2560w, https:\/\/wmzpn.pl\/wp-content\/uploads\/2024\/03\/lech-3-300x146.jpg 300w, https:\/\/wmzpn.pl\/wp-content\/uploads\/2024\/03\/lech-3-1024x497.jpg 1024w, https:\/\/wmzpn.pl\/wp-content\/uploads\/2024\/03\/lech-3-768x373.jpg 768w, https:\/\/wmzpn.pl\/wp-content\/uploads\/2024\/03\/lech-3-1536x745.jpg 1536w, https:\/\/wmzpn.pl\/wp-content\/uploads\/2024\/03\/lech-3-2048x993.jpg 2048w, https:\/\/wmzpn.pl\/wp-content\/uploads\/2024\/03\/lech-3-696x338.jpg 696w, https:\/\/wmzpn.pl\/wp-content\/uploads\/2024\/03\/lech-3-1068x518.jpg 1068w, https:\/\/wmzpn.pl\/wp-content\/uploads\/2024\/03\/lech-3-866x420.jpg 866w\" sizes=\"auto, (max-width: 2560px) 100vw, 2560px\" \/><\/p>\n<p><em>ZKS \u201eOlimpia\u201d Elbl\u0105g Wicemistrz Polski Junior\u00f3w 1989 r. &#8211; <\/em><em>Od lewej stoj\u0105: Lech Rakoczy \u2013 kierownik dru\u017cyny, Leszek Bieli\u0144ski, Marcin Zat\u00f3wka, Adam Brac, Andrzej Misarko \u2013 kapitan, Piotr Sie\u0144czak, Piotr \u0141ojek, Jacek Ptak, Lech Strembski \u2013 I trener, Bogus\u0142aw Ko\u0142odziejski \u2013 II trener, Lech Obuchowicz \u2013 dyrektor klubu. Rz\u0105d dolny od lewej: Andrzej Nowogrodzki, S\u0142awomir Erber, Marek Grudzi\u0144ski, Dariusz Misarko, Mariusz Malinowski, Jaros\u0142aw Talik, Mariusz Wro\u0144ski, Marek Kwiatkowski, Grzegorz \u0141ukasik.<\/em><\/p>\n<p>Przez kolejne dziesi\u0119\u0107 lat trener Strembski nadal pracuje w elbl\u0105skiej \u201eOlimpii\u201d, szkol\u0105c m\u0142odzie\u017c oraz III ligowy zesp\u00f3\u0142 tego klubu.<\/p>\n<p><strong><img loading=\"lazy\" decoding=\"async\" class=\"alignnone size-medium wp-image-39977\" src=\"https:\/\/wmzpn.pl\/wp-content\/uploads\/2024\/03\/lech-257x300.jpg\" alt=\"\" width=\"257\" height=\"300\" srcset=\"https:\/\/wmzpn.pl\/wp-content\/uploads\/2024\/03\/lech-257x300.jpg 257w, https:\/\/wmzpn.pl\/wp-content\/uploads\/2024\/03\/lech.jpg 300w\" sizes=\"auto, (max-width: 257px) 100vw, 257px\" \/>Lech Marek Strembski ur. 26.07.1953 r. w Elbl\u0105gu<\/strong><\/p>\n<p>Absolwent Akademii Wychowania Fizycznego w Katowicach w 1980 roku. Trener UEFA A , nauczyciel wychowania fizycznego oraz Trener Edukator PZPN. Mo\u017cna powiedzie\u0107, \u017ce od zawsze by\u0142 zwi\u0105zany ze Zwi\u0105zkowym Klubem Sportowym \u201eOlimpia\u201d w Elbl\u0105gu. Okre\u015blenie \u201eod zawsze\u201d nie jest tu przypadkowe, gdy\u017c rodzinne tradycje sportowe si\u0119gaj\u0105 lat pi\u0119\u0107dziesi\u0105tych. Tak si\u0119 z\u0142o\u017cy\u0142o, \u017ce ojciec trenera Bogus\u0142aw od 1959 roku przez blisko 30 lat by\u0142 prezesem \u201eOlimpii\u201d Elbl\u0105g. Za jego prezesury klub mia\u0142 najwi\u0119ksze sukcesy sportowe i organizacyjne. W 1960 roku Helena Pilejczyk zdoby\u0142a br\u0105zowy medal w \u0142y\u017cwiarstwie. <strong>W krajowej czo\u0142\u00f3wce byli ci\u0119\u017carowcy, a pi\u0142karze trzykrotnie awansowali do II ligi.<\/strong> Za zas\u0142ugi na rzecz Olimpii przyznano mu <strong>tytu\u0142 Prezesa honorowego<\/strong>. Zmar\u0142 w 2013 roku w wieku 93 lat. Leszek by\u0142 wychowany w atmosferze sportowej. Rozpocz\u0105\u0142 gra\u0107 w futbol i przeszed\u0142 wszystkie kategorie wiekowe a\u017c do juniora starszego. Jak sam wspomina by\u0142 \u015bredniej klasy pi\u0142karzem. Ju\u017c w szkole \u015bredniej planowa\u0142 zosta\u0107 trener. Po maturze zaliczy\u0142 wojsko i uko\u0144czy\u0142 kurs instruktorski pi\u0142ki no\u017cnej.<\/p>\n<p>W 1973 roku Lech Strembski rozpocz\u0105\u0142 prac\u0119 jako trener dzieci i m\u0142odzie\u017cy, a przez kolejne sze\u015b\u0107 lat szkoli pi\u0142karzy \u201eOlimpii\u201d na poziomie III i II ligi \u00a0samodzielnie lub jako asystent. W sezonie 1983\/84 zostaje delegowany do prowadzenia dru\u017cyny senior\u00f3w \u201ePomowca\u201d Gronowo Elbl\u0105skie wyst\u0119puj\u0105cego w lidze mi\u0119dzywojew\u00f3dzkiej.<\/p>\n<p><img loading=\"lazy\" decoding=\"async\" class=\"alignnone wp-image-39978 size-full\" src=\"https:\/\/wmzpn.pl\/wp-content\/uploads\/2024\/03\/lech-2.jpg\" alt=\"\" width=\"642\" height=\"390\" srcset=\"https:\/\/wmzpn.pl\/wp-content\/uploads\/2024\/03\/lech-2.jpg 642w, https:\/\/wmzpn.pl\/wp-content\/uploads\/2024\/03\/lech-2-300x182.jpg 300w\" sizes=\"auto, (max-width: 642px) 100vw, 642px\" \/><\/p>\n<p><em>Lech Strembski trzeci z lewej. Z<\/em>KS<em> \u201eOlimpia\u201d awans do II ligi 1981 r.<\/em><\/p>\n<p><img loading=\"lazy\" decoding=\"async\" class=\"alignnone wp-image-39970 size-full\" src=\"https:\/\/wmzpn.pl\/wp-content\/uploads\/2024\/03\/lech-4.jpg\" alt=\"\" width=\"1380\" height=\"874\" srcset=\"https:\/\/wmzpn.pl\/wp-content\/uploads\/2024\/03\/lech-4.jpg 1380w, https:\/\/wmzpn.pl\/wp-content\/uploads\/2024\/03\/lech-4-300x190.jpg 300w, https:\/\/wmzpn.pl\/wp-content\/uploads\/2024\/03\/lech-4-1024x649.jpg 1024w, https:\/\/wmzpn.pl\/wp-content\/uploads\/2024\/03\/lech-4-768x486.jpg 768w, https:\/\/wmzpn.pl\/wp-content\/uploads\/2024\/03\/lech-4-696x441.jpg 696w, https:\/\/wmzpn.pl\/wp-content\/uploads\/2024\/03\/lech-4-1068x676.jpg 1068w, https:\/\/wmzpn.pl\/wp-content\/uploads\/2024\/03\/lech-4-663x420.jpg 663w\" sizes=\"auto, (max-width: 1380px) 100vw, 1380px\" \/><\/p>\n<p><em>Juniorzy Olimpii na turnieju w Essen \u2013 1992 rok. Od lewej: Arek Matz, Grzegorz Szucki, Marcin Czarnuch, Krzysztof Kr\u00f3l, Piotr Stankiewicz, Maciej Bykowski, Tomasz Doma\u0144ski, Robert Jasi\u0144ski, Marek Zawada, Lech Strembski, Bogus\u0142aw Ko\u0142odziejski, Cezary Brz\u00f3ska, Pawe\u0142 Parszuto, Rados\u0142aw Konczy\u0144ski, Jacek Graczyk, Sebastian Cierlicki, Jacek G\u00f3rski, Rados\u0142aw Dmowski, Marcin Borsukowicz.<\/em><\/p>\n<p><img loading=\"lazy\" decoding=\"async\" class=\"aligncenter wp-image-39971 size-large\" src=\"https:\/\/wmzpn.pl\/wp-content\/uploads\/2024\/03\/lech-5-704x1024.jpg\" alt=\"\" width=\"640\" height=\"931\" srcset=\"https:\/\/wmzpn.pl\/wp-content\/uploads\/2024\/03\/lech-5-704x1024.jpg 704w, https:\/\/wmzpn.pl\/wp-content\/uploads\/2024\/03\/lech-5-206x300.jpg 206w, https:\/\/wmzpn.pl\/wp-content\/uploads\/2024\/03\/lech-5-768x1116.jpg 768w, https:\/\/wmzpn.pl\/wp-content\/uploads\/2024\/03\/lech-5-696x1012.jpg 696w, https:\/\/wmzpn.pl\/wp-content\/uploads\/2024\/03\/lech-5-289x420.jpg 289w, https:\/\/wmzpn.pl\/wp-content\/uploads\/2024\/03\/lech-5.jpg 1038w\" sizes=\"auto, (max-width: 640px) 100vw, 640px\" \/><\/p>\n<p><em>Juniorzy na turnieju we Francji 1991. Na zdj\u0119ciu m.in. bramkarze <strong>Sylwester Wy\u0142upski i Jaros\u0142aw Talik.<\/strong><\/em><\/p>\n<p><img loading=\"lazy\" decoding=\"async\" class=\"alignnone wp-image-39972 size-full\" src=\"https:\/\/wmzpn.pl\/wp-content\/uploads\/2024\/03\/lech-6.jpg\" alt=\"\" width=\"2091\" height=\"1406\" srcset=\"https:\/\/wmzpn.pl\/wp-content\/uploads\/2024\/03\/lech-6.jpg 2091w, https:\/\/wmzpn.pl\/wp-content\/uploads\/2024\/03\/lech-6-300x202.jpg 300w, https:\/\/wmzpn.pl\/wp-content\/uploads\/2024\/03\/lech-6-1024x689.jpg 1024w, https:\/\/wmzpn.pl\/wp-content\/uploads\/2024\/03\/lech-6-768x516.jpg 768w, https:\/\/wmzpn.pl\/wp-content\/uploads\/2024\/03\/lech-6-1536x1033.jpg 1536w, https:\/\/wmzpn.pl\/wp-content\/uploads\/2024\/03\/lech-6-2048x1377.jpg 2048w, https:\/\/wmzpn.pl\/wp-content\/uploads\/2024\/03\/lech-6-696x468.jpg 696w, https:\/\/wmzpn.pl\/wp-content\/uploads\/2024\/03\/lech-6-1068x718.jpg 1068w, https:\/\/wmzpn.pl\/wp-content\/uploads\/2024\/03\/lech-6-625x420.jpg 625w\" sizes=\"auto, (max-width: 2091px) 100vw, 2091px\" \/><\/p>\n<p><em>\u201ePolonia \u2013 Olimpia\u201d Elbl\u0105g. Trener Lech Strembski pierwszy z lewej.<\/em><\/p>\n<p>Od 1997 do 2006 roku jest trenerem r\u00f3\u017cnych zespo\u0142\u00f3w senior\u00f3w: \u201eZalewu\u201d Frombork, \u201eZatoki\u201d Braniewo, \u201ePowi\u015bla\u201d Dzierzgo\u0144, \u201eRod\u0142a\u201d Kwidzyn, \u201eSyreny\u201d M\u0142ynary, \u201ePomezanii\u201d Malbork, \u201eEwingi\u201d Zalewo i \u201ePolonii\u201d Pas\u0142\u0119k.<\/p>\n<p><img loading=\"lazy\" decoding=\"async\" class=\"alignnone wp-image-39973 size-full\" src=\"https:\/\/wmzpn.pl\/wp-content\/uploads\/2024\/03\/lech-7.jpg\" alt=\"\" width=\"2512\" height=\"1777\" srcset=\"https:\/\/wmzpn.pl\/wp-content\/uploads\/2024\/03\/lech-7.jpg 2512w, https:\/\/wmzpn.pl\/wp-content\/uploads\/2024\/03\/lech-7-300x212.jpg 300w, https:\/\/wmzpn.pl\/wp-content\/uploads\/2024\/03\/lech-7-1024x724.jpg 1024w, https:\/\/wmzpn.pl\/wp-content\/uploads\/2024\/03\/lech-7-768x543.jpg 768w, https:\/\/wmzpn.pl\/wp-content\/uploads\/2024\/03\/lech-7-1536x1087.jpg 1536w, https:\/\/wmzpn.pl\/wp-content\/uploads\/2024\/03\/lech-7-2048x1449.jpg 2048w, https:\/\/wmzpn.pl\/wp-content\/uploads\/2024\/03\/lech-7-100x70.jpg 100w, https:\/\/wmzpn.pl\/wp-content\/uploads\/2024\/03\/lech-7-696x492.jpg 696w, https:\/\/wmzpn.pl\/wp-content\/uploads\/2024\/03\/lech-7-1068x756.jpg 1068w, https:\/\/wmzpn.pl\/wp-content\/uploads\/2024\/03\/lech-7-594x420.jpg 594w\" sizes=\"auto, (max-width: 2512px) 100vw, 2512px\" \/><\/p>\n<p>W mi\u0119dzyczasie, latem 2004 roku z inicjatywy kibic\u00f3w wsp\u00f3\u0142organizuje nowy klub pi\u0142karski ZKS \u201eOlimpia\u201d Elbl\u0105g (w przysz\u0142o\u015bci Olimpia 2004), kt\u00f3rego jest pierwszym trenerem.<\/p>\n<p><img loading=\"lazy\" decoding=\"async\" class=\"alignnone wp-image-39974 size-full\" src=\"https:\/\/wmzpn.pl\/wp-content\/uploads\/2024\/03\/lech-8.jpg\" alt=\"\" width=\"1715\" height=\"976\" srcset=\"https:\/\/wmzpn.pl\/wp-content\/uploads\/2024\/03\/lech-8.jpg 1715w, https:\/\/wmzpn.pl\/wp-content\/uploads\/2024\/03\/lech-8-300x171.jpg 300w, https:\/\/wmzpn.pl\/wp-content\/uploads\/2024\/03\/lech-8-1024x583.jpg 1024w, https:\/\/wmzpn.pl\/wp-content\/uploads\/2024\/03\/lech-8-768x437.jpg 768w, https:\/\/wmzpn.pl\/wp-content\/uploads\/2024\/03\/lech-8-1536x874.jpg 1536w, https:\/\/wmzpn.pl\/wp-content\/uploads\/2024\/03\/lech-8-696x396.jpg 696w, https:\/\/wmzpn.pl\/wp-content\/uploads\/2024\/03\/lech-8-1068x608.jpg 1068w, https:\/\/wmzpn.pl\/wp-content\/uploads\/2024\/03\/lech-8-738x420.jpg 738w\" sizes=\"auto, (max-width: 1715px) 100vw, 1715px\" \/><\/p>\n<p><em>BP \u201ePomezania\u201d Malbork. Trener trzeci z prawej.<\/em><\/p>\n<p>Wiosn\u0105 2006 roku zostaje trenerem MMKS \u201eConcordia\u201d Elbl\u0105g, z kt\u00f3rym kolejno awansuje do IV i III ligi. W \u201eConcordii\u201d pracuje do 2010 roku. \u00a0Lech Strembski na poni\u017cszej fotografii drugi z lewej.<\/p>\n<p><img loading=\"lazy\" decoding=\"async\" class=\"wp-image-39975  aligncenter\" src=\"https:\/\/wmzpn.pl\/wp-content\/uploads\/2024\/03\/lech-9.png\" alt=\"\" width=\"592\" height=\"414\" srcset=\"https:\/\/wmzpn.pl\/wp-content\/uploads\/2024\/03\/lech-9.png 320w, https:\/\/wmzpn.pl\/wp-content\/uploads\/2024\/03\/lech-9-300x210.png 300w, https:\/\/wmzpn.pl\/wp-content\/uploads\/2024\/03\/lech-9-100x70.png 100w\" sizes=\"auto, (max-width: 592px) 100vw, 592px\" \/><\/p>\n<p>W 2011 roku zostaje trenerem koordynatorem grup m\u0142odzie\u017cowych I \u2013 ligowej w\u00f3wczas \u201eOlimpii\u201d, a nast\u0119pnie przez sze\u015b\u0107 lat jest trenerem w powsta\u0142ym w Elbl\u0105gu Gimnazjalnym O\u015brodku Szkolenia Sportowego M\u0142odzie\u017cy. W latach 2001 \u2013 2018 wykonuje obowi\u0105zki konsultanta ds. wychowania fizycznego w Warmi\u0144sko \u2013 Mazurskim O\u015brodku Doskonalenia Nauczycieli w Elbl\u0105gu.\u00a0 Jest wsp\u00f3\u0142wychowawc\u0105 wielu pi\u0142karzy wyst\u0119puj\u0105cych na poziomie I i II ligi oraz czterech w seniorskich i m\u0142odzie\u017cowych reprezentacjach Polski (Adam Fedoruk, Maciej Bykowski, Grzesiek \u0141ukasik, Jaros\u0142aw Talik \u2013 dwaj ostatni to br\u0105zowi medali\u015bci mistrzostw Europy U16, kt\u00f3re odby\u0142y si\u0119 w Berlinie w 1990 roku).<\/p>\n<p><img loading=\"lazy\" decoding=\"async\" class=\"alignnone wp-image-39976 size-full\" src=\"https:\/\/wmzpn.pl\/wp-content\/uploads\/2024\/03\/lech-10-scaled.jpg\" alt=\"\" width=\"2560\" height=\"1714\" srcset=\"https:\/\/wmzpn.pl\/wp-content\/uploads\/2024\/03\/lech-10-scaled.jpg 2560w, https:\/\/wmzpn.pl\/wp-content\/uploads\/2024\/03\/lech-10-300x201.jpg 300w, https:\/\/wmzpn.pl\/wp-content\/uploads\/2024\/03\/lech-10-1024x685.jpg 1024w, https:\/\/wmzpn.pl\/wp-content\/uploads\/2024\/03\/lech-10-768x514.jpg 768w, https:\/\/wmzpn.pl\/wp-content\/uploads\/2024\/03\/lech-10-1536x1028.jpg 1536w, https:\/\/wmzpn.pl\/wp-content\/uploads\/2024\/03\/lech-10-2048x1371.jpg 2048w, https:\/\/wmzpn.pl\/wp-content\/uploads\/2024\/03\/lech-10-696x466.jpg 696w, https:\/\/wmzpn.pl\/wp-content\/uploads\/2024\/03\/lech-10-1068x715.jpg 1068w, https:\/\/wmzpn.pl\/wp-content\/uploads\/2024\/03\/lech-10-627x420.jpg 627w\" sizes=\"auto, (max-width: 2560px) 100vw, 2560px\" \/><\/p>\n<p><em>Trener Lech Strembski z trenerem Maciejem Bykowskim.<\/em><\/p>\n<p>Za swoj\u0105 prac\u0119 w obszarze sportowym i o\u015bwiatowym zosta\u0142 wielokrotnie nagradzany. Odznaczony zosta\u0142 \u201eBr\u0105zowym Krzy\u017cem Zas\u0142ugi\u201d, \u201eMedalem Z\u0142otym za D\u0142ugoletni\u0105 S\u0142u\u017cb\u0119\u201d, \u201eMedalem Komisji Edukacji Narodowej\u201d oraz \u201eMedalem za zas\u0142ugi w rozwoju Kultury Fizycznej woj. Elbl\u0105skiego\u201d. Otrzyma\u0142 r\u00f3wnie\u017c\u00a0 \u201eZ\u0142ot\u0105 Odznak\u0119 Honorow\u0105 Polskiego Zwi\u0105zku Pi\u0142ki No\u017cnej\u201d, \u201eZ\u0142ot\u0105 Odznak\u0119 Honorow\u0105 W-MZPN w Olsztynie\u201d i \u201eZ\u0142ot\u0105 Odznak\u0119 Honorow\u0105 OZPN w Elbl\u0105gu\u201d. Ponadto PZPN przyzna\u0142 Lechowi Strembskiemu \u201eMedal 75 \u2013 lecia\u201d. R\u00f3wnie\u017c ZKS \u201eOlimpia\u201d Elbl\u0105g przyzna\u0142 mu \u201eMedale 40, 60 i 70 \u2013 lecia\u201d.<\/p>\n<p>Trener Lech Strembski mieszka w Elbl\u0105gu i od dw\u00f3ch lat przebywa na emeryturze, udzielaj\u0105c si\u0119\u00a0 w sekcji Oldboy ZKS Olimpia Elbl\u0105g oraz w Elbl\u0105skim Sportowym Klubie Nestor. Z \u017con\u0105 Ma\u0142gorzat\u0105 posiada dwie c\u00f3rki Magdalen\u0119 i Ann\u0119 oraz dwie wnuczki Michalin\u0119 i Marysi\u0119.<\/p>\n<p>Serdecznie dzi\u0119kuj\u0119 Leszkowi za aktywn\u0105 pomoc w napisaniu tej relacji oraz deklaracj\u0119 wsp\u00f3\u0142pracy przy przekazaniu dalszych sukces\u00f3w m\u0142odzie\u017cowej pi\u0142ki no\u017cnej w Elbl\u0105gu.<\/p>\n<p style=\"text-align: right;\"><em>Wojciech Linow<\/em><\/p>\n","protected":false},"excerpt":{"rendered":"<p>Olimpia Elbl\u0105g \u2013 wicemistrz Polski junior\u00f3w w 1989 roku oraz trener tego zespo\u0142u Lech Strembski W okrutnie zniszczonym w styczniu i lutym 1945 roku Elbl\u0105gu, pierwszym klubem sportowym by\u0142a powsta\u0142a w lipcu 1945 roku MKS \u201eSyrena\u201d Klub ten zg\u0142osi\u0142 si\u0119 od Okr\u0119gowego Zwi\u0105zku Pi\u0142ki No\u017cnej w Gda\u0144sku i zacz\u0105\u0142 gra\u0107 w B Klasie. Syrena przekszta\u0142ci\u0142a [&hellip;]<\/p>\n","protected":false},"author":11,"featured_media":39980,"comment_status":"open","ping_status":"open","sticky":false,"template":"","format":"standard","meta":{"footnotes":""},"categories":[12,288],"tags":[],"class_list":["post-39968","post","type-post","status-publish","format-standard","has-post-thumbnail","hentry","category-aktualnosci","category-kacik-historyczny-wojciecha-linowa"],"_links":{"self":[{"href":"https:\/\/wmzpn.pl\/index.php?rest_route=\/wp\/v2\/posts\/39968","targetHints":{"allow":["GET"]}}],"collection":[{"href":"https:\/\/wmzpn.pl\/index.php?rest_route=\/wp\/v2\/posts"}],"about":[{"href":"https:\/\/wmzpn.pl\/index.php?rest_route=\/wp\/v2\/types\/post"}],"author":[{"embeddable":true,"href":"https:\/\/wmzpn.pl\/index.php?rest_route=\/wp\/v2\/users\/11"}],"replies":[{"embeddable":true,"href":"https:\/\/wmzpn.pl\/index.php?rest_route=%2Fwp%2Fv2%2Fcomments&post=39968"}],"version-history":[{"count":4,"href":"https:\/\/wmzpn.pl\/index.php?rest_route=\/wp\/v2\/posts\/39968\/revisions"}],"predecessor-version":[{"id":39991,"href":"https:\/\/wmzpn.pl\/index.php?rest_route=\/wp\/v2\/posts\/39968\/revisions\/39991"}],"wp:featuredmedia":[{"embeddable":true,"href":"https:\/\/wmzpn.pl\/index.php?rest_route=\/wp\/v2\/media\/39980"}],"wp:attachment":[{"href":"https:\/\/wmzpn.pl\/index.php?rest_route=%2Fwp%2Fv2%2Fmedia&parent=39968"}],"wp:term":[{"taxonomy":"category","embeddable":true,"href":"https:\/\/wmzpn.pl\/index.php?rest_route=%2Fwp%2Fv2%2Fcategories&post=39968"},{"taxonomy":"post_tag","embeddable":true,"href":"https:\/\/wmzpn.pl\/index.php?rest_route=%2Fwp%2Fv2%2Ftags&post=39968"}],"curies":[{"name":"wp","href":"https:\/\/api.w.org\/{rel}","templated":true}]}}