{"id":39484,"date":"2024-02-22T11:15:10","date_gmt":"2024-02-22T11:15:10","guid":{"rendered":"https:\/\/wmzpn.pl\/?p=39484"},"modified":"2024-02-22T13:17:03","modified_gmt":"2024-02-22T13:17:03","slug":"powolania-kadry-wmzpn-dziewczat","status":"publish","type":"post","link":"https:\/\/wmzpn.pl\/?p=39484","title":{"rendered":"Powo\u0142ania Kadry WMZPN dziewcz\u0105t"},"content":{"rendered":"\n<p>28 lutego w Olsztynie odb\u0119dzie si\u0119 konsultacja szkoleniowa Kadry WMZPN dziewcz\u0105t U13 i U15.<\/p>\n\n\n\n<div class=\"wp-block-file\"><a id=\"wp-block-file--media-9f0288ac-91c8-4db2-bd07-44095498a8e1\" href=\"https:\/\/wmzpn.pl\/wp-content\/uploads\/2024\/02\/powolanie_28_02_2024_olsztyn_U13.pdf\">Lista powo\u0142anych U13<\/a><a href=\"https:\/\/wmzpn.pl\/wp-content\/uploads\/2024\/02\/powolanie_28_02_2024_olsztyn_U13.pdf\" class=\"wp-block-file__button wp-element-button\" download aria-describedby=\"wp-block-file--media-9f0288ac-91c8-4db2-bd07-44095498a8e1\">Pobierz<\/a><\/div>\n\n\n\n<div class=\"wp-block-file\"><a id=\"wp-block-file--media-5c4c1bb4-3a91-4d17-89d0-9250245c3622\" href=\"https:\/\/wmzpn.pl\/wp-content\/uploads\/2024\/02\/powolanie_28_02_2024_olsztyn_U15.pdf\">Lista powo\u0142anych U15<\/a><a href=\"https:\/\/wmzpn.pl\/wp-content\/uploads\/2024\/02\/powolanie_28_02_2024_olsztyn_U15.pdf\" class=\"wp-block-file__button wp-element-button\" download aria-describedby=\"wp-block-file--media-5c4c1bb4-3a91-4d17-89d0-9250245c3622\">Pobierz<\/a><\/div>\n\n\n\n<p>Zbi\u00f3rka zawodniczek Kadry U13, dnia 28 lutego br. (\u015broda) o godzinie 9:00 boisko ul. \u017bytnia 71 w Olsztynie.<\/p>\n\n\n\n<p>Zbi\u00f3rka zawodniczek Kadry U15, dnia 28 lutego br. (\u015broda) o godzinie 11:00 boisko ul. \u017bytnia 71 w Olsztynie.<\/p>\n","protected":false},"excerpt":{"rendered":"<p>28 lutego w Olsztynie odb\u0119dzie si\u0119 konsultacja szkoleniowa Kadry WMZPN dziewcz\u0105t U13 i U15. Zbi\u00f3rka zawodniczek Kadry U13, dnia 28 lutego br. (\u015broda) o godzinie 9:00 boisko ul. \u017bytnia 71 w Olsztynie. Zbi\u00f3rka zawodniczek Kadry U15, dnia 28 lutego br. (\u015broda) o godzinie 11:00 boisko ul. \u017bytnia 71 w Olsztynie.<\/p>\n","protected":false},"author":11,"featured_media":39491,"comment_status":"open","ping_status":"open","sticky":false,"template":"","format":"standard","meta":{"footnotes":""},"categories":[12,67],"tags":[],"class_list":["post-39484","post","type-post","status-publish","format-standard","has-post-thumbnail","hentry","category-aktualnosci","category-kadry-wmzpn"],"_links":{"self":[{"href":"https:\/\/wmzpn.pl\/index.php?rest_route=\/wp\/v2\/posts\/39484","targetHints":{"allow":["GET"]}}],"collection":[{"href":"https:\/\/wmzpn.pl\/index.php?rest_route=\/wp\/v2\/posts"}],"about":[{"href":"https:\/\/wmzpn.pl\/index.php?rest_route=\/wp\/v2\/types\/post"}],"author":[{"embeddable":true,"href":"https:\/\/wmzpn.pl\/index.php?rest_route=\/wp\/v2\/users\/11"}],"replies":[{"embeddable":true,"href":"https:\/\/wmzpn.pl\/index.php?rest_route=%2Fwp%2Fv2%2Fcomments&post=39484"}],"version-history":[{"count":2,"href":"https:\/\/wmzpn.pl\/index.php?rest_route=\/wp\/v2\/posts\/39484\/revisions"}],"predecessor-version":[{"id":39490,"href":"https:\/\/wmzpn.pl\/index.php?rest_route=\/wp\/v2\/posts\/39484\/revisions\/39490"}],"wp:featuredmedia":[{"embeddable":true,"href":"https:\/\/wmzpn.pl\/index.php?rest_route=\/wp\/v2\/media\/39491"}],"wp:attachment":[{"href":"https:\/\/wmzpn.pl\/index.php?rest_route=%2Fwp%2Fv2%2Fmedia&parent=39484"}],"wp:term":[{"taxonomy":"category","embeddable":true,"href":"https:\/\/wmzpn.pl\/index.php?rest_route=%2Fwp%2Fv2%2Fcategories&post=39484"},{"taxonomy":"post_tag","embeddable":true,"href":"https:\/\/wmzpn.pl\/index.php?rest_route=%2Fwp%2Fv2%2Ftags&post=39484"}],"curies":[{"name":"wp","href":"https:\/\/api.w.org\/{rel}","templated":true}]}}