{"id":38402,"date":"2023-11-06T11:48:47","date_gmt":"2023-11-06T11:48:47","guid":{"rendered":"http:\/\/wmzpn.pl\/?p=38402"},"modified":"2023-12-15T13:20:34","modified_gmt":"2023-12-15T13:20:34","slug":"38402","status":"publish","type":"post","link":"https:\/\/wmzpn.pl\/?p=38402","title":{"rendered":"Pi\u0142karska Gala WMZPN 2023 &#8211; zg\u0142o\u015b nominacje!"},"content":{"rendered":"<p>W pi\u0105tek <strong>8 grudnia 2023<\/strong> <strong>roku<\/strong>, w Hotelu Mr\u0105gowo Resort &amp; Spa, odb\u0119dzie si\u0119 uroczysta Pi\u0142karska Gala WMZPN, po\u0142\u0105czona ze spotkaniem wigilijnym \u015brodowiska pi\u0142karskiego Warmii i Mazur oraz losowaniem par 1\/8 fina\u0142u Bank Sp\u00f3\u0142dzielczy w Szczytnie Wojew\u00f3dzkiego Pucharu Polski.<\/p>\n<p><em>Sponsorzy i Partnerzy wydarzenia:<\/em><\/p>\n<p><img loading=\"lazy\" decoding=\"async\" class=\"alignnone size-full wp-image-38411\" src=\"http:\/\/wmzpn.pl\/wp-content\/uploads\/2023\/11\/Gala-info-e1699359812955.png\" alt=\"\" width=\"895\" height=\"114\" srcset=\"https:\/\/wmzpn.pl\/wp-content\/uploads\/2023\/11\/Gala-info-e1699359812955.png 895w, https:\/\/wmzpn.pl\/wp-content\/uploads\/2023\/11\/Gala-info-e1699359812955-300x38.png 300w, https:\/\/wmzpn.pl\/wp-content\/uploads\/2023\/11\/Gala-info-e1699359812955-768x98.png 768w, https:\/\/wmzpn.pl\/wp-content\/uploads\/2023\/11\/Gala-info-e1699359812955-696x89.png 696w\" sizes=\"auto, (max-width: 895px) 100vw, 895px\" \/><\/p>\n<p>Gor\u0105co zach\u0119camy do zg\u0142aszania nominacji i uhonorowania tych, kt\u00f3rzy przede wszystkim swoimi wynikami i\/lub dzia\u0142alno\u015bci\u0105 najbardziej zas\u0142u\u017cyli na wyr\u00f3\u017cnienie za obecny rok.<\/p>\n<p><strong><span style=\"background-color: #ffff99;\">Chcesz kogo\u015b doceni\u0107 za 2023 rok? Koniecznie zg\u0142o\u015b nominacj\u0119!\u00a0<\/span><\/strong>Nagrody za 2023 rok zostan\u0105 przyznane w nast\u0119puj\u0105cych kategoriach:<\/p>\n<ol>\n<li><strong>PI\u0141KARZ ROKU<br \/>\n<\/strong><em>najlepszy zawodnik wyst\u0119puj\u0105cy w klubie pi\u0142karskim z naszego wojew\u00f3dztwa w 2023 roku<\/em><\/li>\n<li><strong>PI\u0141KARKA ROKU<br \/>\n<\/strong><em>najlepsza zawodniczka w klubie pi\u0142karskim z naszego wojew\u00f3dztwa lub pochodz\u0105ca z Warmii i Mazur graj\u0105ca na szczeblu centralnym w 2023 roku<\/em><strong><br \/>\n<\/strong><\/li>\n<li><strong>TRENER ROKU<br \/>\n<\/strong><em>najlepszy trener dru\u017cyny z naszego wojew\u00f3dztwa w 2023 roku<\/em><\/li>\n<li><strong>DRU\u017bYNA ROKU<br \/>\n<\/strong><em>najlepsza dru\u017cyna z naszego wojew\u00f3dztwa w 2023 roku<\/em><\/li>\n<li><strong>M\u0141ODZIE\u017bOWA DRU\u017bYNA ROKU<br \/>\n<\/strong><em>najlepsza dru\u017cyna m\u0142odzie\u017cowa z naszego wojew\u00f3dztwa w kategoriach od skrzata do juniora w 2023 roku<\/em><\/li>\n<li><strong>M\u0141ODZIE\u017bOWIEC ROKU<br \/>\n<\/strong><em>najlepsza zawodniczka lub zawodnik wyst\u0119puj\u0105ca\/y w seniorskim klubie pi\u0142karskim z naszego wojew\u00f3dztwa, kt\u00f3ra\/y w 2023 roku posiada\u0142\/a status m\u0142odzie\u017cowca<br \/>\n<\/em><\/li>\n<li><strong>S\u0118DZIA ROKU<\/strong><br \/>\n<em>najlepszy s\u0119dzia pi\u0142karski z naszego wojew\u00f3dztwa w 2023 roku<\/em><\/li>\n<li><strong>DZIA\u0141ACZ ROKU<br \/>\n<\/strong><em>najlepszy dzia\u0142acz klubu pi\u0142karskiego z naszego wojew\u00f3dztwa w 2023 roku<\/em><\/li>\n<li><strong>LIGOWIEC ROKU<br \/>\n<\/strong><em>najlepszy zawodnik z Warmii i Mazur graj\u0105cy w 2023 roku poza naszym wojew\u00f3dztwem w Ekstraklasie, I lidze, II lidze lub graj\u0105cy za granic\u0105.<\/em><\/li>\n<li><strong>PI\u0141KARSKIE WYDARZENIE ROKU<br \/>\n<\/strong><em>najlepsze wydarzenie pi\u0142karskie, kt\u00f3re odby\u0142o si\u0119 na terenie naszego wojew\u00f3dztwa w 2023 roku<\/em><\/li>\n<li><strong>KLUBOWY MARKETING ROKU<br \/>\n<\/strong><em>klub pi\u0142karski z naszego wojew\u00f3dztwa, kt\u00f3ry w 2023 roku prowadzi\u0142 najlepsz\u0105 dzia\u0142alno\u015b\u0107 marketingow\u0105 (WWW, SM, materia\u0142y video, pami\u0105tki klubowe, organizacja mecz\u00f3w, itp.)<\/em><\/li>\n<li><strong>PI\u0141KARSKI SAMORZ\u0104D ROKU<br \/>\n<\/strong><em>samorz\u0105d z naszego wojew\u00f3dztwa, kt\u00f3ry najlepiej i najefektywniej wspiera\u0142 pi\u0142k\u0119 no\u017cn\u0105 w 2023 roku<\/em><\/li>\n<li><strong>SPONSOR ROKU<\/strong><br \/>\n<em>firma, kt\u00f3ra w 2023 roku wsp\u00f3lnie z klubem (klubami) z Warmii i Mazur stworzy\u0142a szczeg\u00f3ln\u0105 inicjatyw\u0119 skierowan\u0105 do lokalnej spo\u0142eczno\u015bci pi\u0142karskiej, przyczyniaj\u0105c si\u0119 do jego\/ich rozwoju.<\/em><\/li>\n<li><strong>PI\u0141KARSKIE ZDJ\u0118CIE ROKU *<br \/>\n<\/strong><em>zdj\u0119cie wykonane w 2023 roku podczas wydarze\u0144 zwi\u0105zanych z pi\u0142k\u0105 no\u017cn\u0105, kt\u00f3re odbywa\u0142y si\u0119 na terenie wojew\u00f3dztwa warmi\u0144sko-mazurskiego. (np. mecze ligowe senior\u00f3w, turnieje dzieci\u0119ce, mecze kobiet, mecze futsalu, spotkania towarzyskie, mecze charytatywne, mecze podw\u00f3rkowe, szkolne, itp.)<\/em><strong><br \/>\n<\/strong><\/li>\n<li><strong>BRAMKA ROKU<br \/>\n<\/strong><em>naj\u0142adniejsza bramka strzelona w 2023 roku przez zesp\u00f3\u0142 z naszego wojew\u00f3dztwa (seniorski, m\u0142odzie\u017cowy i dzieci\u0119cy)<\/em><\/li>\n<li><strong>POSTA\u0106 ROKU forBET IV Ligi<\/strong><\/li>\n<li><strong>POSTA\u0106 ROKU KLASY OKR\u0118GOWEJ<\/strong><\/li>\n<li><strong>POSTA\u0106 ROKU A KLASY<\/strong><\/li>\n<li><strong>POSTA\u0106 ROKU B KLASY<\/strong><\/li>\n<li><strong>POSTA\u0106 ROKU KLUB\u00d3W M\u0141ODZIE\u017bOWYCH<br \/>\n<\/strong><em>nagrody dla os\u00f3b zwi\u0105zanych z klubem w danej klasie rozgrywkowej. Prezes, dzia\u0142acz, kierownik, trener, zawodnik, a mo\u017ce kibic? Osoba, kt\u00f3ra swoj\u0105 dzia\u0142alno\u015bci\u0105 na rzecz klubu zas\u0142u\u017cy\u0142a na wyr\u00f3\u017cnienie za 2023 rok<\/em><\/li>\n<\/ol>\n<h2><strong><span style=\"background-color: #ffff99;\">\u00a0CZEKAMY NA WASZE NOMINACJE!\u00a0<\/span><\/strong><\/h2>\n<p>\u017beby wybra\u0107 najlepszych w 2023 roku potrzebujemy Waszej pomocy. Zr\u00f3bmy to razem! Do <strong>19 listopada 2023 r., godz. 23:59 <\/strong>czekamy na Wasze nominacje w wy\u017cej wymienionych kategoriach. Po tym terminie Kapitu\u0142a wybierze \u015bcis\u0142e grono finalist\u00f3w, kt\u00f3re we\u017amie udzia\u0142 w dalszym g\u0142osowaniu.<\/p>\n<p>Nominacje z mo\u017cna zg\u0142asza\u0107 wy\u0142\u0105cznie przez <strong>FORMULARZ<\/strong> dost\u0119pny -&gt; <strong><a href=\"http:\/\/wmzpn.pl\/?page_id=38400\">TUTAJ<\/a><\/strong><\/p>\n<p><span style=\"background-color: #ffff99;\">Nie musisz zg\u0142asza\u0107 nominacji we wszystkich 20 kategoriach &#8211; wybierz te, w kt\u00f3rych najlepiej uzasadnisz sw\u00f3j wyb\u00f3r, a dzi\u0119ki temu pomo\u017cesz KAPITULE wy\u0142oni\u0107 \u015bcis\u0142e grono finalist\u00f3w.<\/span><\/p>\n<p>* W przypadku kategorii &#8220;PI\u0141KARSKIE ZDJ\u0118CIE ROKU&#8221; autorzy zdj\u0119\u0107 proszeni s\u0105 o za\u0142\u0105czenie linku do <strong>JEDNEJ<\/strong> wykonanej przez siebie fotografii. Uczestnik zg\u0142aszaj\u0105c swoje zdj\u0119cie o\u015bwiadcza, i\u017c przys\u0142uguj\u0105 mu wy\u0142\u0105czne i nieograniczone prawa autorskie do nades\u0142anej fotografii.<\/p>\n<h2><span style=\"background-color: #ffff00;\"><strong><span style=\"background-color: #ffff99;\">G\u0141OSOWANIE\u00a0<\/span><\/strong><br \/>\n<\/span><\/h2>\n<p>Na zwyci\u0119zc\u00f3w we wszystkich kategoriach b\u0119dziemy g\u0142osowa\u0107<span style=\"font-size: inherit;\">\u00a0<\/span><strong style=\"font-size: inherit;\">od 29 listopada do 5 grudnia 2023 r.<\/strong><\/p>\n<p>Na og\u00f3ln\u0105 ocen\u0119 b\u0119dzie sk\u0142ada\u0142a si\u0119 suma punkt\u00f3w, kt\u00f3re b\u0119d\u0105 r\u00f3wnolegle i jednocze\u015bnie przyznawa\u0107 trzy grupy:<\/p>\n<ol>\n<li><strong>FANI <\/strong>\u2013 Czyli Wy <img decoding=\"async\" class=\"emoji td-animation-stack-type0-2\" role=\"img\" draggable=\"false\" src=\"https:\/\/s.w.org\/images\/core\/emoji\/13.0.0\/svg\/1f642.svg\" alt=\"&#x1f642;\" \/> G\u0142osowanie odb\u0119dzie si\u0119 na facebooku WMZPN.<\/li>\n<li><strong>KLUBY <\/strong>\u2013 Ka\u017cdy klub z Warmii i Mazur otrzyma do g\u0142osowania jeden formularz.<\/li>\n<li><strong>KAPITU\u0141A <\/strong>\u2013 W sk\u0142adzie: Zarz\u0105d WMZPN, Komisja Rewizyjna WMZPN, Delegaci WMZPN na Zjazd PZPN, Przewodnicz\u0105cy wszystkich Komisji WMZPN oraz Pracownicy WMZPN.<\/li>\n<\/ol>\n<p>W ka\u017cdej grupie nominowany z najwy\u017csz\u0105 liczb\u0105 g\u0142os\u00f3w otrzyma<strong> 6 pkt.,<\/strong> natomiast kolejni <strong>4 pkt., 3 pkt., 2 pkt. i 1 pkt.\u00a0<\/strong>Zwyci\u0119\u017ca nominowany, kt\u00f3ry po zako\u0144czeniu g\u0142osowania i zsumowaniu g\u0142os\u00f3w trzech grup otrzyma najwi\u0119cej punkt\u00f3w (maksymalnie 18 pkt.). W przypadku remisu wygrywa nominowany, kt\u00f3ry otrzyma\u0142 najwi\u0119cej punkt\u00f3w od <strong>FAN\u00d3W<\/strong>.<\/p>\n<h2><strong><span style=\"background-color: #ffff99;\">NAGRODY\u00a0 <\/span><\/strong><\/h2>\n<p>Nagrod\u0105 dla ka\u017cdego zwyci\u0119zcy indywidualnego b\u0119dzie <strong>statuetka<\/strong> oraz <strong>voucher<\/strong> od firmy <strong><a href=\"https:\/\/www.r-gol.com\/\" target=\"_blank\" rel=\"noopener noreferrer\">R-GOL<\/a><\/strong> na kwot\u0119 <strong>500,00 z\u0142 ! <\/strong>Zwyci\u0119zcy dru\u017cynowi opr\u00f3cz statuetki otrzymaj\u0105 voucher na kwot\u0119 <strong>1 000,00 z\u0142 !<br \/>\n<\/strong><\/p>\n<p>Dodatkowo zwyci\u0119zcy w kategoriach: Pi\u0142karz roku, Pi\u0142karka roku, Trener roku, S\u0119dzia roku i Dzia\u0142acz roku otrzymaj\u0105 od naszego Partnera Logistycznego<strong> <a href=\"http:\/\/strefa-aut.pl\/\" target=\"_blank\" rel=\"noopener\">Strefa Aut<\/a> &#8211;<\/strong> Voucher daj\u0105cy mo\u017cliwo\u015b\u0107 wypo\u017cyczenia dowolnego auta osobowego na pi\u0119\u0107 dni!<strong><br \/>\n<\/strong><\/p>\n<p><strong>Razem wybierzmy najlepszych w 2023 roku!<\/strong><\/p>\n<p><img loading=\"lazy\" decoding=\"async\" class=\"alignnone size-full wp-image-38411\" src=\"http:\/\/wmzpn.pl\/wp-content\/uploads\/2023\/11\/Gala-info-e1699359812955.png\" alt=\"\" width=\"895\" height=\"114\" srcset=\"https:\/\/wmzpn.pl\/wp-content\/uploads\/2023\/11\/Gala-info-e1699359812955.png 895w, https:\/\/wmzpn.pl\/wp-content\/uploads\/2023\/11\/Gala-info-e1699359812955-300x38.png 300w, https:\/\/wmzpn.pl\/wp-content\/uploads\/2023\/11\/Gala-info-e1699359812955-768x98.png 768w, https:\/\/wmzpn.pl\/wp-content\/uploads\/2023\/11\/Gala-info-e1699359812955-696x89.png 696w\" sizes=\"auto, (max-width: 895px) 100vw, 895px\" \/><\/p>\n","protected":false},"excerpt":{"rendered":"<p>W pi\u0105tek 8 grudnia 2023 roku, w Hotelu Mr\u0105gowo Resort &amp; Spa, odb\u0119dzie si\u0119 uroczysta Pi\u0142karska Gala WMZPN, po\u0142\u0105czona ze spotkaniem wigilijnym \u015brodowiska pi\u0142karskiego Warmii i Mazur oraz losowaniem par 1\/8 fina\u0142u Bank Sp\u00f3\u0142dzielczy w Szczytnie Wojew\u00f3dzkiego Pucharu Polski. Sponsorzy i Partnerzy wydarzenia: Gor\u0105co zach\u0119camy do zg\u0142aszania nominacji i uhonorowania tych, kt\u00f3rzy przede wszystkim swoimi [&hellip;]<\/p>\n","protected":false},"author":2,"featured_media":38409,"comment_status":"open","ping_status":"open","sticky":false,"template":"","format":"standard","meta":{"footnotes":""},"categories":[12,26],"tags":[],"class_list":["post-38402","post","type-post","status-publish","format-standard","has-post-thumbnail","hentry","category-aktualnosci","category-zwiazek-news"],"_links":{"self":[{"href":"https:\/\/wmzpn.pl\/index.php?rest_route=\/wp\/v2\/posts\/38402","targetHints":{"allow":["GET"]}}],"collection":[{"href":"https:\/\/wmzpn.pl\/index.php?rest_route=\/wp\/v2\/posts"}],"about":[{"href":"https:\/\/wmzpn.pl\/index.php?rest_route=\/wp\/v2\/types\/post"}],"author":[{"embeddable":true,"href":"https:\/\/wmzpn.pl\/index.php?rest_route=\/wp\/v2\/users\/2"}],"replies":[{"embeddable":true,"href":"https:\/\/wmzpn.pl\/index.php?rest_route=%2Fwp%2Fv2%2Fcomments&post=38402"}],"version-history":[{"count":9,"href":"https:\/\/wmzpn.pl\/index.php?rest_route=\/wp\/v2\/posts\/38402\/revisions"}],"predecessor-version":[{"id":43402,"href":"https:\/\/wmzpn.pl\/index.php?rest_route=\/wp\/v2\/posts\/38402\/revisions\/43402"}],"wp:featuredmedia":[{"embeddable":true,"href":"https:\/\/wmzpn.pl\/index.php?rest_route=\/wp\/v2\/media\/38409"}],"wp:attachment":[{"href":"https:\/\/wmzpn.pl\/index.php?rest_route=%2Fwp%2Fv2%2Fmedia&parent=38402"}],"wp:term":[{"taxonomy":"category","embeddable":true,"href":"https:\/\/wmzpn.pl\/index.php?rest_route=%2Fwp%2Fv2%2Fcategories&post=38402"},{"taxonomy":"post_tag","embeddable":true,"href":"https:\/\/wmzpn.pl\/index.php?rest_route=%2Fwp%2Fv2%2Ftags&post=38402"}],"curies":[{"name":"wp","href":"https:\/\/api.w.org\/{rel}","templated":true}]}}