{"id":3802,"date":"2018-10-26T06:32:40","date_gmt":"2018-10-26T06:32:40","guid":{"rendered":"http:\/\/wmzpn.pl\/?p=3802"},"modified":"2018-10-26T06:32:40","modified_gmt":"2018-10-26T06:32:40","slug":"11-odcinek-studioivliga-po-12-kolejce-iv-ligi-sezonu-2018-19","status":"publish","type":"post","link":"https:\/\/wmzpn.pl\/?p=3802","title":{"rendered":"11 odcinek #StudioIVLiga po 12 kolejce IV Ligi sezonu 2018\/19"},"content":{"rendered":"<p>M\u00f3wi\u0142o si\u0119, \u017ce Unia Susz mo\u017ce nie przyst\u0105pi\u0107 do nowego sezonu IV ligi. Po odej\u015bciu by\u0142ego prezesa i zarazem sponsora g\u0142\u00f3wnego z klubu odesz\u0142a spora ilo\u015b\u0107 zawodnik\u00f3w. <!--more-->Unia Susz przetrwa\u0142a i walczy w tym sezonie o utrzymanie. Go\u015b\u0107mi #StudioIVLiga po 12. kolejce byli prezesi tego klubu Rafa\u0142 Masny oraz Jaros\u0142aw Piechotka.<\/p>\n<div id=\"wpfp_c2ed68c61dd888e9617fbf4bb2566e1c\" data-item=\"{&quot;sources&quot;:[{&quot;src&quot;:&quot;https:\\\/\\\/www.youtube.com\\\/watch?v=87M_t6n5B7A&quot;,&quot;type&quot;:&quot;video\\\/youtube&quot;}],&quot;splash&quot;:&quot;https:\\\/\\\/i.ytimg.com\\\/vi\\\/87M_t6n5B7A\\\/maxresdefault.jpg#auto&quot;}\" class=\"flowplayer no-brand is-splash is-paused skin-slim no-svg fp-slim fp-edgy is-youtube\" data-fv-embed=\"https:\/\/wmzpn.pl\/?p=3802&amp;fv_player_embed=1\" style=\"position:relative; max-width: 640px; max-height: 360px; \" data-ratio=\"0.5625\" data-engine=\"fvyoutube\">\n\t<div class=\"fp-ratio\" style=\"padding-top: 56.25%\"><\/div>\n\t<img decoding=\"async\" class=\"fp-splash\" alt=\"video\" src=\"https:\/\/i.ytimg.com\/vi\/87M_t6n5B7A\/maxresdefault.jpg#auto\" style=\"position:absolute;top:0;width:100%\" \/>\n\t<div class=\"fp-ui\"><noscript>Please enable JavaScript<\/noscript><div class=\"fp-play fp-visible\"><svg class=\"fp-play-sharp-fill\" xmlns=\"http:\/\/www.w3.org\/2000\/svg\" viewBox=\"0 0 100 100\"><defs><style>.fp-color-play{opacity:0.65;}.controlbutton{fill:#fff;}<\/style><\/defs><title>play-sharp-fill<\/title><path class=\"fp-color-play\" d=\"M49.9217-.078a50,50,0,1,0,50,50A50.0564,50.0564,0,0,0,49.9217-.078Z\"\/><polygon class=\"controlbutton\" points=\"73.601 50 37.968 70.573 37.968 29.427 73.601 50\" filter=\"url(#f1)\"\/><\/svg><\/div><div class=\"fp-preload\"><b><\/b><b><\/b><b><\/b><b><\/b><\/div><\/div>\n<div class='fvp-share-bar'><ul class=\"fvp-sharing\">\r\n    <li><a class=\"sharing-facebook\" href=\"https:\/\/www.facebook.com\/sharer\/sharer.php?u=https%3A%2F%2Fwmzpn.pl%2F%3Fp%3D3802\" target=\"_blank\"><\/a><\/li>\r\n    <li><a class=\"sharing-twitter\" href=\"https:\/\/twitter.com\/intent\/tweet?text=WMZPN.pl+&url=https%3A%2F%2Fwmzpn.pl%2F%3Fp%3D3802\" target=\"_blank\"><\/a><\/li>\r\n    <li><a class=\"sharing-email\" href=\"mailto:?body=Check%20out%20the%20amazing%20video%20here%3A%20https%3A%2F%2Fwmzpn.pl%2F%3Fp%3D3802\" target=\"_blank\"><\/a><\/li><\/ul><div><a class=\"sharing-link\" href=\"https:\/\/wmzpn.pl\/?p=3802\" target=\"_blank\">Link<\/a><\/div><div><label><a class=\"embed-code-toggle\" href=\"#\"><strong>Embed<\/strong><\/a><\/label><\/div><div class=\"embed-code\"><label>Copy and paste this HTML code into your webpage to embed.<\/label><textarea><\/textarea><\/div><\/div>\n<\/div>\n\n","protected":false},"excerpt":{"rendered":"<p>M\u00f3wi\u0142o si\u0119, \u017ce Unia Susz mo\u017ce nie przyst\u0105pi\u0107 do nowego sezonu IV ligi. Po odej\u015bciu by\u0142ego prezesa i zarazem sponsora g\u0142\u00f3wnego z klubu odesz\u0142a spora ilo\u015b\u0107 zawodnik\u00f3w.<\/p>\n","protected":false},"author":2,"featured_media":3803,"comment_status":"open","ping_status":"open","sticky":false,"template":"","format":"standard","meta":{"footnotes":""},"categories":[86],"tags":[],"class_list":["post-3802","post","type-post","status-publish","format-standard","has-post-thumbnail","hentry","category-studio"],"_links":{"self":[{"href":"https:\/\/wmzpn.pl\/index.php?rest_route=\/wp\/v2\/posts\/3802","targetHints":{"allow":["GET"]}}],"collection":[{"href":"https:\/\/wmzpn.pl\/index.php?rest_route=\/wp\/v2\/posts"}],"about":[{"href":"https:\/\/wmzpn.pl\/index.php?rest_route=\/wp\/v2\/types\/post"}],"author":[{"embeddable":true,"href":"https:\/\/wmzpn.pl\/index.php?rest_route=\/wp\/v2\/users\/2"}],"replies":[{"embeddable":true,"href":"https:\/\/wmzpn.pl\/index.php?rest_route=%2Fwp%2Fv2%2Fcomments&post=3802"}],"version-history":[{"count":1,"href":"https:\/\/wmzpn.pl\/index.php?rest_route=\/wp\/v2\/posts\/3802\/revisions"}],"predecessor-version":[{"id":3804,"href":"https:\/\/wmzpn.pl\/index.php?rest_route=\/wp\/v2\/posts\/3802\/revisions\/3804"}],"wp:featuredmedia":[{"embeddable":true,"href":"https:\/\/wmzpn.pl\/index.php?rest_route=\/wp\/v2\/media\/3803"}],"wp:attachment":[{"href":"https:\/\/wmzpn.pl\/index.php?rest_route=%2Fwp%2Fv2%2Fmedia&parent=3802"}],"wp:term":[{"taxonomy":"category","embeddable":true,"href":"https:\/\/wmzpn.pl\/index.php?rest_route=%2Fwp%2Fv2%2Fcategories&post=3802"},{"taxonomy":"post_tag","embeddable":true,"href":"https:\/\/wmzpn.pl\/index.php?rest_route=%2Fwp%2Fv2%2Ftags&post=3802"}],"curies":[{"name":"wp","href":"https:\/\/api.w.org\/{rel}","templated":true}]}}