{"id":37979,"date":"2023-09-26T11:00:55","date_gmt":"2023-09-26T11:00:55","guid":{"rendered":"http:\/\/wmzpn.pl\/?p=37979"},"modified":"2023-09-26T12:54:36","modified_gmt":"2023-09-26T12:54:36","slug":"powolania-kadry-wmzpn-rocznika-2011-na-makroregionalne-zgrupowanie-kadr-wojewodzkich","status":"publish","type":"post","link":"https:\/\/wmzpn.pl\/?p=37979","title":{"rendered":"Powo\u0142ania Kadry WMZPN rocznika 2011 na Makroregionalne zgrupowanie kadr wojew\u00f3dzkich"},"content":{"rendered":"\n<p>W Siedlcach odb\u0119dzie si\u0119 Makroregionalne zgrupowanie kadr wojew\u00f3dzkich, w kt\u00f3rym udzia\u0142 we\u017amie Kadra WMZPN z rocznika 2011. <\/p>\n\n\n\n<div class=\"wp-block-file\"><a id=\"wp-block-file--media-9913c00a-b9f6-4f4c-96d9-7ba200284109\" href=\"http:\/\/wmzpn.pl\/wp-content\/uploads\/2023\/09\/powolanie_2011_2_10_2023_Siedlce.pdf\">Lista powo\u0142anych<\/a><a href=\"http:\/\/wmzpn.pl\/wp-content\/uploads\/2023\/09\/powolanie_2011_2_10_2023_Siedlce.pdf\" class=\"wp-block-file__button\" download aria-describedby=\"wp-block-file--media-9913c00a-b9f6-4f4c-96d9-7ba200284109\">Pobierz<\/a><\/div>\n\n\n\n<p><\/p>\n\n\n\n<p>Prosz\u0119 przes\u0142a\u0107 w formie skanu wype\u0142nione poni\u017cej dokumenty na adres mailowy: marcin.przybylinski@wmzpn.pl oraz kamil.kozlowski@wmzpn.pl w terminie do 28.09.2023.<\/p>\n\n\n\n<div class=\"wp-block-file\"><a id=\"wp-block-file--media-e67567e0-d488-4ace-a380-b4f73221aa2c\" href=\"http:\/\/wmzpn.pl\/wp-content\/uploads\/2023\/09\/4.-Upowaznienie-dowoz-i-odbior-na-miejsca-zbiorki.pdf\">Upowa\u017cnienie &#8211; dow\u00f3z i odbi\u00f3r na miejsca zbi\u00f3rki<\/a><a href=\"http:\/\/wmzpn.pl\/wp-content\/uploads\/2023\/09\/4.-Upowaznienie-dowoz-i-odbior-na-miejsca-zbiorki.pdf\" class=\"wp-block-file__button\" download aria-describedby=\"wp-block-file--media-e67567e0-d488-4ace-a380-b4f73221aa2c\">Pobierz<\/a><\/div>\n\n\n\n<div class=\"wp-block-file\"><a id=\"wp-block-file--media-2025ffbf-0454-4dcf-a634-af07add9f335\" href=\"http:\/\/wmzpn.pl\/wp-content\/uploads\/2023\/09\/3.-Formularz-zgod-dotyczacych-zdrowia.pdf\">Formularz zg\u00f3d dotycz\u0105cych zdrowia<\/a><a href=\"http:\/\/wmzpn.pl\/wp-content\/uploads\/2023\/09\/3.-Formularz-zgod-dotyczacych-zdrowia.pdf\" class=\"wp-block-file__button\" download aria-describedby=\"wp-block-file--media-2025ffbf-0454-4dcf-a634-af07add9f335\">Pobierz<\/a><\/div>\n\n\n\n<div class=\"wp-block-file\"><a id=\"wp-block-file--media-8dc2f42a-b639-44e4-83f7-484c4eefdbb3\" href=\"http:\/\/wmzpn.pl\/wp-content\/uploads\/2023\/09\/2.-Oswiadczenie-o-wyrazeniu-zgody-na-udzial-w-zgrupowaniach-PZPN.pdf\">O\u015bwiadczenie o wyra\u017ceniu zgody na udzia\u0142 w zgrupowaniach PZPN<\/a><a href=\"http:\/\/wmzpn.pl\/wp-content\/uploads\/2023\/09\/2.-Oswiadczenie-o-wyrazeniu-zgody-na-udzial-w-zgrupowaniach-PZPN.pdf\" class=\"wp-block-file__button\" download aria-describedby=\"wp-block-file--media-8dc2f42a-b639-44e4-83f7-484c4eefdbb3\">Pobierz<\/a><\/div>\n\n\n\n<p>Zbi\u00f3rka zawodnik\u00f3w dnia 2 pa\u017adziernika br. (poniedzia\u0142ek) o godzinie 7:45, Stadion przy ul. Pi\u0142sudskiego 69A w Olsztynie.<\/p>\n","protected":false},"excerpt":{"rendered":"<p>W Siedlcach odb\u0119dzie si\u0119 Makroregionalne zgrupowanie kadr wojew\u00f3dzkich, w kt\u00f3rym udzia\u0142 we\u017amie Kadra WMZPN z rocznika 2011. Prosz\u0119 przes\u0142a\u0107 w formie skanu wype\u0142nione poni\u017cej dokumenty na adres mailowy: marcin.przybylinski@wmzpn.pl oraz kamil.kozlowski@wmzpn.pl w terminie do 28.09.2023. Zbi\u00f3rka zawodnik\u00f3w dnia 2 pa\u017adziernika br. (poniedzia\u0142ek) o godzinie 7:45, Stadion przy ul. Pi\u0142sudskiego 69A w Olsztynie.<\/p>\n","protected":false},"author":11,"featured_media":37981,"comment_status":"open","ping_status":"open","sticky":false,"template":"","format":"standard","meta":{"footnotes":""},"categories":[12,67],"tags":[],"class_list":["post-37979","post","type-post","status-publish","format-standard","has-post-thumbnail","hentry","category-aktualnosci","category-kadry-wmzpn"],"_links":{"self":[{"href":"https:\/\/wmzpn.pl\/index.php?rest_route=\/wp\/v2\/posts\/37979","targetHints":{"allow":["GET"]}}],"collection":[{"href":"https:\/\/wmzpn.pl\/index.php?rest_route=\/wp\/v2\/posts"}],"about":[{"href":"https:\/\/wmzpn.pl\/index.php?rest_route=\/wp\/v2\/types\/post"}],"author":[{"embeddable":true,"href":"https:\/\/wmzpn.pl\/index.php?rest_route=\/wp\/v2\/users\/11"}],"replies":[{"embeddable":true,"href":"https:\/\/wmzpn.pl\/index.php?rest_route=%2Fwp%2Fv2%2Fcomments&post=37979"}],"version-history":[{"count":2,"href":"https:\/\/wmzpn.pl\/index.php?rest_route=\/wp\/v2\/posts\/37979\/revisions"}],"predecessor-version":[{"id":37993,"href":"https:\/\/wmzpn.pl\/index.php?rest_route=\/wp\/v2\/posts\/37979\/revisions\/37993"}],"wp:featuredmedia":[{"embeddable":true,"href":"https:\/\/wmzpn.pl\/index.php?rest_route=\/wp\/v2\/media\/37981"}],"wp:attachment":[{"href":"https:\/\/wmzpn.pl\/index.php?rest_route=%2Fwp%2Fv2%2Fmedia&parent=37979"}],"wp:term":[{"taxonomy":"category","embeddable":true,"href":"https:\/\/wmzpn.pl\/index.php?rest_route=%2Fwp%2Fv2%2Fcategories&post=37979"},{"taxonomy":"post_tag","embeddable":true,"href":"https:\/\/wmzpn.pl\/index.php?rest_route=%2Fwp%2Fv2%2Ftags&post=37979"}],"curies":[{"name":"wp","href":"https:\/\/api.w.org\/{rel}","templated":true}]}}