{"id":37933,"date":"2023-09-28T09:11:23","date_gmt":"2023-09-28T09:11:23","guid":{"rendered":"http:\/\/wmzpn.pl\/?p=37933"},"modified":"2023-09-28T21:37:26","modified_gmt":"2023-09-28T21:37:26","slug":"biskupiec-i-ketrzyn-gospodarzami-turnieju-uefa-u15-development-2023","status":"publish","type":"post","link":"https:\/\/wmzpn.pl\/?p=37933","title":{"rendered":"Biskupiec i K\u0119trzyn gospodarzami turnieju UEFA U15 Development 2023!"},"content":{"rendered":"<div class=\"container-article news-article__lead border-bottom-diagonal fw-bold\">\n<p><b>W dniach 2-7 pa\u017adziernika 2023 Reprezentacja Polski do lat 15 we\u017amie udzia\u0142 w mi\u0119dzynarodowym turnieju &#8220;UEFA U15 DEVELOPMENT 2023&#8221;, a miastami gospodarzami b\u0119d\u0105 Biskupiec i K\u0119trzyn.<\/b><\/p>\n<p>Bia\u0142o-czerwoni w ramach rozgrywek rywalizowa\u0107 b\u0119d\u0105 z r\u00f3wie\u015bnikami z Hiszpanii, Islandii i Walii.<\/p>\n<p><b>Baza noclegowa wszystkich reprezentacji zostanie zorganizowana w Mr\u0105gowie. Wst\u0119p na mecze b\u0119dzie bezp\u0142atny. Serdecznie zapraszamy!<\/b><\/p>\n<\/div>\n<div class=\"container-article news-article__lead border-bottom-diagonal fw-bold\">\n<p><span style=\"color: #ffffff; background-color: #ff0000;\"><strong>\u00a0TERMINARZ\u00a0<\/strong><\/span><\/p>\n<p><strong>02.10.2023 (poniedzia\u0142ek)<\/strong><br \/>\nPolska &#8211; Walia | g. 11:00 &#8211; K\u0119trzyn<br \/>\nIslandia &#8211; Hiszpania | g. 14:00 &#8211; Biskupiec<\/p>\n<p><strong>04.10.2023 (\u015broda)<\/strong><br \/>\nHiszpania &#8211; Walia | g. 11:00 &#8211; Biskupiec<br \/>\nPolska &#8211; Islandia | g. 14:00 &#8211; K\u0119trzyn<\/p>\n<p><strong>07.10.2023 (sobota)<\/strong><br \/>\nHiszpania v Polska | g. 10:00 &#8211; Biskupiec<br \/>\nWalia &#8211; Islandia | g. 10:00 \u2013 K\u0119trzyn<\/p>\n<\/div>\n<div>\n<div class=\"news-section\">\n<div class=\"article-simple container-article\">\n<div class=\"article-simple__text\">\n<p>Wst\u0119p na mecze jest bezp\u0142atny, ale trzeba posiada\u0107 darmow\u0105 wej\u015bci\u00f3wk\u0119.<br \/>\nLiczba miejsc na ka\u017cdym spotkaniu w Biskupcu i K\u0119trzynie jest ograniczona do <strong>999 miejsc<\/strong>. Bilety mo\u017cna odbiera\u0107 w nast\u0119puj\u0105cych lokalizacjach:<\/p>\n<p><span style=\"color: #ffffff; background-color: #ff0000;\"><strong>\u00a0BILETY\u00a0<\/strong><\/span><\/p>\n<p><strong>K\u0118TRZYN \u2013 bilety dost\u0119pne od \u015brody 27 wrze\u015bnia 2023 r.<\/strong><br \/>\n&#8211; Punkt Informacji Turystycznej Plac marsza\u0142ka J\u00f3zefa Pi\u0142sudskiego 10\/1 | <strong>pn-pt <\/strong>w godz. 8.00 &#8211; 16.00<br \/>\n&#8211; Kompleks Rekreacyjno-Sportowy &#8220;K\u0118TRZYNIANKA&#8221; ul. Szpitalna 1 | <strong>pn-pt<\/strong> w godz. 7.00 &#8211; 15.00<br \/>\n&#8211; Stadion Miejski u. Bydgoska 20 | pn-pt w godz. 7:00 &#8211; 15:00<br \/>\nOsoba odpowiedzialna za dystrybucj\u0119 bilet\u00f3w <strong>Krystian Kosik tel. 797 512 331<br \/>\n<\/strong><br \/>\n<em><strong>Je\u015bli Tw\u00f3j klub, szko\u0142a lub klasa<\/strong> <\/em>jest zainteresowana wej\u015bciem grupowym na mecz, napisz wiadomo\u015b\u0107 na adres <em><strong>biuro@mosir-ketrzyn.pl<\/strong><\/em><\/p>\n<p><strong>BISKUPIEC \u2013 bilety dost\u0119pne od \u015brody 27 wrze\u015bnia 2023 r.<\/strong><br \/>\n\u2013 Punkt Informacji Turystycznej w Biskupcu , Pl. Wolno\u015bci 5c. |<br \/>\n<strong>pn-pt.<\/strong> w godz. 10:00 &#8211; 18:00, <strong>sb-nd<\/strong> w godz. 10:00-14:00<br \/>\nOsoba odpowiedzialna za dystrybucj\u0119 bilet\u00f3w <strong>Janusz Szczawi\u0144ski tel. 667 772 695<br \/>\n<\/strong><\/p>\n<p><em><strong>Je\u015bli Tw\u00f3j klub, szko\u0142a lub klasa<\/strong><\/em> jest zainteresowana wej\u015bciem grupowym na mecz, napisz wiadomo\u015b\u0107 na adres <strong>cktis<\/strong><em><strong>@biskupiec.pl<\/strong><\/em><\/p>\n<p><span style=\"background-color: #ff0000; color: #ffffff;\"><strong>\u00a0AKREDYTACJE\u00a0<\/strong><\/span><\/p>\n<p>Udzia\u0142 medi\u00f3w w meczach b\u0119dzie mo\u017cliwy po \u00f3wczesnym z\u0142o\u017ceniu wniosku o akredytacj\u0119. Akredytacje przyznawane b\u0119d\u0105 na wszystkie mecze rozgrywane w danej miejscowo\u015bci, jednak ich ilo\u015b\u0107 b\u0119dzie ograniczona.<\/p>\n<p>Wnioski mo\u017cna sk\u0142ada\u0107<strong> do 30 wrze\u015bnia<\/strong>\u00a0<strong>2023, do godz. 12:00<\/strong> wy\u0142\u0105cznie poprzez formularz dost\u0119pny <a href=\"http:\/\/wmzpn.pl\/?page_id=37937\" target=\"_blank\" rel=\"noopener\">-&gt;\u00a0TUTAJ<\/a><\/p>\n<p>Akredytacje b\u0119d\u0105 rozdawane kasach biletowych w dniach meczowych na 1,5 h przed meczem \u2013 do rozpocz\u0119cia meczu.<\/p>\n<p><span style=\"background-color: #ff0000; color: #ffffff;\"><strong>\u00a0WSP\u00d3\u0141ORGANIZATORZY\u00a0<\/strong><\/span><\/p>\n<p>Wsp\u00f3\u0142organizatorami turnieju <strong>UEFA U15 Development<\/strong> <strong>2023<\/strong> s\u0105:<br \/>\n<strong>Centrum Kultury, Turystyki i Sportu w Biskupcu, BKS T\u0119cza Biskupiec, <\/strong><strong>Miejski O\u015brodek Sportu i Rekreacji w K\u0119trzynie oraz Granica K\u0119trzyn.<\/strong><\/p>\n<\/div>\n<\/div>\n<\/div>\n<\/div>\n","protected":false},"excerpt":{"rendered":"<p>W dniach 2-7 pa\u017adziernika 2023 Reprezentacja Polski do lat 15 we\u017amie udzia\u0142 w mi\u0119dzynarodowym turnieju &#8220;UEFA U15 DEVELOPMENT 2023&#8221;, a miastami gospodarzami b\u0119d\u0105 Biskupiec i K\u0119trzyn. Bia\u0142o-czerwoni w ramach rozgrywek rywalizowa\u0107 b\u0119d\u0105 z r\u00f3wie\u015bnikami z Hiszpanii, Islandii i Walii. Baza noclegowa wszystkich reprezentacji zostanie zorganizowana w Mr\u0105gowie. Wst\u0119p na mecze b\u0119dzie bezp\u0142atny. Serdecznie zapraszamy! \u00a0TERMINARZ\u00a0 [&hellip;]<\/p>\n","protected":false},"author":2,"featured_media":37940,"comment_status":"open","ping_status":"open","sticky":false,"template":"","format":"standard","meta":{"footnotes":""},"categories":[12,1,26],"tags":[],"class_list":["post-37933","post","type-post","status-publish","format-standard","has-post-thumbnail","hentry","category-aktualnosci","category-uncategorized","category-zwiazek-news"],"_links":{"self":[{"href":"https:\/\/wmzpn.pl\/index.php?rest_route=\/wp\/v2\/posts\/37933","targetHints":{"allow":["GET"]}}],"collection":[{"href":"https:\/\/wmzpn.pl\/index.php?rest_route=\/wp\/v2\/posts"}],"about":[{"href":"https:\/\/wmzpn.pl\/index.php?rest_route=\/wp\/v2\/types\/post"}],"author":[{"embeddable":true,"href":"https:\/\/wmzpn.pl\/index.php?rest_route=\/wp\/v2\/users\/2"}],"replies":[{"embeddable":true,"href":"https:\/\/wmzpn.pl\/index.php?rest_route=%2Fwp%2Fv2%2Fcomments&post=37933"}],"version-history":[{"count":10,"href":"https:\/\/wmzpn.pl\/index.php?rest_route=\/wp\/v2\/posts\/37933\/revisions"}],"predecessor-version":[{"id":40311,"href":"https:\/\/wmzpn.pl\/index.php?rest_route=\/wp\/v2\/posts\/37933\/revisions\/40311"}],"wp:featuredmedia":[{"embeddable":true,"href":"https:\/\/wmzpn.pl\/index.php?rest_route=\/wp\/v2\/media\/37940"}],"wp:attachment":[{"href":"https:\/\/wmzpn.pl\/index.php?rest_route=%2Fwp%2Fv2%2Fmedia&parent=37933"}],"wp:term":[{"taxonomy":"category","embeddable":true,"href":"https:\/\/wmzpn.pl\/index.php?rest_route=%2Fwp%2Fv2%2Fcategories&post=37933"},{"taxonomy":"post_tag","embeddable":true,"href":"https:\/\/wmzpn.pl\/index.php?rest_route=%2Fwp%2Fv2%2Ftags&post=37933"}],"curies":[{"name":"wp","href":"https:\/\/api.w.org\/{rel}","templated":true}]}}