{"id":37355,"date":"2023-08-17T08:24:10","date_gmt":"2023-08-17T08:24:10","guid":{"rendered":"http:\/\/wmzpn.pl\/?p=37355"},"modified":"2023-08-17T08:24:10","modified_gmt":"2023-08-17T08:24:10","slug":"konsultacja-kadry-wmzpn-dziewczyn-u13-i-u15","status":"publish","type":"post","link":"https:\/\/wmzpn.pl\/?p=37355","title":{"rendered":"Konsultacja Kadry WMZPN dziewczyn U13 i U15"},"content":{"rendered":"\n<p>W dniach 22-23 sierpnia w Ostr\u00f3dzie odb\u0119d\u0105 si\u0119 konsultacje szkoleniowe Kadry WMZPN dziewczyn w rocznikach U13 i U15. Przedstawiamy listy powo\u0142anych:<\/p>\n\n\n\n<div class=\"wp-block-file\"><a id=\"wp-block-file--media-909af826-a9e0-4f4f-9863-e4bf1bea2ce4\" href=\"http:\/\/wmzpn.pl\/wp-content\/uploads\/2023\/08\/powolanie_22_08_2023_ostroda_U13-2.pdf\">Powo\u0142ane U13<\/a><a href=\"http:\/\/wmzpn.pl\/wp-content\/uploads\/2023\/08\/powolanie_22_08_2023_ostroda_U13-2.pdf\" class=\"wp-block-file__button\" download aria-describedby=\"wp-block-file--media-909af826-a9e0-4f4f-9863-e4bf1bea2ce4\">Pobierz<\/a><\/div>\n\n\n\n<div class=\"wp-block-file\"><a id=\"wp-block-file--media-71f9b806-a8f2-4892-938a-bb46331f8aba\" href=\"http:\/\/wmzpn.pl\/wp-content\/uploads\/2023\/08\/powolanie_23_08_2023_ostroda_U15-1.pdf\">Powo\u0142ane U15<\/a><a href=\"http:\/\/wmzpn.pl\/wp-content\/uploads\/2023\/08\/powolanie_23_08_2023_ostroda_U15-1.pdf\" class=\"wp-block-file__button\" download aria-describedby=\"wp-block-file--media-71f9b806-a8f2-4892-938a-bb46331f8aba\">Pobierz<\/a><\/div>\n\n\n\n<p>Zbi\u00f3rka zawodniczek z rocznika U13 odb\u0119dzie si\u0119 22 sierpnia o godzinie 9:00, boisko ulica Wyszy\u0144skiego 11 w Ostr\u00f3dzie.<\/p>\n\n\n\n<p>Zbi\u00f3rka zawodniczek z rocznika U15 odb\u0119dzie si\u0119 23 sierpnia o godzinie 9:00, boisko ulica Wyszy\u0144skiego 11 w Ostr\u00f3dzie.<\/p>\n","protected":false},"excerpt":{"rendered":"<p>W dniach 22-23 sierpnia w Ostr\u00f3dzie odb\u0119d\u0105 si\u0119 konsultacje szkoleniowe Kadry WMZPN dziewczyn w rocznikach U13 i U15. Przedstawiamy listy powo\u0142anych: Zbi\u00f3rka zawodniczek z rocznika U13 odb\u0119dzie si\u0119 22 sierpnia o godzinie 9:00, boisko ulica Wyszy\u0144skiego 11 w Ostr\u00f3dzie. Zbi\u00f3rka zawodniczek z rocznika U15 odb\u0119dzie si\u0119 23 sierpnia o godzinie 9:00, boisko ulica Wyszy\u0144skiego 11 [&hellip;]<\/p>\n","protected":false},"author":11,"featured_media":37358,"comment_status":"open","ping_status":"open","sticky":false,"template":"","format":"standard","meta":{"footnotes":""},"categories":[12,67],"tags":[],"class_list":["post-37355","post","type-post","status-publish","format-standard","has-post-thumbnail","hentry","category-aktualnosci","category-kadry-wmzpn"],"_links":{"self":[{"href":"https:\/\/wmzpn.pl\/index.php?rest_route=\/wp\/v2\/posts\/37355","targetHints":{"allow":["GET"]}}],"collection":[{"href":"https:\/\/wmzpn.pl\/index.php?rest_route=\/wp\/v2\/posts"}],"about":[{"href":"https:\/\/wmzpn.pl\/index.php?rest_route=\/wp\/v2\/types\/post"}],"author":[{"embeddable":true,"href":"https:\/\/wmzpn.pl\/index.php?rest_route=\/wp\/v2\/users\/11"}],"replies":[{"embeddable":true,"href":"https:\/\/wmzpn.pl\/index.php?rest_route=%2Fwp%2Fv2%2Fcomments&post=37355"}],"version-history":[{"count":1,"href":"https:\/\/wmzpn.pl\/index.php?rest_route=\/wp\/v2\/posts\/37355\/revisions"}],"predecessor-version":[{"id":37359,"href":"https:\/\/wmzpn.pl\/index.php?rest_route=\/wp\/v2\/posts\/37355\/revisions\/37359"}],"wp:featuredmedia":[{"embeddable":true,"href":"https:\/\/wmzpn.pl\/index.php?rest_route=\/wp\/v2\/media\/37358"}],"wp:attachment":[{"href":"https:\/\/wmzpn.pl\/index.php?rest_route=%2Fwp%2Fv2%2Fmedia&parent=37355"}],"wp:term":[{"taxonomy":"category","embeddable":true,"href":"https:\/\/wmzpn.pl\/index.php?rest_route=%2Fwp%2Fv2%2Fcategories&post=37355"},{"taxonomy":"post_tag","embeddable":true,"href":"https:\/\/wmzpn.pl\/index.php?rest_route=%2Fwp%2Fv2%2Ftags&post=37355"}],"curies":[{"name":"wp","href":"https:\/\/api.w.org\/{rel}","templated":true}]}}