{"id":37303,"date":"2023-08-11T11:22:05","date_gmt":"2023-08-11T11:22:05","guid":{"rendered":"http:\/\/wmzpn.pl\/?p=37303"},"modified":"2023-08-11T12:53:38","modified_gmt":"2023-08-11T12:53:38","slug":"akademia-grassroots-2023","status":"publish","type":"post","link":"https:\/\/wmzpn.pl\/?p=37303","title":{"rendered":"Akademia Grassroots 2023"},"content":{"rendered":"\n<p><strong>Trwa tegoroczna edycja \u201eAkademii Grassroots\u201d czyli cykl konferencji skierowanych przede wszystkim do nauczycieli wychowania fizycznego oraz trener\u00f3w pracuj\u0105cych na co dzie\u0144 z dzie\u0107mi do 13. roku \u017cycia. Zaj\u0119cia i prelekcje odb\u0119d\u0105 si\u0119 w ka\u017cdym wojew\u00f3dztwie, a wst\u0119p na nie b\u0119dzie otwarty dla wszystkich ch\u0119tnych. 26 wrze\u015bnia odb\u0119dzie si\u0119 konferencja w Ostr\u00f3dzie.<\/strong><\/p>\n\n\n\n<p>Celem odbywaj\u0105cej si\u0119 co roku \u201eAkademii Grassroots\u201d jest przybli\u017cenie najnowszych trend\u00f3w w szkoleniu m\u0142odych pi\u0142karek i pi\u0142karzy fachowcom pracuj\u0105cym z nimi na co dzie\u0144: trenerom, instruktorom oraz nauczycielom wychowania fizycznego.<\/p>\n\n\n\n<p>W\u015br\u00f3d prelegent\u00f3w, kt\u00f3rzy podczas zaj\u0119\u0107 teoretycznych i praktycznych b\u0119d\u0105 dzieli\u0107 si\u0119 swoj\u0105 wiedz\u0105 i umiej\u0119tno\u015bciami, znajduj\u0105 si\u0119 szkoleniowcy z Polskiego Zwi\u0105zku Pi\u0142ki No\u017cnej. W tym roku tematem przewodnim konferencji b\u0119dzie periodyzacja programu szkolenia.<\/p>\n\n\n\n<p>W \u201eAkademii Grassroots\u201d mog\u0105 wzi\u0105\u0107 udzia\u0142 wszyscy ch\u0119tni. Rejestracja odbywa si\u0119 za po\u015brednictwem strony&nbsp;<a href=\"http:\/\/pzpn24.pzpn.pl\/\" target=\"_blank\" rel=\"noreferrer noopener\">pzpn24.pzpn.pl<\/a>.<\/p>\n\n\n\n<p>Uczestnictwo w konferencji gwarantuje trenerom zdobycie punkt\u00f3w niezb\u0119dnych do przed\u0142u\u017cenia licencji. W zale\u017cno\u015bci od jej rodzaju udzia\u0142 w \u201cAkademii Grassroots\u201d daje:<\/p>\n\n\n\n<p>Grassroots C\/UEFA C \u2013 5 godzin\/punkt\u00f3w<br>UEFA Elite Youth A \u2013 3 godziny\/punkty<br>UEFA A \u2013 3 godziny\/punkty<br>UEFA B \u2013 5 godzin\/punkt\u00f3w<br>UEFA Futsal B \u2013 3 godzin\/punkt\u00f3w<br>Futsal C \u2013 3 godzin\/punkt\u00f3w<\/p>\n\n\n\n<p>Polski Zwi\u0105zek Pi\u0142ki No\u017cnej serdecznie zaprasza wszystkich zainteresowanych pi\u0142karskim szkoleniem dzieci i m\u0142odzie\u017cy do udzia\u0142u w konferencjach z cyklu \u201eAkademia Grassroots\u201d.<\/p>\n\n\n\n<figure class=\"wp-block-image size-large\"><img loading=\"lazy\" decoding=\"async\" width=\"734\" height=\"1024\" src=\"http:\/\/wmzpn.pl\/wp-content\/uploads\/2023\/08\/PLAN_Akademia_Grassroots_OGOLNY_2022-734x1024.jpg\" alt=\"\" class=\"wp-image-37316\" srcset=\"https:\/\/wmzpn.pl\/wp-content\/uploads\/2023\/08\/PLAN_Akademia_Grassroots_OGOLNY_2022-734x1024.jpg 734w, https:\/\/wmzpn.pl\/wp-content\/uploads\/2023\/08\/PLAN_Akademia_Grassroots_OGOLNY_2022-215x300.jpg 215w, https:\/\/wmzpn.pl\/wp-content\/uploads\/2023\/08\/PLAN_Akademia_Grassroots_OGOLNY_2022-768x1071.jpg 768w, https:\/\/wmzpn.pl\/wp-content\/uploads\/2023\/08\/PLAN_Akademia_Grassroots_OGOLNY_2022-1101x1536.jpg 1101w, https:\/\/wmzpn.pl\/wp-content\/uploads\/2023\/08\/PLAN_Akademia_Grassroots_OGOLNY_2022-1468x2048.jpg 1468w, https:\/\/wmzpn.pl\/wp-content\/uploads\/2023\/08\/PLAN_Akademia_Grassroots_OGOLNY_2022-696x971.jpg 696w, https:\/\/wmzpn.pl\/wp-content\/uploads\/2023\/08\/PLAN_Akademia_Grassroots_OGOLNY_2022-1068x1490.jpg 1068w, https:\/\/wmzpn.pl\/wp-content\/uploads\/2023\/08\/PLAN_Akademia_Grassroots_OGOLNY_2022-301x420.jpg 301w, https:\/\/wmzpn.pl\/wp-content\/uploads\/2023\/08\/PLAN_Akademia_Grassroots_OGOLNY_2022-scaled.jpg 1835w\" sizes=\"auto, (max-width: 734px) 100vw, 734px\" \/><\/figure>\n","protected":false},"excerpt":{"rendered":"<p>Trwa tegoroczna edycja \u201eAkademii Grassroots\u201d czyli cykl konferencji skierowanych przede wszystkim do nauczycieli wychowania fizycznego oraz trener\u00f3w pracuj\u0105cych na co dzie\u0144 z dzie\u0107mi do 13. roku \u017cycia. Zaj\u0119cia i prelekcje odb\u0119d\u0105 si\u0119 w ka\u017cdym wojew\u00f3dztwie, a wst\u0119p na nie b\u0119dzie otwarty dla wszystkich ch\u0119tnych. 26 wrze\u015bnia odb\u0119dzie si\u0119 konferencja w Ostr\u00f3dzie. Celem odbywaj\u0105cej si\u0119 co [&hellip;]<\/p>\n","protected":false},"author":11,"featured_media":37308,"comment_status":"open","ping_status":"open","sticky":false,"template":"","format":"standard","meta":{"footnotes":""},"categories":[12,28,23],"tags":[],"class_list":["post-37303","post","type-post","status-publish","format-standard","has-post-thumbnail","hentry","category-aktualnosci","category-kursy-szkolenia","category-trenerzy"],"_links":{"self":[{"href":"https:\/\/wmzpn.pl\/index.php?rest_route=\/wp\/v2\/posts\/37303","targetHints":{"allow":["GET"]}}],"collection":[{"href":"https:\/\/wmzpn.pl\/index.php?rest_route=\/wp\/v2\/posts"}],"about":[{"href":"https:\/\/wmzpn.pl\/index.php?rest_route=\/wp\/v2\/types\/post"}],"author":[{"embeddable":true,"href":"https:\/\/wmzpn.pl\/index.php?rest_route=\/wp\/v2\/users\/11"}],"replies":[{"embeddable":true,"href":"https:\/\/wmzpn.pl\/index.php?rest_route=%2Fwp%2Fv2%2Fcomments&post=37303"}],"version-history":[{"count":5,"href":"https:\/\/wmzpn.pl\/index.php?rest_route=\/wp\/v2\/posts\/37303\/revisions"}],"predecessor-version":[{"id":37317,"href":"https:\/\/wmzpn.pl\/index.php?rest_route=\/wp\/v2\/posts\/37303\/revisions\/37317"}],"wp:featuredmedia":[{"embeddable":true,"href":"https:\/\/wmzpn.pl\/index.php?rest_route=\/wp\/v2\/media\/37308"}],"wp:attachment":[{"href":"https:\/\/wmzpn.pl\/index.php?rest_route=%2Fwp%2Fv2%2Fmedia&parent=37303"}],"wp:term":[{"taxonomy":"category","embeddable":true,"href":"https:\/\/wmzpn.pl\/index.php?rest_route=%2Fwp%2Fv2%2Fcategories&post=37303"},{"taxonomy":"post_tag","embeddable":true,"href":"https:\/\/wmzpn.pl\/index.php?rest_route=%2Fwp%2Fv2%2Ftags&post=37303"}],"curies":[{"name":"wp","href":"https:\/\/api.w.org\/{rel}","templated":true}]}}