{"id":37286,"date":"2023-08-10T10:51:14","date_gmt":"2023-08-10T10:51:14","guid":{"rendered":"http:\/\/wmzpn.pl\/?p=37286"},"modified":"2023-08-10T11:22:48","modified_gmt":"2023-08-10T11:22:48","slug":"ewelina-balcewicz-i-luiza-szulc-nowymi-trenerkami-kadr-wojewodzkich-dziewczat","status":"publish","type":"post","link":"https:\/\/wmzpn.pl\/?p=37286","title":{"rendered":"Ewelina Balcewicz i Luiza Szulc nowymi trenerkami Kadr Wojew\u00f3dzkich dziewcz\u0105t"},"content":{"rendered":"<p>Decyzj\u0105 Zarz\u0105du Warmi\u0144sko-Mazurskiego Zwi\u0105zku Pi\u0142ki No\u017cnej nowymi trenerkami Kadr Wojew\u00f3dzkich dziewcz\u0105t zosta\u0142y Ewelina Balcewicz oraz Luiza Szulc.<\/p>\n<p>Dotychczasowi trenerzy Micha\u0142 Trzeciakiewicz i Marcin Przybyli\u0144ski b\u0119d\u0105 pe\u0142ni\u0107 funkcj\u0119 trener\u00f3w asystent\u00f3w.<\/p>\n<p><strong>Kadra U-15<\/strong><\/p>\n<p>Ewelina Balcewicz \u2013 Trener<\/p>\n<p>Luiza Szulc \u2013 II trener<\/p>\n<p>Marcin Przybyli\u0144ski \u2013 Trener asystent<\/p>\n<p>Micha\u0142 Trzeciakiewicz \u2013 Trener asystent<\/p>\n<p>Krystian Sobieraj \u2013 Trener bramkarzy<\/p>\n<p><strong>Kadra U-13<\/strong><\/p>\n<p>Luiza Szulc \u2013 Trener<\/p>\n<p>Ewelina Balcewicz \u2013 II Trener<\/p>\n<p>Marcin Przybyli\u0144ski \u2013 Trener asystent<\/p>\n<p>Micha\u0142 Trzeciakiewicz \u2013 Trener asystent<\/p>\n<p>Krystian Sobieraj \u2013 Trener bramkarzy<\/p>\n<p>Nowym trenerom \u017cyczymy sukces\u00f3w, satysfakcji z pracy i rado\u015bci z post\u0119p\u00f3w sportowych ich podopiecznych.<\/p>\n","protected":false},"excerpt":{"rendered":"<p>Decyzj\u0105 Zarz\u0105du Warmi\u0144sko-Mazurskiego Zwi\u0105zku Pi\u0142ki No\u017cnej nowymi trenerkami Kadr Wojew\u00f3dzkich dziewcz\u0105t zosta\u0142y Ewelina Balcewicz oraz Luiza Szulc. Dotychczasowi trenerzy Micha\u0142 Trzeciakiewicz i Marcin Przybyli\u0144ski b\u0119d\u0105 pe\u0142ni\u0107 funkcj\u0119 trener\u00f3w asystent\u00f3w. Kadra U-15 Ewelina Balcewicz \u2013 Trener Luiza Szulc \u2013 II trener Marcin Przybyli\u0144ski \u2013 Trener asystent Micha\u0142 Trzeciakiewicz \u2013 Trener asystent Krystian Sobieraj \u2013 Trener bramkarzy [&hellip;]<\/p>\n","protected":false},"author":11,"featured_media":37287,"comment_status":"open","ping_status":"open","sticky":false,"template":"","format":"standard","meta":{"footnotes":""},"categories":[12,67],"tags":[],"class_list":["post-37286","post","type-post","status-publish","format-standard","has-post-thumbnail","hentry","category-aktualnosci","category-kadry-wmzpn"],"_links":{"self":[{"href":"https:\/\/wmzpn.pl\/index.php?rest_route=\/wp\/v2\/posts\/37286","targetHints":{"allow":["GET"]}}],"collection":[{"href":"https:\/\/wmzpn.pl\/index.php?rest_route=\/wp\/v2\/posts"}],"about":[{"href":"https:\/\/wmzpn.pl\/index.php?rest_route=\/wp\/v2\/types\/post"}],"author":[{"embeddable":true,"href":"https:\/\/wmzpn.pl\/index.php?rest_route=\/wp\/v2\/users\/11"}],"replies":[{"embeddable":true,"href":"https:\/\/wmzpn.pl\/index.php?rest_route=%2Fwp%2Fv2%2Fcomments&post=37286"}],"version-history":[{"count":2,"href":"https:\/\/wmzpn.pl\/index.php?rest_route=\/wp\/v2\/posts\/37286\/revisions"}],"predecessor-version":[{"id":37289,"href":"https:\/\/wmzpn.pl\/index.php?rest_route=\/wp\/v2\/posts\/37286\/revisions\/37289"}],"wp:featuredmedia":[{"embeddable":true,"href":"https:\/\/wmzpn.pl\/index.php?rest_route=\/wp\/v2\/media\/37287"}],"wp:attachment":[{"href":"https:\/\/wmzpn.pl\/index.php?rest_route=%2Fwp%2Fv2%2Fmedia&parent=37286"}],"wp:term":[{"taxonomy":"category","embeddable":true,"href":"https:\/\/wmzpn.pl\/index.php?rest_route=%2Fwp%2Fv2%2Fcategories&post=37286"},{"taxonomy":"post_tag","embeddable":true,"href":"https:\/\/wmzpn.pl\/index.php?rest_route=%2Fwp%2Fv2%2Ftags&post=37286"}],"curies":[{"name":"wp","href":"https:\/\/api.w.org\/{rel}","templated":true}]}}