{"id":37115,"date":"2023-08-08T06:57:28","date_gmt":"2023-08-08T06:57:28","guid":{"rendered":"http:\/\/wmzpn.pl\/?p=37115"},"modified":"2023-08-17T09:23:22","modified_gmt":"2023-08-17T09:23:22","slug":"kacik-historyczny-wojciecha-linowa-bogdan-masztaler","status":"publish","type":"post","link":"https:\/\/wmzpn.pl\/?p=37115","title":{"rendered":"K\u0105cik historyczny Wojciecha Linowa &#8211; Bohdan Masztaler"},"content":{"rendered":"<p><strong>Startujemy z nowym cyklem, kt\u00f3ry nazwali\u015bmy &#8220;K\u0105cik historyczny Wojciecha Linowa&#8221;. W nim s\u0142owami Wojciecha Linowa chcemy przypomnie\u0107 sylwetki czo\u0142owych zawodnik\u00f3w i trener\u00f3w wywodz\u0105cych si\u0119 z Warmii i Mazur, a tak\u017ce opowiedzie\u0107 o sukcesach kadr wojew\u00f3dzkich i klub\u00f3w w rozgrywkach og\u00f3lnopolskich.<\/strong><\/p>\n<p><em>Za dwa lata, czyli w 2025 roku obchodzi\u0107 b\u0119dziemy 80-lecie naszego Zwi\u0105zku. To okres rozwoju organizacji, sukcesy i pora\u017cki. Dla m\u0142odych sympatyk\u00f3w futbolu, to ju\u017c odleg\u0142e czasy. Zamierzamy przypomnie\u0107 sylwetki czo\u0142owych zawodnik\u00f3w, ich trener\u00f3w oraz sukcesy reprezentacji m\u0142odzie\u017cowych i klub\u00f3w w rozgrywkach og\u00f3lnopolskich.<\/em><\/p>\n<p><em>Mia\u0142em to szcz\u0119\u015bcie i jestem dumny, \u017ce spotka\u0142em w swojej d\u0142ugoletniej przygodzie z futbolem wielu wspania\u0142ych, utalentowanych pi\u0142karzy i ich trener\u00f3w. Wi\u0119kszo\u015b\u0107 os\u00f3b, o kt\u00f3rych b\u0119dziemy pisa\u0107 widzia\u0142em na boisku, a z kilkoma rozegra\u0142em kilka spotka\u0144. Wi\u0119kszo\u015b\u0107 sukces\u00f3w naszej sportowej m\u0142odzie\u017cy ogl\u0105da\u0142em osobi\u015bcie i cieszy\u0142em si\u0119, \u017ce mog\u0119 do\u0142o\u017cy\u0107 \u201ema\u0142\u0105 cegie\u0142k\u0119\u201d do tych sukces\u00f3w.<\/em><\/p>\n<p><em>Jestem przekonany, \u017ce nast\u0119pne lata wychowaj\u0105 w naszym wojew\u00f3dztwie wiele zawodniczek i zawodnik\u00f3w, kt\u00f3rzy reprezentowa\u0107 b\u0119d\u0105 nasz kraj w r\u00f3\u017cnych kategoriach wiekowych.<\/em><\/p>\n<p style=\"text-align: right;\">Wojciech Linow<\/p>\n<p><img loading=\"lazy\" decoding=\"async\" class=\"alignnone  wp-image-37245 alignright\" src=\"http:\/\/wmzpn.pl\/wp-content\/uploads\/2023\/08\/SCN_20230804_150428-203x300.jpg\" alt=\"\" width=\"186\" height=\"275\" srcset=\"https:\/\/wmzpn.pl\/wp-content\/uploads\/2023\/08\/SCN_20230804_150428-203x300.jpg 203w, https:\/\/wmzpn.pl\/wp-content\/uploads\/2023\/08\/SCN_20230804_150428-693x1024.jpg 693w, https:\/\/wmzpn.pl\/wp-content\/uploads\/2023\/08\/SCN_20230804_150428-768x1135.jpg 768w, https:\/\/wmzpn.pl\/wp-content\/uploads\/2023\/08\/SCN_20230804_150428-1040x1536.jpg 1040w, https:\/\/wmzpn.pl\/wp-content\/uploads\/2023\/08\/SCN_20230804_150428-1386x2048.jpg 1386w, https:\/\/wmzpn.pl\/wp-content\/uploads\/2023\/08\/SCN_20230804_150428-696x1028.jpg 696w, https:\/\/wmzpn.pl\/wp-content\/uploads\/2023\/08\/SCN_20230804_150428-1068x1578.jpg 1068w, https:\/\/wmzpn.pl\/wp-content\/uploads\/2023\/08\/SCN_20230804_150428-284x420.jpg 284w, https:\/\/wmzpn.pl\/wp-content\/uploads\/2023\/08\/SCN_20230804_150428.jpg 1475w\" sizes=\"auto, (max-width: 186px) 100vw, 186px\" \/><\/p>\n<p>&#8212;&#8212;&#8212;&#8212;&#8212;&#8212;&#8212;&#8212;&#8212;&#8212;&#8212;&#8212;&#8212;&#8212;&#8212;&#8212;&#8212;&#8212;&#8212;&#8212;&#8212;&#8212;&#8212;&#8212;&#8212;&#8212;&#8212;&#8212;&#8212;&#8212;&#8212;&#8212;&#8212;&#8212;&#8212;&#8212;&#8212;&#8212;&#8211;<\/p>\n<p><strong><img loading=\"lazy\" decoding=\"async\" class=\"alignnone  wp-image-37119\" src=\"http:\/\/wmzpn.pl\/wp-content\/uploads\/2023\/07\/1-242x300.png\" alt=\"\" width=\"184\" height=\"228\" srcset=\"https:\/\/wmzpn.pl\/wp-content\/uploads\/2023\/07\/1-242x300.png 242w, https:\/\/wmzpn.pl\/wp-content\/uploads\/2023\/07\/1-324x400.png 324w, https:\/\/wmzpn.pl\/wp-content\/uploads\/2023\/07\/1-339x420.png 339w, https:\/\/wmzpn.pl\/wp-content\/uploads\/2023\/07\/1.png 420w\" sizes=\"auto, (max-width: 184px) 100vw, 184px\" \/>&nbsp; Bohdan Mieczys\u0142aw Masztaler<\/strong> urodzony 19 wrze\u015bnia 1949 roku w Ostr\u00f3dzie- pozycja na boisku pomocnik. Danek-tak by\u0142 nazywany przez rodzin\u0119 i przyjaci\u00f3\u0142, urodzi\u0142 si\u0119 w wysportowanej rodzinie. Ojciec Jan by\u0142 wieloletnim dyrektorem Technikum Kolejowego w Olsztynie oraz prezesem KKS Warmia Olsztyn. Wszechstronnie uzdolniony Danek trafi\u0142 do klubu ojca, gdzie trenowa\u0142 ju\u017c o 3 lata starszy brat Jerzy. <strong>W 1962 roku<\/strong> gra\u0142 ju\u017c w juniorach starszych. Talent m\u0142odego pi\u0142karza z Olsztyna zosta\u0142 zauwa\u017cony i powo\u0142any on zosta\u0142 do reprezentacji Polski junior\u00f3w. Gr\u0119 w kadrze junior\u00f3w <strong>w 1967 roku<\/strong> \u0142\u0105czy\u0142 z wyst\u0119pami w drugoligowym zespole Warmii Olsztyn.<\/p>\n<p><img loading=\"lazy\" decoding=\"async\" class=\"alignnone wp-image-37117 \" src=\"http:\/\/wmzpn.pl\/wp-content\/uploads\/2023\/07\/Warmia-1967-scaled.jpg\" alt=\"\" width=\"894\" height=\"551\" srcset=\"https:\/\/wmzpn.pl\/wp-content\/uploads\/2023\/07\/Warmia-1967-scaled.jpg 2560w, https:\/\/wmzpn.pl\/wp-content\/uploads\/2023\/07\/Warmia-1967-300x185.jpg 300w, https:\/\/wmzpn.pl\/wp-content\/uploads\/2023\/07\/Warmia-1967-1024x632.jpg 1024w, https:\/\/wmzpn.pl\/wp-content\/uploads\/2023\/07\/Warmia-1967-768x474.jpg 768w, https:\/\/wmzpn.pl\/wp-content\/uploads\/2023\/07\/Warmia-1967-1536x948.jpg 1536w, https:\/\/wmzpn.pl\/wp-content\/uploads\/2023\/07\/Warmia-1967-2048x1264.jpg 2048w, https:\/\/wmzpn.pl\/wp-content\/uploads\/2023\/07\/Warmia-1967-356x220.jpg 356w, https:\/\/wmzpn.pl\/wp-content\/uploads\/2023\/07\/Warmia-1967-696x430.jpg 696w, https:\/\/wmzpn.pl\/wp-content\/uploads\/2023\/07\/Warmia-1967-1068x659.jpg 1068w, https:\/\/wmzpn.pl\/wp-content\/uploads\/2023\/07\/Warmia-1967-681x420.jpg 681w\" sizes=\"auto, (max-width: 894px) 100vw, 894px\" \/><\/p>\n<p>Rok 1967 by\u0142 tak\u017ce pasmem sukcesu dla 18-latka. Jako kapitan zespo\u0142u junior\u00f3w Warmii Olsztyn na stadionie w Olsztynie wzni\u00f3s\u0142 puchar za wicemistrzostwo Polski junior\u00f3w. Jak sam wspomina-\u201eBy\u0142em na turnieju UEFA junior\u00f3w w Turcji, po kt\u00f3rym wiele klub\u00f3w polskich chcia\u0142o, bym reprezentowa\u0142 ich barwy\u201d. Wybra\u0142 Warszaw\u0119, gdy\u017c chcia\u0142 studiowa\u0107 na presti\u017cowej uczelni w Szkole G\u0142\u00f3wnej Planowania i Statystyki, obecnie Szko\u0142a G\u0142\u00f3wna Handlowa. Oceni\u0142, \u017ce miejsce pewne b\u0119dzie mia\u0142 w Gwardii Warszawa, gdy\u017c w Legii w \u015brodku pola rz\u0105dzili reprezentanci Polski Deyna, Brychczy i Blunt. Na wydziale ekonomii produkcji studiowa\u0142, z &nbsp;przysz\u0142ym Ministrem Finans\u00f3w RP Grzegorzem Ko\u0142odko. Uko\u0144czy\u0142 studia graj\u0105c w Gwardii Warszawa. Rozegra\u0142 <strong>166 spotka\u0144 w pierwszej lidze<\/strong> (obecnie ekstraklasa) i strzeli\u0142 22 bramki.<\/p>\n<p>W tych czasach pi\u0142karze rzadko studiowali, a nawet trenerzy byli niech\u0119tnie ustosunkowani do student\u00f3w. Ciekawy tytu\u0142 mia\u0142a praca magisterska Danka \u201eWp\u0142yw przemys\u0142u na rozw\u00f3j Olsztyna\u201d. Co prawda naukowcem nie zosta\u0142, ale w reprezentacji kraju, kt\u00f3ra w tych czasach zalicza\u0142a si\u0119 do czo\u0142\u00f3wki \u015bwiatowej, rozegra\u0142 <strong>22 spotkania<\/strong>, w kt\u00f3rych zdoby\u0142 dwie bramki. Na boisku przebywa\u0142 przez 1518 minut.<\/p>\n<p><img loading=\"lazy\" decoding=\"async\" class=\"alignnone wp-image-37116 size-full\" src=\"http:\/\/wmzpn.pl\/wp-content\/uploads\/2023\/07\/Zgrupowanie-Jugoslawa-1967-Osjek-Warmia-Olsztyn.jpg\" alt=\"\" width=\"1440\" height=\"936\" srcset=\"https:\/\/wmzpn.pl\/wp-content\/uploads\/2023\/07\/Zgrupowanie-Jugoslawa-1967-Osjek-Warmia-Olsztyn.jpg 1440w, https:\/\/wmzpn.pl\/wp-content\/uploads\/2023\/07\/Zgrupowanie-Jugoslawa-1967-Osjek-Warmia-Olsztyn-300x195.jpg 300w, https:\/\/wmzpn.pl\/wp-content\/uploads\/2023\/07\/Zgrupowanie-Jugoslawa-1967-Osjek-Warmia-Olsztyn-1024x666.jpg 1024w, https:\/\/wmzpn.pl\/wp-content\/uploads\/2023\/07\/Zgrupowanie-Jugoslawa-1967-Osjek-Warmia-Olsztyn-768x499.jpg 768w, https:\/\/wmzpn.pl\/wp-content\/uploads\/2023\/07\/Zgrupowanie-Jugoslawa-1967-Osjek-Warmia-Olsztyn-696x452.jpg 696w, https:\/\/wmzpn.pl\/wp-content\/uploads\/2023\/07\/Zgrupowanie-Jugoslawa-1967-Osjek-Warmia-Olsztyn-1068x694.jpg 1068w, https:\/\/wmzpn.pl\/wp-content\/uploads\/2023\/07\/Zgrupowanie-Jugoslawa-1967-Osjek-Warmia-Olsztyn-646x420.jpg 646w\" sizes=\"auto, (max-width: 1440px) 100vw, 1440px\" \/><\/p>\n<p>Debiutowa\u0142 w wieku 21 lat, jako zawodnik Gwardii Warszawa &#8211; 25 pa\u017adziernika 1970 roku w Pradze w meczu z wicemistrzami \u015bwiata Czechos\u0142owacj\u0105, a wynik meczu by\u0142 2:2. Wiele spotka\u0144 rozegra\u0142 w reprezentacji U21, kt\u00f3rej trenerem by\u0142 Kazimierz G\u00f3rski \u2013 W 1973 roku gra\u0142 w Warszawie z Jugos\u0142awi\u0105 (wynik 2:2 i zdoby\u0142 bramk\u0119), a tak\u017ce we Wroc\u0142awiu z Irlandi\u0105 (wynik 2:0).<\/p>\n<p>Jak sam przyzna\u0142 przez zarozumialstwo i niepokorno\u015b\u0107, nie pojecha\u0142 na pami\u0119tne Mistrzostwa \u015awiata do RFN <strong>w 1974 roku<\/strong>. Zadecydowa\u0142a o tym dwudniowa podr\u00f3\u017c do Warny, gdy w 1973 roku kadra rozgrywa\u0142a towarzyskie spotkanie po turnee w Ameryce Po\u0142udniowej. Wtedy, wraz z Grzegorzem Lato, otrzyma\u0142 awaryjne powo\u0142anie. Trener G\u00f3rski wprowadzi\u0142 na boisko Grzegorza Lat\u0119, a nie Masztalera. Ten przesiedzia\u0142 ca\u0142e spotkanie na \u0142awce i obra\u017cony na trenera G\u00f3rskiego przez nast\u0119pne miesi\u0105ce ignorowa\u0142 powo\u0142ania, nawet to ostatnie przed zgrupowaniem i wyjazdem do RFN i t\u0142umaczy\u0142 si\u0119 kontuzj\u0105. Tak uciek\u0142 mu medal Mistrzostw \u015awiata. M\u00f3wi, \u017ce tytu\u0142 magistra uderzy\u0142 mu do g\u0142owy. Zm\u0105drza\u0142, gdy trenerem kadry zosta\u0142 Jacek Gmoch, kt\u00f3ry ceni\u0142 go za ambitn\u0105 i skuteczn\u0105 gr\u0119.<\/p>\n<p><strong>W 1977 roku Danek jako zawodnik Odry Opole rozegra\u0142 10 spotka\u0144 w reprezentacji:<\/strong><\/p>\n<ul>\n<li>W Porto w Portugali\u0105 eliminacje do mistrzostw \u015bwiata 2:0, 90 minut<\/li>\n<li>Z Cyprem wynik 5:0, 45 minut<\/li>\n<li>W Budapeszcie z W\u0119grami wynik 1:2, 90 minut<\/li>\n<li>W Dublinie z Irlandi\u0105 wynik 0:0, 90 minut<\/li>\n<li>W Kopenhadze z Dani\u0105 wynik 2:1, 90 minut<\/li>\n<li>W Limasol z Cyprem wynik 3:1, 90 minut<\/li>\n<li>W Buenos Aires z Argentyn\u0105 wynik 1:3, 90 minut<\/li>\n<li>W La-Paz z Boliwi\u0105 wynik 2:1, 53 minuty<\/li>\n<li>W San Paulo z Brazyli\u0105 wynik 1:3, 45 minut<\/li>\n<\/ul>\n<p><strong>Jako zawodnik \u0141KS \u0141\u00f3d\u017a: <\/strong><\/p>\n<ul>\n<li>W Wo\u0142gogradzie z ZSRR 1:4, 90 minut<\/li>\n<li>W Chorzowie z Dani\u0105, 87 minut i bramka w 27 minucie<\/li>\n<li>W Chorzowie z Portugali\u0105 wynik 1:1.<\/li>\n<\/ul>\n<p>Podczas mistrzostw \u015bwiata rozegra\u0142 cztery spotkania. W meczu otwarcia Mistrzostw \u015awiata ,<strong>w 1978 roku<\/strong> w Argentynie, z Niemcami zagra\u0142 84 minuty, z Meksykiem (w Rosario) 90 minut (wynik 3:1), z Argentyn\u0105 (w Rosario) 65 minut (wynik 0:2) i z Peru (w Mendoza) 45 minut (wynik 1:0).<\/p>\n<figure id=\"attachment_37118\" aria-describedby=\"caption-attachment-37118\" style=\"width: 1080px\" class=\"wp-caption aligncenter\"><img loading=\"lazy\" decoding=\"async\" class=\"wp-image-37118 size-full\" src=\"http:\/\/wmzpn.pl\/wp-content\/uploads\/2023\/07\/masztaler-2.jpg\" alt=\"\" width=\"1080\" height=\"824\" srcset=\"https:\/\/wmzpn.pl\/wp-content\/uploads\/2023\/07\/masztaler-2.jpg 1080w, https:\/\/wmzpn.pl\/wp-content\/uploads\/2023\/07\/masztaler-2-300x229.jpg 300w, https:\/\/wmzpn.pl\/wp-content\/uploads\/2023\/07\/masztaler-2-1024x781.jpg 1024w, https:\/\/wmzpn.pl\/wp-content\/uploads\/2023\/07\/masztaler-2-768x586.jpg 768w, https:\/\/wmzpn.pl\/wp-content\/uploads\/2023\/07\/masztaler-2-80x60.jpg 80w, https:\/\/wmzpn.pl\/wp-content\/uploads\/2023\/07\/masztaler-2-696x531.jpg 696w, https:\/\/wmzpn.pl\/wp-content\/uploads\/2023\/07\/masztaler-2-1068x815.jpg 1068w, https:\/\/wmzpn.pl\/wp-content\/uploads\/2023\/07\/masztaler-2-550x420.jpg 550w\" sizes=\"auto, (max-width: 1080px) 100vw, 1080px\" \/><figcaption id=\"caption-attachment-37118\" class=\"wp-caption-text\">TYGODNIK &#8220;PI\u0141KA NO\u017bNA&#8221; 1978<\/figcaption><\/figure>\n<p>Jak przyzna\u0142 po latach Argentyna g\u0142osi\u0142a has\u0142o \u201emistrzostwo albo \u015bmier\u0107\u201d i robili wszystko \u017ceby wygra\u0107 i wygrali, ale pi\u0105te miejsce na \u015bwiecie, jakie zaj\u0119\u0142a nasza kadra, by\u0142o wielkim sukcesem nieosi\u0105galnym obecnie dla naszego kraju. Ostatnie spotkanie w kadrze rozegra\u0142 8 wrze\u015bnia 1978 roku w Reykjaviku z Islandi\u0105 (wynik 2:0). Mecz ten rozgrywany by\u0142 w ramach eliminacji do Mistrzostw Europy 1980 roku.<\/p>\n<p>Po uko\u0144czeniu 30 lat, takie by\u0142y przepisy, wyjecha\u0142 do Niemiec i w barwach Werderu Brema rozegra\u0142 trzy spotkania w Bundeslidze. Nast\u0119pnie karier\u0119 sportow\u0105 kontynuowa\u0142 w Austrii w czo\u0142owym klubie Wiener Sports Club Wiede\u0144. Rozegra\u0142 w Bundeslidze austriackiej <strong>84 spotkania i zdoby\u0142 3 bramki<\/strong>. Wyst\u0119powa\u0142 w klubach ni\u017cszych lig m.in. w Polonezie Wiede\u0144 i SC Zwettl, gdzie by\u0142 graj\u0105cym trenerem. Karier\u0119 pi\u0142karsk\u0105 zako\u0144czy\u0142 dopiero w wieku 48 lat. Nast\u0119pnie trenowa\u0142 kilka amatorskich klub\u00f3w. Na emerytur\u0119 przeszed\u0142 b\u0119d\u0105c dyrektorem Akademii pi\u0142karskiej St.Poelten. Nadal mieszka w Austrii.<\/p>\n","protected":false},"excerpt":{"rendered":"<p>Startujemy z nowym cyklem, kt\u00f3ry nazwali\u015bmy &#8220;K\u0105cik historyczny Wojciecha Linowa&#8221;. W nim s\u0142owami Wojciecha Linowa chcemy przypomnie\u0107 sylwetki czo\u0142owych zawodnik\u00f3w i trener\u00f3w wywodz\u0105cych si\u0119 z Warmii i Mazur, a tak\u017ce opowiedzie\u0107 o sukcesach kadr wojew\u00f3dzkich i klub\u00f3w w rozgrywkach og\u00f3lnopolskich. Za dwa lata, czyli w 2025 roku obchodzi\u0107 b\u0119dziemy 80-lecie naszego Zwi\u0105zku. To okres rozwoju [&hellip;]<\/p>\n","protected":false},"author":11,"featured_media":37258,"comment_status":"open","ping_status":"open","sticky":false,"template":"","format":"standard","meta":{"footnotes":""},"categories":[12,288],"tags":[],"class_list":["post-37115","post","type-post","status-publish","format-standard","has-post-thumbnail","hentry","category-aktualnosci","category-kacik-historyczny-wojciecha-linowa"],"_links":{"self":[{"href":"https:\/\/wmzpn.pl\/index.php?rest_route=\/wp\/v2\/posts\/37115","targetHints":{"allow":["GET"]}}],"collection":[{"href":"https:\/\/wmzpn.pl\/index.php?rest_route=\/wp\/v2\/posts"}],"about":[{"href":"https:\/\/wmzpn.pl\/index.php?rest_route=\/wp\/v2\/types\/post"}],"author":[{"embeddable":true,"href":"https:\/\/wmzpn.pl\/index.php?rest_route=\/wp\/v2\/users\/11"}],"replies":[{"embeddable":true,"href":"https:\/\/wmzpn.pl\/index.php?rest_route=%2Fwp%2Fv2%2Fcomments&post=37115"}],"version-history":[{"count":12,"href":"https:\/\/wmzpn.pl\/index.php?rest_route=\/wp\/v2\/posts\/37115\/revisions"}],"predecessor-version":[{"id":37360,"href":"https:\/\/wmzpn.pl\/index.php?rest_route=\/wp\/v2\/posts\/37115\/revisions\/37360"}],"wp:featuredmedia":[{"embeddable":true,"href":"https:\/\/wmzpn.pl\/index.php?rest_route=\/wp\/v2\/media\/37258"}],"wp:attachment":[{"href":"https:\/\/wmzpn.pl\/index.php?rest_route=%2Fwp%2Fv2%2Fmedia&parent=37115"}],"wp:term":[{"taxonomy":"category","embeddable":true,"href":"https:\/\/wmzpn.pl\/index.php?rest_route=%2Fwp%2Fv2%2Fcategories&post=37115"},{"taxonomy":"post_tag","embeddable":true,"href":"https:\/\/wmzpn.pl\/index.php?rest_route=%2Fwp%2Fv2%2Ftags&post=37115"}],"curies":[{"name":"wp","href":"https:\/\/api.w.org\/{rel}","templated":true}]}}