{"id":36288,"date":"2023-05-22T17:26:16","date_gmt":"2023-05-22T17:26:16","guid":{"rendered":"http:\/\/wmzpn.pl\/?p=36288"},"modified":"2023-05-23T12:26:55","modified_gmt":"2023-05-23T12:26:55","slug":"rekrutacja-do-wojewodzkich-osrodkow-szkolenia-pilkarskiego-wmzpn-2","status":"publish","type":"post","link":"https:\/\/wmzpn.pl\/?p=36288","title":{"rendered":"Rekrutacja do Wojew\u00f3dzkich O\u015brodk\u00f3w Szkolenia Pi\u0142karskiego WMZPN &#8211; termin 31.05"},"content":{"rendered":"<p>Wojew\u00f3dzki O\u015brodek Szkolenia Pi\u0142karskiego, rozpocz\u0105\u0142 swoje funkcjonowanie w 2018 roku przy Zespole Szk\u00f3\u0142 i Plac\u00f3wek Sportowych w <strong>Elbl\u0105gu. <\/strong>W 2022 oku WOSP zosta\u0142 rozszerzony o trzy dodatkowe lokalizacje:<\/p>\n<p><strong>&#8211; Olsztyn<\/strong> (X Liceum Og\u00f3lnokszta\u0142c\u0105ce Mistrzostwa Sportowego), <br><strong>&#8211; Gi\u017cycko<\/strong> (II Liceum Og\u00f3lnokszta\u0142c\u0105ce), <br><strong>&#8211; E\u0142k<\/strong> (Zesp\u00f3\u0142 Szk\u00f3\u0142 Sportowych w E\u0142ku).<\/p>\n<p>W tym roku WOSP zostaje rozszerzony o kolejne dwie dodatkowe lokalizacje: <br><strong>&#8211; I\u0142awa<\/strong> (Zesp\u00f3\u0142 Szk\u00f3\u0142 im. Bohater\u00f3w Wrze\u015bnia 1939 Roku)<br><strong>&#8211; Mr\u0105gowo<\/strong> (1 Liceum Og\u00f3lnokszta\u0142c\u0105ce im. Obro\u0144c\u00f3w Westerplatte)<\/p>\n<p>Tegoroczne rozszerzenie jest mo\u017cliwe dzi\u0119ki przychylno\u015bci lokalnych samorz\u0105d\u00f3w oraz pozyskaniu przez WMZPN dodatkowych \u015brodk\u00f3w z PZPN.<\/p>\n<p><span style=\"color: #808080;\"><img loading=\"lazy\" decoding=\"async\" class=\"wp-image-4927 size-thumbnail alignleft\" src=\"http:\/\/wmzpn.pl\/wp-content\/uploads\/2018\/02\/warmia_mazury-logo-rgb-150x150.jpg\" alt=\"\" width=\"150\" height=\"150\" srcset=\"https:\/\/wmzpn.pl\/wp-content\/uploads\/2018\/02\/warmia_mazury-logo-rgb-150x150.jpg 150w, https:\/\/wmzpn.pl\/wp-content\/uploads\/2018\/02\/warmia_mazury-logo-rgb-300x300.jpg 300w, https:\/\/wmzpn.pl\/wp-content\/uploads\/2018\/02\/warmia_mazury-logo-rgb-768x768.jpg 768w, https:\/\/wmzpn.pl\/wp-content\/uploads\/2018\/02\/warmia_mazury-logo-rgb-1024x1024.jpg 1024w, https:\/\/wmzpn.pl\/wp-content\/uploads\/2018\/02\/warmia_mazury-logo-rgb-696x696.jpg 696w, https:\/\/wmzpn.pl\/wp-content\/uploads\/2018\/02\/warmia_mazury-logo-rgb-1068x1069.jpg 1068w, https:\/\/wmzpn.pl\/wp-content\/uploads\/2018\/02\/warmia_mazury-logo-rgb-420x420.jpg 420w, https:\/\/wmzpn.pl\/wp-content\/uploads\/2018\/02\/warmia_mazury-logo-rgb.jpg 1697w\" sizes=\"auto, (max-width: 150px) 100vw, 150px\" \/> Wojew\u00f3dzkie O\u015brodki Szkolenia Pi\u0142karskiego WMZPN s\u0105 wsp\u00f3\u0142finansowane ze \u015brodk\u00f3w samorz\u0105du wojew\u00f3dztwa warmi\u0144sko-mazurskiego w ramach realizacji przez WMZPN zadania publicznego pt. \u201c<em>Wojew\u00f3dzki O\u015brodek Szkolenia Sportowego M\u0142odzie\u017cy w Pi\u0142ce No\u017cnej&nbsp; &#8211; dalsze funkcjonowanie i rozw\u00f3j o kolejne miejscowo\u015bci\u201d<\/em>.<\/span><\/p>\n<p><\/p>\n<p><img loading=\"lazy\" decoding=\"async\" class=\"alignnone size-full wp-image-36291\" src=\"http:\/\/wmzpn.pl\/wp-content\/uploads\/2023\/05\/PLAKAT-NABORY_2023.jpg\" alt=\"\" width=\"2000\" height=\"1990\" srcset=\"https:\/\/wmzpn.pl\/wp-content\/uploads\/2023\/05\/PLAKAT-NABORY_2023.jpg 2000w, https:\/\/wmzpn.pl\/wp-content\/uploads\/2023\/05\/PLAKAT-NABORY_2023-300x300.jpg 300w, https:\/\/wmzpn.pl\/wp-content\/uploads\/2023\/05\/PLAKAT-NABORY_2023-1024x1019.jpg 1024w, https:\/\/wmzpn.pl\/wp-content\/uploads\/2023\/05\/PLAKAT-NABORY_2023-150x150.jpg 150w, https:\/\/wmzpn.pl\/wp-content\/uploads\/2023\/05\/PLAKAT-NABORY_2023-768x764.jpg 768w, https:\/\/wmzpn.pl\/wp-content\/uploads\/2023\/05\/PLAKAT-NABORY_2023-1536x1528.jpg 1536w, https:\/\/wmzpn.pl\/wp-content\/uploads\/2023\/05\/PLAKAT-NABORY_2023-696x693.jpg 696w, https:\/\/wmzpn.pl\/wp-content\/uploads\/2023\/05\/PLAKAT-NABORY_2023-1068x1063.jpg 1068w, https:\/\/wmzpn.pl\/wp-content\/uploads\/2023\/05\/PLAKAT-NABORY_2023-422x420.jpg 422w\" sizes=\"auto, (max-width: 2000px) 100vw, 2000px\" \/><\/p>\n<p><\/p>\n\n\n<p><\/p>\n\n\n<p>\u00a0<\/p>\n<p><a href=\"http:\/\/www.liceum.elblag.pl\/rekrutacja.html\" target=\"_blank\" rel=\"noopener noreferrer\"><img loading=\"lazy\" decoding=\"async\" class=\"alignnone size-full wp-image-26075\" src=\"http:\/\/wmzpn.pl\/wp-content\/uploads\/2022\/05\/wosp_elblag.png\" alt=\"\" width=\"2000\" height=\"324\" srcset=\"https:\/\/wmzpn.pl\/wp-content\/uploads\/2022\/05\/wosp_elblag.png 2000w, https:\/\/wmzpn.pl\/wp-content\/uploads\/2022\/05\/wosp_elblag-300x49.png 300w, https:\/\/wmzpn.pl\/wp-content\/uploads\/2022\/05\/wosp_elblag-1024x166.png 1024w, https:\/\/wmzpn.pl\/wp-content\/uploads\/2022\/05\/wosp_elblag-768x124.png 768w, https:\/\/wmzpn.pl\/wp-content\/uploads\/2022\/05\/wosp_elblag-1536x249.png 1536w, https:\/\/wmzpn.pl\/wp-content\/uploads\/2022\/05\/wosp_elblag-696x113.png 696w, https:\/\/wmzpn.pl\/wp-content\/uploads\/2022\/05\/wosp_elblag-1068x173.png 1068w\" sizes=\"auto, (max-width: 2000px) 100vw, 2000px\" \/><\/a><\/p>\n<p><span style=\"color: #333333; background-color: #ccffcc;\"><strong>\u00a0IV Liceum Og\u00f3lnokszta\u0142c\u0105ce w Elbl\u0105gu\u00a0<\/strong><\/span><\/p>\n<p><strong>Rekrutacja trwa do 31 maja 2023 r.<br \/><\/strong>Wniosek nale\u017cy wydrukowa\u0107, podpisa\u0107 i wys\u0142a\u0107 na adres szko\u0142y.<\/p>\n<p><strong>Testy sprawno\u015bciowe:<\/strong><\/p>\n<p>Termin I \u2013 05.06.2023 r. &#8211;\u00a0 Elbl\u0105g boisko ul. Moniuszki, godz. 11.00<br \/>Termin II \u2013 12.06.2023 r. \u2013 Elbl\u0105g boisko ul. Moniuszki, godz. 11.00<\/p>\n<p>Wszystkie informacje na stronie: <a href=\"http:\/\/www.liceum.elblag.pl\/rekrutacja.html\">http:\/\/www.liceum.elblag.pl\/rekrutacja.html<\/a><\/p>\n<p><strong><em>Koordynator: <\/em><\/strong><em>Karol Przyby\u0142a, tel. 500 167 363<\/em><\/p>\n<p><a href=\"https:\/\/www.zss.elk.pl\/news\/#news-438\" target=\"_blank\" rel=\"noopener noreferrer\"><img loading=\"lazy\" decoding=\"async\" class=\"alignnone size-full wp-image-26077\" src=\"http:\/\/wmzpn.pl\/wp-content\/uploads\/2022\/05\/wosp_elk.png\" alt=\"\" width=\"2000\" height=\"324\" srcset=\"https:\/\/wmzpn.pl\/wp-content\/uploads\/2022\/05\/wosp_elk.png 2000w, https:\/\/wmzpn.pl\/wp-content\/uploads\/2022\/05\/wosp_elk-300x49.png 300w, https:\/\/wmzpn.pl\/wp-content\/uploads\/2022\/05\/wosp_elk-1024x166.png 1024w, https:\/\/wmzpn.pl\/wp-content\/uploads\/2022\/05\/wosp_elk-768x124.png 768w, https:\/\/wmzpn.pl\/wp-content\/uploads\/2022\/05\/wosp_elk-1536x249.png 1536w, https:\/\/wmzpn.pl\/wp-content\/uploads\/2022\/05\/wosp_elk-696x113.png 696w, https:\/\/wmzpn.pl\/wp-content\/uploads\/2022\/05\/wosp_elk-1068x173.png 1068w\" sizes=\"auto, (max-width: 2000px) 100vw, 2000px\" \/><\/a><\/p>\n<p><span style=\"color: #333333; background-color: #ccffcc;\"><strong>\u00a0Zesp\u00f3\u0142 Szk\u00f3\u0142 Sportowych w E\u0142ku\u00a0<\/strong><\/span><\/p>\n<p><strong>Rekrutacja trwa do 31 maja 2023 r.<\/strong><\/p>\n<p><strong>Testy sprawno\u015bciowe:<\/strong><\/p>\n<p>Termin I \u2013 03.06.2023 r. godz. 10:00 , Orlik Zespo\u0142u Szk\u00f3\u0142 Sportowych, ul. Suwalska 15<br \/>Termin II \u2013 06.06.2023 r. godz. 10:00 , Orlik Zespo\u0142u Szk\u00f3\u0142 Sportowych, ul. Suwalska 15<\/p>\n<p><span style=\"font-size: revert; color: initial;\">Wi\u0119cej o rekrutacji na stronie: <a href=\"https:\/\/zss-elk.edupage.org\/a\/liceum-ogolnoksztalcace-2\">https:\/\/zss-elk.edupage.org\/a\/liceum-ogolnoksztalcace-2<\/a><\/span><\/p>\n<p><em><strong>Koordynator:<\/strong> Marcin Ryszkiewicz tel. 608\u00a0370\u00a0467<\/em><\/p>\n<p><a href=\"https:\/\/www.lo2.eu\/rekrutacja.html\" target=\"_blank\" rel=\"noopener noreferrer\"><img loading=\"lazy\" decoding=\"async\" class=\"alignnone size-full wp-image-26078\" src=\"http:\/\/wmzpn.pl\/wp-content\/uploads\/2022\/05\/wosp_gizycko.png\" alt=\"\" width=\"2000\" height=\"324\" srcset=\"https:\/\/wmzpn.pl\/wp-content\/uploads\/2022\/05\/wosp_gizycko.png 2000w, https:\/\/wmzpn.pl\/wp-content\/uploads\/2022\/05\/wosp_gizycko-300x49.png 300w, https:\/\/wmzpn.pl\/wp-content\/uploads\/2022\/05\/wosp_gizycko-1024x166.png 1024w, https:\/\/wmzpn.pl\/wp-content\/uploads\/2022\/05\/wosp_gizycko-768x124.png 768w, https:\/\/wmzpn.pl\/wp-content\/uploads\/2022\/05\/wosp_gizycko-1536x249.png 1536w, https:\/\/wmzpn.pl\/wp-content\/uploads\/2022\/05\/wosp_gizycko-696x113.png 696w, https:\/\/wmzpn.pl\/wp-content\/uploads\/2022\/05\/wosp_gizycko-1068x173.png 1068w\" sizes=\"auto, (max-width: 2000px) 100vw, 2000px\" \/><\/a><\/p>\n<p><span style=\"color: #333333; background-color: #ccffcc;\"><strong>\u00a0II Liceum Og\u00f3lnokszta\u0142c\u0105ce im. G. Gizewiusza w Gi\u017cycku\u00a0<\/strong><\/span><\/p>\n<p><strong>Rekrutacja trwa do 31 maja 2023 r<\/strong>.<\/p>\n<p><strong>Testy sprawno\u015bciowe:<\/strong><\/p>\n<p>Termin I \u2013 05.06.2023 r., godz. 14:00, Stadion Miejski Gi\u017cycko, ul. Moniuszki 5<br \/>Termin II \u2013 16.06.2023 r., godz.14:00 Stadion Miejski Gi\u017cycko, ul. Moniuszki 5<\/p>\n<p>Wi\u0119cej o rekrutacji na stronie: <a href=\"https:\/\/www.lo2.eu\/rekrutacja.html\">https:\/\/www.lo2.eu\/rekrutacja.html<\/a><\/p>\n<p><em><strong>Koordynator:<\/strong> Marek Radzewicz, tel. 695 277 109<\/em><\/p>\n<p><a href=\"http:\/\/zso5olsztyn.edu.pl\/rekrutacja_new\/\" target=\"_blank\" rel=\"noopener noreferrer\"><img loading=\"lazy\" decoding=\"async\" class=\"alignnone size-full wp-image-26079\" src=\"http:\/\/wmzpn.pl\/wp-content\/uploads\/2022\/05\/wosp_olsztyn.png\" alt=\"\" width=\"2000\" height=\"324\" srcset=\"https:\/\/wmzpn.pl\/wp-content\/uploads\/2022\/05\/wosp_olsztyn.png 2000w, https:\/\/wmzpn.pl\/wp-content\/uploads\/2022\/05\/wosp_olsztyn-300x49.png 300w, https:\/\/wmzpn.pl\/wp-content\/uploads\/2022\/05\/wosp_olsztyn-1024x166.png 1024w, https:\/\/wmzpn.pl\/wp-content\/uploads\/2022\/05\/wosp_olsztyn-768x124.png 768w, https:\/\/wmzpn.pl\/wp-content\/uploads\/2022\/05\/wosp_olsztyn-1536x249.png 1536w, https:\/\/wmzpn.pl\/wp-content\/uploads\/2022\/05\/wosp_olsztyn-696x113.png 696w, https:\/\/wmzpn.pl\/wp-content\/uploads\/2022\/05\/wosp_olsztyn-1068x173.png 1068w\" sizes=\"auto, (max-width: 2000px) 100vw, 2000px\" \/><\/a><\/p>\n<p><span style=\"color: #333333; background-color: #ccffcc;\"><strong>\u00a0X Liceum Og\u00f3lnokszta\u0142c\u0105ce Mistrzostwa Sportowego w Olsztynie\u00a0<\/strong><\/span><\/p>\n<p><strong>Rekrutacja trwa\u00a0<\/strong><strong>do 31 maja 2023 r.<\/strong><\/p>\n<p><strong>Testy sprawno\u015bciowe:<\/strong><\/p>\n<p>Termin I \u2013 05.06.2023 r. Godzina 10:00, \u00a0boisko Orlik ul. Jagiello\u0144czyka 32 Olsztyn,<br \/>Termin II \u2013 12.06.2023 r. Godzina 10:00,\u00a0 boisko Orlik ul. Jagiello\u0144czyka 32 Olsztyn,<\/p>\n<p>Wi\u0119cej o rekrutacji do szko\u0142y na stronie:\u00a0\u00a0<a href=\"https:\/\/zso5.olsztyn.eu\/rekrutacja_new\/\" target=\"_blank\" rel=\"noreferrer noopener\">http:\/\/zso5olsztyn.edu.pl\/rekrutacja_new\/<\/a><\/p>\n<p><em><strong>Koordynator:<\/strong> Marcin Przybyli\u0144ski, tel. 697 727 033<\/em><\/p>\n<p><img loading=\"lazy\" decoding=\"async\" class=\"alignnone size-full wp-image-36289\" src=\"http:\/\/wmzpn.pl\/wp-content\/uploads\/2023\/05\/ILAKA-BELKA.png\" alt=\"\" width=\"2000\" height=\"324\" srcset=\"https:\/\/wmzpn.pl\/wp-content\/uploads\/2023\/05\/ILAKA-BELKA.png 2000w, https:\/\/wmzpn.pl\/wp-content\/uploads\/2023\/05\/ILAKA-BELKA-300x49.png 300w, https:\/\/wmzpn.pl\/wp-content\/uploads\/2023\/05\/ILAKA-BELKA-1024x166.png 1024w, https:\/\/wmzpn.pl\/wp-content\/uploads\/2023\/05\/ILAKA-BELKA-768x124.png 768w, https:\/\/wmzpn.pl\/wp-content\/uploads\/2023\/05\/ILAKA-BELKA-1536x249.png 1536w, https:\/\/wmzpn.pl\/wp-content\/uploads\/2023\/05\/ILAKA-BELKA-696x113.png 696w, https:\/\/wmzpn.pl\/wp-content\/uploads\/2023\/05\/ILAKA-BELKA-1068x173.png 1068w\" sizes=\"auto, (max-width: 2000px) 100vw, 2000px\" \/><\/p>\n<p><span style=\"background-color: #ccffcc;\"><strong>Zesp\u00f3\u0142 Szk\u00f3\u0142 im. Bohater\u00f3w Wrze\u015bnia 1939 roku w I\u0142awie\u00a0<\/strong><\/span><\/p>\n<p><strong>Rekrutacja trwa\u00a0<\/strong><strong>do 31 maja 2023 r.<\/strong><\/p>\n<p><strong>Testy sprawno\u015bciowe:<\/strong><\/p>\n<p>Termin I \u2013 12.06.2023 r., godz.12:00, Stadion Miejski I\u0142awa, ul. Sienkiewicza 1A<br \/>Termin II \u2013 16.06.2023 r., godz.12:00, Stadion Miejski I\u0142awa, ul. Sienkiewicza 1A<\/p>\n<p>Wi\u0119cej o rekrutacji na stronie:\u00a0\u00a0<a href=\"https:\/\/zsilawa.pl\/rekrutacja\/\">https:\/\/zsilawa.pl\/rekrutacja<\/a><\/p>\n<p><em><strong>Koordynator:<\/strong>\u00a0Wojciech Tarnowski, tel. 793 701 875<\/em><\/p>\n<p><img loading=\"lazy\" decoding=\"async\" class=\"alignnone size-full wp-image-36290 td-animation-stack-type0-2\" src=\"http:\/\/wmzpn.pl\/wp-content\/uploads\/2023\/05\/MRAGOWO-BELKA.png\" sizes=\"auto, (max-width: 2000px) 100vw, 2000px\" srcset=\"http:\/\/wmzpn.pl\/wp-content\/uploads\/2023\/05\/MRAGOWO-BELKA.png 2000w, http:\/\/wmzpn.pl\/wp-content\/uploads\/2023\/05\/MRAGOWO-BELKA-300x49.png 300w, http:\/\/wmzpn.pl\/wp-content\/uploads\/2023\/05\/MRAGOWO-BELKA-1024x166.png 1024w, http:\/\/wmzpn.pl\/wp-content\/uploads\/2023\/05\/MRAGOWO-BELKA-768x124.png 768w, http:\/\/wmzpn.pl\/wp-content\/uploads\/2023\/05\/MRAGOWO-BELKA-1536x249.png 1536w, http:\/\/wmzpn.pl\/wp-content\/uploads\/2023\/05\/MRAGOWO-BELKA-696x113.png 696w, http:\/\/wmzpn.pl\/wp-content\/uploads\/2023\/05\/MRAGOWO-BELKA-1068x173.png 1068w\" alt=\"\" width=\"2000\" height=\"324\" \/><\/p>\n<p><strong>\u00a01 Liceum Og\u00f3lnokszta\u0142c\u0105ce im. Obro\u0144c\u00f3w Westerplatte w Mr\u0105gowie\u00a0<\/strong><\/p>\n<p><strong>Rekrutacja trwa\u00a0<\/strong><strong>do 31 maja 2023 r.<\/strong><\/p>\n<p><strong>Testy sprawno\u015bciowe:<\/strong><\/p>\n<p>Termin I \u2013 06.06.2023 r., godz.17:00,\u00a0Stadion Miejski Mr\u0105gowo, ul. Mrongowiusza 1<br \/>Termin II \u2013 13.06.2023 r., godz.17:00,\u00a0Stadion Miejski Mr\u0105gowo, ul. Mrongowiusza 1<\/p>\n<p>Wi\u0119cej o rekrutacji na stronie:\u00a0\u00a0<a href=\"http:\/\/www.lo1.mragowo.pl\/index.php\/rodzice\/rekrutacja-2015-2016\">https:\/\/zss-elk.edupage.org\/a\/liceum-ogolnoksztalcace-2<\/a><\/p>\n<p><em><strong>Koordynator:<\/strong>\u00a0Karol Lemecha, tel. 695 580 238<\/em><\/p>\n<hr \/>\n<p><em>Wszelkich informacji o Wojew\u00f3dzkich O\u015brodkach Szkolenia Pi\u0142karskiego udzieli Pa\u0144stwu r\u00f3wnie\u017c:<br \/><strong>Kamil Koz\u0142owski, tel. 513-869-305, e-mail: kamil.kozlowski@wmzpn.pl<\/strong><\/em><\/p>\n\n\n<p><\/p>\n\n\n\n<p><\/p>\n\n\n\n<p><\/p>\n\n\n\n<p><\/p>\n\n\n\n<p><\/p>\n","protected":false},"excerpt":{"rendered":"<p>Wojew\u00f3dzki O\u015brodek Szkolenia Pi\u0142karskiego, rozpocz\u0105\u0142 swoje funkcjonowanie w 2018 roku przy Zespole Szk\u00f3\u0142 i Plac\u00f3wek Sportowych w Elbl\u0105gu. W 2022 oku WOSP zosta\u0142 rozszerzony o trzy dodatkowe lokalizacje: &#8211; Olsztyn (X Liceum Og\u00f3lnokszta\u0142c\u0105ce Mistrzostwa Sportowego), &#8211; Gi\u017cycko (II Liceum Og\u00f3lnokszta\u0142c\u0105ce), &#8211; E\u0142k (Zesp\u00f3\u0142 Szk\u00f3\u0142 Sportowych w E\u0142ku). W tym roku WOSP zostaje rozszerzony o kolejne [&hellip;]<\/p>\n","protected":false},"author":2,"featured_media":36292,"comment_status":"open","ping_status":"open","sticky":false,"template":"","format":"standard","meta":{"footnotes":""},"categories":[26],"tags":[],"class_list":["post-36288","post","type-post","status-publish","format-standard","has-post-thumbnail","hentry","category-zwiazek-news"],"_links":{"self":[{"href":"https:\/\/wmzpn.pl\/index.php?rest_route=\/wp\/v2\/posts\/36288","targetHints":{"allow":["GET"]}}],"collection":[{"href":"https:\/\/wmzpn.pl\/index.php?rest_route=\/wp\/v2\/posts"}],"about":[{"href":"https:\/\/wmzpn.pl\/index.php?rest_route=\/wp\/v2\/types\/post"}],"author":[{"embeddable":true,"href":"https:\/\/wmzpn.pl\/index.php?rest_route=\/wp\/v2\/users\/2"}],"replies":[{"embeddable":true,"href":"https:\/\/wmzpn.pl\/index.php?rest_route=%2Fwp%2Fv2%2Fcomments&post=36288"}],"version-history":[{"count":13,"href":"https:\/\/wmzpn.pl\/index.php?rest_route=\/wp\/v2\/posts\/36288\/revisions"}],"predecessor-version":[{"id":40875,"href":"https:\/\/wmzpn.pl\/index.php?rest_route=\/wp\/v2\/posts\/36288\/revisions\/40875"}],"wp:featuredmedia":[{"embeddable":true,"href":"https:\/\/wmzpn.pl\/index.php?rest_route=\/wp\/v2\/media\/36292"}],"wp:attachment":[{"href":"https:\/\/wmzpn.pl\/index.php?rest_route=%2Fwp%2Fv2%2Fmedia&parent=36288"}],"wp:term":[{"taxonomy":"category","embeddable":true,"href":"https:\/\/wmzpn.pl\/index.php?rest_route=%2Fwp%2Fv2%2Fcategories&post=36288"},{"taxonomy":"post_tag","embeddable":true,"href":"https:\/\/wmzpn.pl\/index.php?rest_route=%2Fwp%2Fv2%2Ftags&post=36288"}],"curies":[{"name":"wp","href":"https:\/\/api.w.org\/{rel}","templated":true}]}}