{"id":35784,"date":"2023-04-19T09:40:43","date_gmt":"2023-04-19T09:40:43","guid":{"rendered":"http:\/\/wmzpn.pl\/?p=35784"},"modified":"2023-04-19T09:40:43","modified_gmt":"2023-04-19T09:40:43","slug":"gosczawodowiec-wiktor-biedrzycki","status":"publish","type":"post","link":"https:\/\/wmzpn.pl\/?p=35784","title":{"rendered":"#Go\u015b\u0107Zawodowiec-Wiktor Biedrzycki"},"content":{"rendered":"\n<p>\u201eMoim ma\u0142ym marzeniem jest, \u017ceby wr\u00f3ci\u0107 kiedy\u015b do Stomilu i wywalczy\u0107 z nim awans do ekstraklasy\u201d \u2013 Zapraszamy na kolejny odcinek z cyklu \u201eGo\u015b\u0107 Zawodowiec\u201d. Tym razem rozmawiamy z Wiktorem Biedrzyckim, kt\u00f3ry obecnie jest zawodnikiem klubu Bruk-Bet Termalica Nieciecza. Porozmawiali\u015bmy o:<\/p>\n\n\n\n<ul class=\"wp-block-list\"><li>Golach strzelanych przez niego w tym sezonie<\/li><li>Walce z Termalic\u0105 o awans do ekstraklasy<\/li><li>O jego nowym kontrakcie i przysz\u0142o\u015bci pi\u0142karskiej<\/li><li>Nie zabrak\u0142o r\u00f3wnie\u017c tematu Stomilu Olsztyn, czy p\u00f3\u0142rocznej przygody w G\u00f3rniku Zabrze<\/li><\/ul>\n\n\n\n<figure class=\"wp-block-embed is-type-video is-provider-youtube wp-block-embed-youtube wp-embed-aspect-16-9 wp-has-aspect-ratio\"><div class=\"wp-block-embed__wrapper\">\n<iframe loading=\"lazy\" title=\"#Go\u015b\u0107Zawodowiec - Wiktor Biedrzycki\" width=\"640\" height=\"360\" src=\"https:\/\/www.youtube.com\/embed\/RCguq-ryV3g?feature=oembed\" frameborder=\"0\" allow=\"accelerometer; autoplay; clipboard-write; encrypted-media; gyroscope; picture-in-picture; web-share\" referrerpolicy=\"strict-origin-when-cross-origin\" allowfullscreen><\/iframe>\n<\/div><\/figure>\n","protected":false},"excerpt":{"rendered":"<p>\u201eMoim ma\u0142ym marzeniem jest, \u017ceby wr\u00f3ci\u0107 kiedy\u015b do Stomilu i wywalczy\u0107 z nim awans do ekstraklasy\u201d \u2013 Zapraszamy na kolejny odcinek z cyklu \u201eGo\u015b\u0107 Zawodowiec\u201d. Tym razem rozmawiamy z Wiktorem Biedrzyckim, kt\u00f3ry obecnie jest zawodnikiem klubu Bruk-Bet Termalica Nieciecza. Porozmawiali\u015bmy o: Golach strzelanych przez niego w tym sezonie Walce z Termalic\u0105 o awans do ekstraklasy [&hellip;]<\/p>\n","protected":false},"author":11,"featured_media":35785,"comment_status":"open","ping_status":"open","sticky":false,"template":"","format":"standard","meta":{"footnotes":""},"categories":[186,12],"tags":[],"class_list":["post-35784","post","type-post","status-publish","format-standard","has-post-thumbnail","hentry","category-gosczawodowiec","category-aktualnosci"],"_links":{"self":[{"href":"https:\/\/wmzpn.pl\/index.php?rest_route=\/wp\/v2\/posts\/35784","targetHints":{"allow":["GET"]}}],"collection":[{"href":"https:\/\/wmzpn.pl\/index.php?rest_route=\/wp\/v2\/posts"}],"about":[{"href":"https:\/\/wmzpn.pl\/index.php?rest_route=\/wp\/v2\/types\/post"}],"author":[{"embeddable":true,"href":"https:\/\/wmzpn.pl\/index.php?rest_route=\/wp\/v2\/users\/11"}],"replies":[{"embeddable":true,"href":"https:\/\/wmzpn.pl\/index.php?rest_route=%2Fwp%2Fv2%2Fcomments&post=35784"}],"version-history":[{"count":1,"href":"https:\/\/wmzpn.pl\/index.php?rest_route=\/wp\/v2\/posts\/35784\/revisions"}],"predecessor-version":[{"id":35786,"href":"https:\/\/wmzpn.pl\/index.php?rest_route=\/wp\/v2\/posts\/35784\/revisions\/35786"}],"wp:featuredmedia":[{"embeddable":true,"href":"https:\/\/wmzpn.pl\/index.php?rest_route=\/wp\/v2\/media\/35785"}],"wp:attachment":[{"href":"https:\/\/wmzpn.pl\/index.php?rest_route=%2Fwp%2Fv2%2Fmedia&parent=35784"}],"wp:term":[{"taxonomy":"category","embeddable":true,"href":"https:\/\/wmzpn.pl\/index.php?rest_route=%2Fwp%2Fv2%2Fcategories&post=35784"},{"taxonomy":"post_tag","embeddable":true,"href":"https:\/\/wmzpn.pl\/index.php?rest_route=%2Fwp%2Fv2%2Ftags&post=35784"}],"curies":[{"name":"wp","href":"https:\/\/api.w.org\/{rel}","templated":true}]}}