{"id":33892,"date":"2022-11-02T12:11:00","date_gmt":"2022-11-02T12:11:00","guid":{"rendered":"http:\/\/wmzpn.pl\/?p=33892"},"modified":"2022-11-03T11:34:38","modified_gmt":"2022-11-03T11:34:38","slug":"zapraszamy-na-konferencje-akademii-grassroots-ktora-odbedzie-sie-w-ostrodzie","status":"publish","type":"post","link":"https:\/\/wmzpn.pl\/?p=33892","title":{"rendered":"Zapraszamy na konferencj\u0119 \u201eAkademii Grassroots\u201d, kt\u00f3ra odb\u0119dzie si\u0119 w Ostr\u00f3dzie"},"content":{"rendered":"\n<p><strong>Trwa tegoroczna edycja \u201eAkademii Grassroots\u201d czyli cykl konferencji skierowanych przede wszystkim do nauczycieli wychowania fizycznego oraz trener\u00f3w pracuj\u0105cych na co dzie\u0144 z dzie\u0107mi do 13. roku \u017cycia. Zaj\u0119cia i prelekcje odb\u0119d\u0105 si\u0119 w ka\u017cdym wojew\u00f3dztwie, a wst\u0119p na nie b\u0119dzie otwarty dla wszystkich ch\u0119tnych.<\/strong> <strong>W naszym regionie konferencja odb\u0119dzie si\u0119 w Ostr\u00f3dzie.<\/strong><\/p>\n\n\n\n<p>Celem odbywaj\u0105cej si\u0119 co roku \u201eAkademii Grassroots\u201d jest przybli\u017cenie najnowszych trend\u00f3w w szkoleniu m\u0142odych pi\u0142karek i pi\u0142karzy fachowcom pracuj\u0105cym z nimi na co dzie\u0144: trenerom, instruktorom oraz nauczycielom wychowania fizycznego.<\/p>\n\n\n\n<p>W\u015br\u00f3d prelegent\u00f3w, kt\u00f3rzy podczas zaj\u0119\u0107 teoretycznych i praktycznych b\u0119d\u0105 dzieli\u0107 si\u0119 swoj\u0105 wiedz\u0105 i umiej\u0119tno\u015bciami, znajduj\u0105 si\u0119 szkoleniowcy z Polskiego Zwi\u0105zku Pi\u0142ki No\u017cnej. W tym roku tematem przewodnim konferencji b\u0119dzie periodyzacja programu szkolenia.<\/p>\n\n\n\n<p>W \u201eAkademii Grassroots\u201d mog\u0105 wzi\u0105\u0107 udzia\u0142 wszyscy ch\u0119tni. Rejestracja odbywa si\u0119 za po\u015brednictwem strony&nbsp;<a href=\"http:\/\/pzpn24.pzpn.pl\/\" target=\"_blank\" rel=\"noreferrer noopener\">pzpn24.pzpn.pl<\/a>.<\/p>\n\n\n\n<p>Uczestnictwo w konferencji gwarantuje trenerom zdobycie punkt\u00f3w niezb\u0119dnych do przed\u0142u\u017cenia licencji. W zale\u017cno\u015bci od jej rodzaju udzia\u0142 w \u201cAkademii Grassroots\u201d daje:<\/p>\n\n\n\n<p><strong>Grassroots C \u2013 5 godzin\/punkt\u00f3w<\/strong><\/p>\n\n\n\n<p><strong>UEFA C \u2013 5 godzin\/punkt\u00f3w<\/strong><\/p>\n\n\n\n<p><strong>UEFA B \u2013 5 godzin\/punkt\u00f3w<\/strong><br><strong>UEFA A \u2013 3 godziny\/punkty<\/strong><\/p>\n\n\n\n<p>Polski Zwi\u0105zek Pi\u0142ki No\u017cnej serdecznie zaprasza wszystkich zainteresowanych pi\u0142karskim szkoleniem dzieci i m\u0142odzie\u017cy do udzia\u0142u w konferencjach z cyklu \u201eAkademia Grassroots\u201d.<\/p>\n\n\n\n<p>W wojew\u00f3dztwie warmi\u0144sko-mazurskim konferencja odb\u0119dzie si\u0119&nbsp;<strong>7 listopada 2022 roku w Hali Sportowo-Widowiskowej przy ul. Ko\u015bciuszki 22A w Ostr\u00f3dzie<\/strong>. Wi\u0119cej informacji pod linkiem poni\u017cej.<\/p>\n\n\n\n<div class=\"wp-block-file\"><a id=\"wp-block-file--media-bbd75042-3904-4f16-8f78-a95855accb53\" href=\"http:\/\/wmzpn.pl\/wp-content\/uploads\/2022\/10\/Program-konferencji-Akademia-Grassroots-2022.pdf\">HARMONOGRAM<\/a><a href=\"http:\/\/wmzpn.pl\/wp-content\/uploads\/2022\/10\/Program-konferencji-Akademia-Grassroots-2022.pdf\" class=\"wp-block-file__button\" download aria-describedby=\"wp-block-file--media-bbd75042-3904-4f16-8f78-a95855accb53\">Pobierz<\/a><\/div>\n","protected":false},"excerpt":{"rendered":"<p>Trwa tegoroczna edycja \u201eAkademii Grassroots\u201d czyli cykl konferencji skierowanych przede wszystkim do nauczycieli wychowania fizycznego oraz trener\u00f3w pracuj\u0105cych na co dzie\u0144 z dzie\u0107mi do 13. roku \u017cycia. Zaj\u0119cia i prelekcje odb\u0119d\u0105 si\u0119 w ka\u017cdym wojew\u00f3dztwie, a wst\u0119p na nie b\u0119dzie otwarty dla wszystkich ch\u0119tnych. W naszym regionie konferencja odb\u0119dzie si\u0119 w Ostr\u00f3dzie. Celem odbywaj\u0105cej si\u0119 [&hellip;]<\/p>\n","protected":false},"author":11,"featured_media":33925,"comment_status":"open","ping_status":"open","sticky":false,"template":"","format":"standard","meta":{"footnotes":""},"categories":[12,28,23],"tags":[],"class_list":["post-33892","post","type-post","status-publish","format-standard","has-post-thumbnail","hentry","category-aktualnosci","category-kursy-szkolenia","category-trenerzy"],"_links":{"self":[{"href":"https:\/\/wmzpn.pl\/index.php?rest_route=\/wp\/v2\/posts\/33892","targetHints":{"allow":["GET"]}}],"collection":[{"href":"https:\/\/wmzpn.pl\/index.php?rest_route=\/wp\/v2\/posts"}],"about":[{"href":"https:\/\/wmzpn.pl\/index.php?rest_route=\/wp\/v2\/types\/post"}],"author":[{"embeddable":true,"href":"https:\/\/wmzpn.pl\/index.php?rest_route=\/wp\/v2\/users\/11"}],"replies":[{"embeddable":true,"href":"https:\/\/wmzpn.pl\/index.php?rest_route=%2Fwp%2Fv2%2Fcomments&post=33892"}],"version-history":[{"count":2,"href":"https:\/\/wmzpn.pl\/index.php?rest_route=\/wp\/v2\/posts\/33892\/revisions"}],"predecessor-version":[{"id":33895,"href":"https:\/\/wmzpn.pl\/index.php?rest_route=\/wp\/v2\/posts\/33892\/revisions\/33895"}],"wp:featuredmedia":[{"embeddable":true,"href":"https:\/\/wmzpn.pl\/index.php?rest_route=\/wp\/v2\/media\/33925"}],"wp:attachment":[{"href":"https:\/\/wmzpn.pl\/index.php?rest_route=%2Fwp%2Fv2%2Fmedia&parent=33892"}],"wp:term":[{"taxonomy":"category","embeddable":true,"href":"https:\/\/wmzpn.pl\/index.php?rest_route=%2Fwp%2Fv2%2Fcategories&post=33892"},{"taxonomy":"post_tag","embeddable":true,"href":"https:\/\/wmzpn.pl\/index.php?rest_route=%2Fwp%2Fv2%2Ftags&post=33892"}],"curies":[{"name":"wp","href":"https:\/\/api.w.org\/{rel}","templated":true}]}}