{"id":26799,"date":"2022-06-24T21:15:26","date_gmt":"2022-06-24T21:15:26","guid":{"rendered":"http:\/\/wmzpn.pl\/?p=26799"},"modified":"2022-06-24T21:20:21","modified_gmt":"2022-06-24T21:20:21","slug":"gks-wikielec-czy-stomil-ii-olsztyn-w-sobote-final-wpp","status":"publish","type":"post","link":"https:\/\/wmzpn.pl\/?p=26799","title":{"rendered":"GKS Wikielec czy Stomil II Olsztyn? W sobot\u0119 fina\u0142 Wojew\u00f3dzkiego Pucharu Polski."},"content":{"rendered":"\n<p><strong>Kto wzniesie trofeum? Kto zdob\u0119dzie prawo gry w centralnej edycji krajowego pucharu? Kto wzbogaci si\u0119 o 40 tysi\u0119cy z\u0142otych? Pyta\u0144 jest wiele, a odpowied\u017a mo\u017ce by\u0107 tylko jedna. Przekonamy si\u0119 o tym w sobotnie popo\u0142udnie, gdy w finale Wojew\u00f3dzkiego Pucharu Polski zmierzy si\u0119 Stomil II Olsztyn z GKS-em Wikielec.<\/strong><br><br>Dru\u017cyna Adama Zejera okre\u015blana jest jako rewelacja tej edycji WPP. Zacz\u0119\u0142o si\u0119 od wygranej w rundzie wst\u0119pnej nad ekip\u0105 prowadzon\u0105 przez dawnego koleg\u0119 z boiska, a dok\u0142adniej Bogdana Michalewskiego, czyli GKS Stawiguda 5:1.&nbsp;<\/p>\n\n\n\n<p>P\u00f3\u017aniej eliminowane by\u0142y: T\u0119cza Biskupiec, \u0141yna S\u0119popol, Radomniak Radomno, Mr\u0105gowia Mr\u0105gowo, Polonia Lidzbark Warmi\u0144ski oraz Rominta Go\u0142dap. Stomil II tylko dwukrotnie musia\u0142 wyci\u0105ga\u0107 pi\u0142k\u0119 z siatki.&nbsp;<br>Najcz\u0119\u015bciej na list\u0119 strzelc\u00f3w m\u0142odego zespo\u0142u wpisywa\u0142 si\u0119 Jakub Brdak, bo a\u017c dziewi\u0119ciokrotnie. Osiemnastoletni napastnik w sobot\u0119 ma szans\u0119 na poprawienie dorobku oraz zostanie najskuteczniejszym strzelcem w tym sezonie Wojew\u00f3dzkiego Pucharu Polski. Tyle samo trafie\u0144 ma Daniel Baran z D\u0119bu Kadyny.<br><br>Gdy spojrze\u0107 na liczb\u0119 goli uzyskanych w poszczeg\u00f3lnych minutach to w pierwszej po\u0142owie najwi\u0119cej &#8220;Duma Warmii&#8221; strzela\u0142a w minutach od 31 do 45 (sze\u015b\u0107 razy) oraz od 61 minuty do 75 (dziewi\u0119ciokrotnie).<br><br>Zesp\u00f3\u0142 Adama Zejera jest zgrany od wielu lat i nie bez kozery uznawany jest za jedn\u0105 z dobrych reklam m\u0142odzie\u017cy na arenie og\u00f3lnopolskiej. Przyk\u0142ad? Drugie miejsce w Centralnej Lidze Junior\u00f3w do lat siedemnastu w sezonie 2020\/21 oraz dobre wyst\u0119py w Lidze Makroregionalnej w obecnej kampanii.<br><br>&#8211; Jestem bardzo zadowolony z tego, \u017ce by\u0142a taka kapela. Bardzo fajnie mi si\u0119 z nimi pracowa\u0142o. Wiadomo, pewien etap si\u0119 ko\u0144czy &#8211; <strong>stwierdzi\u0142 w wywiadzie dla stomilolsztyn.com Adam Zejer. <\/strong>&#8211; Juniorzy ju\u017c maj\u0105 swoje lata i musz\u0105 o siebie walczy\u0107 w seniorach. Dziesi\u0119\u0107 os\u00f3b by\u0142o na testach w pierwszej dru\u017cynie, niech walcz\u0105, niech si\u0119 pokazuj\u0105, \u017ceby grali jak najwy\u017cej, \u017ceby daj Bo\u017ce, osi\u0105gn\u0119li to, co ich trener.&nbsp;<br><br>W sobot\u0119 w\u015br\u00f3d olszty\u0144skiej m\u0142odzie\u017cy wyst\u0105pi\u0107 tak\u017ce maj\u0105 reprezentanci pierwszej dru\u017cyny. Mowa tu o Filipie Szabaciuku, Hubercie Szramce, Dominiku Urbanie oraz bramkarzu Konradzie Syldatku.<br>Z kolei GKS Wikielec chcia\u0142by zako\u0144czy\u0107 mi\u0142ym akcentem ten przykry sezon. Po\u015bcig o utrzymanie si\u0119 w III lidze zako\u0144czy\u0142 si\u0119 ostatecznie degradacj\u0105, wi\u0119c apetyt na wyst\u0119py w centralnej edycji Pucharu Polski jest zapewne spory.&nbsp;<br><br>Wikielec drog\u0119 do fina\u0142u rozpocz\u0105\u0142 od pierwszej rundy eliminuj\u0105c Drw\u0119ce Nowe Miasto Lubawskie 2:0. Do \u0107wier\u0107fina\u0142owego starcia z DKS-em Dobre Miasto sz\u0142o do\u015b\u0107 g\u0142adko, bo dru\u017cyna prowadzona w\u00f3wczas przez Piotra Zaj\u0105czkowskiego rozgromi\u0142a LZS Frednowy 6:0, a nast\u0119pnie D\u0105b Kadyny 8:1. We wspomnianym wcze\u015bniej Dobrym Mie\u015bcie Wikielec, ju\u017c z nowym szkoleniowcem Damianem Jarzembowskim, w ko\u0144cowych fragmentach drugiej po\u0142owy zdo\u0142a\u0142 uciec spod gilotyny wyr\u00f3wnuj\u0105c stan rywalizacji. Gola na 2:2 strzeli\u0142 Rafa\u0142 Kujawa, kt\u00f3rego fani w Olsztynie darz\u0105 sentymentem. Napastnik reprezentowa\u0142 bia\u0142o-niebieskich przez dwa sezony &#8211; 2015\/16 oraz 2016\/17.&nbsp;<\/p>\n\n\n\n<p>Szkoleniowiec wikielskiej dru\u017cyny w rozmowie z Gazet\u0105 Olszty\u0144sk\u0105 stwierdzi\u0142, i\u017c dla wielu b\u0119d\u0105 faworytem, lecz to spotkanie mo\u017ce rozstrzygn\u0105\u0107 jedna bramka. Doda\u0142 te\u017c, \u017ce z ch\u0119ci\u0105 odda\u0142by puchar w zamian za byt w III lidze.&nbsp;<\/p>\n\n\n\n<p>Wikielec po\u017cegna\u0142 sezon ligowy z rezerwami Jagiellonii Bia\u0142ystok, a pucharowe zmagania zako\u0144cz\u0105 r\u00f3wnie\u017c z m\u0142odymi zawodnikami, Trener GKS-u podkre\u015bli\u0142, \u017ce juniorzy Stomilu b\u0119d\u0105 niewygodnym przeciwnikiem.\u00a0<br><br>Prawie dekad\u0119 temu, a dok\u0142adniej w 2013 roku klub spod I\u0142awy wywalczy\u0142 najcenniejszy puchar na Warmii i Mazurach. W Ornecie ekipa Marka Witkowskiego pokona\u0142a po walce Huragan Mor\u0105g. Decyduj\u0105ce trafienie nast\u0105pi\u0142o w 90. minucie meczu za spraw\u0105 Remigiusza Soboci\u0144skiego. Co ciekawe, dru\u017cyny spotka\u0142y si\u0119 w finale, ale pi\u0119\u0107 lat p\u00f3\u017aniej. W Bia\u0142ej Piskiej Huragan zrewan\u017cowa\u0142 si\u0119 Wikielcowi pokonuj\u0105c ich 3:1.\u00a0<br><br>Sobotni mecz b\u0119dzie ostatnim dla Wojciecha Krztonia w jego s\u0119dziowskiej karierze. Kilka tygodni temu do\u015bwiadczony arbiter po\u017cegna\u0142 si\u0119 z rozgrywkami centralnymi, a teraz zawiesi ca\u0142kowicie gwizdek na ko\u0142ku. Na liniach podczas tego spotkania b\u0119d\u0105 pomaga\u0107 Micha\u0142 Pereszczako oraz Jacek Makowski. S\u0119dzi\u0105 technicznym mianowano Krystiana Much\u0119.<br><br>Pocz\u0105tek meczu w sobot\u0119, 25. czerwca o godzinie 17:00.<\/p>\n\n\n\n<p><\/p>\n\n\n\n<figure class=\"wp-block-image size-large\"><img loading=\"lazy\" decoding=\"async\" width=\"1024\" height=\"161\" src=\"http:\/\/wmzpn.pl\/wp-content\/uploads\/2022\/06\/286477453_5381938405160776_3055151709188776820_n-1024x161.png\" alt=\"\" class=\"wp-image-26804\" srcset=\"https:\/\/wmzpn.pl\/wp-content\/uploads\/2022\/06\/286477453_5381938405160776_3055151709188776820_n-1024x161.png 1024w, https:\/\/wmzpn.pl\/wp-content\/uploads\/2022\/06\/286477453_5381938405160776_3055151709188776820_n-300x47.png 300w, https:\/\/wmzpn.pl\/wp-content\/uploads\/2022\/06\/286477453_5381938405160776_3055151709188776820_n-768x121.png 768w, https:\/\/wmzpn.pl\/wp-content\/uploads\/2022\/06\/286477453_5381938405160776_3055151709188776820_n-1536x242.png 1536w, https:\/\/wmzpn.pl\/wp-content\/uploads\/2022\/06\/286477453_5381938405160776_3055151709188776820_n-696x109.png 696w, https:\/\/wmzpn.pl\/wp-content\/uploads\/2022\/06\/286477453_5381938405160776_3055151709188776820_n-1068x168.png 1068w, https:\/\/wmzpn.pl\/wp-content\/uploads\/2022\/06\/286477453_5381938405160776_3055151709188776820_n.png 2048w\" sizes=\"auto, (max-width: 1024px) 100vw, 1024px\" \/><\/figure>\n\n\n\n<p><\/p>\n","protected":false},"excerpt":{"rendered":"<p>Kto wzniesie trofeum? Kto zdob\u0119dzie prawo gry w centralnej edycji krajowego pucharu? Kto wzbogaci si\u0119 o 40 tysi\u0119cy z\u0142otych? Pyta\u0144 jest wiele, a odpowied\u017a mo\u017ce by\u0107 tylko jedna. Przekonamy si\u0119 o tym w sobotnie popo\u0142udnie, gdy w finale Wojew\u00f3dzkiego Pucharu Polski zmierzy si\u0119 Stomil II Olsztyn z GKS-em Wikielec. Dru\u017cyna Adama Zejera okre\u015blana jest jako [&hellip;]<\/p>\n","protected":false},"author":2,"featured_media":26800,"comment_status":"open","ping_status":"open","sticky":false,"template":"","format":"standard","meta":{"footnotes":""},"categories":[47],"tags":[232,231,234],"class_list":["post-26799","post","type-post","status-publish","format-standard","has-post-thumbnail","hentry","category-puchar-polski","tag-gks-wikielec","tag-stomil-ii-olsztyn","tag-wojewodzki-puchar-polski-wpp-final"],"_links":{"self":[{"href":"https:\/\/wmzpn.pl\/index.php?rest_route=\/wp\/v2\/posts\/26799","targetHints":{"allow":["GET"]}}],"collection":[{"href":"https:\/\/wmzpn.pl\/index.php?rest_route=\/wp\/v2\/posts"}],"about":[{"href":"https:\/\/wmzpn.pl\/index.php?rest_route=\/wp\/v2\/types\/post"}],"author":[{"embeddable":true,"href":"https:\/\/wmzpn.pl\/index.php?rest_route=\/wp\/v2\/users\/2"}],"replies":[{"embeddable":true,"href":"https:\/\/wmzpn.pl\/index.php?rest_route=%2Fwp%2Fv2%2Fcomments&post=26799"}],"version-history":[{"count":3,"href":"https:\/\/wmzpn.pl\/index.php?rest_route=\/wp\/v2\/posts\/26799\/revisions"}],"predecessor-version":[{"id":26805,"href":"https:\/\/wmzpn.pl\/index.php?rest_route=\/wp\/v2\/posts\/26799\/revisions\/26805"}],"wp:featuredmedia":[{"embeddable":true,"href":"https:\/\/wmzpn.pl\/index.php?rest_route=\/wp\/v2\/media\/26800"}],"wp:attachment":[{"href":"https:\/\/wmzpn.pl\/index.php?rest_route=%2Fwp%2Fv2%2Fmedia&parent=26799"}],"wp:term":[{"taxonomy":"category","embeddable":true,"href":"https:\/\/wmzpn.pl\/index.php?rest_route=%2Fwp%2Fv2%2Fcategories&post=26799"},{"taxonomy":"post_tag","embeddable":true,"href":"https:\/\/wmzpn.pl\/index.php?rest_route=%2Fwp%2Fv2%2Ftags&post=26799"}],"curies":[{"name":"wp","href":"https:\/\/api.w.org\/{rel}","templated":true}]}}