{"id":26239,"date":"2022-06-16T11:55:00","date_gmt":"2022-06-16T11:55:00","guid":{"rendered":"http:\/\/wmzpn.pl\/?p=26239"},"modified":"2022-06-17T10:34:54","modified_gmt":"2022-06-17T10:34:54","slug":"letnia-konferencja-trenerska-wmzpn-w-ostrodzie","status":"publish","type":"post","link":"https:\/\/wmzpn.pl\/?p=26239","title":{"rendered":"Letnia Konferencja Trenerska WMZPN w Ostr\u00f3dzie &#8211; 19 czerwca 2022"},"content":{"rendered":"<p>W dniu <strong>19 czerwca 2022<\/strong> na Stadionie Miejskim w Ostr\u00f3dzie odb\u0119dzie si\u0119 konferencja trenerska organizowana przez Warmi\u0144sko-Mazurski Zwi\u0105zek Pi\u0142ki No\u017cnej. Konferencja jest skierowana do trener\u00f3w pracuj\u0105cych w pi\u0142ce dzieci\u0119cej i m\u0142odzie\u017cowej.<\/p>\n<p>Pierwsz\u0105 prelekcj\u0119 poprowadzi trener <strong>S\u0142awomir Czarniecki<\/strong>, Koordynator Akademii Bayeru 04 Leverkusen. B\u0119dzie to prelekcja zar\u00f3wno teoretyczna, jak i praktyczna. Pozosta\u0142e dwie prelekcje, kt\u00f3re poprowadz\u0105 <strong>Micha\u0142 Trzeciakiewicz i Mateusz Gut<\/strong> odb\u0119d\u0105 si\u0119 w formie praktycznej.<\/p>\n<p><img loading=\"lazy\" decoding=\"async\" class=\"alignnone size-full wp-image-26666\" src=\"http:\/\/wmzpn.pl\/wp-content\/uploads\/2022\/06\/KONFA-LETNIA-OSTRODA.jpg\" alt=\"\" width=\"1300\" height=\"1300\" srcset=\"https:\/\/wmzpn.pl\/wp-content\/uploads\/2022\/06\/KONFA-LETNIA-OSTRODA.jpg 1300w, https:\/\/wmzpn.pl\/wp-content\/uploads\/2022\/06\/KONFA-LETNIA-OSTRODA-300x300.jpg 300w, https:\/\/wmzpn.pl\/wp-content\/uploads\/2022\/06\/KONFA-LETNIA-OSTRODA-1024x1024.jpg 1024w, https:\/\/wmzpn.pl\/wp-content\/uploads\/2022\/06\/KONFA-LETNIA-OSTRODA-150x150.jpg 150w, https:\/\/wmzpn.pl\/wp-content\/uploads\/2022\/06\/KONFA-LETNIA-OSTRODA-768x768.jpg 768w, https:\/\/wmzpn.pl\/wp-content\/uploads\/2022\/06\/KONFA-LETNIA-OSTRODA-696x696.jpg 696w, https:\/\/wmzpn.pl\/wp-content\/uploads\/2022\/06\/KONFA-LETNIA-OSTRODA-1068x1068.jpg 1068w, https:\/\/wmzpn.pl\/wp-content\/uploads\/2022\/06\/KONFA-LETNIA-OSTRODA-420x420.jpg 420w\" sizes=\"auto, (max-width: 1300px) 100vw, 1300px\" \/><\/p>\n<p><span style=\"background-color: #ff99cc;\"><strong>\u00a0PLAN KONFERENCJI\u00a0<\/strong><\/span><\/p>\n<p><strong>8:00 \u2013 8:45<\/strong> Rejestracja<br \/>\n<strong>8:50 \u2013 9:00<\/strong> Rozpocz\u0119cie Konferencji<br \/>\n<strong>9:00 \u2013 11:00<\/strong> S\u0142awomir Czarniecki \u2013 Koordynator Akademii Bayeru 04 Leverkusen \u2013 <em>Metodologia i koncepcja pracy w Akademii Bayeru 04 Leverkusen<\/em><br \/>\n<strong>11:15 \u2013 12:45<\/strong> Micha\u0142 Trzeciakiewicz \u2013 Kadra U13 WMZPN, Trener Mobilnej Akademii Pi\u0142ki No\u017cnej \u2013 <em>Modelowe zachowania wdra\u017cane w kadrach WMZPN.<\/em><br \/>\n<strong>13:00 \u2013 14:30<\/strong> \u2013 Mateusz Gut \u2013 Trener asystent U13 AP Legia Warszawa \u2013 <em>Wp\u0142yw interwencji trenera na rozw\u00f3j indywidualnych umiej\u0119tno\u015bci techniczno-taktycznych zawodnika.<br \/>\n<\/em><strong>14:30<\/strong> \u2013 Zako\u0144czenie konferencji<\/p>\n<p><span style=\"background-color: #ff99cc;\"><strong>\u00a0REJESTRACJA\u00a0<\/strong><\/span><\/p>\n<p><span style=\"font-size: inherit;\"><b>Koszt udzia\u0142u w konferencji to<\/b> <\/span><strong style=\"font-size: inherit;\">99,00 z\u0142<\/strong><\/p>\n<p>Rejestracja na Konferencj\u0119 odbywa si\u0119 do dnia <strong>16 czerwca 2022 roku (do godz. 23:59)<\/strong>. Osoby, kt\u00f3re nie zarejestruj\u0105 si\u0119 do w\/w. daty nie b\u0119d\u0105 mog\u0142y wzi\u0105\u0107 udzia\u0142u w wydarzeniu.<\/p>\n<p><strong>P\u0142atno\u015b\u0107 za udzia\u0142 w konferencji nale\u017cy ui\u015bci\u0107 na konto:<\/strong><br \/>\nWarmi\u0144sko-Mazurski Zwi\u0105zek Pi\u0142ki No\u017cnej<br \/>\nal. Pi\u0142sudskiego 69A, 10-449 Olsztyn<br \/>\nNumer konta: 78 2490 0005 0000 4530 3269 6505<br \/>\nTytu\u0142 przelewu: \u201eKonferencja trenerska\u201d Imi\u0119 i Nazwisko<\/p>\n<p><strong>Uwaga!<\/strong>\u00a0Aby wzi\u0105\u0107 udzia\u0142 w Konferencjach, nale\u017cy przes\u0142a\u0107 zg\u0142oszenie w formie elektronicznej poprzez platform\u0119 PZPN24, kt\u00f3ra znajduje si\u0119 na stronie\u00a0<u><a href=\"http:\/\/pzpn24.pzpn.pl\/\">pzpn24.pzpn.pl<\/a><\/u><\/p>\n<p>Nast\u0119pnie po zalogowaniu si\u0119 na swoje konto wybieramy zak\u0142adk\u0119:\u00a0<strong>Wydarzenia<\/strong>, nast\u0119pnie wybieramy\u00a0<strong>Kursy, licencje &amp; konferencje<\/strong>. W okienku\u00a0<strong>ORGANIZACJA<\/strong>\u00a0\u2013 wybieramy\u00a0<strong>Warmi\u0144sko-Mazurski ZPN<\/strong>, w okienku\u00a0<strong>RODZAJ<\/strong>\u00a0wybieramy\u00a0<strong>Konferencje trenerskie<\/strong>. Nast\u0119pnie w\u0142\u0105czamy opcj\u0119 \u201eaplikuj\u201d.<\/p>\n<p><strong>Potwierdzenie op\u0142aty za konferencj\u0119 nale\u017cy przes\u0142a\u0107 mailem na adres:\u00a0<\/strong><strong>marcin.przybylinski@wmzpn.pl<br \/>\n<\/strong>Zg\u0142oszenie b\u0119dzie zaakceptowane po zaksi\u0119gowaniu wp\u0142aty na koncie.<\/p>\n<p>Po akceptacji wniosku i op\u0142aty przez WMZPN, status uczestnika zmieni si\u0119 na\u00a0<strong>\u201ePRZYJ\u0118TO\u201d<\/strong>.<\/p>\n<p><span style=\"background-color: #ff99cc;\"><strong>\u00a0ANULOWANIE WNIOSKU\u00a0<\/strong><\/span><\/p>\n<p>Trener\u00f3w, kt\u00f3rzy zapisali si\u0119 na konferencj\u0119, a z r\u00f3\u017cnych przyczyn nie b\u0119d\u0105 mogli wzi\u0105\u0107 udzia\u0142u, prosimy o anulowanie swojego wniosku.<\/p>\n<p>Uczestnictwo mo\u017cna anulowa\u0107 na platformie PZPN24 -&gt; Wydarzenia -&gt; Moje wnioski -&gt; Anuluj.<\/p>\n<p>Trenerzy, kt\u00f3rzy nie b\u0119d\u0105 obecni oraz nie anuluj\u0105 swojego wniosku do dnia\u00a0<strong>16 czerwca 2022<\/strong>\u00a0roku nie b\u0119d\u0105 mogli uczestniczy\u0107 w dw\u00f3ch kolejnych edycjach konferencji organizowanych przez WMZPN.<\/p>\n<p><span style=\"background-color: #ff99cc;\"><strong>\u00a0CERTYFIKATY\u00a0<\/strong><\/span><\/p>\n<p>Podczas Konferencji Trenerskiej WMZPN zostanie przeprowadzona dwukrotna weryfikacja uczestnictwa ka\u017cdego trenera w wydarzeniu. Osoby, kt\u00f3re nie zostan\u0105 zweryfikowane nie otrzymaj\u0105 certyfikatu potwierdzaj\u0105cego uczestnictwo.<\/p>\n<p>Po odbytym dniu konferencji na kontach trenerskich pojawi\u0105 si\u0119 certyfikaty. Certyfikat przyznany za ka\u017cdy dzie\u0144 konferencji jest potwierdzeniem udzia\u0142u w dokszta\u0142caniu trenerskim zgodnie z Konwencj\u0105 Trenersk\u0105 UEFA w wymiarze:<\/p>\n<ul>\n<li>Grassroots D \u2013 4 godzin\/punkt\u00f3w<\/li>\n<li>Grassroots C \u2013 4 godzin\/punkt\u00f3w<\/li>\n<li>UEFA Elite Youth A \u2013 4 godziny\/punkty<\/li>\n<li>UEFA A \u2013 4 godziny\/punkty<\/li>\n<li>UEFA B \u2013 4 godzin\/punkt\u00f3w<\/li>\n<\/ul>\n<p><span style=\"background-color: #ff99cc;\"><strong>\u00a0MIEJSCE\u00a0<\/strong><\/span><\/p>\n<p>Konferencja odb\u0119dzie si\u0119 na Stadionie Miejskim w Ostr\u00f3dzie, przy ul. 3-go Maja 19. Darmowy parking b\u0119dzie dost\u0119pny przy stadionie<em>.\u00a0 \u00a0 \u00a0<\/em><\/p>\n<p><span style=\"background-color: #ff99cc;\"><strong>\u00a0KONTAKT\u00a0<\/strong><\/span><\/p>\n<p>W przypadku pyta\u0144 prosimy o kontakt z Koordynatorem Kszta\u0142cenia i Licencjonowania Trener\u00f3w woj. Warmi\u0144sko-Mazurskiego:<\/p>\n<p>Marcin Przybyli\u0144ski<br \/>\n<strong>tel.:<\/strong>\u00a0697 727 033<br \/>\n<strong>e-mail:<\/strong>\u00a0<u><a href=\"mailto:marcin.przybylinski@wmzpn.pl\">marcin.przybylinski@wmzpn.pl<\/a><\/u><\/p>\n","protected":false},"excerpt":{"rendered":"<p>W dniu 19 czerwca 2022 na Stadionie Miejskim w Ostr\u00f3dzie odb\u0119dzie si\u0119 konferencja trenerska organizowana przez Warmi\u0144sko-Mazurski Zwi\u0105zek Pi\u0142ki No\u017cnej. Konferencja jest skierowana do trener\u00f3w pracuj\u0105cych w pi\u0142ce dzieci\u0119cej i m\u0142odzie\u017cowej. Pierwsz\u0105 prelekcj\u0119 poprowadzi trener S\u0142awomir Czarniecki, Koordynator Akademii Bayeru 04 Leverkusen. B\u0119dzie to prelekcja zar\u00f3wno teoretyczna, jak i praktyczna. Pozosta\u0142e dwie prelekcje, kt\u00f3re poprowadz\u0105 [&hellip;]<\/p>\n","protected":false},"author":11,"featured_media":26211,"comment_status":"open","ping_status":"open","sticky":false,"template":"","format":"standard","meta":{"footnotes":""},"categories":[28,23],"tags":[],"class_list":["post-26239","post","type-post","status-publish","format-standard","has-post-thumbnail","hentry","category-kursy-szkolenia","category-trenerzy"],"_links":{"self":[{"href":"https:\/\/wmzpn.pl\/index.php?rest_route=\/wp\/v2\/posts\/26239","targetHints":{"allow":["GET"]}}],"collection":[{"href":"https:\/\/wmzpn.pl\/index.php?rest_route=\/wp\/v2\/posts"}],"about":[{"href":"https:\/\/wmzpn.pl\/index.php?rest_route=\/wp\/v2\/types\/post"}],"author":[{"embeddable":true,"href":"https:\/\/wmzpn.pl\/index.php?rest_route=\/wp\/v2\/users\/11"}],"replies":[{"embeddable":true,"href":"https:\/\/wmzpn.pl\/index.php?rest_route=%2Fwp%2Fv2%2Fcomments&post=26239"}],"version-history":[{"count":9,"href":"https:\/\/wmzpn.pl\/index.php?rest_route=\/wp\/v2\/posts\/26239\/revisions"}],"predecessor-version":[{"id":26669,"href":"https:\/\/wmzpn.pl\/index.php?rest_route=\/wp\/v2\/posts\/26239\/revisions\/26669"}],"wp:featuredmedia":[{"embeddable":true,"href":"https:\/\/wmzpn.pl\/index.php?rest_route=\/wp\/v2\/media\/26211"}],"wp:attachment":[{"href":"https:\/\/wmzpn.pl\/index.php?rest_route=%2Fwp%2Fv2%2Fmedia&parent=26239"}],"wp:term":[{"taxonomy":"category","embeddable":true,"href":"https:\/\/wmzpn.pl\/index.php?rest_route=%2Fwp%2Fv2%2Fcategories&post=26239"},{"taxonomy":"post_tag","embeddable":true,"href":"https:\/\/wmzpn.pl\/index.php?rest_route=%2Fwp%2Fv2%2Ftags&post=26239"}],"curies":[{"name":"wp","href":"https:\/\/api.w.org\/{rel}","templated":true}]}}