{"id":25027,"date":"2022-02-24T19:21:56","date_gmt":"2022-02-24T19:21:56","guid":{"rendered":"http:\/\/wmzpn.pl\/?p=25027"},"modified":"2022-02-24T19:21:57","modified_gmt":"2022-02-24T19:21:57","slug":"rozgrywki-kobiet-wmzpn-byly-impulsem-zeby-zalozyc-zenska-druzyne-u-nas-w-klubie","status":"publish","type":"post","link":"https:\/\/wmzpn.pl\/?p=25027","title":{"rendered":"&#8220;Rozgrywki kobiet WMZPN by\u0142y  impulsem, \u017ceby za\u0142o\u017cy\u0107 \u017ce\u0144sk\u0105 dru\u017cyn\u0119 u nas w klubie&#8221;"},"content":{"rendered":"<p>W rundzie jesiennej sezonu 2021\/22 wystartowa\u0142y rozgrywki kobiet na orlikach i boiskach o wymiarach orlik\u00f3w. Rozgrywki te zosta\u0142y dobrze przyj\u0119te przez wyst\u0119puj\u0105ce w nich dru\u017cyny, a tak\u017ce wp\u0142yn\u0119\u0142y na wzrost zainteresowania kobiec\u0105 pi\u0142k\u0105 no\u017cn\u0105.<\/p>\n<p><strong>Trwaj\u0105 obecnie zapisy do rundy wiosennej tych rozgrywek: <a href=\"http:\/\/wmzpn.pl\/?p=24801\">http:\/\/wmzpn.pl\/?p=24801<\/a> . Zach\u0119camy do tego istniej\u0105ce ju\u017c dru\u017cyny, ale tak\u017ce namawiamy, \u017ceby zak\u0142ada\u0107 kobiece dru\u017cyny i zg\u0142asza\u0107 do rozgrywek organizowanych przez Zwi\u0105zek!<\/strong><\/p>\n<p>A jaki pogl\u0105d na kobiec\u0105 pi\u0142k\u0119 no\u017cn\u0105 maj\u0105 przedstawiciele \u017ce\u0144skich dru\u017cyn, kt\u00f3re wyst\u0119puj\u0105 w kobiecych rozgrywkach w naszym wojew\u00f3dztwie?<\/p>\n<p style=\"text-align: center;\"><span style=\"background-color: #ffff99;\"><strong>Jezioranki I\u0142awa<\/strong><\/span><\/p>\n<p>Jednym z klub\u00f3w, kt\u00f3re wyst\u0119powa\u0142y w rozgrywkach by\u0142y Jezioranki I\u0142awa. Trener dru\u017cyny <strong>\u0141ukasz Gurowski<\/strong>, cieszy si\u0119, \u017ce w ko\u0144cu kobieca pi\u0142ka zaczyna wychodzi\u0107 z cienia &#8211; <em>W rundzie jesiennej podczas trwania rozgrywek spotykali\u015bmy si\u0119 w sumie w trzy dru\u017cyny, poniewa\u017c Stomil pojawi\u0142 si\u0119 tylko na jednym turnieju. Gramy w tych turniejach z nastawieniem, \u017ce w przysz\u0142o\u015bci b\u0119dziemy grali w futsalu, b\u0105d\u017a w rozgrywkach jedenastoosobowych. Og\u00f3lnie bardzo fajnie, \u017ce co\u015b zaczyna si\u0119 dzia\u0107 z kobiec\u0105 pi\u0142k\u0105. Powoli znowu si\u0119 ona rozwija poniewa\u017c przez ostatnie lata zosta\u0142a bardzo mocno w tyle.<\/em><\/p>\n<figure id=\"attachment_25029\" aria-describedby=\"caption-attachment-25029\" style=\"width: 1592px\" class=\"wp-caption aligncenter\"><img loading=\"lazy\" decoding=\"async\" class=\"wp-image-25029 size-full\" src=\"http:\/\/wmzpn.pl\/wp-content\/uploads\/2022\/02\/IMG_5436j-2.jpg\" alt=\"\" width=\"1592\" height=\"1080\" srcset=\"https:\/\/wmzpn.pl\/wp-content\/uploads\/2022\/02\/IMG_5436j-2.jpg 1592w, https:\/\/wmzpn.pl\/wp-content\/uploads\/2022\/02\/IMG_5436j-2-300x204.jpg 300w, https:\/\/wmzpn.pl\/wp-content\/uploads\/2022\/02\/IMG_5436j-2-1024x695.jpg 1024w, https:\/\/wmzpn.pl\/wp-content\/uploads\/2022\/02\/IMG_5436j-2-768x521.jpg 768w, https:\/\/wmzpn.pl\/wp-content\/uploads\/2022\/02\/IMG_5436j-2-1536x1042.jpg 1536w, https:\/\/wmzpn.pl\/wp-content\/uploads\/2022\/02\/IMG_5436j-2-696x472.jpg 696w, https:\/\/wmzpn.pl\/wp-content\/uploads\/2022\/02\/IMG_5436j-2-1068x725.jpg 1068w, https:\/\/wmzpn.pl\/wp-content\/uploads\/2022\/02\/IMG_5436j-2-619x420.jpg 619w\" sizes=\"auto, (max-width: 1592px) 100vw, 1592px\" \/><figcaption id=\"caption-attachment-25029\" class=\"wp-caption-text\"><em>Fot. W obiektywie wspomnie\u0144 &#8211; A. Aptowicz<\/em><\/figcaption><\/figure>\n<figure id=\"attachment_25031\" aria-describedby=\"caption-attachment-25031\" style=\"width: 2560px\" class=\"wp-caption aligncenter\"><img loading=\"lazy\" decoding=\"async\" class=\"wp-image-25031 size-full\" src=\"http:\/\/wmzpn.pl\/wp-content\/uploads\/2022\/02\/IMG_1242j-scaled.jpg\" alt=\"\" width=\"2560\" height=\"1486\" srcset=\"https:\/\/wmzpn.pl\/wp-content\/uploads\/2022\/02\/IMG_1242j-scaled.jpg 2560w, https:\/\/wmzpn.pl\/wp-content\/uploads\/2022\/02\/IMG_1242j-300x174.jpg 300w, https:\/\/wmzpn.pl\/wp-content\/uploads\/2022\/02\/IMG_1242j-1024x594.jpg 1024w, https:\/\/wmzpn.pl\/wp-content\/uploads\/2022\/02\/IMG_1242j-768x446.jpg 768w, https:\/\/wmzpn.pl\/wp-content\/uploads\/2022\/02\/IMG_1242j-1536x892.jpg 1536w, https:\/\/wmzpn.pl\/wp-content\/uploads\/2022\/02\/IMG_1242j-2048x1189.jpg 2048w, https:\/\/wmzpn.pl\/wp-content\/uploads\/2022\/02\/IMG_1242j-696x404.jpg 696w, https:\/\/wmzpn.pl\/wp-content\/uploads\/2022\/02\/IMG_1242j-1068x620.jpg 1068w, https:\/\/wmzpn.pl\/wp-content\/uploads\/2022\/02\/IMG_1242j-724x420.jpg 724w\" sizes=\"auto, (max-width: 2560px) 100vw, 2560px\" \/><figcaption id=\"caption-attachment-25031\" class=\"wp-caption-text\"><em>Fot. W obiektywie wspomnie\u0144 &#8211; A. Aptowicz<\/em><\/figcaption><\/figure>\n<p>W I\u0142awie zdaj\u0105 sobie spraw\u0119 z tego, \u017ce gra dla Jezioranek, ma by\u0107 dla wielu dziewczyn pocz\u0105tkiem pi\u0142karskiej przygody &#8211; <em>My si\u0119 bardzo fajnie rozwijamy i wida\u0107, to przede wszystkim po grupach m\u0142odzie\u017cowych. Mamy coraz wi\u0119cej bardzo m\u0142odych zawodniczek i to cieszy. Je\u017celi natomiast chodzi o dru\u017cyn\u0119 seniorsk\u0105, to wyst\u0119puj\u0105 tam g\u0142\u00f3wnie dziewczyny, kt\u00f3re mog\u0142yby gra\u0107 jeszcze jako juniorki. Sta\u0142o si\u0119 tak, poniewa\u017c mieli\u015bmy za ma\u0142o seniorskich zawodniczek, \u017ceby m\u00f3c gra\u0107, jak dru\u017cyna jedenastoosobowa. Mamy wiele dziewczyn, kt\u00f3re s\u0105 utalentowane. Musimy jednak zdawa\u0107 sobie spraw\u0119 z tego, \u017ce\u00a0 jeste\u015bmy klubem, kt\u00f3ry mo\u017ce je tylko przygotowa\u0107 do tego, \u017ceby w przysz\u0142o\u015bci sobie poradzi\u0142y w seniorskiej pi\u0142ce na wy\u017cszym poziomie. Mam \u015bwiadomo\u015b\u0107, \u017ce b\u0119dziemy wychowywa\u0107 te dziewczyny, dla innych klub\u00f3w<\/em> &#8211; dodaje<strong> \u0141ukasz Gurowski.<\/strong><\/p>\n<p><strong>Monika Gralewska pi\u0142karka Jezioranek<\/strong> <strong>i asystentka trenera grupy dzieci w I\u0142awie<\/strong>, opowiedzia\u0142a nam o swoich pocz\u0105tkach w pi\u0142ce no\u017cnej i dalszym rozwoju tej dyscypliny w naszym wojew\u00f3dztwie &#8211; Ws<em>zystko zacz\u0119\u0142o si\u0119 od gry na podw\u00f3rku, lecz wtedy nie s\u0105dzi\u0142am, \u017ce kiedy\u015b b\u0119d\u0119 to robi\u0107 na powa\u017cnie. W podstaw\u00f3wce, gdy na zawody zacz\u0119\u0142a je\u017adzi\u0107 moja starsza siostra zacz\u0119\u0142o mnie to bardziej interesowa\u0107. Po rozpocz\u0119ciu szko\u0142y uczestniczy\u0142am w turniejach &#8220;z podw\u00f3rka na stadion o puchar Tymbarku&#8221;, tak\u017ce zawsze ta pi\u0142ka no\u017cna gdzie\u015b si\u0119 w moim \u017cyciu przewija\u0142a. Gdy w I\u0142awie utworzono \u017ce\u0144sk\u0105 dru\u017cyn\u0119 do\u0142\u0105czy\u0142a do niej moja siostra, a za ni\u0105 ja i tak zosta\u0142o do dzi\u015b. Gdy rozpoczyna\u0142am swoj\u0105 przygod\u0119 z pi\u0142k\u0105 no\u017cn\u0105 i kto\u015b o tym us\u0142ysza\u0142 to najcz\u0119stsz\u0105 reakcj\u0105 by\u0142o: &#8220;dziewczyna i gra w pi\u0142k\u0119 no\u017cn\u0105?&#8221;. Teraz mog\u0119 \u015bmia\u0142o powiedzie\u0107, \u017ce zmieni\u0142o si\u0119 to w pozytywnym sensie. Uwa\u017cam r\u00f3wnie\u017c, \u017ce bardzo dobrym rozwi\u0105zaniem by\u0142o utworzenie tych rozgrywek przez WMZPN i zach\u0119cenie miast do tworzenia kobiecych dru\u017cyn pi\u0142karskich.\u00a0 Dzi\u0119ki tym rozgrywkom w tym roku poznali\u015bmy ju\u017c dwie nowe dru\u017cyny na pi\u0142karskiej mapie Polski, czyli Reszel i Wilczkowo. Mam nadziej\u0119, \u017ce ilo\u015b\u0107 nowych dru\u017cyn b\u0119dzie ci\u0105gle wzrasta\u0107.\u00a0<\/em><\/p>\n<figure id=\"attachment_25032\" aria-describedby=\"caption-attachment-25032\" style=\"width: 2560px\" class=\"wp-caption aligncenter\"><img loading=\"lazy\" decoding=\"async\" class=\"wp-image-25032 size-full\" src=\"http:\/\/wmzpn.pl\/wp-content\/uploads\/2022\/02\/IMG_8560j-scaled.jpg\" alt=\"\" width=\"2560\" height=\"1879\" srcset=\"https:\/\/wmzpn.pl\/wp-content\/uploads\/2022\/02\/IMG_8560j-scaled.jpg 2560w, https:\/\/wmzpn.pl\/wp-content\/uploads\/2022\/02\/IMG_8560j-300x220.jpg 300w, https:\/\/wmzpn.pl\/wp-content\/uploads\/2022\/02\/IMG_8560j-1024x752.jpg 1024w, https:\/\/wmzpn.pl\/wp-content\/uploads\/2022\/02\/IMG_8560j-768x564.jpg 768w, https:\/\/wmzpn.pl\/wp-content\/uploads\/2022\/02\/IMG_8560j-1536x1127.jpg 1536w, https:\/\/wmzpn.pl\/wp-content\/uploads\/2022\/02\/IMG_8560j-2048x1503.jpg 2048w, https:\/\/wmzpn.pl\/wp-content\/uploads\/2022\/02\/IMG_8560j-80x60.jpg 80w, https:\/\/wmzpn.pl\/wp-content\/uploads\/2022\/02\/IMG_8560j-696x511.jpg 696w, https:\/\/wmzpn.pl\/wp-content\/uploads\/2022\/02\/IMG_8560j-1068x784.jpg 1068w, https:\/\/wmzpn.pl\/wp-content\/uploads\/2022\/02\/IMG_8560j-572x420.jpg 572w\" sizes=\"auto, (max-width: 2560px) 100vw, 2560px\" \/><figcaption id=\"caption-attachment-25032\" class=\"wp-caption-text\"><em>Fot. W obiektywie wspomnie\u0144 &#8211; A. Aptowicz<\/em><\/figcaption><\/figure>\n<figure id=\"attachment_25033\" aria-describedby=\"caption-attachment-25033\" style=\"width: 2560px\" class=\"wp-caption aligncenter\"><img loading=\"lazy\" decoding=\"async\" class=\"wp-image-25033 size-full\" src=\"http:\/\/wmzpn.pl\/wp-content\/uploads\/2022\/02\/IMG_5330j-2-scaled.jpg\" alt=\"\" width=\"2560\" height=\"1703\" srcset=\"https:\/\/wmzpn.pl\/wp-content\/uploads\/2022\/02\/IMG_5330j-2-scaled.jpg 2560w, https:\/\/wmzpn.pl\/wp-content\/uploads\/2022\/02\/IMG_5330j-2-300x200.jpg 300w, https:\/\/wmzpn.pl\/wp-content\/uploads\/2022\/02\/IMG_5330j-2-1024x681.jpg 1024w, https:\/\/wmzpn.pl\/wp-content\/uploads\/2022\/02\/IMG_5330j-2-768x511.jpg 768w, https:\/\/wmzpn.pl\/wp-content\/uploads\/2022\/02\/IMG_5330j-2-1536x1022.jpg 1536w, https:\/\/wmzpn.pl\/wp-content\/uploads\/2022\/02\/IMG_5330j-2-2048x1362.jpg 2048w, https:\/\/wmzpn.pl\/wp-content\/uploads\/2022\/02\/IMG_5330j-2-696x463.jpg 696w, https:\/\/wmzpn.pl\/wp-content\/uploads\/2022\/02\/IMG_5330j-2-1068x711.jpg 1068w, https:\/\/wmzpn.pl\/wp-content\/uploads\/2022\/02\/IMG_5330j-2-631x420.jpg 631w\" sizes=\"auto, (max-width: 2560px) 100vw, 2560px\" \/><figcaption id=\"caption-attachment-25033\" class=\"wp-caption-text\"><em>Fot. W obiektywie wspomnie\u0144 &#8211; A. Aptowicz<\/em><\/figcaption><\/figure>\n<p style=\"text-align: center;\"><span style=\"background-color: #ffff00;\"><strong><a style=\"background-color: #ffff00;\" href=\"https:\/\/www.facebook.com\/LUKS-Wilczek-Wilkowo-Sekcja-Kobiet-106835335110203\">Wilczek Wilkowo<\/a><\/strong><\/span><\/p>\n<p>Rozwijaj\u0105cym si\u0119 klubem na mapie kobiecej pi\u0142ki w wojew\u00f3dztwie warmi\u0144sko-mazurskim jest Wilczek Wilkowo. Prezes klubu z Wilkowa <strong>Jaros\u0142aw Charkot<\/strong> zauwa\u017ca znaczny wzrost zainteresowania kobiec\u0105 pi\u0142k\u0105 u siebie w klubie- <em>Rozgrywki, kt\u00f3re wystartowa\u0142y jesieni\u0105, to bardzo fajna inicjatywa. Bardzo dobrze, \u017ce zwi\u0105zek pomy\u015bla\u0142 o takich rozgrywkach, bo to daje nadzieje, \u017ce dru\u017cyn kobiecych b\u0119dzie przybywa\u0107. Musz\u0119 jeszcze przyzna\u0107, \u017ce dzi\u0119ki temu te\u017c i u nas zauwa\u017calny by\u0142 wzrost frekwencji. Z treningu na trening tych dziewczyn jest coraz wi\u0119cej. W wakacje mieli\u015bmy siedem dziewczyn, a dzisiaj mamy ju\u017c dwadzie\u015bcia, wi\u0119c w tym aspekcie jest ju\u017c naprawd\u0119 bardzo dobrze.<\/em><\/p>\n<p><img loading=\"lazy\" decoding=\"async\" class=\"alignnone wp-image-25035 size-full\" src=\"http:\/\/wmzpn.pl\/wp-content\/uploads\/2022\/02\/wilczek-2.jpg\" alt=\"\" width=\"1440\" height=\"810\" srcset=\"https:\/\/wmzpn.pl\/wp-content\/uploads\/2022\/02\/wilczek-2.jpg 1440w, https:\/\/wmzpn.pl\/wp-content\/uploads\/2022\/02\/wilczek-2-300x169.jpg 300w, https:\/\/wmzpn.pl\/wp-content\/uploads\/2022\/02\/wilczek-2-1024x576.jpg 1024w, https:\/\/wmzpn.pl\/wp-content\/uploads\/2022\/02\/wilczek-2-768x432.jpg 768w, https:\/\/wmzpn.pl\/wp-content\/uploads\/2022\/02\/wilczek-2-696x392.jpg 696w, https:\/\/wmzpn.pl\/wp-content\/uploads\/2022\/02\/wilczek-2-1068x601.jpg 1068w, https:\/\/wmzpn.pl\/wp-content\/uploads\/2022\/02\/wilczek-2-747x420.jpg 747w\" sizes=\"auto, (max-width: 1440px) 100vw, 1440px\" \/><\/p>\n<p>W samej miejscowo\u015bci r\u00f3wnie\u017c coraz wi\u0119cej os\u00f3b interesuje si\u0119 pi\u0142k\u0105 no\u017cn\u0105 w wykonaniu kobiet- <em>Gdy organizowali\u015bmy turniej u siebie w Wilkowie i byli\u015bmy gospodarzem, to by\u0142o naprawd\u0119 bardzo du\u017co kibic\u00f3w. Na trybunach by\u0142o ponad 100 os\u00f3b. To pokazuje, \u017ce to zainteresowanie kobiecym futbolem naprawd\u0119 jest coraz wi\u0119ksze i trzeba go rozwija\u0107 &#8211;\u00a0<\/em>dodaje <strong>Jaros\u0142aw Charkot.<\/strong><\/p>\n<p>O kulisach powstania dru\u017cyny opowiedzia\u0142a nam <strong>Katarzyna \u017bukowska, pi\u0142karka graj\u0105ca w klubie z Wilkowa<\/strong> &#8211;<em> Ju\u017c w szkole bardzo lubi\u0142am gra\u0107 w pi\u0142k\u0119 no\u017cn\u0105 z ch\u0142opakami. Mieszka\u0142am w Garwnie i tam pr\u00f3bowali\u015bmy utworzy\u0107 dru\u017cyn\u0119 dziewczyn, ale u nas w wojew\u00f3dztwie, w tamtych czasach, by\u0142o wtedy trudno o za\u0142o\u017cenie takiej dru\u017cyny. W mi\u0119dzyczasie s\u0119dziowa\u0142am mecze pi\u0142ki no\u017cnej i gra\u0142am w dru\u017cynie Atom\u00f3wki Korsze. P\u00f3\u017aniej przyszed\u0142 czas na za\u0142o\u017cenie dru\u017cyny Wilczek Wilkowo. Gra\u0142y\u015bmy najpierw w rozgrywkach LZS, a p\u00f3\u017aniej Zwi\u0105zek og\u0142osi\u0142, \u017ce chce zorganizowa\u0107 lig\u0119 &#8220;sz\u00f3stek&#8221;. Zwr\u00f3ci\u0142am si\u0119 z pro\u015bb\u0105 do Prezesa klubu Wilczek Wilkowo, czy zgodzi si\u0119 na utworzenie oficjalnej \u017ce\u0144skiej dru\u017cyny. Wyrazi\u0142 ch\u0119\u0107 i teraz jeste\u015bmy, trenujemy i gramy w rozgrywkach. Podej\u015bcie dziewczyn jest r\u00f3\u017cne. S\u0105 dziewczyny, kt\u00f3re niezbyt powa\u017canie do tego podchodz\u0105, tylko przychodz\u0105 by pokaza\u0107 si\u0119 np. ch\u0142opakom, ale r\u00f3wnie\u017c s\u0105 takie, kt\u00f3rym bardzo zale\u017cy,\u00a0 ciesz\u0105 si\u0119 z naszych wygranych i bardzo prze\u017cywaj\u0105 pora\u017cki.\u00a0<\/em><\/p>\n<p style=\"text-align: center;\"><img loading=\"lazy\" decoding=\"async\" class=\"aligncenter wp-image-25036 size-full\" src=\"http:\/\/wmzpn.pl\/wp-content\/uploads\/2022\/02\/DSCN1297-1.jpg\" alt=\"\" width=\"1556\" height=\"1167\" srcset=\"https:\/\/wmzpn.pl\/wp-content\/uploads\/2022\/02\/DSCN1297-1.jpg 1556w, https:\/\/wmzpn.pl\/wp-content\/uploads\/2022\/02\/DSCN1297-1-300x225.jpg 300w, https:\/\/wmzpn.pl\/wp-content\/uploads\/2022\/02\/DSCN1297-1-1024x768.jpg 1024w, https:\/\/wmzpn.pl\/wp-content\/uploads\/2022\/02\/DSCN1297-1-768x576.jpg 768w, https:\/\/wmzpn.pl\/wp-content\/uploads\/2022\/02\/DSCN1297-1-1536x1152.jpg 1536w, https:\/\/wmzpn.pl\/wp-content\/uploads\/2022\/02\/DSCN1297-1-80x60.jpg 80w, https:\/\/wmzpn.pl\/wp-content\/uploads\/2022\/02\/DSCN1297-1-265x198.jpg 265w, https:\/\/wmzpn.pl\/wp-content\/uploads\/2022\/02\/DSCN1297-1-696x522.jpg 696w, https:\/\/wmzpn.pl\/wp-content\/uploads\/2022\/02\/DSCN1297-1-1068x801.jpg 1068w, https:\/\/wmzpn.pl\/wp-content\/uploads\/2022\/02\/DSCN1297-1-560x420.jpg 560w\" sizes=\"auto, (max-width: 1556px) 100vw, 1556px\" \/><\/p>\n<p style=\"text-align: center;\"><span style=\"background-color: #ffff00;\"><strong><a style=\"background-color: #ffff00;\" href=\"https:\/\/www.facebook.com\/Orl%C4%99ta-Reszel-Sekcja-Kobiet-101502895599145\">Orl\u0119ta Reszel<\/a><\/strong><\/span><\/p>\n<p>Coraz bardziej rozwija si\u0119 tak\u017ce pi\u0142ka no\u017cna w Reszelu &#8211;<em> Jakby wszystkie dziewczyny przysz\u0142y na trening, to mia\u0142bym 22 zawodniczki. Dla mnie fajnym jest to, \u017ce dziewczyny s\u0105 w r\u00f3\u017cnym wieku. Mamy czternastolatk\u0119, mamy dziewczyny dwudziestoletnie, ale tak\u017ce i takie, kt\u00f3re maj\u0105 ju\u017c ponad czterdzie\u015bci lat. My ca\u0142y rok trenujemy. Obecnie mamy hal\u0119 w remoncie, wi\u0119c doje\u017cd\u017camy na hal\u0119 do Korsz. Mamy dwa treningi w tygodniu, jeden z nich jest na hali, a drugi na Orliku. Fajne jest r\u00f3wnie\u017c to, \u017ce coraz wi\u0119cej bardzo m\u0142odych dziewczynek idzie w kierunku pi\u0142ki. U nas w klubie powsta\u0142a oddzielna grupa skrzat\u00f3w dla dziewczyn. Gdyby taka tendencja si\u0119 utrzyma\u0142a, to mogliby\u015bmy regularnie takie kobiece grupy otwiera\u0107. Mo\u017ce uda\u0142oby si\u0119 niekt\u00f3re dziewczyny tak wytrenowa\u0107 i wychowa\u0107, \u017ce p\u00f3\u017aniej trafi\u0142by do jeszcze lepszej dru\u017cyny &#8211; <\/em>powiedzia\u0142 <strong>Jaros\u0142aw Bochno, trener kobiecej dru\u017cyny Orl\u0105t Reszel.<\/strong><\/p>\n<p><img loading=\"lazy\" decoding=\"async\" class=\"aligncenter wp-image-25040 size-full\" src=\"http:\/\/wmzpn.pl\/wp-content\/uploads\/2022\/02\/orleta-1.jpg\" alt=\"\" width=\"1831\" height=\"1020\" srcset=\"https:\/\/wmzpn.pl\/wp-content\/uploads\/2022\/02\/orleta-1.jpg 1831w, https:\/\/wmzpn.pl\/wp-content\/uploads\/2022\/02\/orleta-1-300x167.jpg 300w, https:\/\/wmzpn.pl\/wp-content\/uploads\/2022\/02\/orleta-1-1024x570.jpg 1024w, https:\/\/wmzpn.pl\/wp-content\/uploads\/2022\/02\/orleta-1-768x428.jpg 768w, https:\/\/wmzpn.pl\/wp-content\/uploads\/2022\/02\/orleta-1-1536x856.jpg 1536w, https:\/\/wmzpn.pl\/wp-content\/uploads\/2022\/02\/orleta-1-696x388.jpg 696w, https:\/\/wmzpn.pl\/wp-content\/uploads\/2022\/02\/orleta-1-1068x595.jpg 1068w, https:\/\/wmzpn.pl\/wp-content\/uploads\/2022\/02\/orleta-1-754x420.jpg 754w\" sizes=\"auto, (max-width: 1831px) 100vw, 1831px\" \/><\/p>\n<p><img loading=\"lazy\" decoding=\"async\" class=\"aligncenter wp-image-25041 size-full\" src=\"http:\/\/wmzpn.pl\/wp-content\/uploads\/2022\/02\/orleta-2.jpg\" alt=\"\" width=\"2048\" height=\"1365\" srcset=\"https:\/\/wmzpn.pl\/wp-content\/uploads\/2022\/02\/orleta-2.jpg 2048w, https:\/\/wmzpn.pl\/wp-content\/uploads\/2022\/02\/orleta-2-300x200.jpg 300w, https:\/\/wmzpn.pl\/wp-content\/uploads\/2022\/02\/orleta-2-1024x683.jpg 1024w, https:\/\/wmzpn.pl\/wp-content\/uploads\/2022\/02\/orleta-2-768x512.jpg 768w, https:\/\/wmzpn.pl\/wp-content\/uploads\/2022\/02\/orleta-2-1536x1024.jpg 1536w, https:\/\/wmzpn.pl\/wp-content\/uploads\/2022\/02\/orleta-2-696x464.jpg 696w, https:\/\/wmzpn.pl\/wp-content\/uploads\/2022\/02\/orleta-2-1068x712.jpg 1068w, https:\/\/wmzpn.pl\/wp-content\/uploads\/2022\/02\/orleta-2-630x420.jpg 630w\" sizes=\"auto, (max-width: 2048px) 100vw, 2048px\" \/><\/p>\n<p>Dzia\u0142ania marketingowe r\u00f3wnie\u017c przyczyniaj\u0105 si\u0119 do wi\u0119kszego zainteresowania kobiecymi rozgrywkami &#8211; <em>Pi\u0142karki z naszego klubu za\u0142o\u017cy\u0142y profil facebookowy i dzi\u0119ki temu co jaki\u015b czas dziewczyny same si\u0119 do nas odzywaj\u0105 z ch\u0119ci\u0105 gry. Jest sporo ch\u0119tnych, tylko niekt\u00f3re z ich w og\u00f3le nie widzia\u0142y, \u017ce taki klub jak nasz istnieje. Fajnie wi\u0119c, jakby wi\u0119cej tej kobiecej pi\u0142ki pokazywa\u0107 i cz\u0119\u015bciej o niej m\u00f3wi\u0107, poniewa\u017c wtedy to zainteresowanie ni\u0105 na pewno by\u0142oby jeszcze wi\u0119ksze &#8211; <\/em>twierdzi<strong> Jaros\u0142aw Bochno.<\/strong><\/p>\n<p>O tym, jak niewiele trzeba, \u017ceby za\u0142o\u017cy\u0107 dru\u017cyn\u0119 kobiec\u0105 i zg\u0142osi\u0107 si\u0119 do rozgrywek m\u00f3wi\u0142a nam <strong>Monika Suszy\u0144ska z reszelskiego klubu-<\/strong> <em>My jeste\u015bmy w cz\u0119\u015bci grup\u0105 kobiet, kt\u00f3ra ma ju\u017c dzieci. Pewnego dnia siedzieli\u015bmy na treningu naszych dzieci i postanowili\u015bmy, \u017ce te\u017c chcemy co\u015b zrobi\u0107. Poprosili\u015bmy trenera o zorganizowanie nam hali. Zacz\u0119li\u015bmy kopa\u0107 pi\u0142k\u0119 i nam si\u0119 spodoba\u0142o i takie by\u0142y pocz\u0105tki naszej dru\u017cyny. Przez te kilka lat zauwa\u017cam natomiast spory wzrost zainteresowania pi\u0142k\u0105 kobiec\u0105. Nawet jak my nie robimy \u017cadnych oficjalnych nabor\u00f3w, to i tak pisz\u0105 do nas dziewczyny i wypytuj\u0105 o mo\u017cliwo\u015b\u0107 do\u0142\u0105czenia do naszej dru\u017cyny. Wiadomo, \u017ce pocz\u0105tki nie zawsze s\u0105 \u0142atwe, ale s\u0105 ju\u017c u nas w dru\u017cynie dziewczyny, kt\u00f3re teraz nie wyobra\u017caj\u0105 sobie \u017cycia bez tych pi\u0142karskich trening\u00f3w. Je\u017celi chodzi natomiast o rywalizacj\u0119, to jej nutka ju\u017c zaczyna si\u0119 pojawia\u0107. Pierwszy raz zg\u0142osili\u015bmy si\u0119 do rozgrywek zar\u00f3wno na orlikach, jak i na hali. Do tej pory g\u0142\u00f3wnie traktowali\u015bmy, to jako zabaw\u0119 i mo\u017cliwo\u015b\u0107 wyrwania si\u0119 z domu, ale teraz dzi\u0119ki mo\u017cliwo\u015bci rywalizacji z innymi dru\u017cynami, troch\u0119 si\u0119 to zmieni\u0142o. Ostatnio uda\u0142o nam si\u0119 wygra\u0107 dwa mecze i pierwszy raz poczu\u0142am tak\u0105 prawdziw\u0105 rado\u015b\u0107 z tej wygranej. Atmosfera w naszej dru\u017cynie jest \u015bwietna. Mamy dziewczyny w r\u00f3\u017cnym wieku, ale nam to nie przeszkadza, a wr\u0119cz sprawia, to jeszcze wi\u0119ksz\u0105 rado\u015b\u0107.<\/em><\/p>\n<p>Klub z Reszla mo\u017ce zawsze liczy\u0107 na wsparcie kibic\u00f3w- <em>Przeprowadzi\u0142am si\u0119 z Dobrego Miasta do Reszla. Tam nigdy nie by\u0142o \u017ce\u0144skiej dru\u017cyny i brakowa\u0142o mi tego w Dobrym Mie\u015bcie. By\u0142am bardzo zaskoczona, \u017ce w jeszcze mniejszym mie\u015bcie, jakim jest Reszel dziewczyny si\u0119 spotyka\u0142y i gra\u0142y na Orliku. Og\u00f3lnie to mia\u0142a by\u0107 dla nas zabawa, ale pojawia\u0142y si\u0119 takie g\u0142osy od dziewczyn, \u017ce mo\u017ce by\u015bmy si\u0119 zg\u0142osi\u0142y do ligi. Du\u017ca w tym zas\u0142uga naszego trenera Jarka Bochno, kt\u00f3ry nas namawia\u0142, na to, \u017ceby\u015bmy spr\u00f3bowa\u0142y swoich si\u0142 w starciu z innymi dru\u017cynami. Mamy r\u00f3wnie\u017c teraz sw\u00f3j profil w social mediach, kt\u00f3ry sama prowadz\u0119. Du\u017co os\u00f3b pozytywnie na to reaguje. Mamy spore wsparcie od kibic\u00f3w z Reszla, zar\u00f3wno w internecie, jak i podczas spotka\u0144, kt\u00f3re rozgrywamy u siebie<\/em>&#8211; powiedzia\u0142a <strong>Ania Zglejszewska, pi\u0142karka \u017ce\u0144skiej dru\u017cyny Orl\u0105t Reszel.<\/strong><\/p>\n<p><img loading=\"lazy\" decoding=\"async\" class=\"aligncenter wp-image-25043 size-full\" src=\"http:\/\/wmzpn.pl\/wp-content\/uploads\/2022\/02\/orleta-reszel.jpg\" alt=\"\" width=\"2048\" height=\"1536\" srcset=\"https:\/\/wmzpn.pl\/wp-content\/uploads\/2022\/02\/orleta-reszel.jpg 2048w, https:\/\/wmzpn.pl\/wp-content\/uploads\/2022\/02\/orleta-reszel-300x225.jpg 300w, https:\/\/wmzpn.pl\/wp-content\/uploads\/2022\/02\/orleta-reszel-1024x768.jpg 1024w, https:\/\/wmzpn.pl\/wp-content\/uploads\/2022\/02\/orleta-reszel-768x576.jpg 768w, https:\/\/wmzpn.pl\/wp-content\/uploads\/2022\/02\/orleta-reszel-1536x1152.jpg 1536w, https:\/\/wmzpn.pl\/wp-content\/uploads\/2022\/02\/orleta-reszel-80x60.jpg 80w, https:\/\/wmzpn.pl\/wp-content\/uploads\/2022\/02\/orleta-reszel-265x198.jpg 265w, https:\/\/wmzpn.pl\/wp-content\/uploads\/2022\/02\/orleta-reszel-696x522.jpg 696w, https:\/\/wmzpn.pl\/wp-content\/uploads\/2022\/02\/orleta-reszel-1068x801.jpg 1068w, https:\/\/wmzpn.pl\/wp-content\/uploads\/2022\/02\/orleta-reszel-560x420.jpg 560w\" sizes=\"auto, (max-width: 2048px) 100vw, 2048px\" \/><\/p>\n<p style=\"text-align: center;\"><span style=\"background-color: #ffff99;\"><strong>|Polonia I\u0142owo|<\/strong><\/span><\/p>\n<p>Rozgrywki ligowe kobiet WMZPN sta\u0142y si\u0119 impulsem do tego, \u017ceby za\u0142o\u017cy\u0107 kobiec\u0105 dru\u017cyn\u0119 w I\u0142owie- <em>W okolicy naszej miejscowo\u015bci by\u0142y turnieje szkolne kobiet. Wpad\u0142em wi\u0119c na taki pomys\u0142, \u017ce mo\u017ce uda\u0142oby si\u0119 zebra\u0107 te dziewczyny, \u017ceby reprezentowa\u0142y nasz klub w rozgrywkach organizowanych przez WMZPN. Rozgrywki te by\u0142y wi\u0119c impulsem, \u017ceby \u017ce\u0144sk\u0105 dru\u017cyn\u0119 u nas w klubie za\u0142o\u017cy\u0107. Pomy\u015bla\u0142em \u017ce skoro one potrafi\u0105 gra\u0107 w pi\u0142k\u0119, to czemu im nie pom\u00f3c w dalszym rozwoju, a przy okazji my jako klub te\u017c si\u0119 rozwijamy. Obecnie mamy szesna\u015bcie dziewczyn, kt\u00f3re dwa razy w tygodniu spotykaj\u0105 si\u0119 na treningach i przygotowujemy si\u0119 do tych wiosennych rozgrywek &#8211; <\/em><strong>m\u00f3wi\u0142 Rados\u0142aw Kupi\u0144ski, Prezes Polonii I\u0142owo.<\/strong><\/p>\n<p>W dru\u017cynie z I\u0142owa wyst\u0119puj\u0105 dziewczyny z r\u00f3\u017cnych \u015brodowisk- <em>Zarz\u0105d bardzo przychylnie spojrza\u0142 na spraw\u0119 za\u0142o\u017cenia takiej dru\u017cyny. U nas wyst\u0119puj\u0105 dziewczyny z r\u00f3\u017cnych miejscowo\u015bci. S\u0105 zawodniczki z wojew\u00f3dztwa mazowieckiego, ale tak\u017ce i powiatu dzia\u0142dowskiego, jak r\u00f3wnie\u017c nasze miejscowe dziewczyny. Cieszy fakt, \u017ce uda\u0142o si\u0119 tak scali\u0107 to \u015brodowisko. Teraz dzi\u0119ki temu mo\u017cemy rozpocz\u0105\u0107 nasz\u0105 przygod\u0119 w pi\u0142ce no\u017cnej kobiet &#8211;\u00a0<\/em>dodaje Prezes Polonii I\u0142owo.<\/p>\n<p><img loading=\"lazy\" decoding=\"async\" class=\"alignnone wp-image-25106 size-full\" src=\"http:\/\/wmzpn.pl\/wp-content\/uploads\/2022\/02\/IMG-20220224-WA0001.jpg\" alt=\"\" width=\"1600\" height=\"1197\" srcset=\"https:\/\/wmzpn.pl\/wp-content\/uploads\/2022\/02\/IMG-20220224-WA0001.jpg 1600w, https:\/\/wmzpn.pl\/wp-content\/uploads\/2022\/02\/IMG-20220224-WA0001-300x224.jpg 300w, https:\/\/wmzpn.pl\/wp-content\/uploads\/2022\/02\/IMG-20220224-WA0001-1024x766.jpg 1024w, https:\/\/wmzpn.pl\/wp-content\/uploads\/2022\/02\/IMG-20220224-WA0001-768x575.jpg 768w, https:\/\/wmzpn.pl\/wp-content\/uploads\/2022\/02\/IMG-20220224-WA0001-1536x1149.jpg 1536w, https:\/\/wmzpn.pl\/wp-content\/uploads\/2022\/02\/IMG-20220224-WA0001-80x60.jpg 80w, https:\/\/wmzpn.pl\/wp-content\/uploads\/2022\/02\/IMG-20220224-WA0001-265x198.jpg 265w, https:\/\/wmzpn.pl\/wp-content\/uploads\/2022\/02\/IMG-20220224-WA0001-696x521.jpg 696w, https:\/\/wmzpn.pl\/wp-content\/uploads\/2022\/02\/IMG-20220224-WA0001-1068x799.jpg 1068w, https:\/\/wmzpn.pl\/wp-content\/uploads\/2022\/02\/IMG-20220224-WA0001-561x420.jpg 561w\" sizes=\"auto, (max-width: 1600px) 100vw, 1600px\" \/><\/p>\n<p>To dopiero pocz\u0105tki kobiecej dru\u017cyny Polonii I\u0142owo, ale dziewczyny zapowiadaj\u0105, \u017ce rywalizacji nie zabraknie- <em>Prezes zauwa\u017cy\u0142, \u017ce wygra\u0142y\u015bmy zawody powiatowe, jako szko\u0142a i zapyta\u0142 si\u0119 mnie jak u nas sytuacja wygl\u0105da. Wtedy ja popyta\u0142am innych dziewczyn i okaza\u0142o si\u0119, \u017ce jest sporo ch\u0119tnych do gry w klubie. Obecnie mamy 16 dziewczyn, a 12 czy 14 zawsze jest na treningach. Od pocz\u0105tku cel za\u0142o\u017cenia dru\u017cyny by\u0142 taki, \u017ceby wyst\u0119powa\u0142a ona w rozgrywkach organizowanych przez WMZPN. Dopiero startujemy z nasz\u0105 dru\u017cyn\u0105, wi\u0119c nie liczymy od razu na wygran\u0105, ale mamy dziewczyny z charakterem, wi\u0119c rywalizacja na pewno b\u0119dzie spora<\/em> &#8211; m\u00f3wi\u0142a<strong> Karolina Biema, zawodniczka \u017ce\u0144skiej dru\u017cyny Polonii I\u0142owo.<\/strong><\/p>\n\n\n<p>Powy\u017csze wypowiedzi jednoznacznie wskazuj\u0105, \u017ce zainteresowanie pi\u0142k\u0105 no\u017cn\u0105 kobiet w wojew\u00f3dztwie warmi\u0144sko-mazurskim z roku na rok jest coraz wi\u0119ksze. Powstaje coraz wi\u0119cej dru\u017cyn, kt\u00f3re chc\u0105 ze sob\u0105 rywalizowa\u0107. Widzimy r\u00f3wnie\u017c, \u017ce naprawd\u0119 bardzo niewiele potrzeba, \u017ceby tak\u0105 \u017ce\u0144sk\u0105 dru\u017cyn\u0119 za\u0142o\u017cy\u0107. Na pocz\u0105tku mo\u017cna to zrobi\u0107 po prostu dla aktywnego sp\u0119dzania czasu, a p\u00f3\u017aniej mo\u017ce przerodzi\u0107 si\u0119 to w ch\u0119\u0107 do zdobywania laur\u00f3w.<\/p>\n\n\n\n<p><strong>Zach\u0119camy wi\u0119c raz jeszcze do tworzenia \u017ce\u0144skich dru\u017cyn przy klubach pi\u0142karskich w naszym wojew\u00f3dztwie!<\/strong><\/p>\n","protected":false},"excerpt":{"rendered":"<p>W rundzie jesiennej sezonu 2021\/22 wystartowa\u0142y rozgrywki kobiet na orlikach i boiskach o wymiarach orlik\u00f3w. Rozgrywki te zosta\u0142y dobrze przyj\u0119te przez wyst\u0119puj\u0105ce w nich dru\u017cyny, a tak\u017ce wp\u0142yn\u0119\u0142y na wzrost zainteresowania kobiec\u0105 pi\u0142k\u0105 no\u017cn\u0105. Trwaj\u0105 obecnie zapisy do rundy wiosennej tych rozgrywek: http:\/\/wmzpn.pl\/?p=24801 . Zach\u0119camy do tego istniej\u0105ce ju\u017c dru\u017cyny, ale tak\u017ce namawiamy, \u017ceby zak\u0142ada\u0107 [&hellip;]<\/p>\n","protected":false},"author":11,"featured_media":25031,"comment_status":"open","ping_status":"open","sticky":false,"template":"","format":"standard","meta":{"footnotes":""},"categories":[12,42,1],"tags":[],"class_list":["post-25027","post","type-post","status-publish","format-standard","has-post-thumbnail","hentry","category-aktualnosci","category-kobiety","category-uncategorized"],"_links":{"self":[{"href":"https:\/\/wmzpn.pl\/index.php?rest_route=\/wp\/v2\/posts\/25027","targetHints":{"allow":["GET"]}}],"collection":[{"href":"https:\/\/wmzpn.pl\/index.php?rest_route=\/wp\/v2\/posts"}],"about":[{"href":"https:\/\/wmzpn.pl\/index.php?rest_route=\/wp\/v2\/types\/post"}],"author":[{"embeddable":true,"href":"https:\/\/wmzpn.pl\/index.php?rest_route=\/wp\/v2\/users\/11"}],"replies":[{"embeddable":true,"href":"https:\/\/wmzpn.pl\/index.php?rest_route=%2Fwp%2Fv2%2Fcomments&post=25027"}],"version-history":[{"count":20,"href":"https:\/\/wmzpn.pl\/index.php?rest_route=\/wp\/v2\/posts\/25027\/revisions"}],"predecessor-version":[{"id":25107,"href":"https:\/\/wmzpn.pl\/index.php?rest_route=\/wp\/v2\/posts\/25027\/revisions\/25107"}],"wp:featuredmedia":[{"embeddable":true,"href":"https:\/\/wmzpn.pl\/index.php?rest_route=\/wp\/v2\/media\/25031"}],"wp:attachment":[{"href":"https:\/\/wmzpn.pl\/index.php?rest_route=%2Fwp%2Fv2%2Fmedia&parent=25027"}],"wp:term":[{"taxonomy":"category","embeddable":true,"href":"https:\/\/wmzpn.pl\/index.php?rest_route=%2Fwp%2Fv2%2Fcategories&post=25027"},{"taxonomy":"post_tag","embeddable":true,"href":"https:\/\/wmzpn.pl\/index.php?rest_route=%2Fwp%2Fv2%2Ftags&post=25027"}],"curies":[{"name":"wp","href":"https:\/\/api.w.org\/{rel}","templated":true}]}}