{"id":23761,"date":"2021-11-06T18:43:41","date_gmt":"2021-11-06T18:43:41","guid":{"rendered":"http:\/\/wmzpn.pl\/?p=23761"},"modified":"2021-11-06T18:46:22","modified_gmt":"2021-11-06T18:46:22","slug":"konferencja-trenerska-wmzpn-ostroda-4-5-grudnia-2021","status":"publish","type":"post","link":"https:\/\/wmzpn.pl\/?p=23761","title":{"rendered":"Konferencja Trenerska WMZPN, Ostr\u00f3da 4-5 grudnia 2021"},"content":{"rendered":"<p>W dniach 4-5 grudnia 2021 r., w Ostr\u00f3dzie odb\u0119dzie si\u0119 Konferencja Trenerska organizowana przez Warmi\u0144sko-Mazurski Zwi\u0105zek Pi\u0142ki No\u017cnej.<span id=\"more-9256\"><\/span><\/p>\n<p>&#8211; <em>Pierwszego dnia zale\u017cy nam na tym, \u017ceby pokaza\u0107 jak funkcjonuje profesjonalna Akademia Pi\u0142karska, przybli\u017caj\u0105c periodyzacj\u0119 taktyczn\u0105, jako teoretyczn\u0105 podstaw\u0119 programu szkolenia w Akademii Rakowa Cz\u0119stochowa. B\u0119dziemy mogli na chwil\u0119 porzuci\u0107 nasze \u201elokalne podw\u00f3rko\u201d i zobaczy\u0107, jak pracuje si\u0119 w akademii ekstraklasowego klubu. Podczas drugiego dnia konferencji prelegentami b\u0119d\u0105 wyr\u00f3\u017cnieni kursanci obecnej edycji kursu UEFA A. Tych dw\u00f3ch trener\u00f3w ma du\u017co ze sob\u0105 wsp\u00f3lnego, poniewa\u017c pracuj\u0105 na poziomie amatorskim, wykorzystuj\u0105c w swojej pracy w\u0142asny model gry. B\u0119dzie tak\u017ce z nami Rados\u0142aw Bella z Miedzi Legnicy, kt\u00f3ry przedstawi inne spojrzenie na gr\u0119 w tzw. dziadka. Jest to autor wielu publikacji i bloga trenerskiego \u201eSzach i Mat\u201d<\/em>\u2013 powiedzia\u0142 Marcin Przybyli\u0144ski, Wojew\u00f3dzki Koordynator ds. Kszta\u0142cenia i Licencjonowania Trener\u00f3w.<\/p>\n<p><span style=\"background-color: #ff99cc;\"><strong>POGRAM KONFERENCJI<\/strong><\/span><\/p>\n<p><img loading=\"lazy\" decoding=\"async\" class=\"alignnone size-full wp-image-23789\" src=\"http:\/\/wmzpn.pl\/wp-content\/uploads\/2021\/11\/plakat-o.png\" alt=\"\" width=\"1200\" height=\"1417\" srcset=\"https:\/\/wmzpn.pl\/wp-content\/uploads\/2021\/11\/plakat-o.png 1200w, https:\/\/wmzpn.pl\/wp-content\/uploads\/2021\/11\/plakat-o-254x300.png 254w, https:\/\/wmzpn.pl\/wp-content\/uploads\/2021\/11\/plakat-o-867x1024.png 867w, https:\/\/wmzpn.pl\/wp-content\/uploads\/2021\/11\/plakat-o-768x907.png 768w, https:\/\/wmzpn.pl\/wp-content\/uploads\/2021\/11\/plakat-o-696x822.png 696w, https:\/\/wmzpn.pl\/wp-content\/uploads\/2021\/11\/plakat-o-1068x1261.png 1068w, https:\/\/wmzpn.pl\/wp-content\/uploads\/2021\/11\/plakat-o-356x420.png 356w\" sizes=\"auto, (max-width: 1200px) 100vw, 1200px\" \/><\/p>\n<p><strong>Udzia\u0142 w konferencji jest odp\u0142atny.<\/strong><\/p>\n<p>JEDEN dzie\u0144 Konferencji \u2013\u00a0<strong>99,00 z\u0142<\/strong><br \/>\nDWA dni Konferencji \u2013\u00a0<strong>149,00 z\u0142<\/strong><\/p>\n<p><span style=\"background-color: #ff99cc;\"><strong>REJESTRACJA<\/strong><\/span><\/p>\n<p>Rejestracja na Konferencj\u0119 odbywa si\u0119 do ko\u0144ca dnia\u00a0<strong>30 listopada 2021 roku (do godz. 23:59)<\/strong>. Osoby kt\u00f3re nie zarejestruj\u0105 si\u0119 do w\/w. daty nie b\u0119d\u0105 mog\u0142y wzi\u0105\u0107 udzia\u0142u w wydarzeniu.<\/p>\n<p><strong>P\u0142atno\u015b\u0107 za udzia\u0142 w konferencji nale\u017cy ui\u015bci\u0107 na konto:<\/strong><br \/>\nWarmi\u0144sko-Mazurski Zwi\u0105zek Pi\u0142ki No\u017cnej<br \/>\nal. Pi\u0142sudskiego 69A, 10-449 Olsztyn<br \/>\nNumer konta: 78 2490 0005 0000 4530 3269 6505<br \/>\nTytu\u0142 przelewu: \u201eKonferencja trenerska\u201d Imi\u0119 i Nazwisko<\/p>\n<p><strong>Uwaga!<\/strong>\u00a0Aby wzi\u0105\u0107 udzia\u0142 w Konferencjach, nale\u017cy przes\u0142a\u0107 zg\u0142oszenie w formie elektronicznej poprzez platform\u0119 PZPN24, kt\u00f3ra znajduje si\u0119 na stronie\u00a0<a href=\"http:\/\/pzpn24.pzpn.pl\/\">pzpn24.pzpn.pl<\/a><\/p>\n<p>Nast\u0119pnie po zalogowaniu si\u0119 na swoje konto wybieramy zak\u0142adk\u0119:\u00a0<strong>Wydarzenia<\/strong>, nast\u0119pnie wybieramy\u00a0<strong>Kursy, licencje &amp; konferencje<\/strong>. W okienku\u00a0<strong>ORGANIZACJA<\/strong>\u00a0\u2013 wybieramy\u00a0<strong>Warmi\u0144sko-Mazurski ZPN<\/strong>, w okienku\u00a0<strong>RODZAJ<\/strong>\u00a0wybieramy\u00a0<strong>Konferencje trenerskie<\/strong>. Nast\u0119pnie w\u0142\u0105czamy opcj\u0119 \u201eaplikuj\u201d.<\/p>\n<p>Oba dni s\u0105 traktowane, jako niezale\u017cne od siebie konferencje. Nale\u017cy osobno aplikowa\u0107 si\u0119 na sobot\u0119 i osobno na niedziel\u0119.<\/p>\n<p><strong>Potwierdzenie op\u0142aty za konferencj\u0119 nale\u017cy przes\u0142a\u0107 mailem na adres: <span style=\"color: #339966;\">marcin.przybylinski@wmzpn.pl<br \/>\n<\/span><\/strong>Zg\u0142oszenie b\u0119dzie zaakceptowane po zaksi\u0119gowaniu wp\u0142aty na koncie.<\/p>\n<p>Po akceptacji wniosku i op\u0142aty przez WMZPN, status uczestnika zmieni si\u0119 na <strong>\u201ePRZYJ\u0118TO\u201d<\/strong>.<\/p>\n<p><span style=\"background-color: #ff99cc;\"><strong>ANULOWANIE WNIOSKU<\/strong><\/span><\/p>\n<p>Trener\u00f3w, kt\u00f3rzy zapisali si\u0119 na konferencj\u0119, a z r\u00f3\u017cnych przyczyn nie b\u0119d\u0105 mogli wzi\u0105\u0107 udzia\u0142u, prosimy o anulowanie swojego wniosku.<\/p>\n<p>Uczestnictwo mo\u017cna anulowa\u0107 na platformie PZPN24 -&gt; Wydarzenia -&gt; Moje wnioski -&gt; Anuluj.<\/p>\n<p>Trenerzy, kt\u00f3rzy nie b\u0119d\u0105 obecni oraz nie anuluj\u0105 swojego wniosku do dnia <strong>30 listopada 2021<\/strong> roku nie b\u0119d\u0105 mogli uczestniczy\u0107 w dw\u00f3ch kolejnych edycjach konferencji organizowanych przez WMZPN.<\/p>\n<p><span style=\"background-color: #ff99cc;\"><strong>CERTYFIKATY<\/strong><\/span><\/p>\n<p>Podczas ka\u017cdego dnia Konferencji Trenerskiej WMZPN zostanie przeprowadzona dwukrotna weryfikacja uczestnictwa ka\u017cdego trenera w wydarzeniu. Osoby, kt\u00f3re nie zostan\u0105 zweryfikowane nie otrzymaj\u0105 certyfikatu potwierdzaj\u0105cego uczestnictwo.<\/p>\n<p>Po odbytym ka\u017cdym dniu konferencji na kontach trenerskich pojawi\u0105 si\u0119 certyfikaty. Certyfikat przyznany za ka\u017cdy dzie\u0144 konferencji jest potwierdzeniem udzia\u0142u w dokszta\u0142caniu trenerskim zgodnie z Konwencj\u0105 Trenersk\u0105 UEFA w wymiarze:<\/p>\n<ul>\n<li>Grassroots D \u2013 5 godzin\/punkt\u00f3w<\/li>\n<li>Grassroots C \u2013 5 godzin\/punkt\u00f3w<\/li>\n<li>UEFA PRO \u2013 5 godzin\/punkt\u00f3w<\/li>\n<li>UEFA Elite Youth A \u2013 5 godziny\/punkty<\/li>\n<li>UEFA A \u2013 5 godziny\/punkty<\/li>\n<li>UEFA B \u2013 5 godzin\/punkt\u00f3w<\/li>\n<\/ul>\n<p><span style=\"background-color: #ff99cc;\"><strong>MIEJSCE<\/strong><\/span><\/p>\n<p>Konferencja odb\u0119dzie si\u0119 w Hali Sportowo-Widowiskowej w Ostr\u00f3dzie, przy ul. Ko\u015bciuszki 22A. Darmowy parking b\u0119dzie dost\u0119pny przy hali.<\/p>\n<p><em>W przypadku braku mo\u017cliwo\u015bci udzia\u0142u os\u00f3b w wydarzeniu z przyczyn niezale\u017cnych od WMZPN (np. ze wzgl\u0119du na obostrzenia, kt\u00f3re mog\u0105 pojawi\u0107 si\u0119 do dnia organizacji konferencji) &#8211; odb\u0119dzie si\u0119 ona w formule ONLINE.\u00a0 \u00a0 \u00a0<\/em><\/p>\n<p><span style=\"background-color: #ff99cc;\"><strong>BAZA NOCLEGOWA<\/strong><\/span><\/p>\n<p>Dla trener\u00f3w bior\u0105cych udzia\u0142 w dw\u00f3ch dniach konferencji poni\u017cej zamieszczamy linki do hoteli po\u0142o\u017conych tu\u017c przy Hali widowiskowo-sportowej, w kt\u00f3rych na has\u0142o<strong>&#8221; KONFERENCJA WMZPN&#8221;<\/strong> otrzymaj\u0105 Pa\u0144stwo specjalne ceny.<br \/>\n<a href=\"https:\/\/apartamenty-ostroda.pl\/\" target=\"_blank\" rel=\"noopener noreferrer\">Hotel Apartamenty Ostr\u00f3da<\/a><br \/>\npok\u00f3j dwuosobowy &#8211; 229 z\u0142 \/ pok\u00f3j jednoosobowy &#8211; 199 z\u0142<br \/>\n<a href=\"https:\/\/www.facebook.com\/hoteldompoloniiostroda\/?ref=page_internal\" target=\"_blank\" rel=\"noopener noreferrer\">Hotel Dom Polonii<\/a><br \/>\npok\u00f3j dwuosobowy &#8211; 210 z\u0142 \/ pok\u00f3j jednoosobowy &#8211; 160 z\u0142<\/p>\n<p><span style=\"background-color: #ff99cc;\"><strong>KONTAKT<\/strong><\/span><\/p>\n<p>W przypadku pyta\u0144 prosimy o kontakt z Koordynatorem Kszta\u0142cenia i Licencjonowania Trener\u00f3w woj. Warmi\u0144sko-Mazurskiego:<\/p>\n<p>Marcin Przybyli\u0144ski<br \/>\n<strong>tel.:<\/strong> 697 727 033<br \/>\n<strong>e-mail:<\/strong>\u00a0<a href=\"mailto:marcin.przybylinski@wmzpn.pl\">marcin.przybylinski@wmzpn.pl<\/a><\/p>\n","protected":false},"excerpt":{"rendered":"<p>W dniach 4-5 grudnia 2021 r., w Ostr\u00f3dzie odb\u0119dzie si\u0119 Konferencja Trenerska organizowana przez Warmi\u0144sko-Mazurski Zwi\u0105zek Pi\u0142ki No\u017cnej. &#8211; Pierwszego dnia zale\u017cy nam na tym, \u017ceby pokaza\u0107 jak funkcjonuje profesjonalna Akademia Pi\u0142karska, przybli\u017caj\u0105c periodyzacj\u0119 taktyczn\u0105, jako teoretyczn\u0105 podstaw\u0119 programu szkolenia w Akademii Rakowa Cz\u0119stochowa. B\u0119dziemy mogli na chwil\u0119 porzuci\u0107 nasze \u201elokalne podw\u00f3rko\u201d i zobaczy\u0107, jak [&hellip;]<\/p>\n","protected":false},"author":2,"featured_media":23766,"comment_status":"open","ping_status":"open","sticky":false,"template":"","format":"standard","meta":{"footnotes":""},"categories":[211,23],"tags":[],"class_list":["post-23761","post","type-post","status-publish","format-standard","has-post-thumbnail","hentry","category-szkolenia","category-trenerzy"],"_links":{"self":[{"href":"https:\/\/wmzpn.pl\/index.php?rest_route=\/wp\/v2\/posts\/23761","targetHints":{"allow":["GET"]}}],"collection":[{"href":"https:\/\/wmzpn.pl\/index.php?rest_route=\/wp\/v2\/posts"}],"about":[{"href":"https:\/\/wmzpn.pl\/index.php?rest_route=\/wp\/v2\/types\/post"}],"author":[{"embeddable":true,"href":"https:\/\/wmzpn.pl\/index.php?rest_route=\/wp\/v2\/users\/2"}],"replies":[{"embeddable":true,"href":"https:\/\/wmzpn.pl\/index.php?rest_route=%2Fwp%2Fv2%2Fcomments&post=23761"}],"version-history":[{"count":8,"href":"https:\/\/wmzpn.pl\/index.php?rest_route=\/wp\/v2\/posts\/23761\/revisions"}],"predecessor-version":[{"id":23790,"href":"https:\/\/wmzpn.pl\/index.php?rest_route=\/wp\/v2\/posts\/23761\/revisions\/23790"}],"wp:featuredmedia":[{"embeddable":true,"href":"https:\/\/wmzpn.pl\/index.php?rest_route=\/wp\/v2\/media\/23766"}],"wp:attachment":[{"href":"https:\/\/wmzpn.pl\/index.php?rest_route=%2Fwp%2Fv2%2Fmedia&parent=23761"}],"wp:term":[{"taxonomy":"category","embeddable":true,"href":"https:\/\/wmzpn.pl\/index.php?rest_route=%2Fwp%2Fv2%2Fcategories&post=23761"},{"taxonomy":"post_tag","embeddable":true,"href":"https:\/\/wmzpn.pl\/index.php?rest_route=%2Fwp%2Fv2%2Ftags&post=23761"}],"curies":[{"name":"wp","href":"https:\/\/api.w.org\/{rel}","templated":true}]}}