{"id":23721,"date":"2021-11-03T13:09:36","date_gmt":"2021-11-03T13:09:36","guid":{"rendered":"http:\/\/wmzpn.pl\/?p=23721"},"modified":"2021-11-03T13:09:36","modified_gmt":"2021-11-03T13:09:36","slug":"okiem-prezesa-szymon-nowokunski","status":"publish","type":"post","link":"https:\/\/wmzpn.pl\/?p=23721","title":{"rendered":"#Okiem Prezesa &#8211; Szymon Nowoku\u0144ski"},"content":{"rendered":"\n<p><strong>Czas na kolejny wywiad z cyklu #OkiemPrezesa. Na dzi\u015b przygotowali\u015bmy dla Was rozmow\u0119 z Prezesem klubu Jastrz\u0105b Gl\u0119dy, Szymonem Nowoku\u0144skim. <\/strong><\/p>\n\n\n\n<p><strong>Na pocz\u0105tek powied\u017a,<\/strong> <strong>kiedy zosta\u0142e\u015b Prezesem klubu z Gl\u0119d i sk\u0105d w og\u00f3le pomys\u0142, \u017ceby nim zosta\u0107?<\/strong><\/p>\n\n\n\n<p>Swoj\u0105 przygod\u0119 jako Prezes z klubem Jastrz\u0105b Gl\u0119dy zacz\u0105\u0142em w listopadzie 2018 roku, kiedy to na walnym zebraniu zarz\u0105du Klubu zosta\u0142em wybrany na t\u0119 funkcje. W tamtym czasie w\u015br\u00f3d cz\u0142onk\u00f3w Klubu nasta\u0142a potrzeba pewnych zmian, wprowadzenia powiewu nowo\u015bci w zespole. Kilka os\u00f3b blisko zwi\u0105zanych z klubem mnie namawia\u0142o, no i zgodzi\u0142em si\u0119.<\/p>\n\n\n\n<p><strong>Praca Prezesa to praca spo\u0142eczna, powiedz, jak udaje ci si\u0119 to \u0142\u0105czy\u0107 ze sprawami stricte zawodowymi?<\/strong><\/p>\n\n\n\n<p>No dok\u0142adnie, to prawda\u2026 Opr\u00f3cz spraw klubowych jest \u017cycie rodzinne i zawodowe. Trzeba dzia\u0142a\u0107 tak, aby te elementy ze sob\u0105 pogodzi\u0107. Chocia\u017c czasem brakuje na to wszystko czasu. Dobrze, \u017ce w sprawach klubowych jest kilka os\u00f3b, kt\u00f3re mnie w tym wspieraj\u0105.<\/p>\n\n\n\n<p><strong>To co dla ciebie jest najfajniejsze w byciu Prezesem, a do jakich spraw musisz si\u0119 wr\u0119cz zmusza\u0107?<\/strong><\/p>\n\n\n\n<p>Na pewno fajnie jest dzia\u0142a\u0107 dla dobra Klubu, kt\u00f3ry jest w moim sercu ju\u017c od d\u0142u\u017cszego czasu oraz dla tych wszystkich ludzi z nim zwi\u0105zanych. Z drugiej strony nie spodziewa\u0142em si\u0119 tego, \u017ce a\u017c tyle jest obowi\u0105zk\u00f3w, o kt\u00f3re trzeba zadba\u0107, aby Klub p\u0142ynnie i bez problem\u00f3w funkcjonowa\u0142.<\/p>\n\n\n\n<p><strong>To jak Prezes oceni wyst\u0119p swojego zespo\u0142u w rundzie jesiennej tego sezonu?<\/strong><\/p>\n\n\n\n<p>W rundzie jesiennej obecnego sezonu 21\/22 spisali\u015bmy si\u0119 bardzo dobrze, o wiele lepiej ni\u017c w poprzednim sezonie po 1 rundzie. Mo\u017ce w paru meczach zabrak\u0142o nam szcz\u0119\u015bcia i by\u0142oby jeszcze lepiej. Mamy niewielk\u0105 strat\u0119 do czo\u0142\u00f3wki i to jest dobra pozycja wyj\u015bciowa. Runda wiosenna w naszym wykonaniu by\u0142a zawsze lepsza od rundy jesiennej.<\/p>\n\n\n\n<p><strong>Czy b\u0119dziecie si\u0119 rozgl\u0105da\u0107 za nowymi zawodnikami, czy raczej gracie dalej tym samym sk\u0142adem?<\/strong><\/p>\n\n\n\n<p>Obecn\u0105 kadr\u0105 gramy ju\u017c par\u0119 sezon\u00f3w. S\u0105 s\u0142absze elementy, kt\u00f3re trzeba eliminowa\u0107, poprawia\u0107 i nasz trener to wy\u0142apuje. Jest spore zainteresowanie gr\u0105 na szczeblu A-Klasy, zg\u0142aszaj\u0105 si\u0119 do nas zawodnicy (przewa\u017cnie z naszej Gminy), kt\u00f3rych testujemy na treningach. Je\u017celi Trener uzna \u017ce dany zawodnik mo\u017ce by\u0107 dla Nas wzmocnieniem, to taki gracz podpisuje z nami deklaracje gry.<\/p>\n\n\n\n<p><strong>No w\u0142a\u015bnie to mia\u0142o by\u0107 moje nast\u0119pne pytanie. Czyli gracie praktycznie tylko zawodnikami z waszego terenu?<\/strong><\/p>\n\n\n\n<p>Tak. W wi\u0119kszej mierze mamy zawodnik\u00f3w z naszej Gminy \u0141ukta, ale te\u017c od jakiego\u015b czasu jest z nami paru ch\u0142opak\u00f3w, kt\u00f3rzy doje\u017cd\u017caj\u0105 do nas na treningi i mecze z miejscowo\u015bci oddalonych od Gl\u0119d\u00a0 kilkadziesi\u0105t kilometr\u00f3w.<\/p>\n\n\n\n<p><strong>Prezes wtr\u0105ca si\u0119 do ustalania kadry i kontraktowania zawodnik\u00f3w?<\/strong><\/p>\n\n\n\n<p>Oczywi\u015bcie ustalanie kadry meczowej nale\u017cy do trenera i to on podejmuje decyzje, kto zagra w danym meczu.&nbsp; Co do kontraktowania zawodnik\u00f3w to wsp\u00f3lnie zarz\u0105d klubu wraz z trenerem ustalaj\u0105 i finalizuj\u0105 dany transfer.<\/p>\n\n\n\n<p><strong>W tym sezonie w waszym klubie bardzo widoczni s\u0105 kibice i ich oprawy meczowe. Czy od dawna was tak wspieraj\u0105?<\/strong><\/p>\n\n\n\n<p>Tak, musz\u0119 powiedzie\u0107, \u017ce jak na tak\u0105 ma\u0142\u0105 miejscowo\u015b\u0107 jak Gl\u0119dy jest bardzo du\u017ce zainteresowanie pi\u0142k\u0105 no\u017cn\u0105. Nasi fani wspieraj\u0105 nas od pocz\u0105tku i te\u017c coraz bardziej si\u0119 rozwijaj\u0105 pod k\u0105tem &#8221;kibicowskim&#8221;. Na meczach jest dobry doping, oraz w kilku spotkaniach oprawy by\u0142y takie, \u017ce nie powstydzi\u0142yby si\u0119 ich Kluby z 1 ligi.<\/p>\n\n\n\n<p><strong>Czyli mo\u017cna powiedzie\u0107, \u017ce ludzie \u017cyj\u0105 pi\u0142k\u0105 no\u017cn\u0105 u was na co dzie\u0144?<\/strong><\/p>\n\n\n\n<p>No na pewno, jest to jaka\u015b odskocznia od codzienno\u015bci. Miejscowa spo\u0142eczno\u015b\u0107 co weekend, jak jest mecz, wype\u0142nia miejsca przeznaczone na obiekcie sportowym dla kibic\u00f3w.<\/p>\n\n\n\n<p><strong>A jak jest u was z infrastruktur\u0105 sportow\u0105? Jest ona odpowiednia, czy jaki\u015b remont by si\u0119 przyda\u0142?<\/strong><\/p>\n\n\n\n<p>Du\u017co pracy w\u0142o\u017cyli\u015bmy w nasz obiekt sportowy w Gl\u0119dach. Z roku na rok staramy si\u0119 go modernizowa\u0107. Powsta\u0142o ogrodzenie dooko\u0142a boiska, zosta\u0142a zmodernizowana murawa na boisku, na kt\u00f3rym wprowadzili\u015bmy opcje nawadniania. Wymienili\u015bmy na nowe, miejsca dla rezerwowych oraz bramki. Do budynk\u00f3w szatni dobudowali\u015bmy pomieszczenia na \u0142azienki dla zawodnik\u00f3w i s\u0119dzi\u00f3w. W 2022 roku zostanie utworzone o\u015bwietlone boisko treningowe, kt\u00f3re b\u0119dzie dost\u0119pne dla wszystkich mieszka\u0144c\u00f3w Gl\u0119d. Na pewno jest jeszcze troch\u0119 do poprawy, ale systematycznie staramy si\u0119 sprosta\u0107 wymaganiom licencyjnym WMZPN-u.<\/p>\n\n\n\n<p><strong>Czy w planach kr\u00f3tko b\u0105d\u017a d\u0142ugoterminowych jest awans waszego klubu do Klasy Okr\u0119gowej?<\/strong><\/p>\n\n\n\n<p>Gra si\u0119 aby osi\u0105ga\u0107 jakie\u015b konkretne cele.&nbsp; Awans do Klasy Okr\u0119gowej by\u0142by jednym z nich. Na razie skupiamy si\u0119 na naszej grze i meczach, aby spisywa\u0107 si\u0119 w nich jak najlepiej i jak najwi\u0119cej zdobywa\u0107 punkt\u00f3w. Je\u017celi na koniec sezonu by\u015bmy zaj\u0119li miejsce premiowane awansem na pewno by\u015bmy z tego skorzystali.<\/p>\n\n\n\n<p>Dzi\u0119kuje za rozmow\u0119.<\/p>\n","protected":false},"excerpt":{"rendered":"<p>Czas na kolejny wywiad z cyklu #OkiemPrezesa. Na dzi\u015b przygotowali\u015bmy dla Was rozmow\u0119 z Prezesem klubu Jastrz\u0105b Gl\u0119dy, Szymonem Nowoku\u0144skim. Na pocz\u0105tek powied\u017a, kiedy zosta\u0142e\u015b Prezesem klubu z Gl\u0119d i sk\u0105d w og\u00f3le pomys\u0142, \u017ceby nim zosta\u0107? Swoj\u0105 przygod\u0119 jako Prezes z klubem Jastrz\u0105b Gl\u0119dy zacz\u0105\u0142em w listopadzie 2018 roku, kiedy to na walnym zebraniu [&hellip;]<\/p>\n","protected":false},"author":11,"featured_media":23722,"comment_status":"open","ping_status":"open","sticky":false,"template":"","format":"standard","meta":{"footnotes":""},"categories":[185],"tags":[],"class_list":["post-23721","post","type-post","status-publish","format-standard","has-post-thumbnail","hentry","category-okiemprezesa"],"_links":{"self":[{"href":"https:\/\/wmzpn.pl\/index.php?rest_route=\/wp\/v2\/posts\/23721","targetHints":{"allow":["GET"]}}],"collection":[{"href":"https:\/\/wmzpn.pl\/index.php?rest_route=\/wp\/v2\/posts"}],"about":[{"href":"https:\/\/wmzpn.pl\/index.php?rest_route=\/wp\/v2\/types\/post"}],"author":[{"embeddable":true,"href":"https:\/\/wmzpn.pl\/index.php?rest_route=\/wp\/v2\/users\/11"}],"replies":[{"embeddable":true,"href":"https:\/\/wmzpn.pl\/index.php?rest_route=%2Fwp%2Fv2%2Fcomments&post=23721"}],"version-history":[{"count":2,"href":"https:\/\/wmzpn.pl\/index.php?rest_route=\/wp\/v2\/posts\/23721\/revisions"}],"predecessor-version":[{"id":23724,"href":"https:\/\/wmzpn.pl\/index.php?rest_route=\/wp\/v2\/posts\/23721\/revisions\/23724"}],"wp:featuredmedia":[{"embeddable":true,"href":"https:\/\/wmzpn.pl\/index.php?rest_route=\/wp\/v2\/media\/23722"}],"wp:attachment":[{"href":"https:\/\/wmzpn.pl\/index.php?rest_route=%2Fwp%2Fv2%2Fmedia&parent=23721"}],"wp:term":[{"taxonomy":"category","embeddable":true,"href":"https:\/\/wmzpn.pl\/index.php?rest_route=%2Fwp%2Fv2%2Fcategories&post=23721"},{"taxonomy":"post_tag","embeddable":true,"href":"https:\/\/wmzpn.pl\/index.php?rest_route=%2Fwp%2Fv2%2Ftags&post=23721"}],"curies":[{"name":"wp","href":"https:\/\/api.w.org\/{rel}","templated":true}]}}