{"id":23631,"date":"2021-10-26T07:50:37","date_gmt":"2021-10-26T07:50:37","guid":{"rendered":"http:\/\/wmzpn.pl\/?p=23631"},"modified":"2021-10-26T07:50:37","modified_gmt":"2021-10-26T07:50:37","slug":"szkolenie-trenerskie-z-tomaszem-zahorskim","status":"publish","type":"post","link":"https:\/\/wmzpn.pl\/?p=23631","title":{"rendered":"Szkolenie trenerskie z Tomaszem Zahorskim"},"content":{"rendered":"\n<p>Warmi\u0144sko-Mazurski Zwi\u0105zek Pi\u0142ki No\u017cnej zaprasza trener\u00f3w do wzi\u0119cia udzia\u0142u w kolejnym szkoleniu trenerskim. Prelegentem szkolenia b\u0119dzie Trener Tomasz Zahorski \u2013&nbsp;Trener asystent Reprezentacji Polski U-19.<\/p>\n\n\n\n<p><strong>Temat: Praca z napastnikami na przyk\u0142adzie m\u0142odzie\u017cowych Reprezentacji Polski.&nbsp;<\/strong><\/p>\n\n\n\n<p><strong>Termin:<\/strong>&nbsp;24 listopada 2021 \/ \u015broda<br><strong>Miejsce:<\/strong>&nbsp;Stadion OCSiR Ostr\u00f3da, ul. 3 Maja 19<br><strong>Godzina:<\/strong>&nbsp;17:00 \u2013 22:00<br><strong>Koszt:<\/strong>&nbsp;49 z\u0142<\/p>\n\n\n\n<p><strong>Zapisy:<\/strong>&nbsp;Aby wzi\u0105\u0107 udzia\u0142 w Warsztatach, nale\u017cy przes\u0142a\u0107 zg\u0142oszenie w formie elektronicznej poprzez platform\u0119 PZPN24, kt\u00f3ra znajduje si\u0119 na stronie&nbsp;<a href=\"http:\/\/pzpn24.pzpn.pl\/\" target=\"_blank\" rel=\"noreferrer noopener\">pzpn24.pzpn.pl<\/a><\/p>\n\n\n\n<p><strong>Wp\u0142aty nale\u017cy dokona\u0107 na konto bankowe:<\/strong><\/p>\n\n\n\n<p><strong>78 2490 0005 0000 4530 3269 6505<\/strong><\/p>\n\n\n\n<p>Warmi\u0144sko-Mazurski Zwi\u0105zek Pi\u0142ki No\u017cnej, Pi\u0142sudskiego 69a, 10-449 Olsztyn<\/p>\n\n\n\n<p><strong>Opis: szkolenie trenerskie 24.11.2021, imi\u0119 i nazwisko<\/strong><\/p>\n\n\n\n<p><strong>Potwierdzenie op\u0142aty prosz\u0119 przesy\u0142a\u0107 na adres:&nbsp;<\/strong><strong><a href=\"mailto:marcin.przybylinski@wmzpn.pl\">marcin.przybylinski@wmzpn.pl<\/a><\/strong><strong>&nbsp;w ci\u0105gu 3 dni od aplikacji w systemie. Brak wp\u0142aty spowoduje automatyczne anulowanie aplikacji.<\/strong><\/p>\n\n\n\n<p>Po odbytych szkoleniach na kontach trenerskich pojawi\u0105 si\u0119 certyfikaty. Certyfikat jest potwierdzeniem udzia\u0142u w dokszta\u0142caniu trenerskim zgodnie z Konwencj\u0105 Trenersk\u0105 UEFA w wymiarze:<\/p>\n\n\n\n<p>\u00b7&nbsp;&nbsp;&nbsp;&nbsp;&nbsp;&nbsp;&nbsp;&nbsp;&nbsp;Grassroots D \u2013 3 godziny\/punkty<\/p>\n\n\n\n<p>\u00b7&nbsp;&nbsp;&nbsp;&nbsp;&nbsp;&nbsp;&nbsp;&nbsp;&nbsp;Grassroots C \u2013 3 godziny\/punkty<\/p>\n\n\n\n<p>\u00b7&nbsp;&nbsp;&nbsp;&nbsp;&nbsp;&nbsp;&nbsp;&nbsp;&nbsp;UEFA PRO \u2013 3 godziny\/punkty<\/p>\n\n\n\n<p>\u00b7&nbsp;&nbsp;&nbsp;&nbsp;&nbsp;&nbsp;&nbsp;&nbsp;&nbsp;UEFA Elite Youth A \u2013 3 godziny\/punkty<\/p>\n\n\n\n<p>\u00b7&nbsp;&nbsp;&nbsp;&nbsp;&nbsp;&nbsp;&nbsp;&nbsp;&nbsp;UEFA A \u20133 godziny\/punkty<\/p>\n\n\n\n<p>\u00b7&nbsp;&nbsp;&nbsp;&nbsp;&nbsp;&nbsp;&nbsp;&nbsp;&nbsp;UEFA B \u2013 3 godziny\/punkty<\/p>\n\n\n\n<p>\u00b7&nbsp;&nbsp;&nbsp;&nbsp;&nbsp;&nbsp;&nbsp;&nbsp;&nbsp;Grassroots C \u2013 3 godziny\/punkty<\/p>\n\n\n\n<p><strong>KONTAKT<\/strong><\/p>\n\n\n\n<p>W przypadku pyta\u0144, prosimy o kontakt z Koordynatorem Kszta\u0142cenia i Licencjonowania Trener\u00f3w woj. Warmi\u0144sko-Mazurskiego:<\/p>\n\n\n\n<p>Marcin Przybyli\u0144ski<br><strong>tel.:<\/strong>&nbsp;697-727-033<br><strong>e-mail:<\/strong>&nbsp;<a href=\"mailto:marcin.przybylinski@wmzpn.pl\" target=\"_blank\" rel=\"noreferrer noopener\">marcin.przybylinski@wmzpn.pl<\/a><\/p>\n\n\n\n<p>Wszystkie szkolenia organizowane przez Warmi\u0144sko-Mazurski Zwi\u0105zek Pi\u0142ki No\u017cnej dost\u0119pne s\u0105 r\u00f3wnie\u017c na stronie&nbsp;<a href=\"http:\/\/akademia.wmzpn.pl\/\">http:\/\/akademia.wmzpn.pl\/<\/a><\/p>\n","protected":false},"excerpt":{"rendered":"<p>Warmi\u0144sko-Mazurski Zwi\u0105zek Pi\u0142ki No\u017cnej zaprasza trener\u00f3w do wzi\u0119cia udzia\u0142u w kolejnym szkoleniu trenerskim. Prelegentem szkolenia b\u0119dzie Trener Tomasz Zahorski \u2013&nbsp;Trener asystent Reprezentacji Polski U-19. Temat: Praca z napastnikami na przyk\u0142adzie m\u0142odzie\u017cowych Reprezentacji Polski.&nbsp; Termin:&nbsp;24 listopada 2021 \/ \u015brodaMiejsce:&nbsp;Stadion OCSiR Ostr\u00f3da, ul. 3 Maja 19Godzina:&nbsp;17:00 \u2013 22:00Koszt:&nbsp;49 z\u0142 Zapisy:&nbsp;Aby wzi\u0105\u0107 udzia\u0142 w Warsztatach, nale\u017cy przes\u0142a\u0107 zg\u0142oszenie [&hellip;]<\/p>\n","protected":false},"author":11,"featured_media":23639,"comment_status":"open","ping_status":"open","sticky":false,"template":"","format":"standard","meta":{"footnotes":""},"categories":[28,23,1],"tags":[],"class_list":["post-23631","post","type-post","status-publish","format-standard","has-post-thumbnail","hentry","category-kursy-szkolenia","category-trenerzy","category-uncategorized"],"_links":{"self":[{"href":"https:\/\/wmzpn.pl\/index.php?rest_route=\/wp\/v2\/posts\/23631","targetHints":{"allow":["GET"]}}],"collection":[{"href":"https:\/\/wmzpn.pl\/index.php?rest_route=\/wp\/v2\/posts"}],"about":[{"href":"https:\/\/wmzpn.pl\/index.php?rest_route=\/wp\/v2\/types\/post"}],"author":[{"embeddable":true,"href":"https:\/\/wmzpn.pl\/index.php?rest_route=\/wp\/v2\/users\/11"}],"replies":[{"embeddable":true,"href":"https:\/\/wmzpn.pl\/index.php?rest_route=%2Fwp%2Fv2%2Fcomments&post=23631"}],"version-history":[{"count":1,"href":"https:\/\/wmzpn.pl\/index.php?rest_route=\/wp\/v2\/posts\/23631\/revisions"}],"predecessor-version":[{"id":23633,"href":"https:\/\/wmzpn.pl\/index.php?rest_route=\/wp\/v2\/posts\/23631\/revisions\/23633"}],"wp:featuredmedia":[{"embeddable":true,"href":"https:\/\/wmzpn.pl\/index.php?rest_route=\/wp\/v2\/media\/23639"}],"wp:attachment":[{"href":"https:\/\/wmzpn.pl\/index.php?rest_route=%2Fwp%2Fv2%2Fmedia&parent=23631"}],"wp:term":[{"taxonomy":"category","embeddable":true,"href":"https:\/\/wmzpn.pl\/index.php?rest_route=%2Fwp%2Fv2%2Fcategories&post=23631"},{"taxonomy":"post_tag","embeddable":true,"href":"https:\/\/wmzpn.pl\/index.php?rest_route=%2Fwp%2Fv2%2Ftags&post=23631"}],"curies":[{"name":"wp","href":"https:\/\/api.w.org\/{rel}","templated":true}]}}