{"id":22929,"date":"2021-09-14T04:50:32","date_gmt":"2021-09-14T04:50:32","guid":{"rendered":"http:\/\/wmzpn.pl\/?p=22929"},"modified":"2021-09-15T06:55:25","modified_gmt":"2021-09-15T06:55:25","slug":"zarzad-zatwierdzil-sklady-kolejnych-6-komisji-na-kadencje-2021-2025","status":"publish","type":"post","link":"https:\/\/wmzpn.pl\/?p=22929","title":{"rendered":"Zarz\u0105d zatwierdzi\u0142 sk\u0142ady kolejnych 6 komisji na kadencj\u0119 2021-2025"},"content":{"rendered":"\n<p>Zarz\u0105d WMZPN podczas zdalnego posiedzenia, kt\u00f3re odby\u0142o si\u0119 w formie wideokonferencji w dniu 13 wrze\u015bnia 2021 roku zatwierdzi\u0142 sk\u0142ady Komisji Technicznej, Komisji ds. Licencji Trenerskich, Komisji ds. Licencji Klubowych, Komisji ds. uzgadniania projekt\u00f3w budowy, przebudowy oraz modernizacji stadion\u00f3w, Komisji Pi\u0142ki Kobiecej, a tak\u017ce Prezydium Klubu Seniora.<\/p>\n\n\n\n<p><strong>Komisja Techniczna<\/strong><\/p>\n\n\n\n<ol class=\"wp-block-list\" type=\"1\"><li>Mariusz Niedzi\u00f3\u0142ka \u2013 Przewodnicz\u0105cy<\/li><li>Adam \u0141opatko \u2013 Wiceprzewodnicz\u0105cy<\/li><li>Marcin Przybyli\u0144ski&nbsp;\u2013 Sekretarz<\/li><li>Grzegorz \u017bytkiewicz&nbsp;\u2013 Cz\u0142onek<\/li><li>Micha\u0142 Trzeciakiewicz \u2013 Cz\u0142onek<\/li><li>Kamil Koz\u0142owski&nbsp;\u2013 Cz\u0142onek<\/li><li>Karol Przyby\u0142a \u2013 Cz\u0142onek<\/li><li>Marek Maleszewski \u2013 Cz\u0142onek<\/li><\/ol>\n\n\n\n<p><strong>Komisja ds. Licencji Trenerskich<\/strong><\/p>\n\n\n\n<ol class=\"wp-block-list\" type=\"1\"><li>Miros\u0142aw Miller \u2013 Przewodnicz\u0105cy<\/li><li>Edward Szmul \u2013 Wiceprzewodnicz\u0105cy<\/li><li>Marcin Przybyli\u0144ski&nbsp;\u2013 Sekretarz<\/li><\/ol>\n\n\n\n<p><strong>Komisja ds. Licencji Klubowych<\/strong><\/p>\n\n\n\n<ol class=\"wp-block-list\" type=\"1\"><li>Wies\u0142aw \u017bmuda \u2013 Przewodnicz\u0105cy<\/li><li>Kazimierz Borkowski\u00a0\u2013 Wiceprzewodnicz\u0105cy<\/li><li>Krzysztof Zielazny\u00a0 \u2013 Sekretarz<\/li><li>Grzegorz B\u0142ocki \u2013 Cz\u0142onek<\/li><li>Kamil Czy\u017cak \u2013 Cz\u0142onek<\/li><li>Zbigniew Konobrocki \u2013 Cz\u0142onek<\/li><li>Roman Kowalski \u2013 Cz\u0142onek<\/li><li>Miros\u0142aw Radomski \u2013 Cz\u0142onek<\/li><li>Artur Wyszy\u0144ski \u2013 Cz\u0142onek<\/li><\/ol>\n\n\n\n<p><strong>Komisja ds. uzgadniania projekt\u00f3w budowy, przebudowy oraz modernizacji stadion\u00f3w<\/strong><\/p>\n\n\n\n<ol class=\"wp-block-list\" type=\"1\"><li>Mariusz Perlejewski \u2013 Przewodnicz\u0105cy<\/li><li>Edward Szmul&nbsp;\u2013 Wiceprzewodnicz\u0105cy<\/li><li>Wies\u0142aw \u017bmuda \u2013 Sekretarz<\/li><li>Bogdan Pietkiewicz \u2013 Cz\u0142onek<\/li><li>Leszek Kopiczy\u0144ski \u2013 Cz\u0142onek<\/li><\/ol>\n\n\n\n<p><strong>Komisja Pi\u0142karstwa Kobiecego<\/strong><\/p>\n\n\n\n<ol class=\"wp-block-list\" type=\"1\"><li>Edward Szmul (Orl\u0119ta Reszel) \u2013 Przewodnicz\u0105cy<\/li><li>Dariusz Maleszewski (KKP Stomilanki Olsztyn) \u2013 Wiceprzewodnicz\u0105cy<\/li><li>Marek Maleszewski (AS Stomil Olsztyn) \u2013 Wiceprzewodnicz\u0105cy<\/li><li>Jaros\u0142aw Roszkowski (SMS Kurz\u0119tnik) \u2013 Sekretarz<\/li><li>\u0141ukasz Gurowski (KKP Jezioranki I\u0142awa) \u2013 Cz\u0142onek<\/li><li>Kamil Zdziech (KKS Hanza Elbl\u0105g) \u2013 Cz\u0142onek<\/li><\/ol>\n\n\n\n<p><strong>Prezydium Klubu Seniora<\/strong><\/p>\n\n\n\n<ol class=\"wp-block-list\" type=\"1\"><li>Jan Wi\u015bniewski&nbsp;\u2013 Przewodnicz\u0105cy<\/li><li>Tadeusz D\u0105browski&nbsp;\u2013 Wiceprzewodnicz\u0105cy<\/li><li>Szymon Czy\u017cewski&nbsp;\u2013 Sekretarz<\/li><\/ol>\n\n\n\n<p>Przypominamy, \u017ce sk\u0142ady Komisji Rozgrywek, Komisji Dyscyplinarnej, Komisji ds. Bezpiecze\u0144stwa na Obiektach Pi\u0142karskich, Kolegium S\u0119dzi\u00f3w i Zwi\u0105zkowej Komisji Odwo\u0142awczej zosta\u0142y zatwierdzone w dniu 23 lipca <a href=\"http:\/\/wmzpn.pl\/?p=22142\">-&gt; zobacz komunikat w tej sprawie.<\/a><\/p>\n\n\n\n<p>Sk\u0142ady pozosta\u0142ych Komisji zostan\u0105 zatwierdzone na najbli\u017cszym posiedzeniu Zarz\u0105du.<\/p>\n","protected":false},"excerpt":{"rendered":"<p>Zarz\u0105d WMZPN podczas zdalnego posiedzenia, kt\u00f3re odby\u0142o si\u0119 w formie wideokonferencji w dniu 13 wrze\u015bnia 2021 roku zatwierdzi\u0142 sk\u0142ady Komisji Technicznej, Komisji ds. Licencji Trenerskich, Komisji ds. Licencji Klubowych, Komisji ds. uzgadniania projekt\u00f3w budowy, przebudowy oraz modernizacji stadion\u00f3w, Komisji Pi\u0142ki Kobiecej, a tak\u017ce Prezydium Klubu Seniora. Komisja Techniczna Mariusz Niedzi\u00f3\u0142ka \u2013 Przewodnicz\u0105cy Adam \u0141opatko \u2013 [&hellip;]<\/p>\n","protected":false},"author":7,"featured_media":437,"comment_status":"open","ping_status":"open","sticky":false,"template":"","format":"standard","meta":{"footnotes":""},"categories":[26],"tags":[],"class_list":["post-22929","post","type-post","status-publish","format-standard","has-post-thumbnail","hentry","category-zwiazek-news"],"_links":{"self":[{"href":"https:\/\/wmzpn.pl\/index.php?rest_route=\/wp\/v2\/posts\/22929","targetHints":{"allow":["GET"]}}],"collection":[{"href":"https:\/\/wmzpn.pl\/index.php?rest_route=\/wp\/v2\/posts"}],"about":[{"href":"https:\/\/wmzpn.pl\/index.php?rest_route=\/wp\/v2\/types\/post"}],"author":[{"embeddable":true,"href":"https:\/\/wmzpn.pl\/index.php?rest_route=\/wp\/v2\/users\/7"}],"replies":[{"embeddable":true,"href":"https:\/\/wmzpn.pl\/index.php?rest_route=%2Fwp%2Fv2%2Fcomments&post=22929"}],"version-history":[{"count":4,"href":"https:\/\/wmzpn.pl\/index.php?rest_route=\/wp\/v2\/posts\/22929\/revisions"}],"predecessor-version":[{"id":22954,"href":"https:\/\/wmzpn.pl\/index.php?rest_route=\/wp\/v2\/posts\/22929\/revisions\/22954"}],"wp:featuredmedia":[{"embeddable":true,"href":"https:\/\/wmzpn.pl\/index.php?rest_route=\/wp\/v2\/media\/437"}],"wp:attachment":[{"href":"https:\/\/wmzpn.pl\/index.php?rest_route=%2Fwp%2Fv2%2Fmedia&parent=22929"}],"wp:term":[{"taxonomy":"category","embeddable":true,"href":"https:\/\/wmzpn.pl\/index.php?rest_route=%2Fwp%2Fv2%2Fcategories&post=22929"},{"taxonomy":"post_tag","embeddable":true,"href":"https:\/\/wmzpn.pl\/index.php?rest_route=%2Fwp%2Fv2%2Ftags&post=22929"}],"curies":[{"name":"wp","href":"https:\/\/api.w.org\/{rel}","templated":true}]}}