{"id":22142,"date":"2021-07-24T05:28:07","date_gmt":"2021-07-24T05:28:07","guid":{"rendered":"http:\/\/wmzpn.pl\/?p=22142"},"modified":"2021-07-24T05:32:09","modified_gmt":"2021-07-24T05:32:09","slug":"przedsezonowe-decyzje-zarzadu-wmzpn","status":"publish","type":"post","link":"https:\/\/wmzpn.pl\/?p=22142","title":{"rendered":"Przedsezonowe decyzje Zarz\u0105du WMZPN"},"content":{"rendered":"\n<p>Zarz\u0105d WMZPN w dniu 23 lipca 2021 roku w trybie obiegowym przy u\u017cyciu poczty elektronicznej podj\u0105\u0142 nast\u0119puj\u0105ce decyzje:<\/p>\n\n\n\n<ul class=\"wp-block-list\"><li><strong>Przyj\u0119cie Regulaminu Rozgrywek Mistrzowskich WMZPN na sezon 2021\/22 oraz Regulaminu Rozgrywek o Wojew\u00f3dzki Puchar Polski na sezon 2021\/22<\/strong><br>Zarz\u0105d przyj\u0105\u0142 regulaminy <a rel=\"noreferrer noopener\" href=\"http:\/\/wmzpn.pl\/wp-content\/uploads\/2021\/07\/regulaminy_rozgrywek_wmzpn_2020-21-zatwierdzone-przez-Zarzad-2021-07-23.pdf\" data-type=\"URL\" data-id=\"http:\/\/wmzpn.pl\/wp-content\/uploads\/2021\/07\/regulaminy_rozgrywek_wmzpn_2020-21-zatwierdzone-przez-Zarzad-2021-07-23.pdf\" target=\"_blank\">-> pobierz<\/a><\/li><\/ul>\n\n\n\n<ul class=\"wp-block-list\"><li><strong>Przyj\u0119cie ramowego kalendarza rozgrywek na sezon 2021\/22<\/strong><br>Zarz\u0105d przyj\u0105\u0142 kalendarz na rund\u0119 jesienn\u0105  <a rel=\"noreferrer noopener\" href=\"http:\/\/wmzpn.pl\/wp-content\/uploads\/2021\/07\/Kalendarz_rozgrywek_wmzpn_2021_22-jesien-1.pdf\" data-type=\"URL\" data-id=\"http:\/\/wmzpn.pl\/wp-content\/uploads\/2021\/07\/Kalendarz_rozgrywek_wmzpn_2021_22-jesien-1.pdf\" target=\"_blank\">-> pobierz<\/a><br>Zarz\u0105d przyj\u0105\u0142 kalendarz na rund\u0119 jesienn\u0105 <a rel=\"noreferrer noopener\" href=\"http:\/\/wmzpn.pl\/wp-content\/uploads\/2021\/07\/Kalendarz_rozgrywek_wmzpn_2021_22-wiosna-1.pdf\" data-type=\"URL\" data-id=\"http:\/\/wmzpn.pl\/wp-content\/uploads\/2021\/07\/Kalendarz_rozgrywek_wmzpn_2021_22-wiosna-1.pdf\" target=\"_blank\">-> pobierz<\/a><\/li><\/ul>\n\n\n\n<ul class=\"wp-block-list\"><li><strong>Zatwierdzenie sk\u0142ad\u00f3w Komisji Rozgrywek, Komisji Dyscyplinarnej, Komisji ds. Bezpiecze\u0144stwa na Obiektach Pi\u0142karskich, Kolegium S\u0119dzi\u00f3w i Zwi\u0105zkowej Komisji Odwo\u0142awczej<\/strong><br>Zarz\u0105d zatwierdzi\u0142 nast\u0119puj\u0105ce sk\u0142ady Komisji<\/li><\/ul>\n\n\n\n<p>Komisja Rozgrywek<\/p>\n\n\n\n<ol class=\"wp-block-list\"><li>Wies\u0142aw Sopy\u0142a (Granica K\u0119trzyn) \u2013 Przewodnicz\u0105cy<\/li><li>Andrzej Adamiak (Orl\u0119ta Reszel) \u2013 Wiceprzewodnicz\u0105cy<\/li><li>Krzysztof Zielazny (KS Mroczno) \u2013 Sekretarz<\/li><li>Artur Bober (Drw\u0119ca NML) \u2013 Cz\u0142onek<\/li><li>Mariusz Korczakowski (Omulew Wielbark) \u2013 Cz\u0142onek<\/li><li>Micha\u0142 Turulski (Mr\u0105gowia Mr\u0105gowo) \u2013 Cz\u0142onek<\/li><\/ol>\n\n\n\n<p>Komisja Dyscyplinarna<\/p>\n\n\n\n<ol class=\"wp-block-list\"><li>Marek Szter \u2013 Przewodnicz\u0105cy<\/li><li>Marcin Ko\u0144pa (Zatoka Braniewo) \u2013 Wiceprzewodnicz\u0105cy<\/li><li>Piotr Krzto\u0144 (Stomil Olsztyn) \u2013 Sekretarz<\/li><li>Patryk Piekarski (MKS Dzia\u0142dowo) \u2013 Cz\u0142onek<\/li><li>Jerzy Subocz (Reduta Bisztynek) \u2013 Cz\u0142onek<\/li><li>\u0141ukasz Kowalczuk &#8211; Sekretarz (B\u0142\u0119kitni Orneta) \u2013 Cz\u0142onek<\/li><li>Marian Kisiel (Drw\u0119ca NML) \u2013 Cz\u0142onek<\/li><\/ol>\n\n\n\n<p>Komisja ds. Bezpiecze\u0144stwa na Obiektach Pi\u0142karskich<\/p>\n\n\n\n<ol class=\"wp-block-list\"><li>Bogdan Pietkiewicz \u2013 Przewodnicz\u0105cy<\/li><li>Mariusz Perlejewski \u2013 Wiceprzewodnicz\u0105cy<\/li><li>Sebastian Wo\u017aniak \u2013 Sekretarz<\/li><li>Tomasz Czepirski \u2013 Cz\u0142onek<\/li><li>Micha\u0142 Czerkawski \u2013 Cz\u0142onek<\/li><li>Piotr Sielawa \u2013 Cz\u0142onek<\/li><\/ol>\n\n\n\n<p>Kolegium S\u0119dzi\u00f3w<\/p>\n\n\n\n<ol class=\"wp-block-list\"><li>Zbigniew Czajkowski \u2013 Przewodnicz\u0105cy<\/li><li>Marcin \u017by\u0142ka \u2013 Wiceprzewodnicz\u0105cy<\/li><li>Robert Michalak \u2013 Sekretarz<\/li><li>Wojciech Krzto\u0144<\/li><li>Karol Mazuro<\/li><\/ol>\n\n\n\n<p>Zwi\u0105zkowa Komisja Odwo\u0142awcza<\/p>\n\n\n\n<ol class=\"wp-block-list\"><li>Tomasz P\u0142oski \u2013 Przewodnicz\u0105cy<\/li><li>Jerzy Napi\u00f3rkowski \u2013 Wiceprzewodnicz\u0105cy<\/li><li>Daniel Domoradzki (Mazur Wydminy) \u2013 Sekretarz<\/li><li>Mieczys\u0142aw Zawistowski (Start Nidzica) \u2013 Cz\u0142onek<\/li><li>Edmund Oleszkiewicz (\u0141yna S\u0119popol) \u2013 Cz\u0142onek<\/li><li>Cezary Piotrowski (Fala Warpuny) \u2013 Cz\u0142onek<\/li><li>Piotr Kowalski (Drw\u0119ca NML) \u2013 Cz\u0142onek<\/li><li>J\u00f3zef Obr\u0119bski \u2013 Cz\u0142onek<\/li><\/ol>\n\n\n\n<ul class=\"wp-block-list\" id=\"block-016d6912-a580-47e6-9d6f-f19ef69d5769\"><li><strong>Zatwierdzenie listy s\u0119dzi\u00f3w i obserwator\u00f3w na sezon 2021\/22.<\/strong><br>Zarz\u0105d przyj\u0105\u0142 list\u0119 s\u0119dzi\u00f3w i obserwator\u00f3w <a rel=\"noreferrer noopener\" href=\"http:\/\/wmzpn.pl\/?page_id=22144\" target=\"_blank\">-> zobacz<\/a><\/li><\/ul>\n\n\n\n<ul class=\"wp-block-list\" id=\"block-3525d422-5895-4077-a4f9-b7949addac26\"><li><strong>Zatwierdzenie listy delegat\u00f3w meczowych na sezon 2021\/22.<\/strong><br>Zarz\u0105d przyj\u0105\u0142 poni\u017csz\u0105 list\u0119 delegat\u00f3w:<\/li><\/ul>\n\n\n\n<ol class=\"wp-block-list\" type=\"1\"><li>Mariusz Perlejewski \u2013 PZPN<\/li><li>Bogdan Pietkiewicz \u2013 PZPN<\/li><li>Tomasz Czepirski \u2013 III Liga<\/li><li>Sebastian Wo\u017aniak \u2013 III Liga<\/li><li>Micha\u0142 Czerkawski \u2013 WMZPN<\/li><li>Kamil Czy\u017cak \u2013 WMZPN<\/li><li>Zbigniew Magnuszewski \u2013 WMZPN<\/li><li>Andrzej Puwalski \u2013 WMZPN<\/li><li>Marek Szter \u2013 WMZPN<\/li><li>Wies\u0142aw \u017bmuda \u2013 WMZPN<\/li><li>Mariusz Jaroszewski \u2013 kandydat<\/li><\/ol>\n","protected":false},"excerpt":{"rendered":"<p>Zarz\u0105d WMZPN w dniu 23 lipca 2021 roku w trybie obiegowym przy u\u017cyciu poczty elektronicznej podj\u0105\u0142 nast\u0119puj\u0105ce decyzje: Przyj\u0119cie Regulaminu Rozgrywek Mistrzowskich WMZPN na sezon 2021\/22 oraz Regulaminu Rozgrywek o Wojew\u00f3dzki Puchar Polski na sezon 2021\/22Zarz\u0105d przyj\u0105\u0142 regulaminy -> pobierz Przyj\u0119cie ramowego kalendarza rozgrywek na sezon 2021\/22Zarz\u0105d przyj\u0105\u0142 kalendarz na rund\u0119 jesienn\u0105 -> pobierzZarz\u0105d przyj\u0105\u0142 [&hellip;]<\/p>\n","protected":false},"author":7,"featured_media":649,"comment_status":"open","ping_status":"open","sticky":false,"template":"","format":"standard","meta":{"footnotes":""},"categories":[13,26],"tags":[],"class_list":["post-22142","post","type-post","status-publish","format-standard","has-post-thumbnail","hentry","category-rozgrywki","category-zwiazek-news"],"_links":{"self":[{"href":"https:\/\/wmzpn.pl\/index.php?rest_route=\/wp\/v2\/posts\/22142","targetHints":{"allow":["GET"]}}],"collection":[{"href":"https:\/\/wmzpn.pl\/index.php?rest_route=\/wp\/v2\/posts"}],"about":[{"href":"https:\/\/wmzpn.pl\/index.php?rest_route=\/wp\/v2\/types\/post"}],"author":[{"embeddable":true,"href":"https:\/\/wmzpn.pl\/index.php?rest_route=\/wp\/v2\/users\/7"}],"replies":[{"embeddable":true,"href":"https:\/\/wmzpn.pl\/index.php?rest_route=%2Fwp%2Fv2%2Fcomments&post=22142"}],"version-history":[{"count":4,"href":"https:\/\/wmzpn.pl\/index.php?rest_route=\/wp\/v2\/posts\/22142\/revisions"}],"predecessor-version":[{"id":22930,"href":"https:\/\/wmzpn.pl\/index.php?rest_route=\/wp\/v2\/posts\/22142\/revisions\/22930"}],"wp:featuredmedia":[{"embeddable":true,"href":"https:\/\/wmzpn.pl\/index.php?rest_route=\/wp\/v2\/media\/649"}],"wp:attachment":[{"href":"https:\/\/wmzpn.pl\/index.php?rest_route=%2Fwp%2Fv2%2Fmedia&parent=22142"}],"wp:term":[{"taxonomy":"category","embeddable":true,"href":"https:\/\/wmzpn.pl\/index.php?rest_route=%2Fwp%2Fv2%2Fcategories&post=22142"},{"taxonomy":"post_tag","embeddable":true,"href":"https:\/\/wmzpn.pl\/index.php?rest_route=%2Fwp%2Fv2%2Ftags&post=22142"}],"curies":[{"name":"wp","href":"https:\/\/api.w.org\/{rel}","templated":true}]}}