{"id":21824,"date":"2021-06-28T06:40:18","date_gmt":"2021-06-28T06:40:18","guid":{"rendered":"http:\/\/wmzpn.pl\/?p=21824"},"modified":"2021-06-28T07:08:06","modified_gmt":"2021-06-28T07:08:06","slug":"concordia-elblag-wygrala-wojewodzki-puchar-polski","status":"publish","type":"post","link":"https:\/\/wmzpn.pl\/?p=21824","title":{"rendered":"Concordia Elbl\u0105g wygra\u0142a Wojew\u00f3dzki Puchar Polski"},"content":{"rendered":"\n<p>W Ostr\u00f3dzie rozegrany zosta\u0142 fina\u0142 Wojew\u00f3dzkiego Pucharu Polski. Zmierzy\u0142y si\u0119 w nim Concordia Elbl\u0105g i Olimpia Olsztynek.<\/p>\n\n\n\n<p>Ju\u017c w 7 minucie Concordia obj\u0119\u0142a prowadzenie, gdy gola strzeli\u0142 Mateusz Szmydt. W dalszej cz\u0119\u015bci pierwszej po\u0142owy sporo okazji mia\u0142a Olimpia, ale nie potrafi\u0142a ona pokona\u0107 dobrze dysponowanego tego dnia bramkarza Concordii, Rafa\u0142 Leszczy\u0144skiego. <\/p>\n\n\n\n<p>W drugiej cz\u0119\u015bci przewag\u0119 osi\u0105gn\u0119\u0142a dru\u017cyna z Elbl\u0105ga. W 60 minucie Szymon Drewek po uderzeniu pi\u0142ki g\u0142ow\u0105 podwy\u017cszy\u0142 prowadzenie Concordii. Elbl\u0105\u017canie dalej atakowali i w 84 minucie za spraw\u0105 \u0141ukasza Kopki strzelili trzeciego gola. <\/p>\n\n\n\n<p>Tak to spotkanie si\u0119 zako\u0144czy\u0142o i to Concordia mog\u0142a cieszy\u0107 si\u0119 ze zdobycia Wojew\u00f3dzkiego Pucharu Polski!<\/p>\n\n\n\n<p>Zwyci\u0119ska dru\u017cyna otrzyma\u0142a czek na 40 000 z\u0142, a tak\u017ce zagra w przysz\u0142ym sezonie na szczeblu centralnym Pucharu Polski. Na przegran\u0105 dru\u017cyn\u0119 czeka\u0142 czek w wysoko\u015bci 10 000 z\u0142. <\/p>\n\n\n\n<p>Link do fotorelacji: <\/p>\n\n\n<p><a href=\"https:\/\/www.facebook.com\/media\/set\/?vanity=wmzpn&amp;set=a.5668243376582691\">https:\/\/www.facebook.com\/media\/set\/?vanity=wmzpn&amp;set=a.5668243376582691<\/a><\/p>\n\n\n<p><\/p>\n","protected":false},"excerpt":{"rendered":"<p>W Ostr\u00f3dzie rozegrany zosta\u0142 fina\u0142 Wojew\u00f3dzkiego Pucharu Polski. Zmierzy\u0142y si\u0119 w nim Concordia Elbl\u0105g i Olimpia Olsztynek. Ju\u017c w 7 minucie Concordia obj\u0119\u0142a prowadzenie, gdy gola strzeli\u0142 Mateusz Szmydt. W dalszej cz\u0119\u015bci pierwszej po\u0142owy sporo okazji mia\u0142a Olimpia, ale nie potrafi\u0142a ona pokona\u0107 dobrze dysponowanego tego dnia bramkarza Concordii, Rafa\u0142 Leszczy\u0144skiego. W drugiej cz\u0119\u015bci przewag\u0119 [&hellip;]<\/p>\n","protected":false},"author":11,"featured_media":21825,"comment_status":"open","ping_status":"open","sticky":false,"template":"","format":"standard","meta":{"footnotes":""},"categories":[47],"tags":[],"class_list":["post-21824","post","type-post","status-publish","format-standard","has-post-thumbnail","hentry","category-puchar-polski"],"_links":{"self":[{"href":"https:\/\/wmzpn.pl\/index.php?rest_route=\/wp\/v2\/posts\/21824","targetHints":{"allow":["GET"]}}],"collection":[{"href":"https:\/\/wmzpn.pl\/index.php?rest_route=\/wp\/v2\/posts"}],"about":[{"href":"https:\/\/wmzpn.pl\/index.php?rest_route=\/wp\/v2\/types\/post"}],"author":[{"embeddable":true,"href":"https:\/\/wmzpn.pl\/index.php?rest_route=\/wp\/v2\/users\/11"}],"replies":[{"embeddable":true,"href":"https:\/\/wmzpn.pl\/index.php?rest_route=%2Fwp%2Fv2%2Fcomments&post=21824"}],"version-history":[{"count":2,"href":"https:\/\/wmzpn.pl\/index.php?rest_route=\/wp\/v2\/posts\/21824\/revisions"}],"predecessor-version":[{"id":21829,"href":"https:\/\/wmzpn.pl\/index.php?rest_route=\/wp\/v2\/posts\/21824\/revisions\/21829"}],"wp:featuredmedia":[{"embeddable":true,"href":"https:\/\/wmzpn.pl\/index.php?rest_route=\/wp\/v2\/media\/21825"}],"wp:attachment":[{"href":"https:\/\/wmzpn.pl\/index.php?rest_route=%2Fwp%2Fv2%2Fmedia&parent=21824"}],"wp:term":[{"taxonomy":"category","embeddable":true,"href":"https:\/\/wmzpn.pl\/index.php?rest_route=%2Fwp%2Fv2%2Fcategories&post=21824"},{"taxonomy":"post_tag","embeddable":true,"href":"https:\/\/wmzpn.pl\/index.php?rest_route=%2Fwp%2Fv2%2Ftags&post=21824"}],"curies":[{"name":"wp","href":"https:\/\/api.w.org\/{rel}","templated":true}]}}