{"id":21544,"date":"2021-06-09T13:49:47","date_gmt":"2021-06-09T13:49:47","guid":{"rendered":"http:\/\/wmzpn.pl\/?p=21544"},"modified":"2021-06-09T13:50:08","modified_gmt":"2021-06-09T13:50:08","slug":"okiem-prezesa-dariusz-zielinski","status":"publish","type":"post","link":"https:\/\/wmzpn.pl\/?p=21544","title":{"rendered":"#Okiem Prezesa -Dariusz Zieli\u0144ski"},"content":{"rendered":"\n<p><strong>Czas na kolejny wywiad z cyklu #OkiemPrezesa. Na dzi\u015b przygotowali\u015bmy dla Was wywiad z Prezesem klubu GLKS Warmiak \u0141ukta, Panem Dariuszem Zieli\u0144skim.<\/strong><\/p>\n\n\n\n<p><strong>Od kiedy Pan jest Prezesem i dlaczego zdecydowa\u0142 si\u0119 Pan przej\u0105\u0107 to stanowisko?<\/strong><\/p>\n\n\n\n<p>Jestem Prezesem od niedawna, czyli od stycznia tego roku. Poprzedni Prezes zrezygnowa\u0142 i wysz\u0142a taka inicjatywa, \u017cebym to ja przej\u0105\u0142 to stanowisko. Od p\u00f3\u0142 roku jestem tak\u017ce zawodnikiem Warmiaka. Mo\u017cna wi\u0119c powiedzie\u0107, \u017ce jestem graj\u0105cym Prezesem.<\/p>\n\n\n\n<p><strong>To na boisku zawodnicy m\u00f3wi\u0105 \u201ePanie Prezesie\u201d, czy jednak zwracaj\u0105 si\u0119 po imieniu?<\/strong><\/p>\n\n\n\n<p>U nas wszyscy \u017cyj\u0105 na stopie kole\u017ce\u0144skiej, wi\u0119c m\u00f3wimy sobie na \u201eTy\u201d. Ja jestem bramkarzem, wi\u0119c chocia\u017c jak co\u015b zepsuje, to na mnie nie krzycz\u0105. (\u015bmiech)<\/p>\n\n\n\n<p><strong>Co Pan zasta\u0142 przejmuj\u0105c klub? Czy klub jest w stabilnej sytuacji?<\/strong><\/p>\n\n\n\n<p>Sytuacja klubu pod wzgl\u0119dem finansowym jest stabilna. Poprzedni Prezes j\u0105 ustabilizowa\u0142, \u017cadnych d\u0142ug\u00f3w nie ma. Klub jest w dobrej formie, wi\u0119c pozostaje tylko gra\u0107 w pi\u0142k\u0119<\/p>\n\n\n\n<p><strong>Czy ju\u017c Pan si\u0119 wdr\u0105\u017cy\u0142 w t\u0105 now\u0105 sytuacje? I co jest najtrudniejszego w byciu Prezesem?<\/strong><\/p>\n\n\n\n<p>Ja nie pochodz\u0119 ze \u015brodowiska pi\u0142karskiego, wi\u0119c jeszcze potrzebuje troch\u0119 czasu. Najtrudniejsze s\u0105 dla mnie sprawy papierkowe, ale powoli si\u0119 tego ucz\u0119. Og\u00f3lnie ludzie mi pomagaj\u0105. Jest w klubie par\u0119 os\u00f3b, na kt\u00f3re zawsze mog\u0119 liczy\u0107, wi\u0119c to u\u0142atwia prac\u0119.<\/p>\n\n\n\n<p><strong>To teraz przyszed\u0142 czas na gratulacje z powodu awansu Warmiaka do wy\u017cszej klasy rozgrywkowej. Czy spodziewali\u015bcie si\u0119, \u017ce tak \u0142atwo uda si\u0119 awansowa\u0107?<\/strong><\/p>\n\n\n\n<p>Naszym g\u0142\u00f3wnym za\u0142o\u017ceniem, by\u0142 awans do A-Klasy. Nie ukrywam, \u017ce w B-Klasie nie zawsze wszystko organizacyjnie wygl\u0105da dobrze, wi\u0119c chcieli\u015bmy o ten jeden szczebel wy\u017cej zagra\u0107. Pi\u0142karsko sta\u0107 nas na jeszcze wi\u0119cej ni\u017c pokazali\u015bmy. Przegrali\u015bmy dwa mecze, ale to g\u0142\u00f3wnie dlatego, \u017ce nie dysponowali\u015bmy w nich pe\u0142n\u0105 kadr\u0105. Pora\u017cki jednak czasami s\u0105 dobre, poniewa\u017c mobilizuj\u0105 do lepszej gry.<\/p>\n\n\n\n<p><strong>Jakie s\u0105 dalekosi\u0119\u017cne plany waszej dru\u017cyny? Czy chcecie teraz zaliczy\u0107 kolejne awanse?<\/strong><\/p>\n\n\n\n<p>Dobrze by by\u0142o, jakby uda\u0142o si\u0119 awansowa\u0107, ale trzeba mierzy\u0107 si\u0142y na zamiary. Je\u017celi chcieliby\u015bmy gra\u0107 w wy\u017cszych ligach, to potrzebujemy do tego wi\u0119cej pieni\u0119dzy. Naszym g\u0142\u00f3wnym sponsorem jest gmina i gdyby nie ona, to w og\u00f3le nie by\u0142oby nas na pi\u0142karskiej mapie. W naszej gminie biznesu jest ma\u0142o, wi\u0119c i o tych sponsor\u00f3w jest trudniej.<\/p>\n\n\n\n<p><strong>Czy wed\u0142ug Pana wasz obecny sk\u0142ad b\u0119dzie w stanie powalczy\u0107 o awans do Klasy Okr\u0119gowej czy potrzeba b\u0119dzie wzmocnie\u0144?<\/strong><\/p>\n\n\n\n<p>Mamy w klubie sporo m\u0142odzie\u017cy, ale jest tak\u017ce du\u017ca liczba starszych zawodnik\u00f3w, kt\u00f3rzy nie zawsze maj\u0105 czas na gr\u0119, poniewa\u017c pracuj\u0105 zawodowo. B\u0119dziemy mieli teraz miesi\u0105c, \u017ceby zastanowi\u0107 si\u0119 co dalej z nasz\u0105 kadr\u0105 zrobi\u0107.<\/p>\n\n\n\n<p><strong>Czy w klubie pojawia si\u0119 sporo m\u0142odych ch\u0142opak\u00f3w? <\/strong><\/p>\n\n\n\n<p>Mamy tak\u0105 M\u0142odzie\u017cow\u0105 Akademi\u0119 Pi\u0142karsk\u0105. Ch\u0142opacy trenuj\u0105 na Orliku, a my ich obserwujemy. W naszej seniorskiej dru\u017cynie, te\u017c mamy kilku zdolnych ch\u0142opak\u00f3w. Dostaj\u0105 oni swoje szanse w seniorskiej dru\u017cynie, \u017ceby si\u0119 ogrywali i mo\u017ce za jaki\u015b czas b\u0119d\u0105 stanowi\u0107 o sile naszej dru\u017cyny.<\/p>\n\n\n\n<p><strong>Jaka jest atmosfera w \u0141ukcie do uprawiania pi\u0142ki no\u017cnej?<\/strong><\/p>\n\n\n\n<p>Oczywi\u015bcie jest dobra atmosfera. Wcze\u015bniej mieli\u015bmy sporo tych sponsor\u00f3w, to mogli\u015bmy walczy\u0107 w 4 lidze. Sponsorzy si\u0119 jednak wycofali i musieli\u015bmy zacz\u0105\u0107 praktycznie od zera. Teraz staramy si\u0119 to odbudowa\u0107 i dobrze nam to wychodzi.<\/p>\n\n\n\n<p><strong>Czy ju\u017c odby\u0142o si\u0119 \u015bwi\u0119towanie tego awansu, czy jeszcze z nim czekacie?<\/strong><\/p>\n\n\n\n<p>\u015awi\u0119towanie b\u0119dzie w sobot\u0119. Gramy z Czarnymi Ma\u0142dyty i je\u017celi wygramy, to wtedy ju\u017c to pierwsze miejsce w tabeli sobie zapewnimy.<\/p>\n\n\n\n<p><strong>Czego mo\u017cemy Warmiakowi \u0141ukta \u017cyczy\u0107 na te najbli\u017csze miesi\u0105ce?<\/strong><\/p>\n\n\n\n<p>Oczywi\u015bcie tego, \u017ceby by\u0142o ma\u0142o kontuzji, \u017ceby ch\u0142opacy nie chorowali i mieli du\u017co czasu na gr\u0119 w pi\u0142k\u0119. No i aby jacy\u015b nowi sponsorzy si\u0119 pojawili w klubie. Jak b\u0119dzie zdrowie i pieni\u0105\u017cki, to wtedy mo\u017cna my\u015ble\u0107 o fajnym wyniku sportowym.<\/p>\n","protected":false},"excerpt":{"rendered":"<p>Czas na kolejny wywiad z cyklu #OkiemPrezesa. Na dzi\u015b przygotowali\u015bmy dla Was wywiad z Prezesem klubu GLKS Warmiak \u0141ukta, Panem Dariuszem Zieli\u0144skim. Od kiedy Pan jest Prezesem i dlaczego zdecydowa\u0142 si\u0119 Pan przej\u0105\u0107 to stanowisko? Jestem Prezesem od niedawna, czyli od stycznia tego roku. Poprzedni Prezes zrezygnowa\u0142 i wysz\u0142a taka inicjatywa, \u017cebym to ja przej\u0105\u0142 [&hellip;]<\/p>\n","protected":false},"author":11,"featured_media":21564,"comment_status":"open","ping_status":"open","sticky":false,"template":"","format":"standard","meta":{"footnotes":""},"categories":[185,1],"tags":[],"class_list":["post-21544","post","type-post","status-publish","format-standard","has-post-thumbnail","hentry","category-okiemprezesa","category-uncategorized"],"_links":{"self":[{"href":"https:\/\/wmzpn.pl\/index.php?rest_route=\/wp\/v2\/posts\/21544","targetHints":{"allow":["GET"]}}],"collection":[{"href":"https:\/\/wmzpn.pl\/index.php?rest_route=\/wp\/v2\/posts"}],"about":[{"href":"https:\/\/wmzpn.pl\/index.php?rest_route=\/wp\/v2\/types\/post"}],"author":[{"embeddable":true,"href":"https:\/\/wmzpn.pl\/index.php?rest_route=\/wp\/v2\/users\/11"}],"replies":[{"embeddable":true,"href":"https:\/\/wmzpn.pl\/index.php?rest_route=%2Fwp%2Fv2%2Fcomments&post=21544"}],"version-history":[{"count":3,"href":"https:\/\/wmzpn.pl\/index.php?rest_route=\/wp\/v2\/posts\/21544\/revisions"}],"predecessor-version":[{"id":21575,"href":"https:\/\/wmzpn.pl\/index.php?rest_route=\/wp\/v2\/posts\/21544\/revisions\/21575"}],"wp:featuredmedia":[{"embeddable":true,"href":"https:\/\/wmzpn.pl\/index.php?rest_route=\/wp\/v2\/media\/21564"}],"wp:attachment":[{"href":"https:\/\/wmzpn.pl\/index.php?rest_route=%2Fwp%2Fv2%2Fmedia&parent=21544"}],"wp:term":[{"taxonomy":"category","embeddable":true,"href":"https:\/\/wmzpn.pl\/index.php?rest_route=%2Fwp%2Fv2%2Fcategories&post=21544"},{"taxonomy":"post_tag","embeddable":true,"href":"https:\/\/wmzpn.pl\/index.php?rest_route=%2Fwp%2Fv2%2Ftags&post=21544"}],"curies":[{"name":"wp","href":"https:\/\/api.w.org\/{rel}","templated":true}]}}