{"id":20217,"date":"2021-03-31T16:54:29","date_gmt":"2021-03-31T16:54:29","guid":{"rendered":"http:\/\/wmzpn.pl\/?p=20217"},"modified":"2021-03-31T17:01:35","modified_gmt":"2021-03-31T17:01:35","slug":"wartenasladowania-orleta-reszel-ocalic-od-zapomnienia","status":"publish","type":"post","link":"https:\/\/wmzpn.pl\/?p=20217","title":{"rendered":"#WarteNa\u015bladowania- \u201eOrl\u0119ta Reszel- Ocali\u0107 od Zapomnienia\u201d"},"content":{"rendered":"<p><strong>Przypominamy, \u017ce wystartowali\u015bmy z cyklem #WarteNa\u015bladowania. W pierwszym tek\u015bcie z tego cyklu opisali\u015bmy, w jaki spos\u00f3b m\u0142odzie\u017c z Olimpii Elbl\u0105g zmienia swoje z\u0142e nawyki. Teraz zajmiemy akcj\u0105 zorganizowan\u0105 przez pasjonat\u00f3w z klubu Orl\u0119ta Rema Reszel.<\/strong><\/p>\n<p>W naszym cyklu #WarteNa\u015bladowania, przedstawiamy ciekawe akcje czy inicjatywy tworzone przez cz\u0142onk\u00f3w lub sympatyk\u00f3w warmi\u0144sko-mazurskich klub\u00f3w. Takich inicjatyw pojawia si\u0119 coraz wi\u0119cej, dlatego postanowili\u015bmy, \u017ce chcemy je wyr\u00f3\u017cnia\u0107 na naszej stronie internetowej. Cykl nie b\u0119dzie mia\u0142 \u017cadnych ram czasowych. Je\u017celi jakie\u015b interesuj\u0105ce inicjatywy b\u0119d\u0105 si\u0119 pojawia\u0107, to wtedy b\u0119dziemy je opisywa\u0107.<\/p>\n<p>Klub Orl\u0119ta Rema Reszel w tym roku obchodzi 60. rocznic\u0119 powstania. Z tej okazji trzy osoby bardzo sympatyzuj\u0105ce z klubem postanowi\u0142y wyj\u015b\u0107 z inicjatyw\u0105, kt\u00f3r\u0105 nazwano \u201eOrl\u0119ta Reszel- Ocali\u0107 od Zapomnienia\u201d. Na Youtube wystartowa\u0142 kana\u0142, na kt\u00f3rym pojawiaj\u0105 si\u0119 rozmowy z pi\u0142karzami, trenerami, dzia\u0142aczami i kibicami, kt\u00f3rzy tworzyli histori\u0119 klubu.<\/p>\n<p>&#8211; <em>Pomys\u0142 utrwalenia historii klubu powsta\u0142 tak naprawd\u0119 jakie\u015b 10 lat temu, przy okazji 50-lecia Orl\u0105t. Historia reszelskiego klubu to pasja Rafa\u0142a Roma\u0144czuka, kt\u00f3ry po\u015bwi\u0119ci\u0142 wiele czasu w poszukiwaniu notatek, informacji prasowych, zdj\u0119\u0107 i innych informacji o klubie i poszczeg\u00f3lnych sezonach. Dzi\u0119ki jego pracy zdobyli\u015bmy podstaw\u0119, czyli wyniki, tabele i spor\u0105 cz\u0119\u015b\u0107 zawodnik\u00f3w, kt\u00f3rzy grali w Or\u0142ach. Wtedy, 10 lat temu, chcieli\u015bmy stworzy\u0107 co\u015b na kszta\u0142t ksi\u0105\u017cki o historii, jednak projekt przer\u00f3s\u0142 nas przede wszystkim czasowo. Od\u0142o\u017cyli\u015bmy go a\u017c do teraz<\/em> \u2013 m\u00f3wi\u0142 <strong>Andrzej Adamiak, jeden z inicjator\u00f3w akcji.<\/strong><\/p>\n<p>Skoro z ksi\u0105\u017ck\u0105 si\u0119 uda\u0142o, to inicjatorzy akcji zdecydowali si\u0119 p\u00f3j\u015b\u0107 z duchem czasu i nagrywa\u0107 rozmowy w formie wideo- <em>Dzi\u015b jeste\u015bmy troch\u0119 lepiej przygotowani sprz\u0119towo, technologia i dost\u0119p do niej te\u017c posz\u0142a do przodu dlatego stwierdzili\u015bmy, \u017ce najlepszym sposobem pokazania historii klubu i os\u00f3b, kt\u00f3re go tworzy\u0142y b\u0119d\u0105 wywiady w formie wideo. By\u0107 mo\u017ce uda si\u0119 kiedy\u015b spisa\u0107 to wszystko na papier, ale p\u00f3ki co skupiamy si\u0119 na tym, by co tydzie\u0144 pokazywa\u0107 osoby wa\u017cne w historii Orl\u0105t<\/em> \u2013 dodaje<strong> Andrzej Adamiak.<\/strong><\/p>\n<p>Do tej pory porozmawiano z Jerzym Paukszto, czyli za\u0142o\u017cycielem Orl\u0105t Reszel, Marianem Pakulskim pi\u0142karzem Orl\u0105t Reszel w latach 60-tych i 70-tych, a tak\u017ce z Zuzann\u0105 Bartosiak, kt\u00f3ra mieszka tu\u017c przy stadionie i by\u0142a zawsze cz\u0119\u015bci\u0105 klubu.<\/p>\n<p>&#8211; <em>Projekt dopiero wystartowa\u0142, ale widzimy fajny odzew \u015brodowiska Orl\u0105t. W zasadzie ka\u017cdy z kim chcemy rozmawia\u0107 ch\u0119tnie zgodzi\u0142 si\u0119, by przyj\u015b\u0107 i opowiedzie\u0107 nam swoj\u0105 histori\u0119. Mamy nadziej\u0119, \u017ce tak b\u0119dzie do samego ko\u0144ca. Za\u0142o\u017cyli\u015bmy sobie, \u017ce w pierwszej fazie skupimy si\u0119 na najstarszych osobach i stopniowo b\u0119dziemy przesuwa\u0107 si\u0119 do czas\u00f3w obecnych. Ju\u017c dzi\u015b mamy te\u017c sygna\u0142y od innych by\u0142ych zawodnik\u00f3w, kt\u00f3rzy czekaj\u0105 na swoj\u0105 kolej i deklaruj\u0105 udzia\u0142 w projekcie<\/em> \u2013 ko\u0144czy Andrzej Adamiak.<\/p>\n<p>Opr\u00f3cz Andrzeja Adamiaka inicjatorami tej akcji s\u0105: Kamil Jankiewicz i Rafa\u0142 Roma\u0144czuk. Wszystkie nagrane odcinki s\u0105 umieszczane na kanale:\u00a0<a href=\"https:\/\/www.youtube.com\/channel\/UCYu3p485YUzq6OIY9MwPDqQ\">https:\/\/www.youtube.com\/channel\/UCYu3p485YUzq6OIY9MwPDqQ<\/a><\/p>\n","protected":false},"excerpt":{"rendered":"<p>Przypominamy, \u017ce wystartowali\u015bmy z cyklem #WarteNa\u015bladowania. W pierwszym tek\u015bcie z tego cyklu opisali\u015bmy, w jaki spos\u00f3b m\u0142odzie\u017c z Olimpii Elbl\u0105g zmienia swoje z\u0142e nawyki. Teraz zajmiemy akcj\u0105 zorganizowan\u0105 przez pasjonat\u00f3w z klubu Orl\u0119ta Rema Reszel. W naszym cyklu #WarteNa\u015bladowania, przedstawiamy ciekawe akcje czy inicjatywy tworzone przez cz\u0142onk\u00f3w lub sympatyk\u00f3w warmi\u0144sko-mazurskich klub\u00f3w. Takich inicjatyw pojawia si\u0119 [&hellip;]<\/p>\n","protected":false},"author":11,"featured_media":20218,"comment_status":"open","ping_status":"open","sticky":false,"template":"","format":"standard","meta":{"footnotes":""},"categories":[199,12],"tags":[],"class_list":["post-20217","post","type-post","status-publish","format-standard","has-post-thumbnail","hentry","category-wartenasladowania","category-aktualnosci"],"_links":{"self":[{"href":"https:\/\/wmzpn.pl\/index.php?rest_route=\/wp\/v2\/posts\/20217","targetHints":{"allow":["GET"]}}],"collection":[{"href":"https:\/\/wmzpn.pl\/index.php?rest_route=\/wp\/v2\/posts"}],"about":[{"href":"https:\/\/wmzpn.pl\/index.php?rest_route=\/wp\/v2\/types\/post"}],"author":[{"embeddable":true,"href":"https:\/\/wmzpn.pl\/index.php?rest_route=\/wp\/v2\/users\/11"}],"replies":[{"embeddable":true,"href":"https:\/\/wmzpn.pl\/index.php?rest_route=%2Fwp%2Fv2%2Fcomments&post=20217"}],"version-history":[{"count":5,"href":"https:\/\/wmzpn.pl\/index.php?rest_route=\/wp\/v2\/posts\/20217\/revisions"}],"predecessor-version":[{"id":20224,"href":"https:\/\/wmzpn.pl\/index.php?rest_route=\/wp\/v2\/posts\/20217\/revisions\/20224"}],"wp:featuredmedia":[{"embeddable":true,"href":"https:\/\/wmzpn.pl\/index.php?rest_route=\/wp\/v2\/media\/20218"}],"wp:attachment":[{"href":"https:\/\/wmzpn.pl\/index.php?rest_route=%2Fwp%2Fv2%2Fmedia&parent=20217"}],"wp:term":[{"taxonomy":"category","embeddable":true,"href":"https:\/\/wmzpn.pl\/index.php?rest_route=%2Fwp%2Fv2%2Fcategories&post=20217"},{"taxonomy":"post_tag","embeddable":true,"href":"https:\/\/wmzpn.pl\/index.php?rest_route=%2Fwp%2Fv2%2Ftags&post=20217"}],"curies":[{"name":"wp","href":"https:\/\/api.w.org\/{rel}","templated":true}]}}