{"id":20090,"date":"2021-03-24T11:49:26","date_gmt":"2021-03-24T11:49:26","guid":{"rendered":"http:\/\/wmzpn.pl\/?p=20090"},"modified":"2021-03-24T12:04:43","modified_gmt":"2021-03-24T12:04:43","slug":"okiemprezesa-radoslaw-kupinski","status":"publish","type":"post","link":"https:\/\/wmzpn.pl\/?p=20090","title":{"rendered":"#OkiemPrezesa &#8211; Rados\u0142aw Kupi\u0144ski"},"content":{"rendered":"\n<p><strong>Czas na kolejny wywiad z cyklu #OkiemPrezesa. Na dzi\u015b przygotowali\u015bmy dla Was wywiad z Prezesem klubu Polonia I\u0142owo \u2013 Panem Rados\u0142awem Kupi\u0144skim.<\/strong><\/p>\n\n\n\n<p><strong>Od kiedy pe\u0142ni Pan funkcj\u0119 Prezesa i dlaczego zdecydowa\u0142 si\u0119 Pan ubiega\u0107 si\u0119 o to stanowisko?<\/strong><\/p>\n\n\n\n<p>Nast\u0105pi\u0142y u nas zmiany w zarz\u0105dzie spowodowane wyborami do Rady Gminy. Osoba pe\u0142ni\u0105ca stanowisko w radzie, nie mog\u0142a sprawowa\u0107 stanowiska Prezesa. Ja by\u0142em jeszcze wtedy zawodnikiem klubu, ale bardzo mocno z nim zwi\u0105zanym. Przej\u0105\u0142em wtedy stanowisko i zacz\u0105\u0142em si\u0119 uczy\u0107 tej nowej roli. Jestem Prezesem ju\u017c od oko\u0142o sze\u015bciu lat. W ci\u0105gu pierwszych dw\u00f3ch lat uczy\u0142em si\u0119 wszystkiego. Poznawa\u0142em struktury klubu i pozosta\u0142e rzeczy administracyjne.<\/p>\n\n\n\n<p><strong>Wida\u0107, \u017ce szybko si\u0119 Pan tego nauczy\u0142, poniewa\u017c by\u0142 Pan nominowany w kategorii posta\u0107 roku klasy okr\u0119gowej, w warmi\u0144sko-mazurskiej pi\u0142ce. Czy sama nominacja by\u0142a dla Pana zaszczytem?<\/strong><\/p>\n\n\n\n<p>Nominacja by\u0142a bardzo du\u017cym zaskoczeniem. Przypuszczam, \u017ce nawet w wielu klubach klasy okr\u0119gowej, by\u0142o wielu Prezes\u00f3w, kt\u00f3rzy zas\u0142ugiwali bardziej na tak\u0105 nominacj\u0119. Ciesz\u0119 si\u0119 jednak bardzo, \u017ce kto\u015b doceni\u0142 prac\u0119 jak\u0105 wykonujemy w klubie. Fajnie, \u017ce ludzie postrzegaj\u0105 mnie tak pozytywnie i to dla mnie zaszczyt, \u017ce mog\u0142em znale\u017a\u0107 si\u0119 w takim gronie.<\/p>\n\n\n\n<p><strong>Co wed\u0142ug Pana jest najfajniejsze w byciu Prezesem zespo\u0142u klubowego, a co si\u0119 Panu nie podoba?<\/strong><\/p>\n\n\n\n<p>Jestem w klubie od 20 lat, wi\u0119c mog\u0142em przez te lata obserwowa\u0107 r\u00f3\u017cne sytuacje. Dochodzi\u0142em do wniosk\u00f3w odno\u015bnie tego, co jest fajne, a co mo\u017cna by poprawi\u0107. Poprzedni Prezesi wykonali kapitaln\u0105 prac\u0119, a ja tylko staram si\u0119 to kontynuowa\u0107. Wsp\u00f3\u0142pracuje ze mn\u0105 Maciej Grabi\u0144ski, kt\u00f3ry przez lata prowadzi\u0142 seniorsk\u0105 dru\u017cyn\u0119 Polonii I\u0142owo, a teraz pomaga mi przy sprawach zwi\u0105zanych z wype\u0142nianiem wniosk\u00f3w i innych klubowych papier\u00f3w. Tego akurat bardzo nie lubi\u0119. Jest sporo tej papierologii i ogarni\u0119cie jej zajmuje nam wiele czasu. Warto zaznaczy\u0107, \u017ce pracujemy spo\u0142ecznie, ale fajnie jest widzie\u0107, \u017ce ta nasza praca przynosi efekty.<\/p>\n\n\n\n<p><strong>Przejd\u017amy do kwestii sportowej. Tutaj nasuwa jedno pytanie. Czy za kilka miesi\u0119cy b\u0119dzie Pan ju\u017c Prezesem klubu czwartoligowego?<\/strong><\/p>\n\n\n\n<p>Trudno jeszcze teraz o tym m\u00f3wi\u0107. Chcia\u0142bym, \u017ceby moi zawodnicy awansowali, aby sami zobaczyli, jak ta czwarta liga wygl\u0105da. Mia\u0142em okazj\u0119 zagra\u0107 na tym poziomie rozgrywkowym. Wywalczyli\u015bmy awans kilka lat temu i by\u0142o to ogromne prze\u017cycie dla nas. \u017bycz\u0119 moim pi\u0142karzom, \u017ceby r\u00f3wnie\u017c tego do\u015bwiadczyli, poniewa\u017c przepa\u015b\u0107 pomi\u0119dzy klas\u0105 okr\u0119gow\u0105, a czwart\u0105 lig\u0105 jest bardzo du\u017ca.<\/p>\n\n\n\n<p><strong>Przygotowania do rundy wiosennej przebiega\u0142y bezproblemowo?<\/strong><\/p>\n\n\n\n<p>Napotkali\u015bmy kilka problem\u00f3w na drodze, ale stawili\u015bmy im czo\u0142a. Wydaje mi si\u0119, \u017ce jeste\u015bmy dobrze przygotowani. Rozgrywali\u015bmy regularnie sparingi. Zawodnicy wykazali wielk\u0105 ch\u0119\u0107 do treningu i pracy nad sob\u0105. Sami wynajmowali sztuczne boisko, poniewa\u017c mamy ograniczone zasoby finansowe. Ch\u0142opcy s\u0105 bardzo zdeterminowani, \u017ceby wywalczy\u0107 ten awans.<\/p>\n\n\n\n<p><strong>M\u00f3wi\u0142 Pan o rozwoju sportowym, ale rozwijacie si\u0119 tak\u017ce pod k\u0105tem infrastruktury i przygotowujecie si\u0119 do remontu stadionu. Czy mo\u017ce Prezes powiedzie\u0107 co\u015b wi\u0119cej o tej inwestycji?<\/strong><\/p>\n\n\n\n<p>Nasza gmina I\u0142owo- Osada wzi\u0119\u0142a udzia\u0142 w projekcie, kt\u00f3ry mia\u0142 na celu dofinansowanie przebudowy stadionu. W\u00f3jt Sebastian Cichocki podpisa\u0142 papiery, dzi\u0119ki kt\u00f3rym uda\u0142o si\u0119 pozyska\u0107 \u015brodki na renowacje. Modernizacji zostanie poddany budynek klubowy i przebudowane zostan\u0105 trybuny. Woko\u0142o murawy powstanie bie\u017cnia lekkoatletyczna, z miejscami i elementami, kt\u00f3re pozwol\u0105 na wykonywanie innych lekkoatletycznych \u0107wicze\u0144. Stajemy przed wielka inwestycj\u0105, kt\u00f3ra b\u0119dzie oczekiwa\u0142a po\u015bwi\u0119cenia. Przez dwa lata nie b\u0119dziemy mogli wyst\u0119powa\u0107 na w\u0142asnym boisku.<\/p>\n\n\n\n<p><strong>Czy to oznacza, \u017ce b\u0119dziecie wszystkie mecze na wiosn\u0119 rozgrywa\u0107 jako go\u015b\u0107?<\/strong><\/p>\n\n\n\n<p>To akurat nie wchodzi w gr\u0119. Do 4 maja mamy pozwolenie na gr\u0119 w I\u0142owie, a nast\u0119pnie seniorzy przenios\u0105 si\u0119 do Koz\u0142owa i tam b\u0119dziemy rozgrywa\u0107 ligowe mecze. Juniorzy natomiast b\u0119d\u0105 rozgrywa\u0107 swoje spotkania w Narzymiu. Martwi mnie jednak ta najbli\u017csza przysz\u0142o\u015b\u0107, poniewa\u017c je\u017celi my\u015blimy o awansie, to musimy mie\u0107 stadion, kt\u00f3ry b\u0119dzie spe\u0142nia\u0142 warunki licencyjne.<\/p>\n\n\n\n<p><strong>Sk\u0105d pozyskujcie \u015brodki na funkcjonowanie klubu. G\u0142\u00f3wnie od sponsor\u00f3w, czy jednak od samorz\u0105du?<\/strong><\/p>\n\n\n\n<p>G\u0142\u00f3wnym udzia\u0142owcem jest gmina I\u0142owo- Osada. To \u015brodki z gminy s\u0105 g\u0142\u00f3wnym i praktycznie jedynym \u017ar\u00f3d\u0142em, dzi\u0119ki kt\u00f3remu mo\u017cemy normalnie funkcjonowa\u0107. Szukamy r\u00f3wnie\u017c \u015brodk\u00f3w z zewn\u0105trz. Mamy jednak po jednej stronie M\u0142aw\u0119, gdzie jest M\u0142awianka M\u0142awa, kt\u00f3ra walczy o trzeci\u0105 lig\u0119, a po drugiej stronie MKS Dzia\u0142dowo i ka\u017cdy z nich ma swoich inwestor\u00f3w. W I\u0142owie nie ma wielu firm, ale mamy trzech takich sta\u0142ych sponsor\u00f3w, kt\u00f3rzy pomagaj\u0105 nam m.in. przy zakupie sprz\u0119tu.<\/p>\n\n\n\n<p><strong>Jak wygl\u0105da kwestia zwi\u0105zana ze szkoleniem m\u0142odzie\u017cy w waszej dru\u017cynie?<\/strong><\/p>\n\n\n\n<p>Mamy bardzo fajnych i zdolnych trener\u00f3w Huberta Lemanka i Rafa\u0142 Brzozowskiego. Otworzyli\u015bmy ostatnio dodatkowo grup\u0119 Skrzat\u00f3w i dwie grupy \u017bak\u00f3w. Rozwijamy ten klub. Cieszy to, \u017ce pojawia si\u0119 tyle dzieci z ch\u0119ci\u0105 do treningu. Dwa lata temu z Hubertem Lemankiem postawili\u015bmy na projekt, kt\u00f3ry ma rozwija\u0107 w\u0142a\u015bnie grupy m\u0142odzie\u017cowe. Rodzice po spotkaniu z nami zdecydowali si\u0119 pom\u00f3c. Bardzo nas wspieraj\u0105 i pomagaj\u0105 w przygotowaniach m.in. turnieju Polonia Cup. Niestety w tym roku, ze wzgl\u0119du na pandemi\u0119 musieli\u015bmy zrezygnowa\u0107 z organizacji tego turnieju.<\/p>\n\n\n\n<p><strong>I na koniec. Czego mo\u017cna \u017cyczy\u0107 Panu, jako Prezesowi i ca\u0142emu klubowi na najbli\u017csze miesi\u0105ce?<\/strong><\/p>\n\n\n\n<p>Najwa\u017cniejsze jest, \u017ceby ka\u017cdy by\u0142 zdrowy i aby zawsze po meczu wr\u00f3ci\u0142 zdrowy do swojej rodziny. Dla nas gra w pi\u0142k\u0119 jest przyjemno\u015bci\u0105 i zabaw\u0105, a je\u017celi przy tym uda si\u0119 awansowa\u0107 wy\u017cej, to b\u0119dziemy bardzo szcz\u0119\u015bliwi.<\/p>\n","protected":false},"excerpt":{"rendered":"<p>Czas na kolejny wywiad z cyklu #OkiemPrezesa. Na dzi\u015b przygotowali\u015bmy dla Was wywiad z Prezesem klubu Polonia I\u0142owo \u2013 Panem Rados\u0142awem Kupi\u0144skim. Od kiedy pe\u0142ni Pan funkcj\u0119 Prezesa i dlaczego zdecydowa\u0142 si\u0119 Pan ubiega\u0107 si\u0119 o to stanowisko? Nast\u0105pi\u0142y u nas zmiany w zarz\u0105dzie spowodowane wyborami do Rady Gminy. Osoba pe\u0142ni\u0105ca stanowisko w radzie, nie [&hellip;]<\/p>\n","protected":false},"author":11,"featured_media":20104,"comment_status":"open","ping_status":"open","sticky":false,"template":"","format":"standard","meta":{"footnotes":""},"categories":[185],"tags":[],"class_list":["post-20090","post","type-post","status-publish","format-standard","has-post-thumbnail","hentry","category-okiemprezesa"],"_links":{"self":[{"href":"https:\/\/wmzpn.pl\/index.php?rest_route=\/wp\/v2\/posts\/20090","targetHints":{"allow":["GET"]}}],"collection":[{"href":"https:\/\/wmzpn.pl\/index.php?rest_route=\/wp\/v2\/posts"}],"about":[{"href":"https:\/\/wmzpn.pl\/index.php?rest_route=\/wp\/v2\/types\/post"}],"author":[{"embeddable":true,"href":"https:\/\/wmzpn.pl\/index.php?rest_route=\/wp\/v2\/users\/11"}],"replies":[{"embeddable":true,"href":"https:\/\/wmzpn.pl\/index.php?rest_route=%2Fwp%2Fv2%2Fcomments&post=20090"}],"version-history":[{"count":7,"href":"https:\/\/wmzpn.pl\/index.php?rest_route=\/wp\/v2\/posts\/20090\/revisions"}],"predecessor-version":[{"id":20109,"href":"https:\/\/wmzpn.pl\/index.php?rest_route=\/wp\/v2\/posts\/20090\/revisions\/20109"}],"wp:featuredmedia":[{"embeddable":true,"href":"https:\/\/wmzpn.pl\/index.php?rest_route=\/wp\/v2\/media\/20104"}],"wp:attachment":[{"href":"https:\/\/wmzpn.pl\/index.php?rest_route=%2Fwp%2Fv2%2Fmedia&parent=20090"}],"wp:term":[{"taxonomy":"category","embeddable":true,"href":"https:\/\/wmzpn.pl\/index.php?rest_route=%2Fwp%2Fv2%2Fcategories&post=20090"},{"taxonomy":"post_tag","embeddable":true,"href":"https:\/\/wmzpn.pl\/index.php?rest_route=%2Fwp%2Fv2%2Ftags&post=20090"}],"curies":[{"name":"wp","href":"https:\/\/api.w.org\/{rel}","templated":true}]}}