{"id":19638,"date":"2021-02-24T15:22:40","date_gmt":"2021-02-24T15:22:40","guid":{"rendered":"http:\/\/wmzpn.pl\/?p=19638"},"modified":"2021-02-24T16:09:22","modified_gmt":"2021-02-24T16:09:22","slug":"okiemprezesa-rafal-masny","status":"publish","type":"post","link":"https:\/\/wmzpn.pl\/?p=19638","title":{"rendered":"#OkiemPrezesa &#8211; Rafa\u0142 Masny"},"content":{"rendered":"\n<p>Czas na kolejny wywiad z cyklu #OkiemPrezesa. Na dzi\u015b przygotowali\u015bmy dla Was wywiad z Prezesem klubu KS Unia Susz \u2013 <strong>Panem Rafa\u0142em Masnym<\/strong>. Zapraszamy do lektury!<\/p>\n\n\n\n<hr class=\"wp-block-separator\"\/>\n\n\n\n<p><strong>Czy przed obj\u0119ciem funkcji Prezesa w klubie Unia Susz, by\u0142 Pan zwi\u0105zany z pi\u0142k\u0105 no\u017cn\u0105? Je\u017celi tak, to w jakim aspekcie?<\/strong><\/p>\n\n\n\n<p>Przed obj\u0119ciem funkcji Prezesa mo\u017cna powiedzie\u0107, \u017ce sympatyzuj\u0105c z klubem, stara\u0142em si\u0119 pomaga\u0107&nbsp; w sprawach organizacyjnych zwi\u0105zanych z utrzymaniem stadionu oraz boiska.<\/p>\n\n\n\n<p><strong>Od kiedy pe\u0142ni Pan funkcj\u0119 Prezesa i dlaczego zdecydowa\u0142 si\u0119 Pan ubiega\u0107 si\u0119 o to stanowisko?<\/strong><\/p>\n\n\n\n<p>Powiem szczerze czas tak szybko leci, ale mija ju\u017c chyba trzeci rok w czerwcu i czas na ponowne wybory. Zdecydowa\u0142em si\u0119 na pe\u0142nienie tej funkcji, tylko dlatego, \u017ce Jaros\u0142aw Piechotka mnie do tego zach\u0119ci\u0142 i wierzy\u0142, \u017ce damy sobie rad\u0119. Gmina Susz, bez klubu Unia Susz istnie\u0107 nie mo\u017ce, bynajmniej wtedy nie wyobra\u017ca\u0142em sobie takiej sytuacji. Dlatego podj\u0119li\u015bmy dzia\u0142ania.<\/p>\n\n\n\n<p><strong>Ludzie cz\u0119sto my\u015bl\u0105, \u017ce Prezes w klubie jest tylko od tego, \u017ceby zatrudnia\u0107 i zwalnia\u0107 trener\u00f3w. Czy mo\u017ce wyprowadzi\u0107 Pan takie osoby z b\u0142\u0119du?<\/strong><\/p>\n\n\n\n<p>Przede wszystkim Prezes, nie jest od tego aby zwalnia\u0107 i zatrudnia\u0107 trener\u00f3w. To podstawowy b\u0142\u0105d w postrzeganiu tego typu spraw, bynajmniej przez pryzmat naszego Klubu. Decyzj\u0119 w tych sprawach podejmuj\u0119 Zarz\u0105d Klubu. Prezes jako osoba nadaje ton dyskusji, ale w szeregach panuj\u0119 demokracja. Dodatkowo Prezes, to te\u017c twarz klubu we wsp\u00f3\u0142pracy z Gmin\u0105 Susz, jak i ze sponsorami. Prowadzi rozmowy o organizacji mecz\u00f3w i ma nadz\u00f3r nad wykonaniem zada\u0144 narzuconych przez Zarz\u0105d jak i jest odpowiedzialny za rozmowy sponsorskie. Jednak \u015bmia\u0142o mo\u017cna tu doda\u0107, \u017ce spraw jest znacznie wi\u0119cej. Zdarza\u0142o si\u0119, \u017ce by\u0142em na przyk\u0142ad kamerzyst\u0105.<\/p>\n\n\n\n<p><strong>Wcze\u015bniej Pan si\u0119ga\u0142 po kamer\u0119, a czy obecnie macie kogo\u015b, kto w klubie zajmuje si\u0119 sprawami multimedialnymi?<\/strong><\/p>\n\n\n\n<p>\u0141apa\u0142em si\u0119 za kamer\u0119, poniewa\u017c z powodu pandemii koronawirusa ludzie byli niedost\u0119pni. Teraz mamy dwie osoby, kt\u00f3re si\u0119 tym zajmuj\u0105. Aktualizuj\u0105 stron\u0119 internetow\u0105, zajmuj\u0105 si\u0119 social mediami. Staramy si\u0119 wi\u0119c robi\u0107 wszystko, \u017ceby to jako\u015b fajnie si\u0119 prezentowa\u0142o.<\/p>\n\n\n\n<p><strong>Jak obecnie przedstawia si\u0119 sytuacja finansowa Waszej dru\u017cyny? Czy pandemia mocno na ni\u0105 wp\u0142yn\u0119\u0142a?<\/strong><\/p>\n\n\n\n<p>Jest stabilna, ale nie rewelacyjna. Tak mo\u017cna j\u0105 okre\u015bli\u0107. Wp\u0142aty sponsorskie oczywi\u015bcie znacznie si\u0119 zmniejszy\u0142y, jednak mamy pomoc gminy Susz w osobie burmistrza, co pozwala przetrwa\u0107 nam ten ci\u0119\u017cki czas.<\/p>\n\n\n\n<p><strong>Z Pana s\u0142\u00f3w mog\u0119 wywnioskowa\u0107, \u017ce wsp\u00f3\u0142praca z gmin\u0105 jest u was wzorcowa. Czy rzeczywi\u015bcie tak jest?<\/strong><\/p>\n\n\n\n<p>Zdecydowanie tak jest. W tym roku zgodnie z obietnicami burmistrza ma ruszy\u0107 budowa nowego budynku klubu, wraz trybunami. Je\u017celi chodzi natomiast o dotacje, to w tamtym roku by\u0142a ona na poziomie 150 tysi\u0119cy z\u0142otych, wi\u0119c jest to bardzo wysoki poziom. Dzi\u0119ki temu zakupili\u015bmy sporo nowego sprz\u0119tu. Czujemy du\u017ce wsparcie ze strony burmistrza, a to u\u0142atwia nam funkcjonowanie klubu.<\/p>\n\n\n\n<p><strong>Jaki jest cel dru\u017cyny seniorskiej na rund\u0119 wiosenn\u0105? Macie \u201echrapk\u0119\u201d, na to, \u017ceby w\u0142\u0105czy\u0107 si\u0119 jeszcze do walki o awans?<\/strong><\/p>\n\n\n\n<p>Cele s\u0105 dwa. Za\u0142o\u017cenie pierwsze, to wysoka pozycja w tabeli 1-4 miejsca. Cel drugi, to walka o awans. Nasze stanowisko w tej kwestii si\u0119 nie zmienia, gmina Susz zas\u0142uguj\u0119 na IV lig\u0119.<\/p>\n\n\n\n<p><strong>Sk\u0105d wynika ta dysproporcja pod wzgl\u0119dem wynik\u00f3w osi\u0105ganych u siebie, a na wyje\u017adzie?<\/strong><\/p>\n\n\n\n<p>My\u015bl\u0119, \u017ce fakt dysproporcji pod wzgl\u0119dem rezultat\u00f3w, wynika z &nbsp;dyspozycyjno\u015bci zawodnik\u00f3w. Praca nieraz krzy\u017cuj\u0119 plany wyjazdowe zawodnikom, a do tego dochodz\u0105 problemy zdrowotne zawodnik\u00f3w.<\/p>\n\n\n\n<p><strong>Czy uda\u0142o si\u0119 poczyni\u0107, jakie\u015b konkretne ruchy transferowe, kt\u00f3re mog\u0105 si\u0119 przyczyni\u0107 do tego, \u017ce awansujecie do czwartej ligi?<\/strong><\/p>\n\n\n\n<p>Mamy bardzo du\u017co nowych zawodnik\u00f3w. Wielu z nich samych wyra\u017ca\u0142o ch\u0119ci, \u017ceby u nas gra\u0107, a to chyba dobrze o nas \u015bwiadczy. No ale wi\u0119cej szczeg\u00f3\u0142\u00f3w b\u0119d\u0119 m\u00f3g\u0142 wyjawi\u0107 dopiero w przysz\u0142ym tygodniu.<\/p>\n\n\n\n<p><strong>Jak wygl\u0105da kwestia zwi\u0105zana ze szkoleniem m\u0142odzie\u017cy w Waszej dru\u017cynie? Ile jest takich grup m\u0142odzie\u017cowych?<\/strong><\/p>\n\n\n\n<p>W Akademii Pi\u0142karskiej M\u0142ode Talenty Unia Susz, kt\u00f3rej koordynatorem jest Jaros\u0142aw Chodowiec funkcjonuje 6 grup m\u0142odzie\u017cowych. Od skrzata do juniora m\u0142odszego. Ponad to utworzyli\u015bmy grup\u0119 kickboxing dla pi\u0142karzy, a raczej elementy kickboxingu w pi\u0142ce no\u017cnej dla wszystkich&nbsp; grup wiekowych. Zastosowanie element\u00f3w sztuk walki sprawdza si\u0119 na boisku.<\/p>\n\n\n\n<p><strong>Czy mo\u017cemy powiedzie\u0107 o jakich\u015b sukcesach, kt\u00f3re osi\u0105gn\u0119\u0142a Wasza m\u0142odzie\u017c?<\/strong><\/p>\n\n\n\n<p>Grupy \u017cak i orlik wchodz\u0105 do rozgrywek fina\u0142owych WMZPN w swoich ligach. \u017baki zajmuj\u0105 III miejsce, a orliki V. Natomiast grupa m\u0142odzika awansowa\u0142a do I ligi rozgrywek.<\/p>\n\n\n\n<p><strong>Jak przedstawia si\u0119 infrastruktura sportowa? Czy jest ona na odpowiednim poziomie, czy przyda\u0142oby si\u0119 j\u0105 poprawi\u0107?<\/strong><\/p>\n\n\n\n<p>Infrastruktura w rozumieniu boiska sportowe, hala, si\u0142ownia itp. jest ok. Tak jak wspomina\u0142em wcze\u015bniej, dzia\u0142amy z samorz\u0105dem o nowy budynek na stadionie. W tym roku mamy zagwarantowane wykonanie dokumentacji, w nowej koncepcji funkcjonowania tego obiektu. Przysz\u0142y rok, to ju\u017c realizacja i tak przez oko\u0142o dwa lata.<\/p>\n\n\n\n<p><strong>Czy macie w klubie jakie\u015b inne sekcje opr\u00f3cz pi\u0142karskiej?<\/strong><\/p>\n\n\n\n<p>Jak najbardziej. Jest to sekcja Crosffit. Zaj\u0119cia dla dzieci i m\u0142odzie\u017cy oraz oczywi\u015bcie doros\u0142ych Pa\u0144 i Pan\u00f3w. Pr\u00f3bujemy wzmacnia\u0107 naszych zawodnik\u00f3w i zawodniczki, a kickboxing i crossfit nam w tym pomagaj\u0105.<\/p>\n\n\n\n<p>Dzi\u0119kuj\u0119 za rozmow\u0119.<\/p>\n\n\n\n<hr class=\"wp-block-separator\"\/>\n\n\n\n<p>Rozmawia\u0142: Rafa\u0142 Herman<\/p>\n","protected":false},"excerpt":{"rendered":"<p>Czas na kolejny wywiad z cyklu #OkiemPrezesa. Na dzi\u015b przygotowali\u015bmy dla Was wywiad z Prezesem klubu KS Unia Susz \u2013 Panem Rafa\u0142em Masnym. Zapraszamy do lektury! Czy przed obj\u0119ciem funkcji Prezesa w klubie Unia Susz, by\u0142 Pan zwi\u0105zany z pi\u0142k\u0105 no\u017cn\u0105? Je\u017celi tak, to w jakim aspekcie? Przed obj\u0119ciem funkcji Prezesa mo\u017cna powiedzie\u0107, \u017ce sympatyzuj\u0105c [&hellip;]<\/p>\n","protected":false},"author":11,"featured_media":19642,"comment_status":"open","ping_status":"open","sticky":false,"template":"","format":"standard","meta":{"footnotes":""},"categories":[185],"tags":[201,202],"class_list":["post-19638","post","type-post","status-publish","format-standard","has-post-thumbnail","hentry","category-okiemprezesa","tag-okiem-prezesa","tag-unia-susz"],"_links":{"self":[{"href":"https:\/\/wmzpn.pl\/index.php?rest_route=\/wp\/v2\/posts\/19638","targetHints":{"allow":["GET"]}}],"collection":[{"href":"https:\/\/wmzpn.pl\/index.php?rest_route=\/wp\/v2\/posts"}],"about":[{"href":"https:\/\/wmzpn.pl\/index.php?rest_route=\/wp\/v2\/types\/post"}],"author":[{"embeddable":true,"href":"https:\/\/wmzpn.pl\/index.php?rest_route=\/wp\/v2\/users\/11"}],"replies":[{"embeddable":true,"href":"https:\/\/wmzpn.pl\/index.php?rest_route=%2Fwp%2Fv2%2Fcomments&post=19638"}],"version-history":[{"count":4,"href":"https:\/\/wmzpn.pl\/index.php?rest_route=\/wp\/v2\/posts\/19638\/revisions"}],"predecessor-version":[{"id":19645,"href":"https:\/\/wmzpn.pl\/index.php?rest_route=\/wp\/v2\/posts\/19638\/revisions\/19645"}],"wp:featuredmedia":[{"embeddable":true,"href":"https:\/\/wmzpn.pl\/index.php?rest_route=\/wp\/v2\/media\/19642"}],"wp:attachment":[{"href":"https:\/\/wmzpn.pl\/index.php?rest_route=%2Fwp%2Fv2%2Fmedia&parent=19638"}],"wp:term":[{"taxonomy":"category","embeddable":true,"href":"https:\/\/wmzpn.pl\/index.php?rest_route=%2Fwp%2Fv2%2Fcategories&post=19638"},{"taxonomy":"post_tag","embeddable":true,"href":"https:\/\/wmzpn.pl\/index.php?rest_route=%2Fwp%2Fv2%2Ftags&post=19638"}],"curies":[{"name":"wp","href":"https:\/\/api.w.org\/{rel}","templated":true}]}}