{"id":18750,"date":"2020-11-25T14:10:50","date_gmt":"2020-11-25T14:10:50","guid":{"rendered":"http:\/\/wmzpn.pl\/?p=18750"},"modified":"2020-11-25T14:10:50","modified_gmt":"2020-11-25T14:10:50","slug":"okiemprezesa-krzysztof-konewko","status":"publish","type":"post","link":"https:\/\/wmzpn.pl\/?p=18750","title":{"rendered":"#OkiemPrezesa \u2013 Krzysztof Konewko"},"content":{"rendered":"<p>Czas na sz\u00f3sty wywiad z cyklu #OkiemPrezesa. Na dzi\u015b przygotowali\u015bmy dla Was wywiad z Prezesem klubu MLKS Czarni Olecko &#8211; <strong>panem<\/strong> <strong>Krzysztofem Konewko<\/strong>. Zapraszamy do lektury!<\/p>\n<hr \/>\n<p><strong>Od kiedy pe\u0142ni Pan rol\u0119 Prezesa Czarnych Olecko i dlaczego zdecydowa\u0142 si\u0119 Pan kandydowa\u0107 na to stanowisko?<\/strong><\/p>\n<p>Stanowisko obj\u0105\u0142em nieca\u0142e p\u00f3\u0142 roku temu, bo 30 czerwca 2020 roku, kiedy to Walne Zebranie Delegat\u00f3w wybra\u0142o mnie na Prezesa klubu MLKS Czarni Olecko. Dlaczego zdecydowa\u0142em si\u0119 kandydowa\u0107? W trosce o dobro klubu. Uwa\u017cam, \u017ce by\u0142em dobrym kandydatem, by prowadzi\u0107 ten klub, aby sprawnie funkcjonowa\u0142. Na to stanowisko mog\u0142yby przyj\u015b\u0107 osoby, kt\u00f3re nie mia\u0142y wcze\u015bniej wi\u0119kszego do\u015bwiadczenia w prowadzeniu klubu, firmy, czy te\u017c organizacji, tak\u017ce w samym zarz\u0105dzaniu i nadzorowania finans\u00f3w, wi\u0119c w bardzo \u0142atwy spos\u00f3b mo\u017cna taki klub zad\u0142u\u017cy\u0107 i doprowadzi\u0107 do upadku.<\/p>\n<p><strong>Jak\u0105 sytuacj\u0119 finansow\u0105 zasta\u0142 Pan w klubie?<\/strong><\/p>\n<p>Sytuacja finansowa klubu by\u0142a o tyle dobra, \u017ce nie by\u0142o \u017cadnego zad\u0142u\u017cenia, bo w historii naszego klubu, kt\u00f3ry istnieje od ponad sze\u015b\u0107dziesi\u0119ciu lat, by\u0142y r\u00f3\u017cne zawirowania. Raz by\u0142o lepiej, raz gorzej. Bywa\u0142o tak, \u017ce zad\u0142u\u017cenie klubu by\u0142o ca\u0142kiem spore, przez co istnienie klubu by\u0142o zagro\u017cone. W momencie obejmowania prezesury Klub nie posiada\u0142 jakich\u015b nadwy\u017cek finansowych, ale jego sytuacja by\u0142a stabilna.<\/p>\n<p><strong>Jak przebiega wsp\u00f3\u0142praca Waszego klubu z Gmin\u0105?<\/strong><\/p>\n<p>Oceniam t\u0119 wsp\u00f3\u0142prac\u0119 jako bardzo dobr\u0105. Gmina na miar\u0119 swoich mo\u017cliwo\u015bci finansowych przeznacza corocznie \u015brodki na wsp\u00f3\u0142prac\u0119 z organizacjami pozarz\u0105dowymi na prowadzenie dzia\u0142a\u0144 zmierzaj\u0105cych do poprawy jako\u015bci \u017cycia i zaspokajania potrzeb spo\u0142ecznych mieszka\u0144c\u00f3w. Program ten zak\u0142ada m.in.: aktywizacj\u0119 sportow\u0105 dzieci, g\u0142\u00f3wnie w wieku przedszkolnym i wczesnoszkolnym oraz systematyczne zaj\u0119cia sportowe dla dzieci, m\u0142odzie\u017cy i doros\u0142ych. My \u015bwietnie wpisujemy si\u0119 w\u0142a\u015bnie we wcze\u015bniej wymienione aspekty, st\u0105d co rok wnioskujemy o \u015brodki z tego programu i najcz\u0119\u015bciej je otrzymujemy. Z roku na rok przybywa ch\u0119tnych na pozyskanie tych\u017ce \u015brodk\u00f3w, wi\u0119c uzyskanie w pe\u0142ni satysfakcjonuj\u0105cego dofinansowania staje si\u0119 coraz trudniejsze. Niemniej jednak to wsparcie finansowe jest zadowalaj\u0105ce. Jak ka\u017cdy dzia\u0142acz sportowy chcia\u0142bym, aby to dofinansowanie by\u0142o jak najwy\u017csze. Wtedy o wiele \u0142atwiej prowadzi si\u0119 klub, zaj\u0119cia i treningi. Widzia\u0142em niedawno projekt przysz\u0142orocznego programu, w kt\u00f3rym planowane jest przeznaczanie wy\u017cszych kwot. Jestem umiarkowanym optymist\u0105, wi\u0119c my\u015bl\u0119, \u017ce przysz\u0142oroczne dofinansowanie klubu MLKS Czarni Olecko b\u0119dzie wy\u017csze ni\u017c w tym roku i roku ubieg\u0142ym. Ale na ten moment trzeba odnajdywa\u0107 si\u0119 w takich realiach, jakie panuj\u0105 obecnie.<\/p>\n<p><strong>Skoro poruszy\u0142 Pan aspekt finansowy, to chcia\u0142bym zapyta\u0107 o inne \u017ar\u00f3d\u0142a finansowe klubu. Czy klub jest wspierany przez jakie\u015b firmy?<\/strong><\/p>\n<p>Podstawowym i najwa\u017cniejszym naszym \u201esponsorem\u201d jest Gmina Olecko. Mo\u017cna rzec, \u017ce funkcjonowanie klubu jest niejako \u201euzale\u017cnione\u201d od wsparcia finansowego gminy. Bez niej z pewno\u015bci\u0105 nie dzia\u0142aliby\u015bmy w takiej skali, w jakiej dzia\u0142amy obecnie. Dodatkowo pozyskujemy \u015brodki z innych program\u00f3w na poziomie lokalnym, wojew\u00f3dzkim czy te\u017c krajowym. Jak znany chyba ka\u017cdemu dzia\u0142aczowi sportowemu \u201eProgram Klub\u201d. W tym roku ze \u015brodk\u00f3w uzyskanych z tego programu wsparli\u015bmy dwie sekcje: pi\u0142ki r\u0119cznej oraz szach\u00f3w. W przysz\u0142ym roku tak\u017ce planujemy aplikowa\u0107 do tego programu i przewidujemy skierowanie ewentualnie otrzymanych \u015brodk\u00f3w do kolejnych dw\u00f3ch sekcji naszego klubu, czyli do pi\u0142ki no\u017cnej i tenisa sto\u0142owego. Mi jako prezesowi klubu zale\u017cy na tym, aby wszystkie sekcje klubu si\u0119 rozwija\u0142y w podobnym tempie. Staram si\u0119, by wszystkie sekcje by\u0142y traktowane na r\u00f3wni. Pr\u00f3cz tego wsparcia, pomocy udzielaj\u0105 nam tak\u017ce lokalni dzia\u0142acze, kt\u00f3rzy przekazuj\u0105 darowizny na dan\u0105 sekcj\u0119, b\u0105d\u017a na klub. Nie w spos\u00f3b jest pomin\u0105\u0107 rol\u0119 rodzic\u00f3w, kt\u00f3rzy tak\u017ce partycypuj\u0105 w kosztach funkcjonowania klubu i z tego miejsca chcia\u0142bym im wszystkim za to podzi\u0119kowa\u0107. Dzi\u0119ki nim funkcjonujemy, mo\u017cemy realizowa\u0107 nasz\u0105 pasj\u0119, jak\u0105 jest praca z dzie\u0107mi, m\u0142odzie\u017c\u0105 i jednocze\u015bnie kszta\u0142ci\u0107 je, by opr\u00f3cz tego, \u017ce mog\u0105 rozwin\u0105\u0107 si\u0119 fizycznie, mog\u0105 sta\u0107 si\u0119 odpowiedzialnymi osobami w doros\u0142ym \u017cyciu. Gdy obejmowa\u0142em funkcj\u0119 prezesa, spotka\u0142em si\u0119 z rodzicami ka\u017cdej grupy wiekowej, by porozmawia\u0107 z nimi o tym, jakie ja mam wyobra\u017cenie naszej dzia\u0142alno\u015bci i zapyta\u0107 o ich wyobra\u017cenie, by nasze dzia\u0142ania sz\u0142y w tym samym kierunku, czy te\u017c \u017ceby zmierza\u0142y do tego samego celu.<\/p>\n<p><strong>Ile sekcji posiada Wasz klub?<\/strong><\/p>\n<p>Posiadamy cztery sekcje: pi\u0142ka no\u017cna, pi\u0142ka r\u0119czna, tenis sto\u0142owy i szachy, czyli dosy\u0107 r\u00f3\u017cnorodne dyscypliny. Uwa\u017cam, \u017ce jest to bardzo fajna sprawa, \u017ce mamy w\u0142a\u015bnie takie sekcje. Jest to jeden z niewielu klub\u00f3w w naszym wojew\u00f3dztwie, posiadaj\u0105cy tak r\u00f3\u017cnorodne sekcje, a trzeba wzi\u0105\u0107 tak\u017ce pod uwag\u0119 wielko\u015b\u0107 naszego miasta.<\/p>\n<p><strong>Ile dru\u017cyn pi\u0142karskich macie w swoim klubie?<\/strong><\/p>\n<p>Og\u00f3lnie mamy pi\u0119\u0107 dru\u017cyn pi\u0142karskich: senior\u00f3w, trampkarzy, m\u0142odzik\u00f3w, \u017cak\u00f3w i skrzat\u00f3w. Staramy si\u0119, by w ka\u017cdej grupie wiekowej by\u0142a cho\u0107 jedna dru\u017cyna.<\/p>\n<p><strong>Ci\u0119\u017cko jest dzi\u015b zach\u0119ci\u0107 dzieci do uczestnictwa w zaj\u0119ciach?<\/strong><\/p>\n<p>Bior\u0105c pod uwag\u0119 wszystkie sekcje, da si\u0119 zauwa\u017cy\u0107 pewn\u0105 tendencj\u0119, \u017ce coraz mniej dzieci chce si\u0119 fizycznie czy te\u017c umys\u0142owo aktywizowa\u0107. Najcz\u0119\u015bciej zamiast tego wybieraj\u0105 granie na komputerze, konsoli, telefonie i inne \u201epoch\u0142aniacze czasu\u201d, aczkolwiek w tych najm\u0142odszych grupach jest wi\u0119ksze zainteresowanie i te grupy s\u0105 dosy\u0107 liczne. Kiedy dzieci zaczynaj\u0105 dorasta\u0107, to wida\u0107, \u017ce maj\u0105 coraz mniej ch\u0119ci, by sp\u0119dza\u0107 czas w ten spos\u00f3b\u2026<\/p>\n<p><strong>Jak cz\u0119sto odbywaj\u0105 si\u0119 treningi Waszych sekcji?<\/strong><\/p>\n<p>Generalnie odbywaj\u0105 si\u0119 one dwa-trzy razy w tygodniu, w zale\u017cno\u015bci od sekcji. Staramy si\u0119, aby te treningi by\u0142y bardziej intensywne lub dostosowane do tego, by prezentowa\u0107 odpowiedni poziom w rozgrywkach. Seniorzy ostatnio trenowali bardziej intensywnie, nawet cztery razy w tygodniu.<\/p>\n<p><strong>Gdzie trenuj\u0105 Wasze zespo\u0142y? <\/strong><\/p>\n<p>Mamy do dyspozycji obiekty MOSiRu: boisko pe\u0142nowymiarowe, gdzie g\u0142\u00f3wnie trenuj\u0105 seniorzy, boisko ze sztuczn\u0105 nawierzchni\u0105 \u2013 tam trenuj\u0105 m\u0142odsze grupy. Pr\u00f3cz tych boisk, MOSiR posiada tak\u017ce hal\u0119, gdzie znajduje si\u0119 sala do \u0107wicze\u0144. W okresie zimowym z tej sali korzystamy, wynajmujemy j\u0105. Ta hala wynajmowana jest tak\u017ce przez inne zespo\u0142y z naszej okolicy, w zwi\u0105zku z tym ustalenie terminu trening\u00f3w na hali jest dosy\u0107 trudnym zadaniem z powodu du\u017cej ilo\u015bci ch\u0119tnych do korzystania z niej. Dlatego te\u017c ratujemy si\u0119 wynajmowaniem sal gimnastycznych ze szk\u00f3\u0142 podstawowych. Przyk\u0142adowo: treningi tenisa sto\u0142owego odbywaj\u0105 si\u0119 na sali gimnastycznej SP 4 w Olecku.<\/p>\n<p><strong>Czy klub ma pierwsze\u0144stwo do rezerwacji termin\u00f3w?<\/strong><\/p>\n<p>Nie. Pierwsze\u0144stwo maj\u0105 kluby z zewn\u0105trz, poniewa\u017c one p\u0142ac\u0105 pe\u0142n\u0105 stawk\u0119 zgodn\u0105 z cennikiem. My, dzi\u0119ki temu, \u017ce mamy podpisan\u0105 umow\u0119 z gmin\u0105, p\u0142acimy du\u017co ni\u017csze stawki za wynajem obiekt\u00f3w. To pozwala nam lepiej funkcjonowa\u0107 i pozwala na to, by mog\u0142y trenowa\u0107 u nas dzieci i m\u0142odzie\u017c. Gdyby\u015bmy mieli p\u0142aci\u0107 rynkow\u0105 stawk\u0119, nie wiem, czy by\u0142oby nas na to sta\u0107.<\/p>\n<p><strong>Ile os\u00f3b zaanga\u017cowanych jest w organizacj\u0119 meczu w Waszym przypadku?<\/strong><\/p>\n<p>W zarz\u0105dzie mamy dwie osoby odpowiedzialne za sekcj\u0119 pi\u0142ki no\u017cnej. S\u0105 to Piotr Ostrowski i Marcin Grygo. S\u0105 oni odpowiedzialni za organizacj\u0119 mecz\u00f3w pi\u0142karskich. Ponadto zatrudniamy siedmiu trener\u00f3w pi\u0142ki no\u017cnej. Jest tak\u017ce kilka-kilkana\u015bcie os\u00f3b, kt\u00f3re dzia\u0142aj\u0105 charytatywnie. Zapewniaj\u0105 oni m.in. ochron\u0119 podczas rozgrywania meczu, przeprowadzaj\u0105 transmisj\u0119, prowadz\u0105 stron\u0119 internetow\u0105.<\/p>\n<p><strong>A jak wygl\u0105da\u0142a sytuacja kadrowa w zespole senior\u00f3w? Czy by\u0142a ona stabilna, czy te\u017c by\u0142y problemy z utrzymaniem lub pozyskaniem zawodnik\u00f3w?<\/strong><\/p>\n<p>Przyj\u0119li\u015bmy tak\u0105 filozofi\u0119, kt\u00f3ra zak\u0142ada gr\u0119 zawodnikami z regionu. Staramy si\u0119 szuka\u0107 zawodnik\u00f3w spo\u015br\u00f3d mieszka\u0144c\u00f3w miasta Olecko, a tak\u017ce Gminy Olecko, aczkolwiek nie jeste\u015bmy ca\u0142kowicie zamkni\u0119ci na osoby spoza naszych okolic. Sytuacja w zespole senior\u00f3w jest w miar\u0119 stabilna. Mo\u017ce nie mamy zbyt d\u0142ugiej \u0142awki rezerwowych, ale dru\u017cyna do\u015b\u0107 dobrze funkcjonuje. W tej chwili znajduje si\u0119 w \u015brodku tabeli Klasy Okr\u0119gowej grupy 1. Pocz\u0105tek sezonu mieli\u015bmy bardzo dobry, potem przysz\u0142o lekkie os\u0142abienie, ale uwa\u017cam, \u017ce nasze miejsce w tabeli nie jest z\u0142e.<\/p>\n<p><strong>Czy postawi\u0142 Pan jaki\u015b cel przed dru\u017cyn\u0105 senior\u00f3w Czarnych Olecko?<\/strong><\/p>\n<p>Obj\u0105\u0142em klub w po\u0142owie roku, wi\u0119c takiego celu nie postawi\u0142em, lecz z niecierpliwo\u015bci\u0105 czekam, a\u017c ten sezon si\u0119 zako\u0144czy, poniewa\u017c chcia\u0142bym oprze\u0107 funkcjonowanie klubu na jakich\u015b celach, czyli \u017ce opr\u00f3cz tego, \u017ce trenujemy i dzia\u0142amy, na pocz\u0105tku rozgrywek stawiamy, a nast\u0119pnie weryfikujemy za\u0142o\u017cone cele. Kiedy stawia si\u0119 cel na pocz\u0105tku sezonu, w\u00f3wczas trenerzy oraz pi\u0142karze wiedz\u0105, jakie wobec nich s\u0105 oczekiwania.<\/p>\n<p><strong>W ostatnim czasie zauwa\u017cyli\u015bmy, \u017ce w Waszych social mediach pojawia si\u0119 coraz wi\u0119cej film\u00f3w i galerii zdj\u0119\u0107. Czy w ostatnim czasie zosta\u0142y przeprowadzone przez Was jakie\u015b inne dzia\u0142ania marketingowe?<\/strong><\/p>\n<p>Mieli\u015bmy wyprodukowane r\u00f3\u017cne gad\u017cety, tj. szaliki, skarpetki, zapachy do samochod\u00f3w czy kalendarze. Staramy si\u0119 zamieszcza\u0107 skr\u00f3t ka\u017cdego naszego meczu na YouTube oraz na naszym fanpage\u2019u na portalu Facebook. Dotychczas by\u0142o tak, \u017ce ka\u017cda z naszych sekcji oddzielnie przygotowywa\u0142a kalendarz na kolejny rok. Na zarz\u0105dzie pad\u0142 taki pomys\u0142, aby zrobi\u0107 jedno wsp\u00f3lne zdj\u0119cie cz\u0142onk\u00f3w wszystkich sekcji. Chcieliby\u015bmy pokaza\u0107 mieszka\u0144com Olecka, naszym sympatykom czy te\u017c osobom odwiedzaj\u0105cym nasze portale spo\u0142eczno\u015bciowe, jak bardzo liczebny jest nasz Klub. We wszystkich sekcjach mamy \u0142\u0105cznie oko\u0142o dwustu os\u00f3b, wi\u0119c jak na takie miasto jak Olecko, kt\u00f3re liczy oko\u0142o szesnastu tysi\u0119cy, jest to spore osi\u0105gni\u0119cie.<\/p>\n<hr \/>\n<p><em>Rozmawia\u0142: Mariusz Bojarowski<\/em><\/p>\n","protected":false},"excerpt":{"rendered":"<p>Czas na sz\u00f3sty wywiad z cyklu #OkiemPrezesa. Na dzi\u015b przygotowali\u015bmy dla Was wywiad z Prezesem klubu MLKS Czarni Olecko &#8211; panem Krzysztofem Konewko. Zapraszamy do lektury! Od kiedy pe\u0142ni Pan rol\u0119 Prezesa Czarnych Olecko i dlaczego zdecydowa\u0142 si\u0119 Pan kandydowa\u0107 na to stanowisko? Stanowisko obj\u0105\u0142em nieca\u0142e p\u00f3\u0142 roku temu, bo 30 czerwca 2020 roku, kiedy [&hellip;]<\/p>\n","protected":false},"author":3,"featured_media":18751,"comment_status":"open","ping_status":"open","sticky":false,"template":"","format":"standard","meta":{"footnotes":""},"categories":[185,12],"tags":[],"class_list":["post-18750","post","type-post","status-publish","format-standard","has-post-thumbnail","hentry","category-okiemprezesa","category-aktualnosci"],"_links":{"self":[{"href":"https:\/\/wmzpn.pl\/index.php?rest_route=\/wp\/v2\/posts\/18750","targetHints":{"allow":["GET"]}}],"collection":[{"href":"https:\/\/wmzpn.pl\/index.php?rest_route=\/wp\/v2\/posts"}],"about":[{"href":"https:\/\/wmzpn.pl\/index.php?rest_route=\/wp\/v2\/types\/post"}],"author":[{"embeddable":true,"href":"https:\/\/wmzpn.pl\/index.php?rest_route=\/wp\/v2\/users\/3"}],"replies":[{"embeddable":true,"href":"https:\/\/wmzpn.pl\/index.php?rest_route=%2Fwp%2Fv2%2Fcomments&post=18750"}],"version-history":[{"count":4,"href":"https:\/\/wmzpn.pl\/index.php?rest_route=\/wp\/v2\/posts\/18750\/revisions"}],"predecessor-version":[{"id":18762,"href":"https:\/\/wmzpn.pl\/index.php?rest_route=\/wp\/v2\/posts\/18750\/revisions\/18762"}],"wp:featuredmedia":[{"embeddable":true,"href":"https:\/\/wmzpn.pl\/index.php?rest_route=\/wp\/v2\/media\/18751"}],"wp:attachment":[{"href":"https:\/\/wmzpn.pl\/index.php?rest_route=%2Fwp%2Fv2%2Fmedia&parent=18750"}],"wp:term":[{"taxonomy":"category","embeddable":true,"href":"https:\/\/wmzpn.pl\/index.php?rest_route=%2Fwp%2Fv2%2Fcategories&post=18750"},{"taxonomy":"post_tag","embeddable":true,"href":"https:\/\/wmzpn.pl\/index.php?rest_route=%2Fwp%2Fv2%2Ftags&post=18750"}],"curies":[{"name":"wp","href":"https:\/\/api.w.org\/{rel}","templated":true}]}}