{"id":18678,"date":"2020-12-05T05:00:00","date_gmt":"2020-12-05T05:00:00","guid":{"rendered":"http:\/\/wmzpn.pl\/?p=18678"},"modified":"2020-12-08T12:42:05","modified_gmt":"2020-12-08T12:42:05","slug":"konferencja-trenerska-wmzpn-online","status":"publish","type":"post","link":"https:\/\/wmzpn.pl\/?p=18678","title":{"rendered":"Konferencja Trenerska WMZPN &#8211; ONLINE"},"content":{"rendered":"<p>W sobot\u0119 5 grudnia 2020 roku odb\u0119dzie si\u0119 Konferencja Trenerska organizowana przez Warmi\u0144sko-Mazurski Zwi\u0105zek Pi\u0142ki No\u017cnej.<\/p>\n<hr \/>\n<p><strong>BEZPO\u015aREDNI LINK DO KONFERENCJI DLA ZAREJESTROWANYCH UCZESTNIK\u00d3W -&gt; <a href=\"https:\/\/www.facebook.com\/wmzpn\/videos\/413135166481544\">https:\/\/www.facebook.com\/wmzpn\/videos\/413135166481544<\/a><\/strong><\/p>\n<hr \/>\n<p>Wydarzenie zostanie zorganizowane w formule <strong>ONLINE<\/strong> i zako\u0144czy si\u0119 certyfikatem oraz przyznaniem <strong>4 punkt\u00f3w<\/strong> uwzgl\u0119dnianych do przed\u0142u\u017cenia licencji trenerskiej.<\/p>\n<p>Prelegentem konferencji b\u0119dzie <strong>trener Bart\u0142omiej Zalewski<\/strong>, kt\u00f3ry od lat pracuje z m\u0142odzie\u017cowymi reprezentacjami Polski oraz pe\u0142ni funkcj\u0119 Koordynatora projektu Talent Pro, realizowanego przez Polski Zwi\u0105zek Pi\u0142ki No\u017cnej.<\/p>\n<p><strong>Temat: <\/strong>\u201eTrening pozycyjny i formacyjny w procesie szkolenia \u2013 teoria i praktyka wed\u0142ug Narodowego Modelu Gry\u201d<br \/><strong>Termin:<\/strong> 5 grudnia 2020 \/ sobota<br \/><strong>Godzina:<\/strong> 10:00 \u2013 14:00<br \/><strong>Miejsce:<\/strong> ONLINE &#8211; Zamkni\u0119ta grupa na Facebook\u2019u<br \/><strong>Koszt:<\/strong> 49 z\u0142<\/p>\n<p><span style=\"background-color: #000080; color: #ffffff;\"><strong>\u00a0JAK TO B\u0118DZIE WYGL\u0104DA\u0141O?\u00a0 <br \/><\/strong><\/span><\/p>\n<p>Konferencja b\u0119dzie podzielona na dwa modu\u0142y: cz\u0119\u015b\u0107 teoretyczn\u0105 i praktyczn\u0105. \u201eTeoria\u201d odb\u0119dzie si\u0119 na \u017cywo ze specjalnie przygotowanego studia. \u201ePraktyka\u201d zostanie odtworzona z nagranego dzie\u0144 wcze\u015bniej na kilka kamer treningu, prowadzonego przez naszego prelegenta. Ca\u0142o\u015b\u0107 zostanie wzbogacona specjaln\u0105 opraw\u0105 graficzn\u0105. Podczas ka\u017cdego modu\u0142u uczestnicy b\u0119d\u0105 mieli mo\u017cliwo\u015b\u0107 zadawania pyta\u0144 prelegentowi. W trakcie konferencji nast\u0105pi kilkukrotne sprawdzenie obecno\u015bci uczestnik\u00f3w, w celu weryfikacji do przyznania certyfikatu.<\/p>\n<p>Wydarzenie LIVE odb\u0119dzie si\u0119 w zamkni\u0119tej grupie na facebooku, do kt\u00f3rej b\u0119d\u0105 mieli dost\u0119p wy\u0142\u0105cznie zarejestrowani uczestnicy. Dzi\u0119ki takiemu rozwi\u0105zaniu obraz oraz prezentowane materia\u0142y uczestnicy zobacz\u0105 w wysokiej jako\u015bci HD.<\/p>\n<p><span style=\"color: #ffffff; background-color: #000080;\"><strong>\u00a0HARMONOGRAM\u00a0 <br \/><\/strong><\/span><\/p>\n<p><strong>09:00<\/strong> Rozpocz\u0119cie transmisji (<em>transmisj\u0119 rozpoczynamy z godzinnym wyprzedzeniem, aby ka\u017cdy uczestnik mia\u0142 mo\u017cliwo\u015b\u0107 po\u0142\u0105czy\u0107 si\u0119 i sprawdzi\u0107, czy wszystko poprawnie dzia\u0142a, a w razie problem\u00f3w, aby by\u0142 czas na ich usuni\u0119cie \u2013 w tym czasie na ekranie b\u0119d\u0105 pojawia\u0107 si\u0119 grafiki oraz przedkonferencyjna rozmowa z Bart\u0142omiejem Zalewskim i Marcinem Przybyli\u0144skim<\/em>)<br \/><strong>10:00<\/strong> Rozpocz\u0119cie Konferencji<br \/><strong>10:10 \u2013 11:40<\/strong> Cz\u0119\u015b\u0107 teoretyczna<br \/><strong>11:40 \u2013 12:00<\/strong> Odpowiedzi na najciekawsze pytania uczestnik\u00f3w zebrane podczas cz\u0119\u015bci teoretycznej<br \/><strong>12:00 \u2013 12:10<\/strong> Przerwa<br \/><strong>12:10 \u2013 13:40<\/strong> Cz\u0119\u015b\u0107 praktyczna<br \/><strong>13:40 \u2013 14:00<\/strong> Odpowiedzi na najciekawsze pytania uczestnik\u00f3w zebrane podczas cz\u0119\u015bci praktycznej<br \/><strong>14:00<\/strong> Zako\u0144czenie konferencji<\/p>\n<p><span style=\"background-color: #000080; color: #ffffff;\"><strong>\u00a0REJESTRACJA\u00a0 <br \/><\/strong><\/span><\/p>\n<p>Aby wzi\u0105\u0107 udzia\u0142 w konferencji, nale\u017cy przes\u0142a\u0107 zg\u0142oszenie w formie elektronicznej poprzez platform\u0119 PZPN24, kt\u00f3ra znajduje si\u0119 na stronie pzpn24.pzpn.pl<\/p>\n<p>Rejestracja na Konferencj\u0119 odbywa si\u0119 do ko\u0144ca dnia <strong>3 grudnia 2020 r.<\/strong> (do godz. 23:59). Osoby kt\u00f3re nie zarejestruj\u0105 si\u0119 do w\/w. daty nie b\u0119d\u0105 mog\u0142y wzi\u0105\u0107 udzia\u0142u w wydarzeniu.<\/p>\n<p><strong>Op\u0142at\u0119 za udzia\u0142 w konferencji nale\u017cy ui\u015bci\u0107 na konto:<\/strong><\/p>\n<p>Warmi\u0144sko-Mazurski Zwi\u0105zek Pi\u0142ki No\u017cnej<br \/>Pi\u0142sudskiego 69A, 10-449 Olsztyn<br \/>Numer konta: 78 2490 0005 0000 4530 3269 6505<br \/>Tytu\u0142 przelewu: \u201eKonferencja trenerska\u201d Imi\u0119 i Nazwisko<\/p>\n<p>Po przes\u0142aniu zg\u0142oszenia uczestnik otrzyma wiadomo\u015b\u0107 e-mail z regulaminem konferencji, linkiem do grupy na Facebook\u2019u oraz instrukcj\u0119 do\u0142\u0105czenia do niej. <strong>Uwaga! <\/strong>Do\u0142\u0105czenie do grupy i udzia\u0142 w konferencji jest r\u00f3wnoznaczny z zaakceptowaniem przez uczestnika regulaminu konferencji (<a href=\"http:\/\/wmzpn.pl\/wp-content\/uploads\/2020\/11\/regulamin.pdf\" target=\"_blank\" rel=\"noopener noreferrer\">pobierz regulamin<\/a>).<\/p>\n<p><span style=\"color: #ffffff; background-color: #000080;\"><strong>\u00a0CERTYFIKATY\u00a0 <br \/><\/strong><\/span><\/p>\n<p>Podczas konferencji zostanie przeprowadzona kilkukrotna weryfikacja uczestnictwa ka\u017cdego trenera w wydarzeniu, poprzez wpisanie w komentarzu swojego imienia w okre\u015blonym czasie.<\/p>\n<p>Po odbytej konferencji na kontach trenerskich pojawi\u0105 si\u0119 certyfikaty, kt\u00f3re b\u0119d\u0105 potwierdzeniem udzia\u0142u w dokszta\u0142caniu trenerskim zgodnie z Konwencj\u0105 Trenersk\u0105 UEFA w wymiarze 4 godzin\/punkt\u00f3w.\u00a0<\/p>\n<p><span style=\"color: #ffffff; background-color: #000080;\"><strong>\u00a0KONTAKT\u00a0 <br \/><\/strong><\/span><\/p>\n<p>W przypadku pyta\u0144 technicznych zwi\u0105zanych z udzia\u0142em w konferencji prosimy o kontakt z pracownikami WMZPN:<\/p>\n<p><strong>Marek \u0141ukiewski<\/strong><br \/>tel.: 667-737-311<br \/>email: <a href=\"mailto:marek.lukiewski@wmzpn.pl\">marek.lukiewski@wmzpn.pl<\/a>\u00a0<\/p>\n<p><strong>Mariusz Bojarowski<\/strong><br \/>tel.: 792-214-838<br \/>email: <a href=\"mailto:mariusz.bojarowski@wmzpn.pl\">mariusz.bojarowski@wmzpn.pl<\/a><\/p>\n\n\n<p><\/p>\n","protected":false},"excerpt":{"rendered":"<p>W sobot\u0119 5 grudnia 2020 roku odb\u0119dzie si\u0119 Konferencja Trenerska organizowana przez Warmi\u0144sko-Mazurski Zwi\u0105zek Pi\u0142ki No\u017cnej. BEZPO\u015aREDNI LINK DO KONFERENCJI DLA ZAREJESTROWANYCH UCZESTNIK\u00d3W -&gt; https:\/\/www.facebook.com\/wmzpn\/videos\/413135166481544 Wydarzenie zostanie zorganizowane w formule ONLINE i zako\u0144czy si\u0119 certyfikatem oraz przyznaniem 4 punkt\u00f3w uwzgl\u0119dnianych do przed\u0142u\u017cenia licencji trenerskiej. Prelegentem konferencji b\u0119dzie trener Bart\u0142omiej Zalewski, kt\u00f3ry od lat pracuje z [&hellip;]<\/p>\n","protected":false},"author":2,"featured_media":18679,"comment_status":"open","ping_status":"open","sticky":false,"template":"","format":"standard","meta":{"footnotes":""},"categories":[28],"tags":[],"class_list":["post-18678","post","type-post","status-publish","format-standard","has-post-thumbnail","hentry","category-kursy-szkolenia"],"_links":{"self":[{"href":"https:\/\/wmzpn.pl\/index.php?rest_route=\/wp\/v2\/posts\/18678","targetHints":{"allow":["GET"]}}],"collection":[{"href":"https:\/\/wmzpn.pl\/index.php?rest_route=\/wp\/v2\/posts"}],"about":[{"href":"https:\/\/wmzpn.pl\/index.php?rest_route=\/wp\/v2\/types\/post"}],"author":[{"embeddable":true,"href":"https:\/\/wmzpn.pl\/index.php?rest_route=\/wp\/v2\/users\/2"}],"replies":[{"embeddable":true,"href":"https:\/\/wmzpn.pl\/index.php?rest_route=%2Fwp%2Fv2%2Fcomments&post=18678"}],"version-history":[{"count":11,"href":"https:\/\/wmzpn.pl\/index.php?rest_route=\/wp\/v2\/posts\/18678\/revisions"}],"predecessor-version":[{"id":18921,"href":"https:\/\/wmzpn.pl\/index.php?rest_route=\/wp\/v2\/posts\/18678\/revisions\/18921"}],"wp:featuredmedia":[{"embeddable":true,"href":"https:\/\/wmzpn.pl\/index.php?rest_route=\/wp\/v2\/media\/18679"}],"wp:attachment":[{"href":"https:\/\/wmzpn.pl\/index.php?rest_route=%2Fwp%2Fv2%2Fmedia&parent=18678"}],"wp:term":[{"taxonomy":"category","embeddable":true,"href":"https:\/\/wmzpn.pl\/index.php?rest_route=%2Fwp%2Fv2%2Fcategories&post=18678"},{"taxonomy":"post_tag","embeddable":true,"href":"https:\/\/wmzpn.pl\/index.php?rest_route=%2Fwp%2Fv2%2Ftags&post=18678"}],"curies":[{"name":"wp","href":"https:\/\/api.w.org\/{rel}","templated":true}]}}