{"id":18258,"date":"2020-11-05T13:54:01","date_gmt":"2020-11-05T13:54:01","guid":{"rendered":"http:\/\/wmzpn.pl\/?p=18258"},"modified":"2020-11-05T13:54:02","modified_gmt":"2020-11-05T13:54:02","slug":"listopadowy-harmonogram-zajec-mobilnej-akademii-mlodych-orlow","status":"publish","type":"post","link":"https:\/\/wmzpn.pl\/?p=18258","title":{"rendered":"Listopadowy harmonogram zaj\u0119\u0107 Mobilnej Akademii M\u0142odych Or\u0142\u00f3w"},"content":{"rendered":"<p>Informujemy, \u017ce ze wzgl\u0119du na sytuacj\u0119 epidemiologiczn\u0105 i nowe rozporz\u0105dzenia Rady Ministr\u00f3w <strong>szkolenia Mobilnej AMO od 26.10.2020 odbywaj\u0105 si\u0119 w zmodyfikowanej formie<\/strong>.<\/p>\n<p><strong>CZ\u0118\u015a\u0106 TEORETYCZNA (WYK\u0141AD) &#8211; realizowana jest w formie webinaru na \u017cywo w programie Microsoft Teams.<\/strong><\/p>\n<p>Punkty do licencji zostan\u0105 przyznane w przypadku uczestnictwa trenera w cz\u0119\u015bci teoretycznej (webinar) po wcze\u015bniejszym aplikowaniu na szkolenie w systemie <a href=\"http:\/\/pzpn24.pzpn.pl\" target=\"_blank\" rel=\"noopener noreferrer\">pzpn24.pzpn.pl<\/a>.<\/p>\n<p>Serdecznie zapraszamy na spotkania Mobilnej Akademii M\u0142odych Or\u0142\u00f3w wszystkich zainteresowanych.<span id=\"more-9724\"><\/span><\/p>\n<p>Mobilna Akademia M\u0142odych Or\u0142\u00f3w to projekt PZPN, kt\u00f3ry ma na celu wy\u0142oni\u0107 najwi\u0119ksze talenty w naszym kraju oraz edukowa\u0107 trener\u00f3w.<\/p>\n<p><strong>Listopadowy harmonogram zaj\u0119\u0107 Mobilnego AMO:<\/strong><\/p>\n<p>5.11.2020, godz. 20:30 (czwartek)<br \/>\n\u2013 &#8220;Rozwijanie inteligencji pi\u0142karskiej&#8221; &#8211; powiat Miasto Olsztyn <strong>[U-13 CH]<\/strong><\/p>\n<p>9.11.2020, godz. 20:30 (poniedzia\u0142ek)<br \/>\n\u2013 &#8220;Rozwijanie inteligencji pi\u0142karskiej&#8221; &#8211; powiat Miasto Elbl\u0105g <strong>[U-13 CH]<\/strong><\/p>\n<p>10.11.2020, godz. 18:00 (wtorek)<br \/>\n<strong>\u2013 <\/strong>&#8220;Pi\u0142ka no\u017cna bez dyskryminacji&#8221; &#8211; powiat nowomiejski <strong>[U-13 DZ]<\/strong><\/p>\n<p>16.11.2020, godz. 20:30 (poniedzia\u0142ek)<br \/>\n\u2013 &#8220;Rozwijanie inteligencji pi\u0142karskiej&#8221; &#8211; powiat ostr\u00f3dzki <strong>[U-13 CH]<\/strong><\/p>\n<p>19.11.2020, godz. 20:30 (czwartek)<br \/>\n\u2013 &#8220;Rozwijanie inteligencji pi\u0142karskiej&#8221; &#8211; powiat gi\u017cycki <strong>[U-13 CH]<\/strong><\/p>\n<p>26.11.2020, godz. 20:30 (czwartek)<br \/>\n\u2013 &#8220;Rozwijanie inteligencji pi\u0142karskiej&#8221; &#8211; powiat i\u0142awski <strong>[U-13 CH]<\/strong><\/p>\n<p>30.11.2020, godz. 20:30 (poniedzia\u0142ek)<br \/>\n\u2013 &#8220;Rozwijanie inteligencji pi\u0142karskiej&#8221; &#8211; powiat lidzbarski <strong>[U-13 CH]<\/strong><\/p>\n<p>Aktualny \u201eplan zaj\u0119\u0107\u201d Mobilnej Akademii M\u0142odych Or\u0142\u00f3w mo\u017cna sprawdza\u0107 na portalu&nbsp;<a href=\"https:\/\/www.laczynaspilka.pl\/akademia-mlodych-orlow,mobilne-amo-warminsko-mazurskie,32304097.html\" target=\"_blank\" rel=\"noopener noreferrer\">\u0141\u0105czy Nas Pi\u0142ka.<\/a><\/p>\n<p>Wszelkich informacji udzieli trener odpowiedzialny za projekt w naszym wojew\u00f3dztwie:<\/p>\n<p><a href=\"http:\/\/wmzpn.pl\/wp-content\/uploads\/2018\/03\/gz.jpg\"><img loading=\"lazy\" decoding=\"async\" class=\"size-full wp-image-9856 alignleft td-animation-stack-type0-2\" src=\"http:\/\/wmzpn.pl\/wp-content\/uploads\/2018\/03\/gz.jpg\" alt=\"\" width=\"120\" height=\"164\"><\/a><\/p>\n<h4><strong>Grzegorz \u017bytkiewicz<br \/>\n<\/strong>Trener koordynator<\/h4>\n<p>tel. 501 557 995<\/p>\n<p>e-mail:&nbsp;<a href=\"mailto:grzegorz.zytkiewicz@pzpn.pl\">grzegorz.zytkiewicz@pzpn.pl<\/a><\/p>\n<hr>\n<p>Szczeg\u00f3\u0142y o projekcie Mobilnej Akademii M\u0142odych Or\u0142\u00f3w \u2013&gt;&nbsp;<a href=\"http:\/\/wmzpn.pl\/files\/PrezentacjaMAMO.pdf\" target=\"_blank\" rel=\"noopener noreferrer\">TUTAJ<\/a><\/p>\n","protected":false},"excerpt":{"rendered":"<p>Informujemy, \u017ce ze wzgl\u0119du na sytuacj\u0119 epidemiologiczn\u0105 i nowe rozporz\u0105dzenia Rady Ministr\u00f3w szkolenia Mobilnej AMO od 26.10.2020 odbywaj\u0105 si\u0119 w zmodyfikowanej formie. CZ\u0118\u015a\u0106 TEORETYCZNA (WYK\u0141AD) &#8211; realizowana jest w formie webinaru na \u017cywo w programie Microsoft Teams. Punkty do licencji zostan\u0105 przyznane w przypadku uczestnictwa trenera w cz\u0119\u015bci teoretycznej (webinar) po wcze\u015bniejszym aplikowaniu na szkolenie [&hellip;]<\/p>\n","protected":false},"author":3,"featured_media":17582,"comment_status":"open","ping_status":"open","sticky":false,"template":"","format":"standard","meta":{"footnotes":""},"categories":[80],"tags":[],"class_list":["post-18258","post","type-post","status-publish","format-standard","has-post-thumbnail","hentry","category-mobilne-amo"],"_links":{"self":[{"href":"https:\/\/wmzpn.pl\/index.php?rest_route=\/wp\/v2\/posts\/18258","targetHints":{"allow":["GET"]}}],"collection":[{"href":"https:\/\/wmzpn.pl\/index.php?rest_route=\/wp\/v2\/posts"}],"about":[{"href":"https:\/\/wmzpn.pl\/index.php?rest_route=\/wp\/v2\/types\/post"}],"author":[{"embeddable":true,"href":"https:\/\/wmzpn.pl\/index.php?rest_route=\/wp\/v2\/users\/3"}],"replies":[{"embeddable":true,"href":"https:\/\/wmzpn.pl\/index.php?rest_route=%2Fwp%2Fv2%2Fcomments&post=18258"}],"version-history":[{"count":6,"href":"https:\/\/wmzpn.pl\/index.php?rest_route=\/wp\/v2\/posts\/18258\/revisions"}],"predecessor-version":[{"id":18267,"href":"https:\/\/wmzpn.pl\/index.php?rest_route=\/wp\/v2\/posts\/18258\/revisions\/18267"}],"wp:featuredmedia":[{"embeddable":true,"href":"https:\/\/wmzpn.pl\/index.php?rest_route=\/wp\/v2\/media\/17582"}],"wp:attachment":[{"href":"https:\/\/wmzpn.pl\/index.php?rest_route=%2Fwp%2Fv2%2Fmedia&parent=18258"}],"wp:term":[{"taxonomy":"category","embeddable":true,"href":"https:\/\/wmzpn.pl\/index.php?rest_route=%2Fwp%2Fv2%2Fcategories&post=18258"},{"taxonomy":"post_tag","embeddable":true,"href":"https:\/\/wmzpn.pl\/index.php?rest_route=%2Fwp%2Fv2%2Ftags&post=18258"}],"curies":[{"name":"wp","href":"https:\/\/api.w.org\/{rel}","templated":true}]}}