{"id":17934,"date":"2020-10-21T17:07:33","date_gmt":"2020-10-21T17:07:33","guid":{"rendered":"http:\/\/wmzpn.pl\/?p=17934"},"modified":"2020-10-21T17:07:35","modified_gmt":"2020-10-21T17:07:35","slug":"gosczawodowiec-tomasz-olszewski","status":"publish","type":"post","link":"https:\/\/wmzpn.pl\/?p=17934","title":{"rendered":"#Go\u015b\u0107Zawodowiec \u2013 Tomasz Olszewski"},"content":{"rendered":"<p>Na naszym kanale Youtube pojawi\u0142 si\u0119 kolejny wywiad z cyklu #Go\u015b\u0107Zawodowiec. Rozmawiamy w nim z zawodnikami, trenerami i innymi osobami dzia\u0142aj\u0105cymi w pi\u0142karskim \u015bwiecie, pochodz\u0105cymi z naszego wojew\u00f3dztwa, \u017cyj\u0105cymi zawodowo z pi\u0142ki no\u017cnej.<\/p>\n<p>Naszym kolejnym go\u015bciem jest pochodz\u0105cy z Olsztyna trener przygotowania motorycznego w ekstraklasowej Warcie Pozna\u0144 &#8211; <strong>Tomasz Olszewski<\/strong>.<\/p>\n<p>Od czego zaczyna\u0142? Z kim do tej pory wsp\u00f3\u0142pracowa\u0142? Co nale\u017cy do jego obowi\u0105zk\u00f3w w klubie? Na czym polegaj\u0105 r\u00f3\u017cnice odno\u015bnie pracy w klubie Ekstraklasy a I ligi? O tym i o wielu innych rzeczach dowiecie si\u0119 ogl\u0105daj\u0105c poni\u017cszy wywiad!<\/p>\n<p><iframe loading=\"lazy\" src=\"https:\/\/www.youtube.com\/embed\/RZZnX0l43uA\" width=\"560\" height=\"315\" frameborder=\"0\" allowfullscreen=\"allowfullscreen\"><\/iframe><\/p>\n<p><a href=\"http:\/\/wmzpn.pl\/?cat=186\" target=\"_blank\" rel=\"noopener noreferrer\">Pozosta\u0142e wywiady z cyklu #Go\u015b\u0107Zawodowiec znajdziecie pod tym linkiem -&gt; LINK<\/a><\/p>\n","protected":false},"excerpt":{"rendered":"<p>Na naszym kanale Youtube pojawi\u0142 si\u0119 kolejny wywiad z cyklu #Go\u015b\u0107Zawodowiec. Rozmawiamy w nim z zawodnikami, trenerami i innymi osobami dzia\u0142aj\u0105cymi w pi\u0142karskim \u015bwiecie, pochodz\u0105cymi z naszego wojew\u00f3dztwa, \u017cyj\u0105cymi zawodowo z pi\u0142ki no\u017cnej. Naszym kolejnym go\u015bciem jest pochodz\u0105cy z Olsztyna trener przygotowania motorycznego w ekstraklasowej Warcie Pozna\u0144 &#8211; Tomasz Olszewski. Od czego zaczyna\u0142? Z kim [&hellip;]<\/p>\n","protected":false},"author":3,"featured_media":17936,"comment_status":"open","ping_status":"open","sticky":false,"template":"","format":"standard","meta":{"footnotes":""},"categories":[186,12],"tags":[],"class_list":["post-17934","post","type-post","status-publish","format-standard","has-post-thumbnail","hentry","category-gosczawodowiec","category-aktualnosci"],"_links":{"self":[{"href":"https:\/\/wmzpn.pl\/index.php?rest_route=\/wp\/v2\/posts\/17934","targetHints":{"allow":["GET"]}}],"collection":[{"href":"https:\/\/wmzpn.pl\/index.php?rest_route=\/wp\/v2\/posts"}],"about":[{"href":"https:\/\/wmzpn.pl\/index.php?rest_route=\/wp\/v2\/types\/post"}],"author":[{"embeddable":true,"href":"https:\/\/wmzpn.pl\/index.php?rest_route=\/wp\/v2\/users\/3"}],"replies":[{"embeddable":true,"href":"https:\/\/wmzpn.pl\/index.php?rest_route=%2Fwp%2Fv2%2Fcomments&post=17934"}],"version-history":[{"count":4,"href":"https:\/\/wmzpn.pl\/index.php?rest_route=\/wp\/v2\/posts\/17934\/revisions"}],"predecessor-version":[{"id":17947,"href":"https:\/\/wmzpn.pl\/index.php?rest_route=\/wp\/v2\/posts\/17934\/revisions\/17947"}],"wp:featuredmedia":[{"embeddable":true,"href":"https:\/\/wmzpn.pl\/index.php?rest_route=\/wp\/v2\/media\/17936"}],"wp:attachment":[{"href":"https:\/\/wmzpn.pl\/index.php?rest_route=%2Fwp%2Fv2%2Fmedia&parent=17934"}],"wp:term":[{"taxonomy":"category","embeddable":true,"href":"https:\/\/wmzpn.pl\/index.php?rest_route=%2Fwp%2Fv2%2Fcategories&post=17934"},{"taxonomy":"post_tag","embeddable":true,"href":"https:\/\/wmzpn.pl\/index.php?rest_route=%2Fwp%2Fv2%2Ftags&post=17934"}],"curies":[{"name":"wp","href":"https:\/\/api.w.org\/{rel}","templated":true}]}}