{"id":17247,"date":"2020-09-28T10:29:00","date_gmt":"2020-09-28T10:29:00","guid":{"rendered":"http:\/\/wmzpn.pl\/?p=17247"},"modified":"2020-09-28T10:29:01","modified_gmt":"2020-09-28T10:29:01","slug":"nasi-ligowcy-weekendowe-podsumowanie-wystepow-zawodnikow-z-warmii-i-mazur-58","status":"publish","type":"post","link":"https:\/\/wmzpn.pl\/?p=17247","title":{"rendered":"&#8220;Nasi Ligowcy&#8221;. Weekendowe podsumowanie wyst\u0119p\u00f3w zawodnik\u00f3w z Warmii i Mazur"},"content":{"rendered":"<p><strong>Poni\u017cej przedstawiamy podsumowanie wyst\u0119p\u00f3w zawodnik\u00f3w pochodz\u0105cych z naszego wojew\u00f3dztwa graj\u0105cych za granic\u0105 oraz na szczeblach centralnych polskich lig.\u00a0<\/strong><\/p>\n<p><strong>&#8220;NASI&#8221; ZA GRANIC\u0104<\/strong><\/p>\n<p><strong>Anglia, SkyBet Championship &#8211; Millwall FC<br \/>\n<\/strong><span style=\"color: #000080;\">Bartosz Bia\u0142kowski<\/span> (ur. 1987 &#8211; Braniewo, pierwszy klub Olimpia Elbl\u0105g) &#8211; 90 minut w meczu z Brentford FC (1:1)<\/p>\n<p><strong>Australia, A-League &#8211; Western United FC<br \/>\n<\/strong><span style=\"color: #000080;\">Filip Kurto<\/span> (ur. 1991 &#8211; Olsztyn, pierwszy klub Naki Olsztyn) &#8211; przerwa w rozgrywkach<\/p>\n<p><strong>Chiny, Chinese Super League &#8211; Chongqing Dangdai Lifan<br \/>\n<\/strong><span style=\"color: #000080;\">Adrian Mierzejewski<\/span> (ur. 1986 &#8211; Olsztyn, pierwszy klub Tempo 25 Olsztyn) &#8211; zdoby\u0142 trzy bramki i zszed\u0142 z boiska w 94. minucie meczu z Shujiazhuang Ever Bright (4:1)<\/p>\n<p><strong>Irlandia P\u00f3\u0142nocna, IFA Championship &#8211; Harland &amp; Wolff Welders FC<br \/>\n<\/strong><span style=\"color: #000080;\">\u0141ukasz Gwiazda<\/span> (ur. 1994 &#8211; \u0141om\u017ca, pierwszy klub Sok\u00f3\u0142 Ostr\u00f3da) &#8211; przerwa w rozgrywkach<\/p>\n<p><strong>Niemcy, 1. Bundesliga &#8211; FC Augsburg<br \/>\n<\/strong><span style=\"color: #000080;\">Rafa\u0142 Gikiewicz<\/span> (ur. 1987 &#8211; Olsztyn, pierwszy klub Warmia Olsztyn) &#8211; 90 minut w meczu z Borussi\u0105 Dortmund (2:0)<\/p>\n<p><strong>Turcja, Super Liga &#8211;\u00a0MKE Ankarag\u00fcc\u00fc<\/strong><br \/>\n<span style=\"color: #000080;\">Daniel \u0141ukasik<\/span> (ur. 1991 &#8211; Gi\u017cycko, pierwszy klub Olimpia Mi\u0142ki) &#8211; 90 minut w meczu z Sivasspor (0:0)<\/p>\n<p><strong>W\u0142ochy, Serie A<\/strong> &#8211; <strong>Hellas Verona FC<br \/>\n<\/strong><span style=\"color: #000080;\">Pawe\u0142 Dawidowicz<\/span> (ur. 1995 &#8211; Ostr\u00f3da, pierwszy klub Sok\u00f3\u0142 Ostr\u00f3da) &#8211; wszed\u0142 na boisko w 90. minucie meczu z Udinese (1:0)<\/p>\n<p><strong>&#8220;NASI&#8221; W EKSTRAKLASIE<\/strong><\/p>\n<p><strong>Cracovia Krak\u00f3w<br \/>\n<\/strong><span style=\"color: #000080;\">Filip Majchrowicz<\/span> (ur. 2000 &#8211; Olsztyn, pierwszy klub OKS 1945 Olsztyn) &#8211; poza kadr\u0105 w meczu z Rakowem Cz\u0119stochowa (2:2)<br \/>\n<span style=\"color: #000080;\">Dawid Szymonowicz<\/span> (ur. 1995 &#8211; Lidzbark Warmi\u0144ski, pierwszy klub DKS Dobre Miasto) &#8211; 90 minut w Rakowem Cz\u0119stochowa (2:2)<\/p>\n<p><strong>Legia Warszawa<\/strong><br \/>\n<span style=\"color: #000080;\">Wojciech Muzyk<\/span> (ur. 1998 &#8211; Suwa\u0142ki, pierwszy klub Czarni Olecko) &#8211; mecz ze \u015al\u0105skiem Wroc\u0142aw odwo\u0142any<\/p>\n<p><strong>Podbeskidzie Bielsko-Bia\u0142a<br \/>\n<\/strong><span style=\"color: #000080;\">Filip Laskowski<\/span> (ur. 2001 &#8211; Pas\u0142\u0119k, pierwszy klub Olimpia Elbl\u0105g) &#8211; wszed\u0142 na boisko w 56. minucie meczu z Lechi\u0105 Gda\u0144sk (0:4)<\/p>\n<p><strong>Rak\u00f3w Cz\u0119stochowa<br \/>\n<\/strong><span style=\"color: #000080;\">Patryk Kun<\/span> (ur. 1995 &#8211; W\u0119gorzewo, pierwszy klub Kosza\u0142ek Opa\u0142ek W\u0119gorzewo) &#8211; zszed\u0142 z boiska w 94. minucie meczu z Cracovi\u0105 (2:2)<\/p>\n<p><strong>Piast Gliwice<br \/>\n<\/strong><span style=\"color: #000080;\">Wiktor Preuss<\/span> (ur. 2001 \u2013 Nowe Miasto Lubawskie, pierwszy klub Ossa Biskupiec Pomorski) &#8211; mecz ze Stal\u0105 Mielec zostanie rozegrany 28.09.2020 r. o godz. 18:00<\/p>\n<p><strong>&#8220;NASI&#8221; w I lidze<\/strong><\/p>\n<p><strong>Arka Gdynia<br \/>\n<\/strong><span style=\"color: #000080;\">Artur Siemaszko<\/span> (ur. 1997 &#8211; Olsztyn, pierwszy klub OKS 1945 Olsztyn) &#8211; wszed\u0142 na boisko w 44. minucie meczu z Bruk-Bet Termalic\u0105 Nieciecza (1:0)<\/p>\n<p><strong>Korona Kielce<br \/>\n<\/strong><span style=\"color: #000080;\">Adrian Sandach<\/span> (ur. 2004 &#8211; Warszawa, pierwszy klub Mr\u0105gowia Mr\u0105gowo) &#8211; poza kadr\u0105 w meczu z G\u00f3rnikiem \u0141\u0119czna (0:2)<\/p>\n<p><strong>GKS Be\u0142chat\u00f3w<\/strong><br \/>\n<span style=\"color: #000080;\">Szymon \u0141api\u0144ski<\/span> (ur. 2000 &#8211; Gi\u017cycko, pierwszy klub Mamry Gi\u017cycko) &#8211; wszed\u0142 na boisko w 74. minucie meczu z Odr\u0105 Opole (0:1)<\/p>\n<p><strong>GKS Tychy<br \/>\n<\/strong><span style=\"color: #000080;\">Marcel Stefaniak<\/span> (ur. 2000 &#8211; Elbl\u0105g, pierwszy klub Concordia Elbl\u0105g) &#8211; ca\u0142y mecz na \u0142awce rezerwowych z Resovi\u0105 Rzesz\u00f3w (2:1)<\/p>\n<p><strong>\u0141KS \u0141\u00f3d\u017a<br \/>\n<\/strong><span style=\"color: #000080;\">Tomasz Nawotka<\/span> (ur. 1997 &#8211; Olsztyn, pierwszy klub Concordia Elbl\u0105g) &#8211; wszed\u0142 na boisko w 79. minucie meczu z Sandecj\u0105 Nowy S\u0105cz (4:1)<strong><br \/>\n<\/strong><span style=\"color: #000080;\">Maciej Wolski<\/span> (ur. 1997 &#8211; Nowe Miasto Lubawskie, pierwszy klub Drw\u0119ca Nowe Miasto Lubawskie) &#8211; 90 minut w meczu z Sandecj\u0105 Nowy S\u0105cz (4:1)<\/p>\n<p><strong>Odra Opole<br \/>\n<\/strong><span style=\"color: #000080;\">Piotr \u017bem\u0142o<\/span> (ur. 1995 &#8211; Gi\u017cycko, pierwszy klub Mamry Gi\u017cycko) &#8211; 90 minut w meczu z GKS-em Be\u0142chat\u00f3w (1:0)<\/p>\n<p><strong>Puszcza Niepo\u0142omice<\/strong><br \/>\n<span style=\"color: #000080;\">Jakub Serafin<\/span> (ur. 1996 &#8211; Olsztyn, pierwszy klub GKS Stawiguda) &#8211; 90 minut w meczu z Chrobrym G\u0142og\u00f3w (2:0)<\/p>\n<p><strong>Stomil Olsztyn<\/strong><br \/>\n<span style=\"color: #000080;\">Piotr Skiba<\/span> (ur. 1982 &#8211; Olsztyn, pierwszy klub Stomil Olsztyn) &#8211; ca\u0142y mecz na \u0142awce rezerwowych z Zag\u0142\u0119biem Sosnowiec (1:0)<br \/>\n<span style=\"color: #000080;\">Janusz Bucholc<\/span> (ur. 1985 &#8211; Olsztyn, pierwszy klub Stomil Olsztyn) &#8211; 90 minut w meczu z Zag\u0142\u0119biem Sosnowiec (1:0)<br \/>\n<span style=\"color: #000080;\">Jakub Mosakowski<\/span> (ur. 2000 &#8211; Olsztyn, pierwszy klub Stomil Olsztyn) &#8211; wszed\u0142 na boisko w 70. minucie meczu z Zag\u0142\u0119biem Sosnowiec (1:0)<br \/>\n<span style=\"color: #000080;\">Rafa\u0142 Remisz<\/span> (ur. 1992 &#8211; Olsztyn, pierwszy klub Naki Olsztyn) &#8211; poza kadr\u0105 w meczu z Zag\u0142\u0119biem Sosnowiec (1:0)<br \/>\n<span style=\"color: #000080;\">Jakub Tec\u0142aw<\/span> (ur. 1999 &#8211; I\u0142awa, pierwszy klub GKS Wikielec) &#8211; poza kadr\u0105 w meczu z Zag\u0142\u0119biem Sosnowiec (1:0)<br \/>\n<span style=\"color: #000080;\">Jonatan Straus<\/span> (ur. 1994 &#8211; Nowe Miasto Lubawskie, pierwszy klub Drw\u0119ca Nowe Miasto Lubawskie) &#8211; zszed\u0142 z boiska w 70. minucie meczu z Zag\u0142\u0119biem Sosnowiec (1:0)<br \/>\n<span style=\"color: #000080;\">Wiktor Biedrzycki<\/span> (ur. 1997 &#8211; Olsztyn, pierwszy klub Naki Olsztyn) &#8211; 90 minut w meczu z Zag\u0142\u0119biem Sosnowiec (1:0)<br \/>\n<span style=\"color: #000080;\">Maciej Serbintowicz<\/span> (ur. 2001 &#8211; Olsztyn, pierwszy klub Stomil Olsztyn) &#8211; poza kadr\u0105 w meczu z Zag\u0142\u0119biem Sosnowiec (1:0)<br \/>\n<span style=\"color: #000080;\">Krystian Ogrodowski<\/span> (ur. 2000 &#8211; I\u0142awa, pierwszy klub GKS Wikielec) &#8211; ca\u0142y mecz na \u0142awce rezerwowych z Zag\u0142\u0119biem Sosnowiec (1:0)<br \/>\n<span style=\"color: #000080;\">Hubert Szramka<\/span> (ur. 2001 &#8211; I\u0142awa, pierwszy klub GKS Wikielec) &#8211; poza kadr\u0105 w meczu z Zag\u0142\u0119biem Sosnowiec (1:0)<\/p>\n<p><strong>Termalica Bruk-Bet Nieciecza<\/strong><strong><br \/>\n<\/strong><span style=\"color: #000080;\">Dominik K\u0105kolewski<\/span> (ur. 1996 &#8211; Szczytno, pierwszy klub Reda Szczytno) &#8211; ca\u0142y mecz na \u0142awce rezerwowych z Ark\u0105 Gdynia (0:1)<\/p>\n<p><strong>Widzew \u0141\u00f3d\u017a<\/strong><br \/>\n<span style=\"color: #000080;\">Krystian Nowak<\/span> (ur. 1994 &#8211; E\u0142k, pierwszy klub Mazur E\u0142k) &#8211; 90 minut w meczu z GKS-em Jastrz\u0119bie (1:0)<br \/>\n<span style=\"color: #000080;\">Dominik Kun<\/span> (ur. 1993 &#8211; Gi\u017cycko, pierwszy klub Kosza\u0142ek Opa\u0142ek W\u0119gorzewo) &#8211; zszed\u0142 z boiska w 83. minucie meczu z GKS-em Jastrz\u0119bie (1:0)<\/p>\n<p><strong>&#8220;NASI&#8221; w II lidze<\/strong><\/p>\n<p><strong>B\u0142\u0119kitni Stargard<\/strong><br \/>\n<span style=\"color: #000080;\">Dawid Polkowski\u00a0<\/span>(ur. 1998 \u2013 Madryt, pierwszy klub MKS E\u0142k) \u2013 wszed\u0142 na boisko w 46. minucie meczu z Chojniczank\u0105 Chojnice (0:2)<br \/>\n<span style=\"color: #000080;\">Tomasz Kaczmarek\u00a0<\/span>(ur. 1997 \u2013 Mor\u0105g, pierwszy klub Ewingi Zalewo) \u2013 zszed\u0142 z boiska w 86. minucie meczu z Chojniczank\u0105 Chojnice (0:2)<\/p>\n<p><strong>Bytovia Byt\u00f3w<br \/>\n<\/strong><span style=\"color: #000080;\">Filip Dymerski\u00a0<\/span>(ur. 2002 &#8211; Olsztyn, pierwszy klub Naki Olsztyn) &#8211; zszed\u0142 z boiska w 72. minucie meczu ze Skr\u0105 Cz\u0119stochowa (0:1)<br \/>\n<span style=\"color: #000080;\">Kacper Sezonienko<\/span> (ur. 2003 &#8211; Ostr\u00f3da, pierwszy klub Don Bosco Ostr\u00f3da) &#8211; zszed\u0142 z boiska w 80. minucie meczu ze Skr\u0105 Cz\u0119stochowa (0:1)<br \/>\n<span style=\"color: #000080;\">Dominik Urban\u00a0<\/span>(ur. 1998 &#8211; Olsztyn, pierwszy klub Stomil Olsztyn) &#8211; ca\u0142y mecz na \u0142awce rezerwowych ze Skr\u0105 Cz\u0119stochowa (0:1)<\/p>\n<p><strong>Chojniczanka Chojnice<\/strong><br \/>\n<span style=\"color: #000080;\">Mateusz Cegie\u0142ka<\/span> (ur. 2001 &#8211; Ostr\u00f3da, pierwszy klub Wkra Dzia\u0142dowo) &#8211; poza kadr\u0105 w meczu z B\u0142\u0119kitnymi Stargard (2:0)<\/p>\n<p><strong>KKS 1925 Kalisz<\/strong><br \/>\n<span style=\"color: #000080;\">Jakub Chojnowski<\/span> (ur. 2002, pierwszy klub Naki Olsztyn) &#8211; klub pauzuje w tej kolejce<br \/>\n<span style=\"color: #000080;\">Robert Tunkiewicz<\/span> (ur. 1990 &#8211; Olsztyn, pierwszy klub Stomil Olsztyn) &#8211; klub pauzuje w tej kolejce<\/p>\n<p><strong>Lech II Pozna\u0144<br \/>\n<\/strong><span style=\"color: #000080;\">\u0141ukasz Szramowski<\/span> (ur. 2002 &#8211; Nowe Miasto Lubawskie, pierwszy klub Ewingi Zalewo) &#8211; wszed\u0142 na boisko w 79. minucie meczu z G\u00f3rnikiem Polkowice (1:3)<br \/>\n<span style=\"color: #000080;\">Hubert Sobol<\/span> (ur. 2000 &#8211; Olsztyn, pierwszy klub DKS Dobre Miasto) &#8211; 90 minut i bramka w meczu z G\u00f3rnikiem Polkowice (1:3)<\/p>\n<p><strong>Motor Lublin<\/strong><br \/>\n<span style=\"color: #000080;\">Daniel \u015awiderski<\/span> (ur. 1994 &#8211; Pisz, pierwszy klub Znicz Bia\u0142a Piska) &#8211; zszed\u0142 z boiska w 71. minucie meczu z Garbarni\u0105 Krak\u00f3w (1:1)<\/p>\n<p><strong>Olimpia Elbl\u0105g\u00a0<\/strong><br \/>\n<span style=\"color: #000080;\">Dawid Kap\u0142on<\/span> (ur. 2002 &#8211; Elbl\u0105g, pierwszy klub Olimpia Elbl\u0105g) &#8211; poza kadr\u0105 w meczu ze Stal\u0105 Rzesz\u00f3w (0:0)<br \/>\n<span style=\"color: #000080;\">Jan Lechowid<\/span> (ur. 2004, pierwszy klub Korki Biskupiec) &#8211; poza kadr\u0105 w meczu ze Stal\u0105 Rzesz\u00f3w (0:0)<br \/>\n<span style=\"color: #000080;\">Micha\u0142 Balewski<\/span> (ur. 1999 &#8211; Pas\u0142\u0119k, pierwszy klub Victoria Rychliki) &#8211; poza kadr\u0105 w meczu ze Stal\u0105 Rzesz\u00f3w (0:0)<br \/>\n<span style=\"color: #000080;\">Micha\u0142 Kie\u0142tyka<\/span> (ur. 1994 &#8211; Elbl\u0105g, pierwszy klub Mlexer Elbl\u0105g) &#8211; 90 minut w meczu ze Stal\u0105 Rzesz\u00f3w (0:0)<br \/>\n<span style=\"color: #000080;\">\u0141ukasz Sarnowski<\/span> (ur. 2003 &#8211; Elbl\u0105g, pierwszy klub Olimpia Elbl\u0105g) &#8211; ca\u0142y mecz na \u0142awce rezerwowych ze Stal\u0105 Rzesz\u00f3w (0:0)<br \/>\n<span style=\"color: #000080;\">Pawe\u0142 Kazimierowski<\/span> (ur. 2002, pierwszy klub Olimpia Elbl\u0105g) &#8211; poza kadr\u0105 w meczu ze Stal\u0105 Rzesz\u00f3w (0:0)<br \/>\n<span style=\"color: #000080;\">Eryk Filipczyk<\/span> (ur. 2000 &#8211; Elbl\u0105g, pierwszy klub Olimpia 2004 Elbl\u0105g) &#8211; zszed\u0142 z boiska w 69. minucie meczu ze Stal\u0105 Rzesz\u00f3w (0:0)<br \/>\n<span style=\"color: #000080;\">Oskar Kordykiewicz<\/span> (ur. 2000 &#8211; Elbl\u0105g, pierwszy klub Balby Carr Academy Sport [ENG]) &#8211; ca\u0142y mecz na \u0142awce rezerwowych w meczu ze Stal\u0105 Rzesz\u00f3w (0:0)<br \/>\n<span style=\"color: #000080;\">Klaudiusz Krasa<\/span> (ur. 2001 &#8211; Mor\u0105g, pierwszy klub Huragan Mor\u0105g) &#8211; 90 minut w meczu ze Stal\u0105 Rzesz\u00f3w (0:0)<br \/>\n<span style=\"color: #000080;\">Tomasz Sedlewski<\/span> (ur. 1990 &#8211; Nowe Miasto Lubawskie, pierwszy klub Ossa Biskupiec Pomorski) &#8211; 90 minut w meczu ze Stal\u0105 Rzesz\u00f3w (0:0)<br \/>\n<span style=\"color: #000080;\">Marcin Czernis<\/span> (ur. 2003 &#8211; Elbl\u0105g, pierwszy klub T\u0119cza Biskupiec) &#8211; poza kadr\u0105 w meczu ze Stal\u0105 Rzesz\u00f3w (0:0)<br \/>\n<span style=\"color: #000080;\">Sebastian Milanowski\u00a0<\/span>(ur. 2001 &#8211; Elbl\u0105g, pierwszy klub Olimpia Elbl\u0105g) &#8211; ca\u0142y mecz na \u0142awce rezerwowych ze Stal\u0105 Rzesz\u00f3w (0:0)<br \/>\n<span style=\"color: #000080;\">Micha\u0142 Ressel\u00a0<\/span>(ur. 1992 &#8211; Elbl\u0105g, pierwszy klub Olimpia Elbl\u0105g) &#8211; 90 minut w meczu ze Stal\u0105 Rzesz\u00f3w (0:0)<br \/>\n<span style=\"color: #000080;\">Karol Sty\u015b\u00a0<\/span>(ur. 1990 &#8211; Elbl\u0105g, pierwszy klub Olimpia Elbl\u0105g) &#8211; wszed\u0142 na boisko w 69. minucie meczu ze Stal\u0105 Rzesz\u00f3w (0:0)<br \/>\n<span style=\"color: #000080;\">Dawid Winiarski<\/span> (ur. 2004, pierwszy klub Gmina Braniewo) &#8211; poza kadr\u0105 w meczu ze Stal\u0105 Rzesz\u00f3w (0:0)<br \/>\n<span style=\"color: #000080;\">Jakub Branecki\u00a0<\/span>(ur. 2003 &#8211; Elbl\u0105g, pierwszy klub Olimpia Elbl\u0105g) &#8211; poza kadr\u0105 w meczu ze Stal\u0105 Rzesz\u00f3w (0:0)<\/p>\n<p><strong>Olimpia Grudzi\u0105dz<br \/>\n<\/strong><span style=\"color: #000080;\">Bartosz Widejko\u00a0<\/span>(ur. 1992 &#8211; Reszel, pierwszy klub Orlik Reszel) &#8211; 90 minut w meczu z Hutnikiem Krak\u00f3w (2:2)<\/p>\n<p><strong>Pogo\u0144 Siedlce<\/strong><br \/>\n<span style=\"color: #000080;\">Patryk Kostyk\u00a0<\/span>(ur. 2000 &#8211; Mr\u0105gowo, pierwszy klub Hetman Baranowo) &#8211; ca\u0142y mecz na \u0142awce rezerwowych z GKS-em Katowice (2:2)<\/p>\n<p><strong>Sok\u00f3\u0142 Ostr\u00f3da\u00a0<\/strong><br \/>\n<span style=\"color: #000080;\">Maciej Miko\u0142ajczyk<\/span> (ur. 1998, pierwszy klub Sok\u00f3\u0142 Ostr\u00f3da) &#8211; poza kadr\u0105 w meczu ze Zniczem Pruszk\u00f3w (2:0)<br \/>\n<span style=\"color: #000080;\">Szymon Witkowski<\/span> (ur. 2003, pierwszy klub Sok\u00f3\u0142 Ostr\u00f3da) &#8211; poza kadr\u0105 w meczu ze Zniczem Pruszk\u00f3w (2:0)<br \/>\n<span style=\"color: #000080;\">Maciej Dembi\u0144ski<\/span> (ur. 2003, pierwszy klub Sok\u00f3\u0142 Ostr\u00f3da) &#8211; poza kadr\u0105 w ze Zniczem Pruszk\u00f3w (2:0)<br \/>\n<span style=\"color: #000080;\">Karol \u017bwir<\/span> (ur. 1995 &#8211; Reszel, pierwszy klub MKS Korsze) &#8211; 90 minut w meczu ze Zniczem Pruszk\u00f3w (2:0)<br \/>\n<span style=\"color: #000080;\">Kacper Podg\u00f3rski<\/span> (ur. 2003, pierwszy klub Sok\u00f3\u0142 Ostr\u00f3da) &#8211; poza kadr\u0105 w meczu ze Zniczem Pruszk\u00f3w (2:0)<br \/>\n<span style=\"color: #000080;\">Filip Przyborowski<\/span> (ur. 2003, pierwszy klub Sok\u00f3\u0142 Ostr\u00f3da) &#8211; poza kadr\u0105 w meczu ze Zniczem Pruszk\u00f3w (2:0)<br \/>\n<span style=\"color: #000080;\">\u0141ukasz \u015awi\u0119ty<\/span> (ur. 1999, pierwszy klub Jeziorak I\u0142awa) &#8211; zszed\u0142 z boiska w 32. minucie meczu ze Zniczem Pruszk\u00f3w (2:0)<br \/>\n<span style=\"color: #000080;\">Filip Wojewoda<\/span> (ur. 2000, pierwszy klub Sok\u00f3\u0142 Ostr\u00f3da) &#8211; poza kadr\u0105 w meczu ze Zniczem Pruszk\u00f3w (2:0)<br \/>\n<span style=\"color: #000080;\">Piotr Zi\u00f3\u0142kowski<\/span> (ur. 2000, pierwszy klub Sok\u00f3\u0142 Ostr\u00f3da) &#8211; poza kadr\u0105 w meczu ze Zniczem Pruszk\u00f3w (2:0)<br \/>\n<span style=\"color: #000080;\">Mi\u0142osz Markocki<\/span> (ur. 2003, pierwszy klub Sok\u00f3\u0142 Ostr\u00f3da) &#8211; poza kadr\u0105 w meczu ze Zniczem Pruszk\u00f3w (2:0)<\/p>\n<p><strong>Stal Rzesz\u00f3w<\/strong><br \/>\n<span style=\"color: #000080;\">Piotr G\u0142owacki<\/span> (ur. 1991 &#8211; Olsztyn, pierwszy klub Naki Olsztyn) &#8211; 90 minut w meczu z Olimpi\u0105 Elbl\u0105g (0:0)<\/p>\n<p><strong>Znicz Pruszk\u00f3w<\/strong><br \/>\n<span style=\"color: #000080;\">Marcin Rackiewicz<\/span> (ur. 1987 &#8211; Ostr\u00f3da, pierwszy klub T\u0119cza Mi\u0142om\u0142yn) &#8211; 90 minut w meczu z Soko\u0142em Ostr\u00f3da (0:2)<\/p>\n<p>Je\u015bli w tym zestawieniu nie widzicie kt\u00f3rego\u015b z zawodnik\u00f3w pochodz\u0105cych z naszego regionu, graj\u0105cego za granic\u0105 lub na szczeblu centralnym w Polsce, piszcie na adres mailowy\u00a0<a href=\"mailto:mariusz.bojarowski@wmzpn.pl\">mariusz.bojarowski@wmzpn.pl<\/a><\/p>\n<p><em><br \/>\nNa zdj\u0119ciu Rafa\u0142 Gikiewicz<br \/>\nfot. fcaugsburg.de<\/em><\/p>\n","protected":false},"excerpt":{"rendered":"<p>Poni\u017cej przedstawiamy podsumowanie wyst\u0119p\u00f3w zawodnik\u00f3w pochodz\u0105cych z naszego wojew\u00f3dztwa graj\u0105cych za granic\u0105 oraz na szczeblach centralnych polskich lig.\u00a0 &#8220;NASI&#8221; ZA GRANIC\u0104 Anglia, SkyBet Championship &#8211; Millwall FC Bartosz Bia\u0142kowski (ur. 1987 &#8211; Braniewo, pierwszy klub Olimpia Elbl\u0105g) &#8211; 90 minut w meczu z Brentford FC (1:1) Australia, A-League &#8211; Western United FC Filip Kurto (ur. [&hellip;]<\/p>\n","protected":false},"author":3,"featured_media":17259,"comment_status":"open","ping_status":"open","sticky":false,"template":"","format":"standard","meta":{"footnotes":""},"categories":[91],"tags":[],"class_list":["post-17247","post","type-post","status-publish","format-standard","has-post-thumbnail","hentry","category-nasi-ligowcy"],"_links":{"self":[{"href":"https:\/\/wmzpn.pl\/index.php?rest_route=\/wp\/v2\/posts\/17247","targetHints":{"allow":["GET"]}}],"collection":[{"href":"https:\/\/wmzpn.pl\/index.php?rest_route=\/wp\/v2\/posts"}],"about":[{"href":"https:\/\/wmzpn.pl\/index.php?rest_route=\/wp\/v2\/types\/post"}],"author":[{"embeddable":true,"href":"https:\/\/wmzpn.pl\/index.php?rest_route=\/wp\/v2\/users\/3"}],"replies":[{"embeddable":true,"href":"https:\/\/wmzpn.pl\/index.php?rest_route=%2Fwp%2Fv2%2Fcomments&post=17247"}],"version-history":[{"count":13,"href":"https:\/\/wmzpn.pl\/index.php?rest_route=\/wp\/v2\/posts\/17247\/revisions"}],"predecessor-version":[{"id":17279,"href":"https:\/\/wmzpn.pl\/index.php?rest_route=\/wp\/v2\/posts\/17247\/revisions\/17279"}],"wp:featuredmedia":[{"embeddable":true,"href":"https:\/\/wmzpn.pl\/index.php?rest_route=\/wp\/v2\/media\/17259"}],"wp:attachment":[{"href":"https:\/\/wmzpn.pl\/index.php?rest_route=%2Fwp%2Fv2%2Fmedia&parent=17247"}],"wp:term":[{"taxonomy":"category","embeddable":true,"href":"https:\/\/wmzpn.pl\/index.php?rest_route=%2Fwp%2Fv2%2Fcategories&post=17247"},{"taxonomy":"post_tag","embeddable":true,"href":"https:\/\/wmzpn.pl\/index.php?rest_route=%2Fwp%2Fv2%2Ftags&post=17247"}],"curies":[{"name":"wp","href":"https:\/\/api.w.org\/{rel}","templated":true}]}}